{"id":10856,"date":"2025-09-06T08:13:15","date_gmt":"2025-09-06T06:13:15","guid":{"rendered":"https:\/\/veritasinfo.org\/?p=10856"},"modified":"2025-09-06T08:13:15","modified_gmt":"2025-09-06T06:13:15","slug":"fundjava-me-diell-dhe-temperatura-verore","status":"publish","type":"post","link":"https:\/\/veritasinfo.org\/?p=10856","title":{"rendered":"Fundjava me diell dhe temperatura verore"},"content":{"rendered":"<p><strong>Prishtin\u00eb, 06 shtator 2025<\/strong><\/p>\n<p>Fundjava pritet t\u00eb kaloj\u00eb me kushte t\u00eb favorshme atmosferike n\u00eb t\u00eb gjith\u00eb vendin. Temperaturat me t\u00eb larta p\u00ebr vikend pritet t\u00eb shkojn\u00eb deri n\u00eb 30 Grad\u00eb Celsius.<\/p>\n<p>Sipas Institutit Institutit Hidrometeorologjik t\u00eb Kosov\u00ebs, dit\u00ebn e shtun\u00eb do t\u00eb mbizot\u00ebroj\u00eb mot kryesisht i kthjell\u00ebt me diell gjat\u00eb pjes\u00ebs m\u00eb t\u00eb madhe t\u00eb dit\u00ebs, duke krijuar mund\u00ebsi t\u00eb mira p\u00ebr aktivitete n\u00eb natyr\u00eb.<\/p>\n<p>Temperaturat minimale do t\u00eb jen\u00eb nga 6\u00b0C deri n\u00eb 10\u00b0C, nd\u00ebrsa maksimalet do t\u00eb arrijn\u00eb 27\u00b0C deri n\u00eb 30\u00b0C. Era do t\u00eb fryj\u00eb e leht\u00eb, kryesisht nga jugper\u00ebndimi me shpejt\u00ebsi 1\u20133 m\/s.<\/p>\n<p>Edhe e diela, sipas IHK-s\u00eb, do t\u00eb vijoj\u00eb me kushte t\u00eb ngjashme. Moti do t\u00eb jet\u00eb me diell dhe her\u00eb pas here me vran\u00ebsira kalimtare, kryesisht n\u00eb relievet malore. Nuk p\u00ebrjashtohen riga lokale shiu n\u00eb zona t\u00eb kufizuara.<\/p>\n<p>Temperaturat minimale do t\u00eb l\u00ebvizin nga 11\u00b0C deri n\u00eb 14\u00b0C, nd\u00ebrsa maksimalet do t\u00eb arrijn\u00eb 26\u00b0C deri n\u00eb 30\u00b0C. Era do t\u00eb fryj\u00eb nga jugper\u00ebndimi me shpejt\u00ebsi 1\u20134 m\/s.<\/p>\n","protected":false},"excerpt":{"rendered":"<p>Prishtin\u00eb, 06 shtator 2025 Fundjava pritet t\u00eb kaloj\u00eb me kushte t\u00eb favorshme atmosferike n\u00eb t\u00eb gjith\u00eb vendin. Temperaturat me t\u00eb larta p\u00ebr vikend pritet t\u00eb<\/p>\n","protected":false},"author":2,"featured_media":10758,"comment_status":"open","ping_status":"open","sticky":false,"template":"","format":"standard","meta":{"footnotes":""},"categories":[60],"tags":[],"class_list":["post-10856","post","type-post","status-publish","format-standard","has-post-thumbnail","hentry","category-shoqerore-sq"],"yoast_head":"<!-- This site is optimized with the Yoast SEO plugin v25.3.1 - https:\/\/yoast.com\/wordpress\/plugins\/seo\/ -->\n<title>Fundjava me diell dhe temperatura verore -<\/title>\n<meta name=\"robots\" content=\"index, follow, max-snippet:-1, max-image-preview:large, max-video-preview:-1\" \/>\n<link rel=\"canonical\" href=\"https:\/\/veritasinfo.org\/?p=10856\" \/>\n<meta property=\"og:locale\" content=\"en_US\" \/>\n<meta property=\"og:type\" content=\"article\" \/>\n<meta property=\"og:title\" content=\"Fundjava me diell dhe temperatura verore -\" \/>\n<meta property=\"og:description\" content=\"Prishtin\u00eb, 06 shtator 2025 Fundjava pritet t\u00eb kaloj\u00eb me kushte t\u00eb favorshme atmosferike n\u00eb t\u00eb gjith\u00eb vendin. Temperaturat me t\u00eb larta p\u00ebr vikend pritet t\u00eb\" \/>\n<meta property=\"og:url\" content=\"https:\/\/veritasinfo.org\/?p=10856\" \/>\n<meta property=\"article:published_time\" content=\"2025-09-06T06:13:15+00:00\" \/>\n<meta property=\"og:image\" content=\"https:\/\/veritasinfo.org\/wp-content\/uploads\/2025\/09\/moti.jpeg\" \/>\n\t<meta property=\"og:image:width\" content=\"600\" \/>\n\t<meta property=\"og:image:height\" content=\"393\" \/>\n\t<meta property=\"og:image:type\" content=\"image\/jpeg\" \/>\n<meta name=\"author\" content=\"US1\" \/>\n<meta name=\"twitter:card\" content=\"summary_large_image\" \/>\n<meta name=\"twitter:label1\" content=\"Written by\" \/>\n\t<meta name=\"twitter:data1\" content=\"US1\" \/>\n\t<meta name=\"twitter:label2\" content=\"Est. reading time\" \/>\n\t<meta name=\"twitter:data2\" content=\"1 minute\" \/>\n<script type=\"application\/ld+json\" class=\"yoast-schema-graph\">{\"@context\":\"https:\/\/schema.org\",\"@graph\":[{\"@type\":\"WebPage\",\"@id\":\"https:\/\/veritasinfo.org\/?p=10856\",\"url\":\"https:\/\/veritasinfo.org\/?p=10856\",\"name\":\"Fundjava me diell dhe temperatura verore -\",\"isPartOf\":{\"@id\":\"https:\/\/veritasinfo.org\/#website\"},\"primaryImageOfPage\":{\"@id\":\"https:\/\/veritasinfo.org\/?p=10856#primaryimage\"},\"image\":{\"@id\":\"https:\/\/veritasinfo.org\/?p=10856#primaryimage\"},\"thumbnailUrl\":\"https:\/\/veritasinfo.org\/wp-content\/uploads\/2025\/09\/moti.jpeg\",\"datePublished\":\"2025-09-06T06:13:15+00:00\",\"author\":{\"@id\":\"https:\/\/veritasinfo.org\/#\/schema\/person\/c2b8be262ea994d0995addca692c5e98\"},\"breadcrumb\":{\"@id\":\"https:\/\/veritasinfo.org\/?p=10856#breadcrumb\"},\"inLanguage\":\"en-US\",\"potentialAction\":[{\"@type\":\"ReadAction\",\"target\":[\"https:\/\/veritasinfo.org\/?p=10856\"]}]},{\"@type\":\"ImageObject\",\"inLanguage\":\"en-US\",\"@id\":\"https:\/\/veritasinfo.org\/?p=10856#primaryimage\",\"url\":\"https:\/\/veritasinfo.org\/wp-content\/uploads\/2025\/09\/moti.jpeg\",\"contentUrl\":\"https:\/\/veritasinfo.org\/wp-content\/uploads\/2025\/09\/moti.jpeg\",\"width\":600,\"height\":393},{\"@type\":\"BreadcrumbList\",\"@id\":\"https:\/\/veritasinfo.org\/?p=10856#breadcrumb\",\"itemListElement\":[{\"@type\":\"ListItem\",\"position\":1,\"name\":\"Home\",\"item\":\"https:\/\/veritasinfo.org\/\"},{\"@type\":\"ListItem\",\"position\":2,\"name\":\"Fundjava me diell dhe temperatura verore\"}]},{\"@type\":\"WebSite\",\"@id\":\"https:\/\/veritasinfo.org\/#website\",\"url\":\"https:\/\/veritasinfo.org\/\",\"name\":\"\",\"description\":\"\",\"potentialAction\":[{\"@type\":\"SearchAction\",\"target\":{\"@type\":\"EntryPoint\",\"urlTemplate\":\"https:\/\/veritasinfo.org\/?s={search_term_string}\"},\"query-input\":{\"@type\":\"PropertyValueSpecification\",\"valueRequired\":true,\"valueName\":\"search_term_string\"}}],\"inLanguage\":\"en-US\"},{\"@type\":\"Person\",\"@id\":\"https:\/\/veritasinfo.org\/#\/schema\/person\/c2b8be262ea994d0995addca692c5e98\",\"name\":\"US1\",\"image\":{\"@type\":\"ImageObject\",\"inLanguage\":\"en-US\",\"@id\":\"https:\/\/veritasinfo.org\/#\/schema\/person\/image\/\",\"url\":\"https:\/\/secure.gravatar.com\/avatar\/4e96a59bd256abf9956eb9963ac891a47461ffb364d47b0e9aab113328fdb75b?s=96&d=mm&r=g\",\"contentUrl\":\"https:\/\/secure.gravatar.com\/avatar\/4e96a59bd256abf9956eb9963ac891a47461ffb364d47b0e9aab113328fdb75b?s=96&d=mm&r=g\",\"caption\":\"US1\"},\"url\":\"https:\/\/veritasinfo.org\/?author=2\"}]}<\/script>\n<!-- \/ Yoast SEO plugin. -->","yoast_head_json":{"title":"Fundjava me diell dhe temperatura verore -","robots":{"index":"index","follow":"follow","max-snippet":"max-snippet:-1","max-image-preview":"max-image-preview:large","max-video-preview":"max-video-preview:-1"},"canonical":"https:\/\/veritasinfo.org\/?p=10856","og_locale":"en_US","og_type":"article","og_title":"Fundjava me diell dhe temperatura verore -","og_description":"Prishtin\u00eb, 06 shtator 2025 Fundjava pritet t\u00eb kaloj\u00eb me kushte t\u00eb favorshme atmosferike n\u00eb t\u00eb gjith\u00eb vendin. Temperaturat me t\u00eb larta p\u00ebr vikend pritet t\u00eb","og_url":"https:\/\/veritasinfo.org\/?p=10856","article_published_time":"2025-09-06T06:13:15+00:00","og_image":[{"width":600,"height":393,"url":"https:\/\/veritasinfo.org\/wp-content\/uploads\/2025\/09\/moti.jpeg","type":"image\/jpeg"}],"author":"US1","twitter_card":"summary_large_image","twitter_misc":{"Written by":"US1","Est. reading time":"1 minute"},"schema":{"@context":"https:\/\/schema.org","@graph":[{"@type":"WebPage","@id":"https:\/\/veritasinfo.org\/?p=10856","url":"https:\/\/veritasinfo.org\/?p=10856","name":"Fundjava me diell dhe temperatura verore -","isPartOf":{"@id":"https:\/\/veritasinfo.org\/#website"},"primaryImageOfPage":{"@id":"https:\/\/veritasinfo.org\/?p=10856#primaryimage"},"image":{"@id":"https:\/\/veritasinfo.org\/?p=10856#primaryimage"},"thumbnailUrl":"https:\/\/veritasinfo.org\/wp-content\/uploads\/2025\/09\/moti.jpeg","datePublished":"2025-09-06T06:13:15+00:00","author":{"@id":"https:\/\/veritasinfo.org\/#\/schema\/person\/c2b8be262ea994d0995addca692c5e98"},"breadcrumb":{"@id":"https:\/\/veritasinfo.org\/?p=10856#breadcrumb"},"inLanguage":"en-US","potentialAction":[{"@type":"ReadAction","target":["https:\/\/veritasinfo.org\/?p=10856"]}]},{"@type":"ImageObject","inLanguage":"en-US","@id":"https:\/\/veritasinfo.org\/?p=10856#primaryimage","url":"https:\/\/veritasinfo.org\/wp-content\/uploads\/2025\/09\/moti.jpeg","contentUrl":"https:\/\/veritasinfo.org\/wp-content\/uploads\/2025\/09\/moti.jpeg","width":600,"height":393},{"@type":"BreadcrumbList","@id":"https:\/\/veritasinfo.org\/?p=10856#breadcrumb","itemListElement":[{"@type":"ListItem","position":1,"name":"Home","item":"https:\/\/veritasinfo.org\/"},{"@type":"ListItem","position":2,"name":"Fundjava me diell dhe temperatura verore"}]},{"@type":"WebSite","@id":"https:\/\/veritasinfo.org\/#website","url":"https:\/\/veritasinfo.org\/","name":"","description":"","potentialAction":[{"@type":"SearchAction","target":{"@type":"EntryPoint","urlTemplate":"https:\/\/veritasinfo.org\/?s={search_term_string}"},"query-input":{"@type":"PropertyValueSpecification","valueRequired":true,"valueName":"search_term_string"}}],"inLanguage":"en-US"},{"@type":"Person","@id":"https:\/\/veritasinfo.org\/#\/schema\/person\/c2b8be262ea994d0995addca692c5e98","name":"US1","image":{"@type":"ImageObject","inLanguage":"en-US","@id":"https:\/\/veritasinfo.org\/#\/schema\/person\/image\/","url":"https:\/\/secure.gravatar.com\/avatar\/4e96a59bd256abf9956eb9963ac891a47461ffb364d47b0e9aab113328fdb75b?s=96&d=mm&r=g","contentUrl":"https:\/\/secure.gravatar.com\/avatar\/4e96a59bd256abf9956eb9963ac891a47461ffb364d47b0e9aab113328fdb75b?s=96&d=mm&r=g","caption":"US1"},"url":"https:\/\/veritasinfo.org\/?author=2"}]}},"featured_image_urls":{"full":["https:\/\/veritasinfo.org\/wp-content\/uploads\/2025\/09\/moti.jpeg",600,393,false],"thumbnail":["https:\/\/veritasinfo.org\/wp-content\/uploads\/2025\/09\/moti-150x150.jpeg",150,150,true],"medium":["https:\/\/veritasinfo.org\/wp-content\/uploads\/2025\/09\/moti-300x197.jpeg",300,197,true],"medium_large":["https:\/\/veritasinfo.org\/wp-content\/uploads\/2025\/09\/moti.jpeg",600,393,false],"large":["https:\/\/veritasinfo.org\/wp-content\/uploads\/2025\/09\/moti.jpeg",600,393,false],"1536x1536":["https:\/\/veritasinfo.org\/wp-content\/uploads\/2025\/09\/moti.jpeg",600,393,false],"2048x2048":["https:\/\/veritasinfo.org\/wp-content\/uploads\/2025\/09\/moti.jpeg",600,393,false],"kreeti-slider-full":["https:\/\/veritasinfo.org\/wp-content\/uploads\/2025\/09\/moti.jpeg",600,393,false],"kreeti-featured":["https:\/\/veritasinfo.org\/wp-content\/uploads\/2025\/09\/moti.jpeg",600,393,false],"kreeti-medium":["https:\/\/veritasinfo.org\/wp-content\/uploads\/2025\/09\/moti.jpeg",600,393,false],"kreeti-medium-square":["https:\/\/veritasinfo.org\/wp-content\/uploads\/2025\/09\/moti.jpeg",350,229,false]},"author_info":{"info":["US1"]},"category_info":"<a href=\"https:\/\/veritasinfo.org\/?cat=60\" rel=\"category\">Shoq\u00ebrore<\/a>","tag_info":"Shoq\u00ebrore","comment_count":"0","_links":{"self":[{"href":"https:\/\/veritasinfo.org\/index.php?rest_route=\/wp\/v2\/posts\/10856","targetHints":{"allow":["GET"]}}],"collection":[{"href":"https:\/\/veritasinfo.org\/index.php?rest_route=\/wp\/v2\/posts"}],"about":[{"href":"https:\/\/veritasinfo.org\/index.php?rest_route=\/wp\/v2\/types\/post"}],"author":[{"embeddable":true,"href":"https:\/\/veritasinfo.org\/index.php?rest_route=\/wp\/v2\/users\/2"}],"replies":[{"embeddable":true,"href":"https:\/\/veritasinfo.org\/index.php?rest_route=%2Fwp%2Fv2%2Fcomments&post=10856"}],"version-history":[{"count":1,"href":"https:\/\/veritasinfo.org\/index.php?rest_route=\/wp\/v2\/posts\/10856\/revisions"}],"predecessor-version":[{"id":10857,"href":"https:\/\/veritasinfo.org\/index.php?rest_route=\/wp\/v2\/posts\/10856\/revisions\/10857"}],"wp:featuredmedia":[{"embeddable":true,"href":"https:\/\/veritasinfo.org\/index.php?rest_route=\/wp\/v2\/media\/10758"}],"wp:attachment":[{"href":"https:\/\/veritasinfo.org\/index.php?rest_route=%2Fwp%2Fv2%2Fmedia&parent=10856"}],"wp:term":[{"taxonomy":"category","embeddable":true,"href":"https:\/\/veritasinfo.org\/index.php?rest_route=%2Fwp%2Fv2%2Fcategories&post=10856"},{"taxonomy":"post_tag","embeddable":true,"href":"https:\/\/veritasinfo.org\/index.php?rest_route=%2Fwp%2Fv2%2Ftags&post=10856"}],"curies":[{"name":"wp","href":"https:\/\/api.w.org\/{rel}","templated":true}]}}