{"id":10845,"date":"2025-09-05T23:06:39","date_gmt":"2025-09-05T21:06:39","guid":{"rendered":"https:\/\/veritasinfo.org\/?p=10845"},"modified":"2025-09-05T23:06:39","modified_gmt":"2025-09-05T21:06:39","slug":"protesta-serbi-a-po-degjohemi-ne-te-gjithe-vendin-kaos-ne-rruget-e-novi-sadit-xhandarmeria-ndjek-qytetaret-perdoren-sprej-me-piper-dhe-te-shtena-me-top","status":"publish","type":"post","link":"https:\/\/veritasinfo.org\/?p=10845","title":{"rendered":"Protesta &#8220;Serbi, a po d\u00ebgjohemi?&#8221; n\u00eb t\u00eb gjith\u00eb vendin: Kaos n\u00eb rrug\u00ebt e Novi Sadit, xhandarm\u00ebria ndjek qytetar\u00ebt, p\u00ebrdoren sprej me piper dhe t\u00eb sht\u00ebna me top"},"content":{"rendered":"<p><strong>Novi Sad, 05 shtator 2025<\/strong><\/p>\n<p>Nj\u00eb protest\u00eb e madhe me tem\u00eb &#8220;Serbi, a mund t\u00eb d\u00ebgjohemi?&#8221; do t\u00eb mbahet sonte n\u00eb Novi Sad, dhe jan\u00eb planifikuar tubime mb\u00ebshtet\u00ebse n\u00eb disa qytete t\u00eb Serbis\u00eb.<\/p>\n<p>Tubimi n\u00eb Novi Sad filloi n\u00eb or\u00ebn 19:00 n\u00eb kryq\u00ebzimin e Rrug\u00ebs Strazhilovska dhe Bulevardit Cara Lazar, forca t\u00eb forta policore dhe stacione t\u00eb ndihm\u00ebs s\u00eb shpejt\u00eb u vendos\u00ebn n\u00eb kampusin e Universitetit t\u00eb Novi Sadit. Disa mij\u00ebra njer\u00ebz mb\u00ebrrit\u00ebn n\u00eb zon\u00ebn e protest\u00ebs, nd\u00ebrsa konvoje t\u00eb m\u00ebdha u nis\u00ebn nga pjes\u00eb t\u00eb tjera t\u00eb qytetit.<\/p>\n<p>Arsyeja e protest\u00ebs, e thirrur nga student\u00ebt n\u00eb bllokad\u00eb, \u00ebsht\u00eb, sipas tyre, shkelja e autonomis\u00eb s\u00eb Universitetit dhe prania e policis\u00eb n\u00eb nd\u00ebrtesat e Fakultetit t\u00eb Filozofis\u00eb dhe Fakultetit t\u00eb Sportit dhe Edukimit Fizik. Student\u00eb dhe profesor\u00eb do t\u00eb flasin n\u00eb protest\u00eb, dhe \u00ebsht\u00eb njoftuar se do t\u00eb k\u00ebndohet himni komb\u00ebtar.<\/p>\n<p>Pjes\u00ebtar\u00ebt e policis\u00eb hodh\u00ebn gaz lotsjell\u00ebs n\u00eb nd\u00ebrtes\u00ebn e Fakultetit t\u00eb Shkencave n\u00eb Novi Sad, ku ndodhet nj\u00eb pik\u00eb p\u00ebr dh\u00ebnien e ndihm\u00ebs s\u00eb shpejt\u00eb p\u00ebr qytetar\u00ebt e l\u00ebnduar. Nd\u00ebrhyrja dhe xhandarm\u00ebria hyn\u00eb nga ana e Bulevardit Car Lazar dhe filluan t\u00eb vraponin drejt Fakultetit t\u00eb Filozofis\u00eb.<\/p>\n<p>U d\u00ebgjuan t\u00eb sht\u00ebna t\u00eb forta topash dhe u hodh gaz lotsjell\u00ebs. Pati nj\u00eb p\u00ebrleshje me qytetar\u00ebt q\u00eb nuk ik\u00ebn. Nga drejtimi i Rektoratit d\u00ebgjohen bomba shokuese. Nd\u00ebrsa gazi lotsjell\u00ebs dhe spreji me piper ndihen n\u00eb aj\u00ebr, qytetar\u00ebt mblidhen p\u00ebr t\u00eb mbrojtur veten me shami.<\/p>\n","protected":false},"excerpt":{"rendered":"<p>Novi Sad, 05 shtator 2025 Nj\u00eb protest\u00eb e madhe me tem\u00eb &#8220;Serbi, a mund t\u00eb d\u00ebgjohemi?&#8221; do t\u00eb mbahet sonte n\u00eb Novi Sad, dhe jan\u00eb<\/p>\n","protected":false},"author":2,"featured_media":10846,"comment_status":"open","ping_status":"open","sticky":false,"template":"","format":"standard","meta":{"footnotes":""},"categories":[58],"tags":[],"class_list":["post-10845","post","type-post","status-publish","format-standard","has-post-thumbnail","hentry","category-politike-sq"],"yoast_head":"<!-- This site is optimized with the Yoast SEO plugin v25.3.1 - https:\/\/yoast.com\/wordpress\/plugins\/seo\/ -->\n<title>Protesta &quot;Serbi, a po d\u00ebgjohemi?&quot; n\u00eb t\u00eb gjith\u00eb vendin: Kaos n\u00eb rrug\u00ebt e Novi Sadit, xhandarm\u00ebria ndjek qytetar\u00ebt, p\u00ebrdoren sprej me piper dhe t\u00eb sht\u00ebna me top -<\/title>\n<meta name=\"robots\" content=\"index, follow, max-snippet:-1, max-image-preview:large, max-video-preview:-1\" \/>\n<link rel=\"canonical\" href=\"https:\/\/veritasinfo.org\/?p=10845\" \/>\n<meta property=\"og:locale\" content=\"en_US\" \/>\n<meta property=\"og:type\" content=\"article\" \/>\n<meta property=\"og:title\" content=\"Protesta &quot;Serbi, a po d\u00ebgjohemi?&quot; n\u00eb t\u00eb gjith\u00eb vendin: Kaos n\u00eb rrug\u00ebt e Novi Sadit, xhandarm\u00ebria ndjek qytetar\u00ebt, p\u00ebrdoren sprej me piper dhe t\u00eb sht\u00ebna me top -\" \/>\n<meta property=\"og:description\" content=\"Novi Sad, 05 shtator 2025 Nj\u00eb protest\u00eb e madhe me tem\u00eb &#8220;Serbi, a mund t\u00eb d\u00ebgjohemi?&#8221; do t\u00eb mbahet sonte n\u00eb Novi Sad, dhe jan\u00eb\" \/>\n<meta property=\"og:url\" content=\"https:\/\/veritasinfo.org\/?p=10845\" \/>\n<meta property=\"article:published_time\" content=\"2025-09-05T21:06:39+00:00\" \/>\n<meta property=\"og:image\" content=\"https:\/\/veritasinfo.org\/wp-content\/uploads\/2025\/09\/protesta-srb.jpg\" \/>\n\t<meta property=\"og:image:width\" content=\"1024\" \/>\n\t<meta property=\"og:image:height\" content=\"583\" \/>\n\t<meta property=\"og:image:type\" content=\"image\/jpeg\" \/>\n<meta name=\"author\" content=\"US1\" \/>\n<meta name=\"twitter:card\" content=\"summary_large_image\" \/>\n<meta name=\"twitter:label1\" content=\"Written by\" \/>\n\t<meta name=\"twitter:data1\" content=\"US1\" \/>\n\t<meta name=\"twitter:label2\" content=\"Est. reading time\" \/>\n\t<meta name=\"twitter:data2\" content=\"2 minutes\" \/>\n<script type=\"application\/ld+json\" class=\"yoast-schema-graph\">{\"@context\":\"https:\/\/schema.org\",\"@graph\":[{\"@type\":\"WebPage\",\"@id\":\"https:\/\/veritasinfo.org\/?p=10845\",\"url\":\"https:\/\/veritasinfo.org\/?p=10845\",\"name\":\"Protesta \\\"Serbi, a po d\u00ebgjohemi?\\\" n\u00eb t\u00eb gjith\u00eb vendin: Kaos n\u00eb rrug\u00ebt e Novi Sadit, xhandarm\u00ebria ndjek qytetar\u00ebt, p\u00ebrdoren sprej me piper dhe t\u00eb sht\u00ebna me top -\",\"isPartOf\":{\"@id\":\"https:\/\/veritasinfo.org\/#website\"},\"primaryImageOfPage\":{\"@id\":\"https:\/\/veritasinfo.org\/?p=10845#primaryimage\"},\"image\":{\"@id\":\"https:\/\/veritasinfo.org\/?p=10845#primaryimage\"},\"thumbnailUrl\":\"https:\/\/veritasinfo.org\/wp-content\/uploads\/2025\/09\/protesta-srb.jpg\",\"datePublished\":\"2025-09-05T21:06:39+00:00\",\"author\":{\"@id\":\"https:\/\/veritasinfo.org\/#\/schema\/person\/c2b8be262ea994d0995addca692c5e98\"},\"breadcrumb\":{\"@id\":\"https:\/\/veritasinfo.org\/?p=10845#breadcrumb\"},\"inLanguage\":\"en-US\",\"potentialAction\":[{\"@type\":\"ReadAction\",\"target\":[\"https:\/\/veritasinfo.org\/?p=10845\"]}]},{\"@type\":\"ImageObject\",\"inLanguage\":\"en-US\",\"@id\":\"https:\/\/veritasinfo.org\/?p=10845#primaryimage\",\"url\":\"https:\/\/veritasinfo.org\/wp-content\/uploads\/2025\/09\/protesta-srb.jpg\",\"contentUrl\":\"https:\/\/veritasinfo.org\/wp-content\/uploads\/2025\/09\/protesta-srb.jpg\",\"width\":1024,\"height\":583},{\"@type\":\"BreadcrumbList\",\"@id\":\"https:\/\/veritasinfo.org\/?p=10845#breadcrumb\",\"itemListElement\":[{\"@type\":\"ListItem\",\"position\":1,\"name\":\"Home\",\"item\":\"https:\/\/veritasinfo.org\/\"},{\"@type\":\"ListItem\",\"position\":2,\"name\":\"Protesta &#8220;Serbi, a po d\u00ebgjohemi?&#8221; n\u00eb t\u00eb gjith\u00eb vendin: Kaos n\u00eb rrug\u00ebt e Novi Sadit, xhandarm\u00ebria ndjek qytetar\u00ebt, p\u00ebrdoren sprej me piper dhe t\u00eb sht\u00ebna me top\"}]},{\"@type\":\"WebSite\",\"@id\":\"https:\/\/veritasinfo.org\/#website\",\"url\":\"https:\/\/veritasinfo.org\/\",\"name\":\"\",\"description\":\"\",\"potentialAction\":[{\"@type\":\"SearchAction\",\"target\":{\"@type\":\"EntryPoint\",\"urlTemplate\":\"https:\/\/veritasinfo.org\/?s={search_term_string}\"},\"query-input\":{\"@type\":\"PropertyValueSpecification\",\"valueRequired\":true,\"valueName\":\"search_term_string\"}}],\"inLanguage\":\"en-US\"},{\"@type\":\"Person\",\"@id\":\"https:\/\/veritasinfo.org\/#\/schema\/person\/c2b8be262ea994d0995addca692c5e98\",\"name\":\"US1\",\"image\":{\"@type\":\"ImageObject\",\"inLanguage\":\"en-US\",\"@id\":\"https:\/\/veritasinfo.org\/#\/schema\/person\/image\/\",\"url\":\"https:\/\/secure.gravatar.com\/avatar\/4e96a59bd256abf9956eb9963ac891a47461ffb364d47b0e9aab113328fdb75b?s=96&d=mm&r=g\",\"contentUrl\":\"https:\/\/secure.gravatar.com\/avatar\/4e96a59bd256abf9956eb9963ac891a47461ffb364d47b0e9aab113328fdb75b?s=96&d=mm&r=g\",\"caption\":\"US1\"},\"url\":\"https:\/\/veritasinfo.org\/?author=2\"}]}<\/script>\n<!-- \/ Yoast SEO plugin. -->","yoast_head_json":{"title":"Protesta \"Serbi, a po d\u00ebgjohemi?\" n\u00eb t\u00eb gjith\u00eb vendin: Kaos n\u00eb rrug\u00ebt e Novi Sadit, xhandarm\u00ebria ndjek qytetar\u00ebt, p\u00ebrdoren sprej me piper dhe t\u00eb sht\u00ebna me top -","robots":{"index":"index","follow":"follow","max-snippet":"max-snippet:-1","max-image-preview":"max-image-preview:large","max-video-preview":"max-video-preview:-1"},"canonical":"https:\/\/veritasinfo.org\/?p=10845","og_locale":"en_US","og_type":"article","og_title":"Protesta \"Serbi, a po d\u00ebgjohemi?\" n\u00eb t\u00eb gjith\u00eb vendin: Kaos n\u00eb rrug\u00ebt e Novi Sadit, xhandarm\u00ebria ndjek qytetar\u00ebt, p\u00ebrdoren sprej me piper dhe t\u00eb sht\u00ebna me top -","og_description":"Novi Sad, 05 shtator 2025 Nj\u00eb protest\u00eb e madhe me tem\u00eb &#8220;Serbi, a mund t\u00eb d\u00ebgjohemi?&#8221; do t\u00eb mbahet sonte n\u00eb Novi Sad, dhe jan\u00eb","og_url":"https:\/\/veritasinfo.org\/?p=10845","article_published_time":"2025-09-05T21:06:39+00:00","og_image":[{"width":1024,"height":583,"url":"https:\/\/veritasinfo.org\/wp-content\/uploads\/2025\/09\/protesta-srb.jpg","type":"image\/jpeg"}],"author":"US1","twitter_card":"summary_large_image","twitter_misc":{"Written by":"US1","Est. reading time":"2 minutes"},"schema":{"@context":"https:\/\/schema.org","@graph":[{"@type":"WebPage","@id":"https:\/\/veritasinfo.org\/?p=10845","url":"https:\/\/veritasinfo.org\/?p=10845","name":"Protesta \"Serbi, a po d\u00ebgjohemi?\" n\u00eb t\u00eb gjith\u00eb vendin: Kaos n\u00eb rrug\u00ebt e Novi Sadit, xhandarm\u00ebria ndjek qytetar\u00ebt, p\u00ebrdoren sprej me piper dhe t\u00eb sht\u00ebna me top -","isPartOf":{"@id":"https:\/\/veritasinfo.org\/#website"},"primaryImageOfPage":{"@id":"https:\/\/veritasinfo.org\/?p=10845#primaryimage"},"image":{"@id":"https:\/\/veritasinfo.org\/?p=10845#primaryimage"},"thumbnailUrl":"https:\/\/veritasinfo.org\/wp-content\/uploads\/2025\/09\/protesta-srb.jpg","datePublished":"2025-09-05T21:06:39+00:00","author":{"@id":"https:\/\/veritasinfo.org\/#\/schema\/person\/c2b8be262ea994d0995addca692c5e98"},"breadcrumb":{"@id":"https:\/\/veritasinfo.org\/?p=10845#breadcrumb"},"inLanguage":"en-US","potentialAction":[{"@type":"ReadAction","target":["https:\/\/veritasinfo.org\/?p=10845"]}]},{"@type":"ImageObject","inLanguage":"en-US","@id":"https:\/\/veritasinfo.org\/?p=10845#primaryimage","url":"https:\/\/veritasinfo.org\/wp-content\/uploads\/2025\/09\/protesta-srb.jpg","contentUrl":"https:\/\/veritasinfo.org\/wp-content\/uploads\/2025\/09\/protesta-srb.jpg","width":1024,"height":583},{"@type":"BreadcrumbList","@id":"https:\/\/veritasinfo.org\/?p=10845#breadcrumb","itemListElement":[{"@type":"ListItem","position":1,"name":"Home","item":"https:\/\/veritasinfo.org\/"},{"@type":"ListItem","position":2,"name":"Protesta &#8220;Serbi, a po d\u00ebgjohemi?&#8221; n\u00eb t\u00eb gjith\u00eb vendin: Kaos n\u00eb rrug\u00ebt e Novi Sadit, xhandarm\u00ebria ndjek qytetar\u00ebt, p\u00ebrdoren sprej me piper dhe t\u00eb sht\u00ebna me top"}]},{"@type":"WebSite","@id":"https:\/\/veritasinfo.org\/#website","url":"https:\/\/veritasinfo.org\/","name":"","description":"","potentialAction":[{"@type":"SearchAction","target":{"@type":"EntryPoint","urlTemplate":"https:\/\/veritasinfo.org\/?s={search_term_string}"},"query-input":{"@type":"PropertyValueSpecification","valueRequired":true,"valueName":"search_term_string"}}],"inLanguage":"en-US"},{"@type":"Person","@id":"https:\/\/veritasinfo.org\/#\/schema\/person\/c2b8be262ea994d0995addca692c5e98","name":"US1","image":{"@type":"ImageObject","inLanguage":"en-US","@id":"https:\/\/veritasinfo.org\/#\/schema\/person\/image\/","url":"https:\/\/secure.gravatar.com\/avatar\/4e96a59bd256abf9956eb9963ac891a47461ffb364d47b0e9aab113328fdb75b?s=96&d=mm&r=g","contentUrl":"https:\/\/secure.gravatar.com\/avatar\/4e96a59bd256abf9956eb9963ac891a47461ffb364d47b0e9aab113328fdb75b?s=96&d=mm&r=g","caption":"US1"},"url":"https:\/\/veritasinfo.org\/?author=2"}]}},"featured_image_urls":{"full":["https:\/\/veritasinfo.org\/wp-content\/uploads\/2025\/09\/protesta-srb.jpg",1024,583,false],"thumbnail":["https:\/\/veritasinfo.org\/wp-content\/uploads\/2025\/09\/protesta-srb-150x150.jpg",150,150,true],"medium":["https:\/\/veritasinfo.org\/wp-content\/uploads\/2025\/09\/protesta-srb-300x171.jpg",300,171,true],"medium_large":["https:\/\/veritasinfo.org\/wp-content\/uploads\/2025\/09\/protesta-srb-768x437.jpg",640,364,true],"large":["https:\/\/veritasinfo.org\/wp-content\/uploads\/2025\/09\/protesta-srb.jpg",640,364,false],"1536x1536":["https:\/\/veritasinfo.org\/wp-content\/uploads\/2025\/09\/protesta-srb.jpg",1024,583,false],"2048x2048":["https:\/\/veritasinfo.org\/wp-content\/uploads\/2025\/09\/protesta-srb.jpg",1024,583,false],"kreeti-slider-full":["https:\/\/veritasinfo.org\/wp-content\/uploads\/2025\/09\/protesta-srb.jpg",1024,583,false],"kreeti-featured":["https:\/\/veritasinfo.org\/wp-content\/uploads\/2025\/09\/protesta-srb.jpg",1024,583,false],"kreeti-medium":["https:\/\/veritasinfo.org\/wp-content\/uploads\/2025\/09\/protesta-srb.jpg",720,410,false],"kreeti-medium-square":["https:\/\/veritasinfo.org\/wp-content\/uploads\/2025\/09\/protesta-srb.jpg",350,199,false]},"author_info":{"info":["US1"]},"category_info":"<a href=\"https:\/\/veritasinfo.org\/?cat=58\" rel=\"category\">Politik\u00eb<\/a>","tag_info":"Politik\u00eb","comment_count":"0","_links":{"self":[{"href":"https:\/\/veritasinfo.org\/index.php?rest_route=\/wp\/v2\/posts\/10845","targetHints":{"allow":["GET"]}}],"collection":[{"href":"https:\/\/veritasinfo.org\/index.php?rest_route=\/wp\/v2\/posts"}],"about":[{"href":"https:\/\/veritasinfo.org\/index.php?rest_route=\/wp\/v2\/types\/post"}],"author":[{"embeddable":true,"href":"https:\/\/veritasinfo.org\/index.php?rest_route=\/wp\/v2\/users\/2"}],"replies":[{"embeddable":true,"href":"https:\/\/veritasinfo.org\/index.php?rest_route=%2Fwp%2Fv2%2Fcomments&post=10845"}],"version-history":[{"count":1,"href":"https:\/\/veritasinfo.org\/index.php?rest_route=\/wp\/v2\/posts\/10845\/revisions"}],"predecessor-version":[{"id":10847,"href":"https:\/\/veritasinfo.org\/index.php?rest_route=\/wp\/v2\/posts\/10845\/revisions\/10847"}],"wp:featuredmedia":[{"embeddable":true,"href":"https:\/\/veritasinfo.org\/index.php?rest_route=\/wp\/v2\/media\/10846"}],"wp:attachment":[{"href":"https:\/\/veritasinfo.org\/index.php?rest_route=%2Fwp%2Fv2%2Fmedia&parent=10845"}],"wp:term":[{"taxonomy":"category","embeddable":true,"href":"https:\/\/veritasinfo.org\/index.php?rest_route=%2Fwp%2Fv2%2Fcategories&post=10845"},{"taxonomy":"post_tag","embeddable":true,"href":"https:\/\/veritasinfo.org\/index.php?rest_route=%2Fwp%2Fv2%2Ftags&post=10845"}],"curies":[{"name":"wp","href":"https:\/\/api.w.org\/{rel}","templated":true}]}}