{"id":10842,"date":"2025-09-05T21:45:03","date_gmt":"2025-09-05T19:45:03","guid":{"rendered":"https:\/\/veritasinfo.org\/?p=10842"},"modified":"2025-09-05T21:45:03","modified_gmt":"2025-09-05T19:45:03","slug":"persona-me-dosje-kriminale-ne-mbrojtje-te-zyrave-te-partise-se-vuciqit","status":"publish","type":"post","link":"https:\/\/veritasinfo.org\/?p=10842","title":{"rendered":"Persona me dosje kriminale n\u00eb mbrojtje t\u00eb zyrave t\u00eb partis\u00eb s\u00eb Vu\u00e7iqit"},"content":{"rendered":"<p><strong>Beograd, 05 shtator 2025<\/strong><\/p>\n<p>Vala e protestave n\u00eb Serbi gjat\u00eb gushtit u p\u00ebrshkrua me dhun\u00eb dhe p\u00ebrplasje mes mb\u00ebshtet\u00ebsve dhe kund\u00ebrshtar\u00ebve t\u00eb pushtetit.<\/p>\n<p>Teksa dhjet\u00ebra protestues antiqeveritar\u00eb u arrestuan, p\u00ebrfaq\u00ebsuesit e pushtetit hesht\u00ebn ndaj akuzave se n\u00eb shkaktimin e trazirave kan\u00eb marr\u00eb pjes\u00eb edhe mb\u00ebshtet\u00ebs t\u00eb Partis\u00eb Progresive Serbe (SNS), p\u00ebrfshir\u00eb individ\u00eb me dosje kriminale.<\/p>\n<p>Radio Evropa e Lir\u00eb ka analizuar fotografit\u00eb e publikuara n\u00eb rrjetet sociale dhe ka konfirmuar identitetin e disa personave q\u00eb gjat\u00eb protestave n\u00eb mes t\u00eb gushtit ruanin zyrat e partis\u00eb n\u00eb pushtet n\u00eb Serbi, SNS. N\u00eb mesin e tyre jan\u00eb edhe persona t\u00eb d\u00ebnuar p\u00ebr nj\u00eb s\u00ebr\u00eb veprash penale, drejtues t\u00eb klubeve t\u00eb ndryshme boksi n\u00eb Serbi, si dhe an\u00ebtar\u00eb t\u00eb organizatave t\u00eb djathta dhe proruse.<\/p>\n<p>SNS-ja nuk iu p\u00ebrgjigj pyetje t\u00eb Radios Evropa e Lir\u00eb lidhur me pranin\u00eb e k\u00ebtyre individ\u00ebve para zyrave t\u00eb partis\u00eb.<\/p>\n<p>Partia opozitare e Liris\u00eb dhe Drejt\u00ebsis\u00eb ka publikuar n\u00eb rrjetin X se aktivist\u00ebt e SNS-s\u00eb, t\u00eb cil\u00ebt m\u00eb 12 gusht sulmuan qytetar\u00ebt n\u00eb V\u00ebrbas me mjete piroteknike, ishin t\u00eb udh\u00ebhequr nga Stojan Knezheviq, an\u00ebtar i shquar i SNS-s\u00eb nga Sombori, qytet n\u00eb veriper\u00ebndim t\u00eb Serbis\u00eb.<\/p>\n<p>Sipas informacioneve q\u00eb REL-i ka marr\u00eb nga Gjykata e Lart\u00eb n\u00eb Sombor, Stojan Knezheviq m\u00eb 2011 ishte d\u00ebnuar me dy vjet burgim p\u00ebr vepr\u00ebn penale t\u00eb prodhimit, mbajtjes, p\u00ebrdorimit dhe shitje t\u00eb paautorizuar t\u00eb arm\u00ebve dhe materialeve shp\u00ebrthyese.<\/p>\n<p>&nbsp;<\/p>\n<p>Knezheviq sot drejton klubin e boksit \u201cSombor\u201d, q\u00eb financohet nga administrata komunale. N\u00eb tre vjet\u00ebt e fundit, si \u201corganizat\u00eb sportive me r\u00ebnd\u00ebsi t\u00eb ve\u00e7ant\u00eb\u201d, nga buxheti i k\u00ebtij qyteti i jan\u00eb dh\u00ebn\u00eb rreth 130 mij\u00eb euro, sipas t\u00eb dh\u00ebnave t\u00eb publikuara n\u00eb ueb-faqen e Komun\u00ebs s\u00eb Somborit.<\/p>\n<p>N\u00eb dy vjet\u00ebt e fundit, Snezheviq ka qen\u00eb mysafir i shpesht\u00eb n\u00eb mediat proqeveritare dhe ka udh\u00ebhequr fushat\u00ebn \u201cDrejt\u00ebsi p\u00ebr Uroshin\u201d, p\u00ebrmes s\u00eb cil\u00ebs ai u ka b\u00ebr\u00eb thirrje autoriteteve q\u00eb t\u00eb lirojn\u00eb djalin e tij, Uroshin, i cili \u00ebsht\u00eb d\u00ebnuar me tre vjet e tet\u00eb muaj burgim p\u00ebr t\u00eb sht\u00ebnat me arm\u00eb zjarri n\u00eb qendr\u00ebn e Somborit m\u00eb 2023.<\/p>\n<p>Knezheviq n\u00eb llogarin\u00eb e tij n\u00eb Instagram ka shp\u00ebrndar\u00eb pamje nga V\u00ebrbas, dhe n\u00eb nj\u00ebr\u00ebn nga fotografit\u00eb e publikuara shihet n\u00eb shoq\u00ebrin\u00eb e Karagjorgje Mijalloviq, drejtor i klubit t\u00eb boksit nga Beogradi, \u201cBalkan Boxing\u201d.<\/p>\n<p>Mijalloviq m\u00eb her\u00ebt \u00ebsht\u00eb fotografuar n\u00eb kampin q\u00eb mb\u00ebshtet\u00ebsit e SNS-s\u00eb ngrit\u00ebn para nd\u00ebrtes\u00ebs s\u00eb Parlamentit serb.<\/p>\n<p>Fushat\u00ebn p\u00ebr lirimin e t\u00eb birit ai e ka mb\u00ebshtetur mbi akuzat se \u201cProkuroria opozitare n\u00eb Sombor po hakmerret p\u00ebr mb\u00ebshtetjen ndaj [presidentit t\u00eb Serbis\u00eb, Aleksadar] Vu\u00e7iqit\u201d.Ai \u00ebsht\u00eb drejtues i klubit t\u00eb boksit q\u00eb nga fillimi i vitit 2024 dhe po at\u00eb vit, pavar\u00ebsisht detyrimit ligjor, sipas t\u00eb dh\u00ebnave t\u00eb Agjencis\u00eb p\u00ebr Regjistrin e Bizneseve (APR) ai nuk ka publikuar raportin financiar p\u00ebr veprimtarin\u00eb e klubit.<\/p>\n<p>Po at\u00eb vit, ai u em\u00ebrua edhe drejtor i \u201cKampionatit Evropian t\u00eb Boksit 2024\u201d, nd\u00ebrsa m\u00eb 2023 kishte marr\u00eb drejtimin e kompanis\u00eb p\u00ebr rritjen e kafsh\u00ebve \u201cKH Falcon 2022\u201d, bashk\u00ebpronar i s\u00eb cil\u00ebs, s\u00eb bashku me dy shtetas t\u00eb Emirateve t\u00eb Bashkuara Arabe, ishte Nenad Borov\u00e7anin.<\/p>\n<p>Borov\u00e7anin aktualisht \u00ebsht\u00eb kryetar i Federat\u00ebs s\u00eb Boksit t\u00eb Serbis\u00eb dhe ish-an\u00ebtar i kryesis\u00eb s\u00eb Partis\u00eb Socialiste t\u00eb Serbis\u00eb, si dhe ish-sekretar n\u00eb Ministrin\u00eb e Rinis\u00eb dhe Sportit.<\/p>\n<p>Mijalloviq ia ndryshoi kompanis\u00eb emrin dhe veprimtarin\u00eb, p\u00ebrkat\u00ebsisht p\u00ebr nd\u00ebrtime banesore dhe jobanesore, por kompania u mbyll m\u00eb 2024, sipas t\u00eb dh\u00ebnave t\u00eb APR-s\u00eb.<\/p>\n<p>\u201cLidhja ruse\u201d<\/p>\n<p>N\u00eb fotografit\u00eb e Stojan Knezheviqit nga V\u00ebrbasi, REL-i identifikoi edhe Vukashin Gjokoviqin, i cili shpesh shfaqet n\u00eb mediat proqeveritare dhe merr pjes\u00eb n\u00eb tubimet p\u00ebr mb\u00ebshtetjen e SNS-s\u00eb, pavar\u00ebsisht se n\u00eb vitin 2022 ishte nj\u00eb nga aktivist\u00ebt e koalicionit NADA.<\/p>\n<p>Ky koalicion i djatht\u00eb, i p\u00ebrb\u00ebr\u00eb nga Partia e Re Demokratike e Serbis\u00eb dhe L\u00ebvizja p\u00ebr Ringjalljen e Mbret\u00ebris\u00eb s\u00eb Serbis\u00eb, ndryshe nga Gjokoviqi, mb\u00ebshtet protestat e udh\u00ebhequra nga student\u00ebt dhe bllokadat qytetare.<\/p>\n<p>REL-i e ka identifikuar Gjokoviqin edhe n\u00eb nj\u00eb fotografi nga takimi i \u201cekipit t\u00eb ngusht\u00eb t\u00eb Qendr\u00ebs serbo-ruse \u2018Majak\u2019\u201d, t\u00eb cil\u00ebn kjo organizat\u00eb e kishte publikuar n\u00eb rrjetet sociale n\u00eb fillim t\u00eb vitit. Qendra serbo-ruse \u201cMajak\u201d \u00ebsht\u00eb nj\u00eb shoqat\u00eb joqeveritare e lidhur me l\u00ebvizjet e djathta n\u00eb Serbi.<\/p>\n<p>Ajo u themelua n\u00eb vitin 2019 gjat\u00eb vizit\u00ebs s\u00eb presidentit rus, Vladimir Putinit, n\u00eb Beograd dhe organizata drejtohet nga Vladimir Prebira\u00e7eviq, n\u00ebnkryetar i Partis\u00eb Popullore Serbe. Ky \u00ebsht\u00eb subjekti i ministrit pa portofol Nenad Popoviq, i njohur p\u00ebr lidhjet e tij politike dhe biznesore me Federat\u00ebn Ruse dhe minist\u00ebr n\u00eb dy ekzekutive t\u00eb m\u00ebparshme q\u00eb kur SNS-ja mori pushtetin n\u00eb Serbi m\u00eb 2012.<\/p>\n<p>\u201cN\u00eb hotelin Dash n\u00eb Novi Sad u mbajt nj\u00eb takim ku u p\u00ebrcaktuan objektivat dhe aktivitetet p\u00ebr vitin 2025, por gjithashtu u b\u00eb edhe reduktimi i pozicioneve t\u00eb k\u00ebshilltar\u00ebve special\u00eb si dhe u formuan ekipe p\u00ebr aktivitete t\u00eb ve\u00e7anta, t\u00eb cilat do t\u00eb udh\u00ebhiqen nga njer\u00ebz t\u00eb rinj n\u00eb organizat\u00ebn ton\u00eb\u201d, thuhej n\u00eb postimin p\u00ebr k\u00ebt\u00eb takim, ku mori pjes\u00eb edhe Vukashin Gjokoviq.<\/p>\n<p>Ai, p\u00ebrve\u00e7se n\u00eb V\u00ebrbas, \u00ebsht\u00eb par\u00eb edhe n\u00eb Novi Sad, ku m\u00eb 13 gusht qytetar\u00ebt u mblodh\u00ebn p\u00ebr t\u00eb protestuar para zyrave t\u00eb SNS-s\u00eb.<\/p>\n<p>N\u00eb mbrojtje t\u00eb SNS-s\u00eb edhe dy t\u00eb d\u00ebnuar p\u00ebr vepra m\u00eb t\u00eb r\u00ebnda<\/p>\n<p>N\u00eb Novi Sad, selin\u00eb e SNS-s\u00eb e \u201cruante\u201d edhe Jovan Coja Kecman, ish-udh\u00ebheq\u00ebs i grupit t\u00eb tifoz\u00ebve \u201cKorida\u201d t\u00eb klubit t\u00eb futbollit \u201cNovi Sad\u201d.<\/p>\n<p>Si\u00e7 ka konfirmuar p\u00ebr REL-in Gjykata e Lart\u00eb n\u00eb Novi Sad, Kecman m\u00eb 2018 ishte d\u00ebnuar me shtat\u00eb vjet burgim p\u00ebr vepr\u00ebn penale t\u00eb vrasjes n\u00eb tentativ\u00eb dhe p\u00ebr prodhim, mbajtje, p\u00ebrdorim dhe shitje t\u00eb paautorizuar t\u00eb arm\u00ebve.<\/p>\n<p>Ai u d\u00ebnua p\u00ebr tentim-vrasjen e ish-policit serb, Dalibor Bogdanoviq Boqa.<\/p>\n<p>N\u00eb zyrat e SNS-s\u00eb n\u00eb Novi Sad, n\u00eb at\u00eb rast ishte i pranish\u00ebm edhe Milosh Vu\u00e7eviq, ish-kryeminist\u00ebr i Serbis\u00eb dhe kryetar i partis\u00eb n\u00eb pushtet.<\/p>\n<p>Gjat\u00eb protestave n\u00eb Beograd, n\u00eb mbrojtje t\u00eb SNS-s\u00eb u shfaq edhe Gjorgje Preliq, i d\u00ebnuar p\u00ebr vrasjen e tifozit francez Brice Tatona n\u00eb vitin 2009 n\u00eb Beograd. Ai u filmua mes mb\u00ebshtet\u00ebsve t\u00eb SNS-s\u00eb para Parlamentit t\u00eb Serbis\u00eb.<\/p>\n<p>Preliq ka qen\u00eb udh\u00ebheq\u00ebs i grupit t\u00eb tifoz\u00ebve t\u00eb Partizanit, \u201cAlkatraz\u201d.<\/p>\n<p>N\u00eb vitin 2009, ky grup tifoz\u00ebsh kishte sulmuar n\u00eb qend\u00ebr t\u00eb Beogradit shtetasin francez Brice Tatona, 28 vje\u00e7, i cili vdiq pasi tifoz\u00ebt e shtyn nga disa shkall\u00eb.<\/p>\n<p>Preliq ishte kat\u00ebr vjet n\u00eb arrati dhe u d\u00ebnua n\u00eb munges\u00eb me 35 vjet burgim. Vendimi u anulua dhe pas arrestimit t\u00eb tij n\u00eb Spanj\u00eb dhe ekstradimit, n\u00eb nj\u00eb proces t\u00eb ri gjyq\u00ebsor ai u d\u00ebnua me dhjet\u00eb vjet burgim.<\/p>\n<p>Preliq u lirua me kusht m\u00eb 2021. Nga Gjykata e Lart\u00eb n\u00eb Beograd than\u00eb p\u00ebr REL-in se q\u00eb nga ajo koh\u00eb kund\u00ebr tij gjykata nuk ka zhvilluar ndonj\u00eb procedur\u00eb t\u00eb re penale.<\/p>\n","protected":false},"excerpt":{"rendered":"<p>Beograd, 05 shtator 2025 Vala e protestave n\u00eb Serbi gjat\u00eb gushtit u p\u00ebrshkrua me dhun\u00eb dhe p\u00ebrplasje mes mb\u00ebshtet\u00ebsve dhe kund\u00ebrshtar\u00ebve t\u00eb pushtetit. Teksa dhjet\u00ebra<\/p>\n","protected":false},"author":2,"featured_media":10839,"comment_status":"open","ping_status":"open","sticky":false,"template":"","format":"standard","meta":{"footnotes":""},"categories":[58],"tags":[],"class_list":["post-10842","post","type-post","status-publish","format-standard","has-post-thumbnail","hentry","category-politike-sq"],"yoast_head":"<!-- This site is optimized with the Yoast SEO plugin v25.3.1 - https:\/\/yoast.com\/wordpress\/plugins\/seo\/ -->\n<title>Persona me dosje kriminale n\u00eb mbrojtje t\u00eb zyrave t\u00eb partis\u00eb s\u00eb Vu\u00e7iqit -<\/title>\n<meta name=\"robots\" content=\"index, follow, max-snippet:-1, max-image-preview:large, max-video-preview:-1\" \/>\n<link rel=\"canonical\" href=\"https:\/\/veritasinfo.org\/?p=10842\" \/>\n<meta property=\"og:locale\" content=\"en_US\" \/>\n<meta property=\"og:type\" content=\"article\" \/>\n<meta property=\"og:title\" content=\"Persona me dosje kriminale n\u00eb mbrojtje t\u00eb zyrave t\u00eb partis\u00eb s\u00eb Vu\u00e7iqit -\" \/>\n<meta property=\"og:description\" content=\"Beograd, 05 shtator 2025 Vala e protestave n\u00eb Serbi gjat\u00eb gushtit u p\u00ebrshkrua me dhun\u00eb dhe p\u00ebrplasje mes mb\u00ebshtet\u00ebsve dhe kund\u00ebrshtar\u00ebve t\u00eb pushtetit. Teksa dhjet\u00ebra\" \/>\n<meta property=\"og:url\" content=\"https:\/\/veritasinfo.org\/?p=10842\" \/>\n<meta property=\"article:published_time\" content=\"2025-09-05T19:45:03+00:00\" \/>\n<meta property=\"og:image\" content=\"https:\/\/veritasinfo.org\/wp-content\/uploads\/2025\/09\/huligani.jpeg\" \/>\n\t<meta property=\"og:image:width\" content=\"980\" \/>\n\t<meta property=\"og:image:height\" content=\"550\" \/>\n\t<meta property=\"og:image:type\" content=\"image\/jpeg\" \/>\n<meta name=\"author\" content=\"US1\" \/>\n<meta name=\"twitter:card\" content=\"summary_large_image\" \/>\n<meta name=\"twitter:label1\" content=\"Written by\" \/>\n\t<meta name=\"twitter:data1\" content=\"US1\" \/>\n\t<meta name=\"twitter:label2\" content=\"Est. reading time\" \/>\n\t<meta name=\"twitter:data2\" content=\"5 minutes\" \/>\n<script type=\"application\/ld+json\" class=\"yoast-schema-graph\">{\"@context\":\"https:\/\/schema.org\",\"@graph\":[{\"@type\":\"WebPage\",\"@id\":\"https:\/\/veritasinfo.org\/?p=10842\",\"url\":\"https:\/\/veritasinfo.org\/?p=10842\",\"name\":\"Persona me dosje kriminale n\u00eb mbrojtje t\u00eb zyrave t\u00eb partis\u00eb s\u00eb Vu\u00e7iqit -\",\"isPartOf\":{\"@id\":\"https:\/\/veritasinfo.org\/#website\"},\"primaryImageOfPage\":{\"@id\":\"https:\/\/veritasinfo.org\/?p=10842#primaryimage\"},\"image\":{\"@id\":\"https:\/\/veritasinfo.org\/?p=10842#primaryimage\"},\"thumbnailUrl\":\"https:\/\/veritasinfo.org\/wp-content\/uploads\/2025\/09\/huligani.jpeg\",\"datePublished\":\"2025-09-05T19:45:03+00:00\",\"author\":{\"@id\":\"https:\/\/veritasinfo.org\/#\/schema\/person\/c2b8be262ea994d0995addca692c5e98\"},\"breadcrumb\":{\"@id\":\"https:\/\/veritasinfo.org\/?p=10842#breadcrumb\"},\"inLanguage\":\"en-US\",\"potentialAction\":[{\"@type\":\"ReadAction\",\"target\":[\"https:\/\/veritasinfo.org\/?p=10842\"]}]},{\"@type\":\"ImageObject\",\"inLanguage\":\"en-US\",\"@id\":\"https:\/\/veritasinfo.org\/?p=10842#primaryimage\",\"url\":\"https:\/\/veritasinfo.org\/wp-content\/uploads\/2025\/09\/huligani.jpeg\",\"contentUrl\":\"https:\/\/veritasinfo.org\/wp-content\/uploads\/2025\/09\/huligani.jpeg\",\"width\":980,\"height\":550},{\"@type\":\"BreadcrumbList\",\"@id\":\"https:\/\/veritasinfo.org\/?p=10842#breadcrumb\",\"itemListElement\":[{\"@type\":\"ListItem\",\"position\":1,\"name\":\"Home\",\"item\":\"https:\/\/veritasinfo.org\/\"},{\"@type\":\"ListItem\",\"position\":2,\"name\":\"Persona me dosje kriminale n\u00eb mbrojtje t\u00eb zyrave t\u00eb partis\u00eb s\u00eb Vu\u00e7iqit\"}]},{\"@type\":\"WebSite\",\"@id\":\"https:\/\/veritasinfo.org\/#website\",\"url\":\"https:\/\/veritasinfo.org\/\",\"name\":\"\",\"description\":\"\",\"potentialAction\":[{\"@type\":\"SearchAction\",\"target\":{\"@type\":\"EntryPoint\",\"urlTemplate\":\"https:\/\/veritasinfo.org\/?s={search_term_string}\"},\"query-input\":{\"@type\":\"PropertyValueSpecification\",\"valueRequired\":true,\"valueName\":\"search_term_string\"}}],\"inLanguage\":\"en-US\"},{\"@type\":\"Person\",\"@id\":\"https:\/\/veritasinfo.org\/#\/schema\/person\/c2b8be262ea994d0995addca692c5e98\",\"name\":\"US1\",\"image\":{\"@type\":\"ImageObject\",\"inLanguage\":\"en-US\",\"@id\":\"https:\/\/veritasinfo.org\/#\/schema\/person\/image\/\",\"url\":\"https:\/\/secure.gravatar.com\/avatar\/4e96a59bd256abf9956eb9963ac891a47461ffb364d47b0e9aab113328fdb75b?s=96&d=mm&r=g\",\"contentUrl\":\"https:\/\/secure.gravatar.com\/avatar\/4e96a59bd256abf9956eb9963ac891a47461ffb364d47b0e9aab113328fdb75b?s=96&d=mm&r=g\",\"caption\":\"US1\"},\"url\":\"https:\/\/veritasinfo.org\/?author=2\"}]}<\/script>\n<!-- \/ Yoast SEO plugin. -->","yoast_head_json":{"title":"Persona me dosje kriminale n\u00eb mbrojtje t\u00eb zyrave t\u00eb partis\u00eb s\u00eb Vu\u00e7iqit -","robots":{"index":"index","follow":"follow","max-snippet":"max-snippet:-1","max-image-preview":"max-image-preview:large","max-video-preview":"max-video-preview:-1"},"canonical":"https:\/\/veritasinfo.org\/?p=10842","og_locale":"en_US","og_type":"article","og_title":"Persona me dosje kriminale n\u00eb mbrojtje t\u00eb zyrave t\u00eb partis\u00eb s\u00eb Vu\u00e7iqit -","og_description":"Beograd, 05 shtator 2025 Vala e protestave n\u00eb Serbi gjat\u00eb gushtit u p\u00ebrshkrua me dhun\u00eb dhe p\u00ebrplasje mes mb\u00ebshtet\u00ebsve dhe kund\u00ebrshtar\u00ebve t\u00eb pushtetit. Teksa dhjet\u00ebra","og_url":"https:\/\/veritasinfo.org\/?p=10842","article_published_time":"2025-09-05T19:45:03+00:00","og_image":[{"width":980,"height":550,"url":"https:\/\/veritasinfo.org\/wp-content\/uploads\/2025\/09\/huligani.jpeg","type":"image\/jpeg"}],"author":"US1","twitter_card":"summary_large_image","twitter_misc":{"Written by":"US1","Est. reading time":"5 minutes"},"schema":{"@context":"https:\/\/schema.org","@graph":[{"@type":"WebPage","@id":"https:\/\/veritasinfo.org\/?p=10842","url":"https:\/\/veritasinfo.org\/?p=10842","name":"Persona me dosje kriminale n\u00eb mbrojtje t\u00eb zyrave t\u00eb partis\u00eb s\u00eb Vu\u00e7iqit -","isPartOf":{"@id":"https:\/\/veritasinfo.org\/#website"},"primaryImageOfPage":{"@id":"https:\/\/veritasinfo.org\/?p=10842#primaryimage"},"image":{"@id":"https:\/\/veritasinfo.org\/?p=10842#primaryimage"},"thumbnailUrl":"https:\/\/veritasinfo.org\/wp-content\/uploads\/2025\/09\/huligani.jpeg","datePublished":"2025-09-05T19:45:03+00:00","author":{"@id":"https:\/\/veritasinfo.org\/#\/schema\/person\/c2b8be262ea994d0995addca692c5e98"},"breadcrumb":{"@id":"https:\/\/veritasinfo.org\/?p=10842#breadcrumb"},"inLanguage":"en-US","potentialAction":[{"@type":"ReadAction","target":["https:\/\/veritasinfo.org\/?p=10842"]}]},{"@type":"ImageObject","inLanguage":"en-US","@id":"https:\/\/veritasinfo.org\/?p=10842#primaryimage","url":"https:\/\/veritasinfo.org\/wp-content\/uploads\/2025\/09\/huligani.jpeg","contentUrl":"https:\/\/veritasinfo.org\/wp-content\/uploads\/2025\/09\/huligani.jpeg","width":980,"height":550},{"@type":"BreadcrumbList","@id":"https:\/\/veritasinfo.org\/?p=10842#breadcrumb","itemListElement":[{"@type":"ListItem","position":1,"name":"Home","item":"https:\/\/veritasinfo.org\/"},{"@type":"ListItem","position":2,"name":"Persona me dosje kriminale n\u00eb mbrojtje t\u00eb zyrave t\u00eb partis\u00eb s\u00eb Vu\u00e7iqit"}]},{"@type":"WebSite","@id":"https:\/\/veritasinfo.org\/#website","url":"https:\/\/veritasinfo.org\/","name":"","description":"","potentialAction":[{"@type":"SearchAction","target":{"@type":"EntryPoint","urlTemplate":"https:\/\/veritasinfo.org\/?s={search_term_string}"},"query-input":{"@type":"PropertyValueSpecification","valueRequired":true,"valueName":"search_term_string"}}],"inLanguage":"en-US"},{"@type":"Person","@id":"https:\/\/veritasinfo.org\/#\/schema\/person\/c2b8be262ea994d0995addca692c5e98","name":"US1","image":{"@type":"ImageObject","inLanguage":"en-US","@id":"https:\/\/veritasinfo.org\/#\/schema\/person\/image\/","url":"https:\/\/secure.gravatar.com\/avatar\/4e96a59bd256abf9956eb9963ac891a47461ffb364d47b0e9aab113328fdb75b?s=96&d=mm&r=g","contentUrl":"https:\/\/secure.gravatar.com\/avatar\/4e96a59bd256abf9956eb9963ac891a47461ffb364d47b0e9aab113328fdb75b?s=96&d=mm&r=g","caption":"US1"},"url":"https:\/\/veritasinfo.org\/?author=2"}]}},"featured_image_urls":{"full":["https:\/\/veritasinfo.org\/wp-content\/uploads\/2025\/09\/huligani.jpeg",980,550,false],"thumbnail":["https:\/\/veritasinfo.org\/wp-content\/uploads\/2025\/09\/huligani-150x150.jpeg",150,150,true],"medium":["https:\/\/veritasinfo.org\/wp-content\/uploads\/2025\/09\/huligani-300x168.jpeg",300,168,true],"medium_large":["https:\/\/veritasinfo.org\/wp-content\/uploads\/2025\/09\/huligani-768x431.jpeg",640,359,true],"large":["https:\/\/veritasinfo.org\/wp-content\/uploads\/2025\/09\/huligani.jpeg",640,359,false],"1536x1536":["https:\/\/veritasinfo.org\/wp-content\/uploads\/2025\/09\/huligani.jpeg",980,550,false],"2048x2048":["https:\/\/veritasinfo.org\/wp-content\/uploads\/2025\/09\/huligani.jpeg",980,550,false],"kreeti-slider-full":["https:\/\/veritasinfo.org\/wp-content\/uploads\/2025\/09\/huligani.jpeg",980,550,false],"kreeti-featured":["https:\/\/veritasinfo.org\/wp-content\/uploads\/2025\/09\/huligani.jpeg",980,550,false],"kreeti-medium":["https:\/\/veritasinfo.org\/wp-content\/uploads\/2025\/09\/huligani.jpeg",720,404,false],"kreeti-medium-square":["https:\/\/veritasinfo.org\/wp-content\/uploads\/2025\/09\/huligani.jpeg",350,196,false]},"author_info":{"info":["US1"]},"category_info":"<a href=\"https:\/\/veritasinfo.org\/?cat=58\" rel=\"category\">Politik\u00eb<\/a>","tag_info":"Politik\u00eb","comment_count":"0","_links":{"self":[{"href":"https:\/\/veritasinfo.org\/index.php?rest_route=\/wp\/v2\/posts\/10842","targetHints":{"allow":["GET"]}}],"collection":[{"href":"https:\/\/veritasinfo.org\/index.php?rest_route=\/wp\/v2\/posts"}],"about":[{"href":"https:\/\/veritasinfo.org\/index.php?rest_route=\/wp\/v2\/types\/post"}],"author":[{"embeddable":true,"href":"https:\/\/veritasinfo.org\/index.php?rest_route=\/wp\/v2\/users\/2"}],"replies":[{"embeddable":true,"href":"https:\/\/veritasinfo.org\/index.php?rest_route=%2Fwp%2Fv2%2Fcomments&post=10842"}],"version-history":[{"count":1,"href":"https:\/\/veritasinfo.org\/index.php?rest_route=\/wp\/v2\/posts\/10842\/revisions"}],"predecessor-version":[{"id":10843,"href":"https:\/\/veritasinfo.org\/index.php?rest_route=\/wp\/v2\/posts\/10842\/revisions\/10843"}],"wp:featuredmedia":[{"embeddable":true,"href":"https:\/\/veritasinfo.org\/index.php?rest_route=\/wp\/v2\/media\/10839"}],"wp:attachment":[{"href":"https:\/\/veritasinfo.org\/index.php?rest_route=%2Fwp%2Fv2%2Fmedia&parent=10842"}],"wp:term":[{"taxonomy":"category","embeddable":true,"href":"https:\/\/veritasinfo.org\/index.php?rest_route=%2Fwp%2Fv2%2Fcategories&post=10842"},{"taxonomy":"post_tag","embeddable":true,"href":"https:\/\/veritasinfo.org\/index.php?rest_route=%2Fwp%2Fv2%2Ftags&post=10842"}],"curies":[{"name":"wp","href":"https:\/\/api.w.org\/{rel}","templated":true}]}}