{"id":10833,"date":"2025-09-05T17:45:12","date_gmt":"2025-09-05T15:45:12","guid":{"rendered":"https:\/\/veritasinfo.org\/?p=10833"},"modified":"2025-09-05T17:45:12","modified_gmt":"2025-09-05T15:45:12","slug":"ish-policit-arbnor-spahiu-i-zgjatet-paraburgimi-edhe-per-tre-muaj-ne-serbi","status":"publish","type":"post","link":"https:\/\/veritasinfo.org\/?p=10833","title":{"rendered":"Ish-policit Arbnor Spahiu i zgjatet paraburgimi edhe p\u00ebr tre muaj n\u00eb Serbi"},"content":{"rendered":"<p><strong>Beograd, 05 shtator 2025<\/strong><\/p>\n<p>Serbia i ka caktuar edhe tre muaj paraburgim ish-policit t\u00eb Nj\u00ebsis\u00eb Speciale t\u00eb Kosov\u00ebs, Arbnor Spahiut.<\/p>\n<p>Bashk\u00ebshortja e tij, Arieta Spahiu ka treguar se ka kontaktuar me t\u00eb gjith\u00eb krer\u00ebt e vendit, por asnj\u00ebri nuk ka dh\u00ebn\u00eb asnj\u00eb lloj p\u00ebrgjigje.<\/p>\n<p>\u201cN\u00eb fillim nuk \u00ebsht\u00eb trajtuar mir\u00eb psikikisht. Jan\u00eb mundu me detyru me pranu di\u00e7ka q\u00eb nuk ka b\u00ebr\u00eb&#8221;, tha ajo.<\/p>\n<p>Familja e tij, p\u00ebrve\u00e7 q\u00eb duhet t\u00eb p\u00ebrballen me tensionin q\u00eb ka prodhuar procesi kan\u00eb edhe v\u00ebshtir\u00ebsi financiare p\u00ebr shpenzimet e m\u00ebdha p\u00ebr proceduarat gjyq\u00ebsore.<\/p>\n<p>Ndryshe, ish-pjes\u00ebtari i Nj\u00ebsis\u00eb Speciale t\u00eb Policis\u00eb s\u00eb Kosov\u00ebs Arbnor Spahiu, po mbahet n\u00ebn dyshimet p\u00ebr kryerjen e vepr\u00ebs penale \u201cvrasje e r\u00ebnd\u00eb\u201d. Spahiu dyshohet se ka kryer k\u00ebt\u00eb vep\u00ebr n\u00eb Banjsk\u00eb \u2013 pjesa veriore e Kosov\u00ebs \u2013 ku nj\u00eb grup i serb\u00ebve t\u00eb armatosur ka sulmuar Policin\u00eb e Kosov\u00ebs n\u00eb shtator 2023 \u2013 duke vrar\u00eb rreshterin Afrim Bunjaku.<\/p>\n<p>N\u00eb p\u00ebrleshjet me arm\u00eb q\u00eb kan\u00eb pasuar, jan\u00eb vrar\u00eb edhe tre sulmues serb\u00eb.<\/p>\n<p>Sipas avokat\u00ebve ky veprim \u00ebsht\u00eb i motivuar politikisht dhe i pamb\u00ebshtetur n\u00eb asnj\u00eb prov\u00eb konkrete, ngase Spahiu ka p\u00ebrfunduar sh\u00ebrbimin n\u00eb Policin\u00eb e Kosov\u00ebs q\u00eb nga n\u00ebntori i vitit 2021 dhe nuk ka lidhje me rastin e Banjsk\u00ebs t\u00eb vitit 2023.<\/p>\n","protected":false},"excerpt":{"rendered":"<p>Beograd, 05 shtator 2025 Serbia i ka caktuar edhe tre muaj paraburgim ish-policit t\u00eb Nj\u00ebsis\u00eb Speciale t\u00eb Kosov\u00ebs, Arbnor Spahiut. Bashk\u00ebshortja e tij, Arieta Spahiu<\/p>\n","protected":false},"author":2,"featured_media":10834,"comment_status":"open","ping_status":"open","sticky":false,"template":"","format":"standard","meta":{"footnotes":""},"categories":[60],"tags":[],"class_list":["post-10833","post","type-post","status-publish","format-standard","has-post-thumbnail","hentry","category-shoqerore-sq"],"yoast_head":"<!-- This site is optimized with the Yoast SEO plugin v25.3.1 - https:\/\/yoast.com\/wordpress\/plugins\/seo\/ -->\n<title>Ish-policit Arbnor Spahiu i zgjatet paraburgimi edhe p\u00ebr tre muaj n\u00eb Serbi -<\/title>\n<meta name=\"robots\" content=\"index, follow, max-snippet:-1, max-image-preview:large, max-video-preview:-1\" \/>\n<link rel=\"canonical\" href=\"https:\/\/veritasinfo.org\/?p=10833\" \/>\n<meta property=\"og:locale\" content=\"en_US\" \/>\n<meta property=\"og:type\" content=\"article\" \/>\n<meta property=\"og:title\" content=\"Ish-policit Arbnor Spahiu i zgjatet paraburgimi edhe p\u00ebr tre muaj n\u00eb Serbi -\" \/>\n<meta property=\"og:description\" content=\"Beograd, 05 shtator 2025 Serbia i ka caktuar edhe tre muaj paraburgim ish-policit t\u00eb Nj\u00ebsis\u00eb Speciale t\u00eb Kosov\u00ebs, Arbnor Spahiut. Bashk\u00ebshortja e tij, Arieta Spahiu\" \/>\n<meta property=\"og:url\" content=\"https:\/\/veritasinfo.org\/?p=10833\" \/>\n<meta property=\"article:published_time\" content=\"2025-09-05T15:45:12+00:00\" \/>\n<meta property=\"og:image\" content=\"https:\/\/veritasinfo.org\/wp-content\/uploads\/2025\/09\/Arbnor-Spahiu.jpg\" \/>\n\t<meta property=\"og:image:width\" content=\"640\" \/>\n\t<meta property=\"og:image:height\" content=\"360\" \/>\n\t<meta property=\"og:image:type\" content=\"image\/jpeg\" \/>\n<meta name=\"author\" content=\"US1\" \/>\n<meta name=\"twitter:card\" content=\"summary_large_image\" \/>\n<meta name=\"twitter:label1\" content=\"Written by\" \/>\n\t<meta name=\"twitter:data1\" content=\"US1\" \/>\n\t<meta name=\"twitter:label2\" content=\"Est. reading time\" \/>\n\t<meta name=\"twitter:data2\" content=\"1 minute\" \/>\n<script type=\"application\/ld+json\" class=\"yoast-schema-graph\">{\"@context\":\"https:\/\/schema.org\",\"@graph\":[{\"@type\":\"WebPage\",\"@id\":\"https:\/\/veritasinfo.org\/?p=10833\",\"url\":\"https:\/\/veritasinfo.org\/?p=10833\",\"name\":\"Ish-policit Arbnor Spahiu i zgjatet paraburgimi edhe p\u00ebr tre muaj n\u00eb Serbi -\",\"isPartOf\":{\"@id\":\"https:\/\/veritasinfo.org\/#website\"},\"primaryImageOfPage\":{\"@id\":\"https:\/\/veritasinfo.org\/?p=10833#primaryimage\"},\"image\":{\"@id\":\"https:\/\/veritasinfo.org\/?p=10833#primaryimage\"},\"thumbnailUrl\":\"https:\/\/veritasinfo.org\/wp-content\/uploads\/2025\/09\/Arbnor-Spahiu.jpg\",\"datePublished\":\"2025-09-05T15:45:12+00:00\",\"author\":{\"@id\":\"https:\/\/veritasinfo.org\/#\/schema\/person\/c2b8be262ea994d0995addca692c5e98\"},\"breadcrumb\":{\"@id\":\"https:\/\/veritasinfo.org\/?p=10833#breadcrumb\"},\"inLanguage\":\"en-US\",\"potentialAction\":[{\"@type\":\"ReadAction\",\"target\":[\"https:\/\/veritasinfo.org\/?p=10833\"]}]},{\"@type\":\"ImageObject\",\"inLanguage\":\"en-US\",\"@id\":\"https:\/\/veritasinfo.org\/?p=10833#primaryimage\",\"url\":\"https:\/\/veritasinfo.org\/wp-content\/uploads\/2025\/09\/Arbnor-Spahiu.jpg\",\"contentUrl\":\"https:\/\/veritasinfo.org\/wp-content\/uploads\/2025\/09\/Arbnor-Spahiu.jpg\",\"width\":640,\"height\":360},{\"@type\":\"BreadcrumbList\",\"@id\":\"https:\/\/veritasinfo.org\/?p=10833#breadcrumb\",\"itemListElement\":[{\"@type\":\"ListItem\",\"position\":1,\"name\":\"Home\",\"item\":\"https:\/\/veritasinfo.org\/\"},{\"@type\":\"ListItem\",\"position\":2,\"name\":\"Ish-policit Arbnor Spahiu i zgjatet paraburgimi edhe p\u00ebr tre muaj n\u00eb Serbi\"}]},{\"@type\":\"WebSite\",\"@id\":\"https:\/\/veritasinfo.org\/#website\",\"url\":\"https:\/\/veritasinfo.org\/\",\"name\":\"\",\"description\":\"\",\"potentialAction\":[{\"@type\":\"SearchAction\",\"target\":{\"@type\":\"EntryPoint\",\"urlTemplate\":\"https:\/\/veritasinfo.org\/?s={search_term_string}\"},\"query-input\":{\"@type\":\"PropertyValueSpecification\",\"valueRequired\":true,\"valueName\":\"search_term_string\"}}],\"inLanguage\":\"en-US\"},{\"@type\":\"Person\",\"@id\":\"https:\/\/veritasinfo.org\/#\/schema\/person\/c2b8be262ea994d0995addca692c5e98\",\"name\":\"US1\",\"image\":{\"@type\":\"ImageObject\",\"inLanguage\":\"en-US\",\"@id\":\"https:\/\/veritasinfo.org\/#\/schema\/person\/image\/\",\"url\":\"https:\/\/secure.gravatar.com\/avatar\/4e96a59bd256abf9956eb9963ac891a47461ffb364d47b0e9aab113328fdb75b?s=96&d=mm&r=g\",\"contentUrl\":\"https:\/\/secure.gravatar.com\/avatar\/4e96a59bd256abf9956eb9963ac891a47461ffb364d47b0e9aab113328fdb75b?s=96&d=mm&r=g\",\"caption\":\"US1\"},\"url\":\"https:\/\/veritasinfo.org\/?author=2\"}]}<\/script>\n<!-- \/ Yoast SEO plugin. -->","yoast_head_json":{"title":"Ish-policit Arbnor Spahiu i zgjatet paraburgimi edhe p\u00ebr tre muaj n\u00eb Serbi -","robots":{"index":"index","follow":"follow","max-snippet":"max-snippet:-1","max-image-preview":"max-image-preview:large","max-video-preview":"max-video-preview:-1"},"canonical":"https:\/\/veritasinfo.org\/?p=10833","og_locale":"en_US","og_type":"article","og_title":"Ish-policit Arbnor Spahiu i zgjatet paraburgimi edhe p\u00ebr tre muaj n\u00eb Serbi -","og_description":"Beograd, 05 shtator 2025 Serbia i ka caktuar edhe tre muaj paraburgim ish-policit t\u00eb Nj\u00ebsis\u00eb Speciale t\u00eb Kosov\u00ebs, Arbnor Spahiut. Bashk\u00ebshortja e tij, Arieta Spahiu","og_url":"https:\/\/veritasinfo.org\/?p=10833","article_published_time":"2025-09-05T15:45:12+00:00","og_image":[{"width":640,"height":360,"url":"https:\/\/veritasinfo.org\/wp-content\/uploads\/2025\/09\/Arbnor-Spahiu.jpg","type":"image\/jpeg"}],"author":"US1","twitter_card":"summary_large_image","twitter_misc":{"Written by":"US1","Est. reading time":"1 minute"},"schema":{"@context":"https:\/\/schema.org","@graph":[{"@type":"WebPage","@id":"https:\/\/veritasinfo.org\/?p=10833","url":"https:\/\/veritasinfo.org\/?p=10833","name":"Ish-policit Arbnor Spahiu i zgjatet paraburgimi edhe p\u00ebr tre muaj n\u00eb Serbi -","isPartOf":{"@id":"https:\/\/veritasinfo.org\/#website"},"primaryImageOfPage":{"@id":"https:\/\/veritasinfo.org\/?p=10833#primaryimage"},"image":{"@id":"https:\/\/veritasinfo.org\/?p=10833#primaryimage"},"thumbnailUrl":"https:\/\/veritasinfo.org\/wp-content\/uploads\/2025\/09\/Arbnor-Spahiu.jpg","datePublished":"2025-09-05T15:45:12+00:00","author":{"@id":"https:\/\/veritasinfo.org\/#\/schema\/person\/c2b8be262ea994d0995addca692c5e98"},"breadcrumb":{"@id":"https:\/\/veritasinfo.org\/?p=10833#breadcrumb"},"inLanguage":"en-US","potentialAction":[{"@type":"ReadAction","target":["https:\/\/veritasinfo.org\/?p=10833"]}]},{"@type":"ImageObject","inLanguage":"en-US","@id":"https:\/\/veritasinfo.org\/?p=10833#primaryimage","url":"https:\/\/veritasinfo.org\/wp-content\/uploads\/2025\/09\/Arbnor-Spahiu.jpg","contentUrl":"https:\/\/veritasinfo.org\/wp-content\/uploads\/2025\/09\/Arbnor-Spahiu.jpg","width":640,"height":360},{"@type":"BreadcrumbList","@id":"https:\/\/veritasinfo.org\/?p=10833#breadcrumb","itemListElement":[{"@type":"ListItem","position":1,"name":"Home","item":"https:\/\/veritasinfo.org\/"},{"@type":"ListItem","position":2,"name":"Ish-policit Arbnor Spahiu i zgjatet paraburgimi edhe p\u00ebr tre muaj n\u00eb Serbi"}]},{"@type":"WebSite","@id":"https:\/\/veritasinfo.org\/#website","url":"https:\/\/veritasinfo.org\/","name":"","description":"","potentialAction":[{"@type":"SearchAction","target":{"@type":"EntryPoint","urlTemplate":"https:\/\/veritasinfo.org\/?s={search_term_string}"},"query-input":{"@type":"PropertyValueSpecification","valueRequired":true,"valueName":"search_term_string"}}],"inLanguage":"en-US"},{"@type":"Person","@id":"https:\/\/veritasinfo.org\/#\/schema\/person\/c2b8be262ea994d0995addca692c5e98","name":"US1","image":{"@type":"ImageObject","inLanguage":"en-US","@id":"https:\/\/veritasinfo.org\/#\/schema\/person\/image\/","url":"https:\/\/secure.gravatar.com\/avatar\/4e96a59bd256abf9956eb9963ac891a47461ffb364d47b0e9aab113328fdb75b?s=96&d=mm&r=g","contentUrl":"https:\/\/secure.gravatar.com\/avatar\/4e96a59bd256abf9956eb9963ac891a47461ffb364d47b0e9aab113328fdb75b?s=96&d=mm&r=g","caption":"US1"},"url":"https:\/\/veritasinfo.org\/?author=2"}]}},"featured_image_urls":{"full":["https:\/\/veritasinfo.org\/wp-content\/uploads\/2025\/09\/Arbnor-Spahiu.jpg",640,360,false],"thumbnail":["https:\/\/veritasinfo.org\/wp-content\/uploads\/2025\/09\/Arbnor-Spahiu-150x150.jpg",150,150,true],"medium":["https:\/\/veritasinfo.org\/wp-content\/uploads\/2025\/09\/Arbnor-Spahiu-300x169.jpg",300,169,true],"medium_large":["https:\/\/veritasinfo.org\/wp-content\/uploads\/2025\/09\/Arbnor-Spahiu.jpg",640,360,false],"large":["https:\/\/veritasinfo.org\/wp-content\/uploads\/2025\/09\/Arbnor-Spahiu.jpg",640,360,false],"1536x1536":["https:\/\/veritasinfo.org\/wp-content\/uploads\/2025\/09\/Arbnor-Spahiu.jpg",640,360,false],"2048x2048":["https:\/\/veritasinfo.org\/wp-content\/uploads\/2025\/09\/Arbnor-Spahiu.jpg",640,360,false],"kreeti-slider-full":["https:\/\/veritasinfo.org\/wp-content\/uploads\/2025\/09\/Arbnor-Spahiu.jpg",640,360,false],"kreeti-featured":["https:\/\/veritasinfo.org\/wp-content\/uploads\/2025\/09\/Arbnor-Spahiu.jpg",640,360,false],"kreeti-medium":["https:\/\/veritasinfo.org\/wp-content\/uploads\/2025\/09\/Arbnor-Spahiu.jpg",640,360,false],"kreeti-medium-square":["https:\/\/veritasinfo.org\/wp-content\/uploads\/2025\/09\/Arbnor-Spahiu.jpg",350,197,false]},"author_info":{"info":["US1"]},"category_info":"<a href=\"https:\/\/veritasinfo.org\/?cat=60\" rel=\"category\">Shoq\u00ebrore<\/a>","tag_info":"Shoq\u00ebrore","comment_count":"0","_links":{"self":[{"href":"https:\/\/veritasinfo.org\/index.php?rest_route=\/wp\/v2\/posts\/10833","targetHints":{"allow":["GET"]}}],"collection":[{"href":"https:\/\/veritasinfo.org\/index.php?rest_route=\/wp\/v2\/posts"}],"about":[{"href":"https:\/\/veritasinfo.org\/index.php?rest_route=\/wp\/v2\/types\/post"}],"author":[{"embeddable":true,"href":"https:\/\/veritasinfo.org\/index.php?rest_route=\/wp\/v2\/users\/2"}],"replies":[{"embeddable":true,"href":"https:\/\/veritasinfo.org\/index.php?rest_route=%2Fwp%2Fv2%2Fcomments&post=10833"}],"version-history":[{"count":1,"href":"https:\/\/veritasinfo.org\/index.php?rest_route=\/wp\/v2\/posts\/10833\/revisions"}],"predecessor-version":[{"id":10835,"href":"https:\/\/veritasinfo.org\/index.php?rest_route=\/wp\/v2\/posts\/10833\/revisions\/10835"}],"wp:featuredmedia":[{"embeddable":true,"href":"https:\/\/veritasinfo.org\/index.php?rest_route=\/wp\/v2\/media\/10834"}],"wp:attachment":[{"href":"https:\/\/veritasinfo.org\/index.php?rest_route=%2Fwp%2Fv2%2Fmedia&parent=10833"}],"wp:term":[{"taxonomy":"category","embeddable":true,"href":"https:\/\/veritasinfo.org\/index.php?rest_route=%2Fwp%2Fv2%2Fcategories&post=10833"},{"taxonomy":"post_tag","embeddable":true,"href":"https:\/\/veritasinfo.org\/index.php?rest_route=%2Fwp%2Fv2%2Ftags&post=10833"}],"curies":[{"name":"wp","href":"https:\/\/api.w.org\/{rel}","templated":true}]}}