{"id":10772,"date":"2025-09-05T08:25:31","date_gmt":"2025-09-05T06:25:31","guid":{"rendered":"https:\/\/veritasinfo.org\/?p=10772"},"modified":"2025-09-05T08:25:31","modified_gmt":"2025-09-05T06:25:31","slug":"28-vjet-nga-vdekja-e-nene-terezes","status":"publish","type":"post","link":"https:\/\/veritasinfo.org\/?p=10772","title":{"rendered":"28 vjet nga vdekja e N\u00ebn\u00eb Terez\u00ebs"},"content":{"rendered":"<p><strong>Prishtin\u00eb, 05 shtator 2025<\/strong><\/p>\n<p>Sot mbushen 28 vjet nga vdekja e Sh\u00ebn N\u00ebn\u00eb Terez\u00ebs. Me k\u00ebt\u00eb rast sot nga ora 11:00 do t\u00eb mbahet nj\u00eb mesh\u00eb solemne kushtuar humanistes s\u00eb madhe shqiptare n\u00eb Katedralen Sh\u00ebn N\u00ebn\u00eb Tereza n\u00eb Prishtin\u00eb.<\/p>\n<p>Sh\u00ebn N\u00ebn\u00eb Tereza asnj\u00eb vep\u00ebr t\u00eb saj nuk e ka nisur pa adhuruar Zotin n\u00eb Eukaristi. T\u2019i p\u00ebrngjajm\u00eb edhe ne asaj me lutje e adhurim. E Lumja N\u00ebn\u00eb Tereza \u2013 Lutu p\u00ebr ne! Ejani ta nderojm\u00eb bij\u00ebn ton\u00eb t\u00eb shenjt\u00eb, N\u00ebn\u00ebn e Njer\u00ebzimit, Ambasadoren e popullit ton\u00eb t\u00eb lasht\u00eb!\u201d, \u00ebsht\u00eb thirrja p\u00ebr t\u00eb marr\u00eb pjes\u00eb n\u00eb mesh\u00ebn e t\u00eb premtes n\u00eb Katedrale.<\/p>\n<p>Sh\u00ebn N\u00ebn\u00eb Tereza, emri i plot\u00eb i s\u00eb cil\u00ebs \u00ebsht\u00eb Anjez\u00eb Gonxhe Bojaxhiu, u lind m\u00eb 26 gusht 1910, n\u00eb Shkup. Ishte humaniste e njohur shqiptare, fituese e \u00e7mimit Nobel p\u00ebr Paqen, nd\u00ebrsa m\u00eb 19 tetor 2003 u shpall e bekuar nga Vatikani.<\/p>\n","protected":false},"excerpt":{"rendered":"<p>Prishtin\u00eb, 05 shtator 2025 Sot mbushen 28 vjet nga vdekja e Sh\u00ebn N\u00ebn\u00eb Terez\u00ebs. Me k\u00ebt\u00eb rast sot nga ora 11:00 do t\u00eb mbahet nj\u00eb<\/p>\n","protected":false},"author":2,"featured_media":10773,"comment_status":"open","ping_status":"open","sticky":false,"template":"","format":"standard","meta":{"footnotes":""},"categories":[54],"tags":[],"class_list":["post-10772","post","type-post","status-publish","format-standard","has-post-thumbnail","hentry","category-kulture-sq"],"yoast_head":"<!-- This site is optimized with the Yoast SEO plugin v25.3.1 - https:\/\/yoast.com\/wordpress\/plugins\/seo\/ -->\n<title>28 vjet nga vdekja e N\u00ebn\u00eb Terez\u00ebs -<\/title>\n<meta name=\"robots\" content=\"index, follow, max-snippet:-1, max-image-preview:large, max-video-preview:-1\" \/>\n<link rel=\"canonical\" href=\"https:\/\/veritasinfo.org\/?p=10772\" \/>\n<meta property=\"og:locale\" content=\"en_US\" \/>\n<meta property=\"og:type\" content=\"article\" \/>\n<meta property=\"og:title\" content=\"28 vjet nga vdekja e N\u00ebn\u00eb Terez\u00ebs -\" \/>\n<meta property=\"og:description\" content=\"Prishtin\u00eb, 05 shtator 2025 Sot mbushen 28 vjet nga vdekja e Sh\u00ebn N\u00ebn\u00eb Terez\u00ebs. Me k\u00ebt\u00eb rast sot nga ora 11:00 do t\u00eb mbahet nj\u00eb\" \/>\n<meta property=\"og:url\" content=\"https:\/\/veritasinfo.org\/?p=10772\" \/>\n<meta property=\"article:published_time\" content=\"2025-09-05T06:25:31+00:00\" \/>\n<meta property=\"og:image\" content=\"https:\/\/veritasinfo.org\/wp-content\/uploads\/2025\/09\/nene-tereza.jpg\" \/>\n\t<meta property=\"og:image:width\" content=\"780\" \/>\n\t<meta property=\"og:image:height\" content=\"439\" \/>\n\t<meta property=\"og:image:type\" content=\"image\/jpeg\" \/>\n<meta name=\"author\" content=\"US1\" \/>\n<meta name=\"twitter:card\" content=\"summary_large_image\" \/>\n<meta name=\"twitter:label1\" content=\"Written by\" \/>\n\t<meta name=\"twitter:data1\" content=\"US1\" \/>\n\t<meta name=\"twitter:label2\" content=\"Est. reading time\" \/>\n\t<meta name=\"twitter:data2\" content=\"1 minute\" \/>\n<script type=\"application\/ld+json\" class=\"yoast-schema-graph\">{\"@context\":\"https:\/\/schema.org\",\"@graph\":[{\"@type\":\"WebPage\",\"@id\":\"https:\/\/veritasinfo.org\/?p=10772\",\"url\":\"https:\/\/veritasinfo.org\/?p=10772\",\"name\":\"28 vjet nga vdekja e N\u00ebn\u00eb Terez\u00ebs -\",\"isPartOf\":{\"@id\":\"https:\/\/veritasinfo.org\/#website\"},\"primaryImageOfPage\":{\"@id\":\"https:\/\/veritasinfo.org\/?p=10772#primaryimage\"},\"image\":{\"@id\":\"https:\/\/veritasinfo.org\/?p=10772#primaryimage\"},\"thumbnailUrl\":\"https:\/\/veritasinfo.org\/wp-content\/uploads\/2025\/09\/nene-tereza.jpg\",\"datePublished\":\"2025-09-05T06:25:31+00:00\",\"author\":{\"@id\":\"https:\/\/veritasinfo.org\/#\/schema\/person\/c2b8be262ea994d0995addca692c5e98\"},\"breadcrumb\":{\"@id\":\"https:\/\/veritasinfo.org\/?p=10772#breadcrumb\"},\"inLanguage\":\"en-US\",\"potentialAction\":[{\"@type\":\"ReadAction\",\"target\":[\"https:\/\/veritasinfo.org\/?p=10772\"]}]},{\"@type\":\"ImageObject\",\"inLanguage\":\"en-US\",\"@id\":\"https:\/\/veritasinfo.org\/?p=10772#primaryimage\",\"url\":\"https:\/\/veritasinfo.org\/wp-content\/uploads\/2025\/09\/nene-tereza.jpg\",\"contentUrl\":\"https:\/\/veritasinfo.org\/wp-content\/uploads\/2025\/09\/nene-tereza.jpg\",\"width\":780,\"height\":439},{\"@type\":\"BreadcrumbList\",\"@id\":\"https:\/\/veritasinfo.org\/?p=10772#breadcrumb\",\"itemListElement\":[{\"@type\":\"ListItem\",\"position\":1,\"name\":\"Home\",\"item\":\"https:\/\/veritasinfo.org\/\"},{\"@type\":\"ListItem\",\"position\":2,\"name\":\"28 vjet nga vdekja e N\u00ebn\u00eb Terez\u00ebs\"}]},{\"@type\":\"WebSite\",\"@id\":\"https:\/\/veritasinfo.org\/#website\",\"url\":\"https:\/\/veritasinfo.org\/\",\"name\":\"\",\"description\":\"\",\"potentialAction\":[{\"@type\":\"SearchAction\",\"target\":{\"@type\":\"EntryPoint\",\"urlTemplate\":\"https:\/\/veritasinfo.org\/?s={search_term_string}\"},\"query-input\":{\"@type\":\"PropertyValueSpecification\",\"valueRequired\":true,\"valueName\":\"search_term_string\"}}],\"inLanguage\":\"en-US\"},{\"@type\":\"Person\",\"@id\":\"https:\/\/veritasinfo.org\/#\/schema\/person\/c2b8be262ea994d0995addca692c5e98\",\"name\":\"US1\",\"image\":{\"@type\":\"ImageObject\",\"inLanguage\":\"en-US\",\"@id\":\"https:\/\/veritasinfo.org\/#\/schema\/person\/image\/\",\"url\":\"https:\/\/secure.gravatar.com\/avatar\/4e96a59bd256abf9956eb9963ac891a47461ffb364d47b0e9aab113328fdb75b?s=96&d=mm&r=g\",\"contentUrl\":\"https:\/\/secure.gravatar.com\/avatar\/4e96a59bd256abf9956eb9963ac891a47461ffb364d47b0e9aab113328fdb75b?s=96&d=mm&r=g\",\"caption\":\"US1\"},\"url\":\"https:\/\/veritasinfo.org\/?author=2\"}]}<\/script>\n<!-- \/ Yoast SEO plugin. -->","yoast_head_json":{"title":"28 vjet nga vdekja e N\u00ebn\u00eb Terez\u00ebs -","robots":{"index":"index","follow":"follow","max-snippet":"max-snippet:-1","max-image-preview":"max-image-preview:large","max-video-preview":"max-video-preview:-1"},"canonical":"https:\/\/veritasinfo.org\/?p=10772","og_locale":"en_US","og_type":"article","og_title":"28 vjet nga vdekja e N\u00ebn\u00eb Terez\u00ebs -","og_description":"Prishtin\u00eb, 05 shtator 2025 Sot mbushen 28 vjet nga vdekja e Sh\u00ebn N\u00ebn\u00eb Terez\u00ebs. Me k\u00ebt\u00eb rast sot nga ora 11:00 do t\u00eb mbahet nj\u00eb","og_url":"https:\/\/veritasinfo.org\/?p=10772","article_published_time":"2025-09-05T06:25:31+00:00","og_image":[{"width":780,"height":439,"url":"https:\/\/veritasinfo.org\/wp-content\/uploads\/2025\/09\/nene-tereza.jpg","type":"image\/jpeg"}],"author":"US1","twitter_card":"summary_large_image","twitter_misc":{"Written by":"US1","Est. reading time":"1 minute"},"schema":{"@context":"https:\/\/schema.org","@graph":[{"@type":"WebPage","@id":"https:\/\/veritasinfo.org\/?p=10772","url":"https:\/\/veritasinfo.org\/?p=10772","name":"28 vjet nga vdekja e N\u00ebn\u00eb Terez\u00ebs -","isPartOf":{"@id":"https:\/\/veritasinfo.org\/#website"},"primaryImageOfPage":{"@id":"https:\/\/veritasinfo.org\/?p=10772#primaryimage"},"image":{"@id":"https:\/\/veritasinfo.org\/?p=10772#primaryimage"},"thumbnailUrl":"https:\/\/veritasinfo.org\/wp-content\/uploads\/2025\/09\/nene-tereza.jpg","datePublished":"2025-09-05T06:25:31+00:00","author":{"@id":"https:\/\/veritasinfo.org\/#\/schema\/person\/c2b8be262ea994d0995addca692c5e98"},"breadcrumb":{"@id":"https:\/\/veritasinfo.org\/?p=10772#breadcrumb"},"inLanguage":"en-US","potentialAction":[{"@type":"ReadAction","target":["https:\/\/veritasinfo.org\/?p=10772"]}]},{"@type":"ImageObject","inLanguage":"en-US","@id":"https:\/\/veritasinfo.org\/?p=10772#primaryimage","url":"https:\/\/veritasinfo.org\/wp-content\/uploads\/2025\/09\/nene-tereza.jpg","contentUrl":"https:\/\/veritasinfo.org\/wp-content\/uploads\/2025\/09\/nene-tereza.jpg","width":780,"height":439},{"@type":"BreadcrumbList","@id":"https:\/\/veritasinfo.org\/?p=10772#breadcrumb","itemListElement":[{"@type":"ListItem","position":1,"name":"Home","item":"https:\/\/veritasinfo.org\/"},{"@type":"ListItem","position":2,"name":"28 vjet nga vdekja e N\u00ebn\u00eb Terez\u00ebs"}]},{"@type":"WebSite","@id":"https:\/\/veritasinfo.org\/#website","url":"https:\/\/veritasinfo.org\/","name":"","description":"","potentialAction":[{"@type":"SearchAction","target":{"@type":"EntryPoint","urlTemplate":"https:\/\/veritasinfo.org\/?s={search_term_string}"},"query-input":{"@type":"PropertyValueSpecification","valueRequired":true,"valueName":"search_term_string"}}],"inLanguage":"en-US"},{"@type":"Person","@id":"https:\/\/veritasinfo.org\/#\/schema\/person\/c2b8be262ea994d0995addca692c5e98","name":"US1","image":{"@type":"ImageObject","inLanguage":"en-US","@id":"https:\/\/veritasinfo.org\/#\/schema\/person\/image\/","url":"https:\/\/secure.gravatar.com\/avatar\/4e96a59bd256abf9956eb9963ac891a47461ffb364d47b0e9aab113328fdb75b?s=96&d=mm&r=g","contentUrl":"https:\/\/secure.gravatar.com\/avatar\/4e96a59bd256abf9956eb9963ac891a47461ffb364d47b0e9aab113328fdb75b?s=96&d=mm&r=g","caption":"US1"},"url":"https:\/\/veritasinfo.org\/?author=2"}]}},"featured_image_urls":{"full":["https:\/\/veritasinfo.org\/wp-content\/uploads\/2025\/09\/nene-tereza.jpg",780,439,false],"thumbnail":["https:\/\/veritasinfo.org\/wp-content\/uploads\/2025\/09\/nene-tereza-150x150.jpg",150,150,true],"medium":["https:\/\/veritasinfo.org\/wp-content\/uploads\/2025\/09\/nene-tereza-300x169.jpg",300,169,true],"medium_large":["https:\/\/veritasinfo.org\/wp-content\/uploads\/2025\/09\/nene-tereza-768x432.jpg",640,360,true],"large":["https:\/\/veritasinfo.org\/wp-content\/uploads\/2025\/09\/nene-tereza.jpg",640,360,false],"1536x1536":["https:\/\/veritasinfo.org\/wp-content\/uploads\/2025\/09\/nene-tereza.jpg",780,439,false],"2048x2048":["https:\/\/veritasinfo.org\/wp-content\/uploads\/2025\/09\/nene-tereza.jpg",780,439,false],"kreeti-slider-full":["https:\/\/veritasinfo.org\/wp-content\/uploads\/2025\/09\/nene-tereza.jpg",780,439,false],"kreeti-featured":["https:\/\/veritasinfo.org\/wp-content\/uploads\/2025\/09\/nene-tereza.jpg",780,439,false],"kreeti-medium":["https:\/\/veritasinfo.org\/wp-content\/uploads\/2025\/09\/nene-tereza.jpg",720,405,false],"kreeti-medium-square":["https:\/\/veritasinfo.org\/wp-content\/uploads\/2025\/09\/nene-tereza.jpg",350,197,false]},"author_info":{"info":["US1"]},"category_info":"<a href=\"https:\/\/veritasinfo.org\/?cat=54\" rel=\"category\">Kultur\u00eb<\/a>","tag_info":"Kultur\u00eb","comment_count":"0","_links":{"self":[{"href":"https:\/\/veritasinfo.org\/index.php?rest_route=\/wp\/v2\/posts\/10772","targetHints":{"allow":["GET"]}}],"collection":[{"href":"https:\/\/veritasinfo.org\/index.php?rest_route=\/wp\/v2\/posts"}],"about":[{"href":"https:\/\/veritasinfo.org\/index.php?rest_route=\/wp\/v2\/types\/post"}],"author":[{"embeddable":true,"href":"https:\/\/veritasinfo.org\/index.php?rest_route=\/wp\/v2\/users\/2"}],"replies":[{"embeddable":true,"href":"https:\/\/veritasinfo.org\/index.php?rest_route=%2Fwp%2Fv2%2Fcomments&post=10772"}],"version-history":[{"count":1,"href":"https:\/\/veritasinfo.org\/index.php?rest_route=\/wp\/v2\/posts\/10772\/revisions"}],"predecessor-version":[{"id":10774,"href":"https:\/\/veritasinfo.org\/index.php?rest_route=\/wp\/v2\/posts\/10772\/revisions\/10774"}],"wp:featuredmedia":[{"embeddable":true,"href":"https:\/\/veritasinfo.org\/index.php?rest_route=\/wp\/v2\/media\/10773"}],"wp:attachment":[{"href":"https:\/\/veritasinfo.org\/index.php?rest_route=%2Fwp%2Fv2%2Fmedia&parent=10772"}],"wp:term":[{"taxonomy":"category","embeddable":true,"href":"https:\/\/veritasinfo.org\/index.php?rest_route=%2Fwp%2Fv2%2Fcategories&post=10772"},{"taxonomy":"post_tag","embeddable":true,"href":"https:\/\/veritasinfo.org\/index.php?rest_route=%2Fwp%2Fv2%2Ftags&post=10772"}],"curies":[{"name":"wp","href":"https:\/\/api.w.org\/{rel}","templated":true}]}}