{"id":10767,"date":"2025-09-05T07:58:40","date_gmt":"2025-09-05T05:58:40","guid":{"rendered":"https:\/\/veritasinfo.org\/?p=10767"},"modified":"2025-09-05T07:58:40","modified_gmt":"2025-09-05T05:58:40","slug":"ibishi-grafitet-ne-veri-kercenim-serioz-pjese-e-luftes-hibride-para-zgjedhjeve","status":"publish","type":"post","link":"https:\/\/veritasinfo.org\/?p=10767","title":{"rendered":"Ibishi: Grafitet n\u00eb veri k\u00ebrc\u00ebnim serioz, pjes\u00eb e luft\u00ebs hibride para zgjedhjeve"},"content":{"rendered":"<p><strong>Prishtin\u00eb, 05 shtator 2025<\/strong><\/p>\n<p>T\u00eb mart\u00ebn mbr\u00ebma, n\u00eb veri t\u00eb Mitrovic\u00ebs jan\u00eb shfaqur grafite k\u00ebrc\u00ebnuese n\u00eb alfabetin cirilik, me mesazhin \u201cMe agimin e dit\u00ebs, Albin Kurti do t\u00eb jet\u00eb i vdekur\u201d. Autor\u00ebt ende nuk jan\u00eb identifikuar.<\/p>\n<p>Nd\u00ebrkoh\u00eb, njoh\u00ebsi i siguris\u00eb, Nuredin Ibishi,\u00a0 e cil\u00ebsoi k\u00ebt\u00eb si k\u00ebrc\u00ebnim t\u00eb drejtp\u00ebrdrejt\u00eb ndaj kryeministrit dhe pjes\u00eb t\u00eb nj\u00eb lufte hibride q\u00eb intensifikohet para zgjedhjeve lokale.<\/p>\n<p>\u201cTani para zgjedhjeve \u00ebsht\u00eb nj\u00eb sistem i luft\u00ebs hibride q\u00eb realisht ky \u00ebsht\u00eb k\u00ebrc\u00ebnim pasi q\u00eb ka t\u00eb b\u00ebj\u00eb me jet\u00ebn e kryeministrit n\u00eb detyr\u00eb dhe deputetit, por duhet marr\u00eb seriozisht ngase jemi n\u00eb nj\u00eb situat\u00eb para zgjedhjeve lokale, sidomos n\u00eb pjes\u00ebn veriore q\u00eb kemi paraqitje t\u00eb vazhdueshme t\u00eb grafiteve dhe mbishkrimeve t\u00eb ndryshme t\u00eb elementeve k\u00ebrc\u00ebnuese, por edhe q\u00eb p\u00ebrkasin edhe veprave t\u00eb tjera penale. Duhet t\u00eb merret seriozisht. Policia e Kosov\u00ebs ka arritur nj\u00ebrin prej atyre ta kap dhe mendoj q\u00eb s\u00eb shpejti duhet p\u00ebrve\u00e7 mbulimit t\u00eb terrenit prej policis\u00eb, duhet edhe t\u00eb nd\u00ebrmerren masat edhe n\u00eb sistemin e siguris\u00eb teknike, q\u00eb ta mbulojn\u00eb terrenin. Kjo do t\u00eb vazhdoj\u00eb duke par\u00eb tendencat e vazhdueshme t\u00eb qeveris\u00eb s\u00eb Serbis\u00eb p\u00ebr strategjin\u00eb shqiptare, sidomos n\u00eb k\u00ebt\u00eb koh\u00eb kur akoma nuk i kemi krijuar institucionet as Kuvendin as Qeverin\u00eb\u201d, deklaroi Ibishi.<\/p>\n<p>Ai k\u00ebrkoi q\u00eb rasti t\u00eb merret seriozisht nga institucionet e siguris\u00eb dhe t\u00eb rritet bashk\u00ebpunimi me partner\u00ebt nd\u00ebrkomb\u00ebtar\u00eb p\u00ebr t\u00eb parandaluar incidente t\u00eb tilla.<\/p>\n<p>Ibishi shtoi se , Serbia p\u00ebrher\u00eb po vazhdon me sistemin e luft\u00ebs hibride n\u00eb forma t\u00eb tjera dhe n\u00eb k\u00ebt\u00eb m\u00ebnyr\u00eb duhet me shum\u00eb seriozitet t\u00eb merret, dhe me me mbulu terrenin me sistemin e siguris\u00eb dhe me bashk\u00ebpunimin me prezenc\u00ebn e nd\u00ebrkomb\u00ebtar\u00ebve dhe t\u00eb tjer\u00ebve t\u00eb siguris\u00eb n\u00eb Kosov\u00eb.<\/p>\n","protected":false},"excerpt":{"rendered":"<p>Prishtin\u00eb, 05 shtator 2025 T\u00eb mart\u00ebn mbr\u00ebma, n\u00eb veri t\u00eb Mitrovic\u00ebs jan\u00eb shfaqur grafite k\u00ebrc\u00ebnuese n\u00eb alfabetin cirilik, me mesazhin \u201cMe agimin e dit\u00ebs, Albin<\/p>\n","protected":false},"author":2,"featured_media":10768,"comment_status":"open","ping_status":"open","sticky":false,"template":"","format":"standard","meta":{"footnotes":""},"categories":[58],"tags":[],"class_list":["post-10767","post","type-post","status-publish","format-standard","has-post-thumbnail","hentry","category-politike-sq"],"yoast_head":"<!-- This site is optimized with the Yoast SEO plugin v25.3.1 - https:\/\/yoast.com\/wordpress\/plugins\/seo\/ -->\n<title>Ibishi: Grafitet n\u00eb veri k\u00ebrc\u00ebnim serioz, pjes\u00eb e luft\u00ebs hibride para zgjedhjeve -<\/title>\n<meta name=\"robots\" content=\"index, follow, max-snippet:-1, max-image-preview:large, max-video-preview:-1\" \/>\n<link rel=\"canonical\" href=\"https:\/\/veritasinfo.org\/?p=10767\" \/>\n<meta property=\"og:locale\" content=\"en_US\" \/>\n<meta property=\"og:type\" content=\"article\" \/>\n<meta property=\"og:title\" content=\"Ibishi: Grafitet n\u00eb veri k\u00ebrc\u00ebnim serioz, pjes\u00eb e luft\u00ebs hibride para zgjedhjeve -\" \/>\n<meta property=\"og:description\" content=\"Prishtin\u00eb, 05 shtator 2025 T\u00eb mart\u00ebn mbr\u00ebma, n\u00eb veri t\u00eb Mitrovic\u00ebs jan\u00eb shfaqur grafite k\u00ebrc\u00ebnuese n\u00eb alfabetin cirilik, me mesazhin \u201cMe agimin e dit\u00ebs, Albin\" \/>\n<meta property=\"og:url\" content=\"https:\/\/veritasinfo.org\/?p=10767\" \/>\n<meta property=\"article:published_time\" content=\"2025-09-05T05:58:40+00:00\" \/>\n<meta property=\"og:image\" content=\"https:\/\/veritasinfo.org\/wp-content\/uploads\/2025\/09\/Ibishi.jpg\" \/>\n\t<meta property=\"og:image:width\" content=\"1536\" \/>\n\t<meta property=\"og:image:height\" content=\"781\" \/>\n\t<meta property=\"og:image:type\" content=\"image\/jpeg\" \/>\n<meta name=\"author\" content=\"US1\" \/>\n<meta name=\"twitter:card\" content=\"summary_large_image\" \/>\n<meta name=\"twitter:label1\" content=\"Written by\" \/>\n\t<meta name=\"twitter:data1\" content=\"US1\" \/>\n\t<meta name=\"twitter:label2\" content=\"Est. reading time\" \/>\n\t<meta name=\"twitter:data2\" content=\"2 minutes\" \/>\n<script type=\"application\/ld+json\" class=\"yoast-schema-graph\">{\"@context\":\"https:\/\/schema.org\",\"@graph\":[{\"@type\":\"WebPage\",\"@id\":\"https:\/\/veritasinfo.org\/?p=10767\",\"url\":\"https:\/\/veritasinfo.org\/?p=10767\",\"name\":\"Ibishi: Grafitet n\u00eb veri k\u00ebrc\u00ebnim serioz, pjes\u00eb e luft\u00ebs hibride para zgjedhjeve -\",\"isPartOf\":{\"@id\":\"https:\/\/veritasinfo.org\/#website\"},\"primaryImageOfPage\":{\"@id\":\"https:\/\/veritasinfo.org\/?p=10767#primaryimage\"},\"image\":{\"@id\":\"https:\/\/veritasinfo.org\/?p=10767#primaryimage\"},\"thumbnailUrl\":\"https:\/\/veritasinfo.org\/wp-content\/uploads\/2025\/09\/Ibishi.jpg\",\"datePublished\":\"2025-09-05T05:58:40+00:00\",\"author\":{\"@id\":\"https:\/\/veritasinfo.org\/#\/schema\/person\/c2b8be262ea994d0995addca692c5e98\"},\"breadcrumb\":{\"@id\":\"https:\/\/veritasinfo.org\/?p=10767#breadcrumb\"},\"inLanguage\":\"en-US\",\"potentialAction\":[{\"@type\":\"ReadAction\",\"target\":[\"https:\/\/veritasinfo.org\/?p=10767\"]}]},{\"@type\":\"ImageObject\",\"inLanguage\":\"en-US\",\"@id\":\"https:\/\/veritasinfo.org\/?p=10767#primaryimage\",\"url\":\"https:\/\/veritasinfo.org\/wp-content\/uploads\/2025\/09\/Ibishi.jpg\",\"contentUrl\":\"https:\/\/veritasinfo.org\/wp-content\/uploads\/2025\/09\/Ibishi.jpg\",\"width\":1536,\"height\":781},{\"@type\":\"BreadcrumbList\",\"@id\":\"https:\/\/veritasinfo.org\/?p=10767#breadcrumb\",\"itemListElement\":[{\"@type\":\"ListItem\",\"position\":1,\"name\":\"Home\",\"item\":\"https:\/\/veritasinfo.org\/\"},{\"@type\":\"ListItem\",\"position\":2,\"name\":\"Ibishi: Grafitet n\u00eb veri k\u00ebrc\u00ebnim serioz, pjes\u00eb e luft\u00ebs hibride para zgjedhjeve\"}]},{\"@type\":\"WebSite\",\"@id\":\"https:\/\/veritasinfo.org\/#website\",\"url\":\"https:\/\/veritasinfo.org\/\",\"name\":\"\",\"description\":\"\",\"potentialAction\":[{\"@type\":\"SearchAction\",\"target\":{\"@type\":\"EntryPoint\",\"urlTemplate\":\"https:\/\/veritasinfo.org\/?s={search_term_string}\"},\"query-input\":{\"@type\":\"PropertyValueSpecification\",\"valueRequired\":true,\"valueName\":\"search_term_string\"}}],\"inLanguage\":\"en-US\"},{\"@type\":\"Person\",\"@id\":\"https:\/\/veritasinfo.org\/#\/schema\/person\/c2b8be262ea994d0995addca692c5e98\",\"name\":\"US1\",\"image\":{\"@type\":\"ImageObject\",\"inLanguage\":\"en-US\",\"@id\":\"https:\/\/veritasinfo.org\/#\/schema\/person\/image\/\",\"url\":\"https:\/\/secure.gravatar.com\/avatar\/4e96a59bd256abf9956eb9963ac891a47461ffb364d47b0e9aab113328fdb75b?s=96&d=mm&r=g\",\"contentUrl\":\"https:\/\/secure.gravatar.com\/avatar\/4e96a59bd256abf9956eb9963ac891a47461ffb364d47b0e9aab113328fdb75b?s=96&d=mm&r=g\",\"caption\":\"US1\"},\"url\":\"https:\/\/veritasinfo.org\/?author=2\"}]}<\/script>\n<!-- \/ Yoast SEO plugin. -->","yoast_head_json":{"title":"Ibishi: Grafitet n\u00eb veri k\u00ebrc\u00ebnim serioz, pjes\u00eb e luft\u00ebs hibride para zgjedhjeve -","robots":{"index":"index","follow":"follow","max-snippet":"max-snippet:-1","max-image-preview":"max-image-preview:large","max-video-preview":"max-video-preview:-1"},"canonical":"https:\/\/veritasinfo.org\/?p=10767","og_locale":"en_US","og_type":"article","og_title":"Ibishi: Grafitet n\u00eb veri k\u00ebrc\u00ebnim serioz, pjes\u00eb e luft\u00ebs hibride para zgjedhjeve -","og_description":"Prishtin\u00eb, 05 shtator 2025 T\u00eb mart\u00ebn mbr\u00ebma, n\u00eb veri t\u00eb Mitrovic\u00ebs jan\u00eb shfaqur grafite k\u00ebrc\u00ebnuese n\u00eb alfabetin cirilik, me mesazhin \u201cMe agimin e dit\u00ebs, Albin","og_url":"https:\/\/veritasinfo.org\/?p=10767","article_published_time":"2025-09-05T05:58:40+00:00","og_image":[{"width":1536,"height":781,"url":"https:\/\/veritasinfo.org\/wp-content\/uploads\/2025\/09\/Ibishi.jpg","type":"image\/jpeg"}],"author":"US1","twitter_card":"summary_large_image","twitter_misc":{"Written by":"US1","Est. reading time":"2 minutes"},"schema":{"@context":"https:\/\/schema.org","@graph":[{"@type":"WebPage","@id":"https:\/\/veritasinfo.org\/?p=10767","url":"https:\/\/veritasinfo.org\/?p=10767","name":"Ibishi: Grafitet n\u00eb veri k\u00ebrc\u00ebnim serioz, pjes\u00eb e luft\u00ebs hibride para zgjedhjeve -","isPartOf":{"@id":"https:\/\/veritasinfo.org\/#website"},"primaryImageOfPage":{"@id":"https:\/\/veritasinfo.org\/?p=10767#primaryimage"},"image":{"@id":"https:\/\/veritasinfo.org\/?p=10767#primaryimage"},"thumbnailUrl":"https:\/\/veritasinfo.org\/wp-content\/uploads\/2025\/09\/Ibishi.jpg","datePublished":"2025-09-05T05:58:40+00:00","author":{"@id":"https:\/\/veritasinfo.org\/#\/schema\/person\/c2b8be262ea994d0995addca692c5e98"},"breadcrumb":{"@id":"https:\/\/veritasinfo.org\/?p=10767#breadcrumb"},"inLanguage":"en-US","potentialAction":[{"@type":"ReadAction","target":["https:\/\/veritasinfo.org\/?p=10767"]}]},{"@type":"ImageObject","inLanguage":"en-US","@id":"https:\/\/veritasinfo.org\/?p=10767#primaryimage","url":"https:\/\/veritasinfo.org\/wp-content\/uploads\/2025\/09\/Ibishi.jpg","contentUrl":"https:\/\/veritasinfo.org\/wp-content\/uploads\/2025\/09\/Ibishi.jpg","width":1536,"height":781},{"@type":"BreadcrumbList","@id":"https:\/\/veritasinfo.org\/?p=10767#breadcrumb","itemListElement":[{"@type":"ListItem","position":1,"name":"Home","item":"https:\/\/veritasinfo.org\/"},{"@type":"ListItem","position":2,"name":"Ibishi: Grafitet n\u00eb veri k\u00ebrc\u00ebnim serioz, pjes\u00eb e luft\u00ebs hibride para zgjedhjeve"}]},{"@type":"WebSite","@id":"https:\/\/veritasinfo.org\/#website","url":"https:\/\/veritasinfo.org\/","name":"","description":"","potentialAction":[{"@type":"SearchAction","target":{"@type":"EntryPoint","urlTemplate":"https:\/\/veritasinfo.org\/?s={search_term_string}"},"query-input":{"@type":"PropertyValueSpecification","valueRequired":true,"valueName":"search_term_string"}}],"inLanguage":"en-US"},{"@type":"Person","@id":"https:\/\/veritasinfo.org\/#\/schema\/person\/c2b8be262ea994d0995addca692c5e98","name":"US1","image":{"@type":"ImageObject","inLanguage":"en-US","@id":"https:\/\/veritasinfo.org\/#\/schema\/person\/image\/","url":"https:\/\/secure.gravatar.com\/avatar\/4e96a59bd256abf9956eb9963ac891a47461ffb364d47b0e9aab113328fdb75b?s=96&d=mm&r=g","contentUrl":"https:\/\/secure.gravatar.com\/avatar\/4e96a59bd256abf9956eb9963ac891a47461ffb364d47b0e9aab113328fdb75b?s=96&d=mm&r=g","caption":"US1"},"url":"https:\/\/veritasinfo.org\/?author=2"}]}},"featured_image_urls":{"full":["https:\/\/veritasinfo.org\/wp-content\/uploads\/2025\/09\/Ibishi.jpg",1536,781,false],"thumbnail":["https:\/\/veritasinfo.org\/wp-content\/uploads\/2025\/09\/Ibishi-150x150.jpg",150,150,true],"medium":["https:\/\/veritasinfo.org\/wp-content\/uploads\/2025\/09\/Ibishi-300x153.jpg",300,153,true],"medium_large":["https:\/\/veritasinfo.org\/wp-content\/uploads\/2025\/09\/Ibishi-768x391.jpg",640,326,true],"large":["https:\/\/veritasinfo.org\/wp-content\/uploads\/2025\/09\/Ibishi-1024x521.jpg",640,326,true],"1536x1536":["https:\/\/veritasinfo.org\/wp-content\/uploads\/2025\/09\/Ibishi.jpg",1536,781,false],"2048x2048":["https:\/\/veritasinfo.org\/wp-content\/uploads\/2025\/09\/Ibishi.jpg",1536,781,false],"kreeti-slider-full":["https:\/\/veritasinfo.org\/wp-content\/uploads\/2025\/09\/Ibishi.jpg",1280,651,false],"kreeti-featured":["https:\/\/veritasinfo.org\/wp-content\/uploads\/2025\/09\/Ibishi.jpg",1024,521,false],"kreeti-medium":["https:\/\/veritasinfo.org\/wp-content\/uploads\/2025\/09\/Ibishi.jpg",720,366,false],"kreeti-medium-square":["https:\/\/veritasinfo.org\/wp-content\/uploads\/2025\/09\/Ibishi.jpg",350,178,false]},"author_info":{"info":["US1"]},"category_info":"<a href=\"https:\/\/veritasinfo.org\/?cat=58\" rel=\"category\">Politik\u00eb<\/a>","tag_info":"Politik\u00eb","comment_count":"0","_links":{"self":[{"href":"https:\/\/veritasinfo.org\/index.php?rest_route=\/wp\/v2\/posts\/10767","targetHints":{"allow":["GET"]}}],"collection":[{"href":"https:\/\/veritasinfo.org\/index.php?rest_route=\/wp\/v2\/posts"}],"about":[{"href":"https:\/\/veritasinfo.org\/index.php?rest_route=\/wp\/v2\/types\/post"}],"author":[{"embeddable":true,"href":"https:\/\/veritasinfo.org\/index.php?rest_route=\/wp\/v2\/users\/2"}],"replies":[{"embeddable":true,"href":"https:\/\/veritasinfo.org\/index.php?rest_route=%2Fwp%2Fv2%2Fcomments&post=10767"}],"version-history":[{"count":1,"href":"https:\/\/veritasinfo.org\/index.php?rest_route=\/wp\/v2\/posts\/10767\/revisions"}],"predecessor-version":[{"id":10769,"href":"https:\/\/veritasinfo.org\/index.php?rest_route=\/wp\/v2\/posts\/10767\/revisions\/10769"}],"wp:featuredmedia":[{"embeddable":true,"href":"https:\/\/veritasinfo.org\/index.php?rest_route=\/wp\/v2\/media\/10768"}],"wp:attachment":[{"href":"https:\/\/veritasinfo.org\/index.php?rest_route=%2Fwp%2Fv2%2Fmedia&parent=10767"}],"wp:term":[{"taxonomy":"category","embeddable":true,"href":"https:\/\/veritasinfo.org\/index.php?rest_route=%2Fwp%2Fv2%2Fcategories&post=10767"},{"taxonomy":"post_tag","embeddable":true,"href":"https:\/\/veritasinfo.org\/index.php?rest_route=%2Fwp%2Fv2%2Ftags&post=10767"}],"curies":[{"name":"wp","href":"https:\/\/api.w.org\/{rel}","templated":true}]}}