{"id":10757,"date":"2025-09-05T07:42:54","date_gmt":"2025-09-05T05:42:54","guid":{"rendered":"https:\/\/veritasinfo.org\/?p=10757"},"modified":"2025-09-05T07:42:54","modified_gmt":"2025-09-05T05:42:54","slug":"moti-sot-dhe-diteve-te-vikendit","status":"publish","type":"post","link":"https:\/\/veritasinfo.org\/?p=10757","title":{"rendered":"Moti sot dhe dit\u00ebve t\u00eb vikendit"},"content":{"rendered":"<p><strong>Prishtin\u00eb, 05 shtator 2025<\/strong><\/p>\n<p>T\u00eb Premten n\u00eb Kosov\u00eb pritet t\u00eb mbaj\u00eb mot stabil, me diell dhe vran\u00ebsira t\u00eb pakta lokale. Vapa verore do t\u00eb kthehet p\u00ebrs\u00ebri, ngase temperaturat do t\u00eb sh\u00ebnojn\u00eb rritje n\u00eb t\u00ebr\u00eb territorin.<\/p>\n<p>Temperaturat minimale pritet t\u00eb zbresin deri n\u00eb 10 grad\u00eb Celsius, kurse maksimalet sh\u00ebnojn\u00eb rritje t\u00eb ndjeshme nga 28 deri n\u00eb 32 grad\u00eb Celsius.<\/p>\n<p>N\u00eb Shqip\u00ebri, Maqedonin\u00eb e Veriut, Lugin\u00eb t\u00eb Preshev\u00ebs dhe Mal t\u00eb Zi e Premtja sjell\u00eb mot kryesisht me diell dhe stabil. Temperaturat do t\u00eb sh\u00ebnojn\u00eb rritje s\u00ebrish.<\/p>\n<p>Pasdite n\u00eb disa vise malore priten zhvillime t\u00eb ndonj\u00eb rrebeshi t\u00eb izoluar t\u00eb shiut me ndonj\u00eb vet\u00ebtim\u00eb dhe bubullim\u00eb.Fundjava vjen me diell dhe vran\u00ebsira t\u00eb pakta lokale. Temperaturat do t\u00eb jen\u00eb verore dhe pa ndonj\u00eb luhatje q\u00eb vlen t\u00eb p\u00ebrmendet. Pasditeve rrall\u00eb n\u00eb disa vise malore mund t\u00eb ket\u00eb ndonj\u00eb rrebesh t\u00eb izoluar shiu me vet\u00ebtima dhe bubullim\u00eb.<\/p>\n","protected":false},"excerpt":{"rendered":"<p>Prishtin\u00eb, 05 shtator 2025 T\u00eb Premten n\u00eb Kosov\u00eb pritet t\u00eb mbaj\u00eb mot stabil, me diell dhe vran\u00ebsira t\u00eb pakta lokale. Vapa verore do t\u00eb kthehet<\/p>\n","protected":false},"author":2,"featured_media":10758,"comment_status":"open","ping_status":"open","sticky":false,"template":"","format":"standard","meta":{"footnotes":""},"categories":[60],"tags":[],"class_list":["post-10757","post","type-post","status-publish","format-standard","has-post-thumbnail","hentry","category-shoqerore-sq"],"yoast_head":"<!-- This site is optimized with the Yoast SEO plugin v25.3.1 - https:\/\/yoast.com\/wordpress\/plugins\/seo\/ -->\n<title>Moti sot dhe dit\u00ebve t\u00eb vikendit -<\/title>\n<meta name=\"robots\" content=\"index, follow, max-snippet:-1, max-image-preview:large, max-video-preview:-1\" \/>\n<link rel=\"canonical\" href=\"https:\/\/veritasinfo.org\/?p=10757\" \/>\n<meta property=\"og:locale\" content=\"en_US\" \/>\n<meta property=\"og:type\" content=\"article\" \/>\n<meta property=\"og:title\" content=\"Moti sot dhe dit\u00ebve t\u00eb vikendit -\" \/>\n<meta property=\"og:description\" content=\"Prishtin\u00eb, 05 shtator 2025 T\u00eb Premten n\u00eb Kosov\u00eb pritet t\u00eb mbaj\u00eb mot stabil, me diell dhe vran\u00ebsira t\u00eb pakta lokale. Vapa verore do t\u00eb kthehet\" \/>\n<meta property=\"og:url\" content=\"https:\/\/veritasinfo.org\/?p=10757\" \/>\n<meta property=\"article:published_time\" content=\"2025-09-05T05:42:54+00:00\" \/>\n<meta property=\"og:image\" content=\"https:\/\/veritasinfo.org\/wp-content\/uploads\/2025\/09\/moti.jpeg\" \/>\n\t<meta property=\"og:image:width\" content=\"600\" \/>\n\t<meta property=\"og:image:height\" content=\"393\" \/>\n\t<meta property=\"og:image:type\" content=\"image\/jpeg\" \/>\n<meta name=\"author\" content=\"US1\" \/>\n<meta name=\"twitter:card\" content=\"summary_large_image\" \/>\n<meta name=\"twitter:label1\" content=\"Written by\" \/>\n\t<meta name=\"twitter:data1\" content=\"US1\" \/>\n\t<meta name=\"twitter:label2\" content=\"Est. reading time\" \/>\n\t<meta name=\"twitter:data2\" content=\"1 minute\" \/>\n<script type=\"application\/ld+json\" class=\"yoast-schema-graph\">{\"@context\":\"https:\/\/schema.org\",\"@graph\":[{\"@type\":\"WebPage\",\"@id\":\"https:\/\/veritasinfo.org\/?p=10757\",\"url\":\"https:\/\/veritasinfo.org\/?p=10757\",\"name\":\"Moti sot dhe dit\u00ebve t\u00eb vikendit -\",\"isPartOf\":{\"@id\":\"https:\/\/veritasinfo.org\/#website\"},\"primaryImageOfPage\":{\"@id\":\"https:\/\/veritasinfo.org\/?p=10757#primaryimage\"},\"image\":{\"@id\":\"https:\/\/veritasinfo.org\/?p=10757#primaryimage\"},\"thumbnailUrl\":\"https:\/\/veritasinfo.org\/wp-content\/uploads\/2025\/09\/moti.jpeg\",\"datePublished\":\"2025-09-05T05:42:54+00:00\",\"author\":{\"@id\":\"https:\/\/veritasinfo.org\/#\/schema\/person\/c2b8be262ea994d0995addca692c5e98\"},\"breadcrumb\":{\"@id\":\"https:\/\/veritasinfo.org\/?p=10757#breadcrumb\"},\"inLanguage\":\"en-US\",\"potentialAction\":[{\"@type\":\"ReadAction\",\"target\":[\"https:\/\/veritasinfo.org\/?p=10757\"]}]},{\"@type\":\"ImageObject\",\"inLanguage\":\"en-US\",\"@id\":\"https:\/\/veritasinfo.org\/?p=10757#primaryimage\",\"url\":\"https:\/\/veritasinfo.org\/wp-content\/uploads\/2025\/09\/moti.jpeg\",\"contentUrl\":\"https:\/\/veritasinfo.org\/wp-content\/uploads\/2025\/09\/moti.jpeg\",\"width\":600,\"height\":393},{\"@type\":\"BreadcrumbList\",\"@id\":\"https:\/\/veritasinfo.org\/?p=10757#breadcrumb\",\"itemListElement\":[{\"@type\":\"ListItem\",\"position\":1,\"name\":\"Home\",\"item\":\"https:\/\/veritasinfo.org\/\"},{\"@type\":\"ListItem\",\"position\":2,\"name\":\"Moti sot dhe dit\u00ebve t\u00eb vikendit\"}]},{\"@type\":\"WebSite\",\"@id\":\"https:\/\/veritasinfo.org\/#website\",\"url\":\"https:\/\/veritasinfo.org\/\",\"name\":\"\",\"description\":\"\",\"potentialAction\":[{\"@type\":\"SearchAction\",\"target\":{\"@type\":\"EntryPoint\",\"urlTemplate\":\"https:\/\/veritasinfo.org\/?s={search_term_string}\"},\"query-input\":{\"@type\":\"PropertyValueSpecification\",\"valueRequired\":true,\"valueName\":\"search_term_string\"}}],\"inLanguage\":\"en-US\"},{\"@type\":\"Person\",\"@id\":\"https:\/\/veritasinfo.org\/#\/schema\/person\/c2b8be262ea994d0995addca692c5e98\",\"name\":\"US1\",\"image\":{\"@type\":\"ImageObject\",\"inLanguage\":\"en-US\",\"@id\":\"https:\/\/veritasinfo.org\/#\/schema\/person\/image\/\",\"url\":\"https:\/\/secure.gravatar.com\/avatar\/4e96a59bd256abf9956eb9963ac891a47461ffb364d47b0e9aab113328fdb75b?s=96&d=mm&r=g\",\"contentUrl\":\"https:\/\/secure.gravatar.com\/avatar\/4e96a59bd256abf9956eb9963ac891a47461ffb364d47b0e9aab113328fdb75b?s=96&d=mm&r=g\",\"caption\":\"US1\"},\"url\":\"https:\/\/veritasinfo.org\/?author=2\"}]}<\/script>\n<!-- \/ Yoast SEO plugin. -->","yoast_head_json":{"title":"Moti sot dhe dit\u00ebve t\u00eb vikendit -","robots":{"index":"index","follow":"follow","max-snippet":"max-snippet:-1","max-image-preview":"max-image-preview:large","max-video-preview":"max-video-preview:-1"},"canonical":"https:\/\/veritasinfo.org\/?p=10757","og_locale":"en_US","og_type":"article","og_title":"Moti sot dhe dit\u00ebve t\u00eb vikendit -","og_description":"Prishtin\u00eb, 05 shtator 2025 T\u00eb Premten n\u00eb Kosov\u00eb pritet t\u00eb mbaj\u00eb mot stabil, me diell dhe vran\u00ebsira t\u00eb pakta lokale. Vapa verore do t\u00eb kthehet","og_url":"https:\/\/veritasinfo.org\/?p=10757","article_published_time":"2025-09-05T05:42:54+00:00","og_image":[{"width":600,"height":393,"url":"https:\/\/veritasinfo.org\/wp-content\/uploads\/2025\/09\/moti.jpeg","type":"image\/jpeg"}],"author":"US1","twitter_card":"summary_large_image","twitter_misc":{"Written by":"US1","Est. reading time":"1 minute"},"schema":{"@context":"https:\/\/schema.org","@graph":[{"@type":"WebPage","@id":"https:\/\/veritasinfo.org\/?p=10757","url":"https:\/\/veritasinfo.org\/?p=10757","name":"Moti sot dhe dit\u00ebve t\u00eb vikendit -","isPartOf":{"@id":"https:\/\/veritasinfo.org\/#website"},"primaryImageOfPage":{"@id":"https:\/\/veritasinfo.org\/?p=10757#primaryimage"},"image":{"@id":"https:\/\/veritasinfo.org\/?p=10757#primaryimage"},"thumbnailUrl":"https:\/\/veritasinfo.org\/wp-content\/uploads\/2025\/09\/moti.jpeg","datePublished":"2025-09-05T05:42:54+00:00","author":{"@id":"https:\/\/veritasinfo.org\/#\/schema\/person\/c2b8be262ea994d0995addca692c5e98"},"breadcrumb":{"@id":"https:\/\/veritasinfo.org\/?p=10757#breadcrumb"},"inLanguage":"en-US","potentialAction":[{"@type":"ReadAction","target":["https:\/\/veritasinfo.org\/?p=10757"]}]},{"@type":"ImageObject","inLanguage":"en-US","@id":"https:\/\/veritasinfo.org\/?p=10757#primaryimage","url":"https:\/\/veritasinfo.org\/wp-content\/uploads\/2025\/09\/moti.jpeg","contentUrl":"https:\/\/veritasinfo.org\/wp-content\/uploads\/2025\/09\/moti.jpeg","width":600,"height":393},{"@type":"BreadcrumbList","@id":"https:\/\/veritasinfo.org\/?p=10757#breadcrumb","itemListElement":[{"@type":"ListItem","position":1,"name":"Home","item":"https:\/\/veritasinfo.org\/"},{"@type":"ListItem","position":2,"name":"Moti sot dhe dit\u00ebve t\u00eb vikendit"}]},{"@type":"WebSite","@id":"https:\/\/veritasinfo.org\/#website","url":"https:\/\/veritasinfo.org\/","name":"","description":"","potentialAction":[{"@type":"SearchAction","target":{"@type":"EntryPoint","urlTemplate":"https:\/\/veritasinfo.org\/?s={search_term_string}"},"query-input":{"@type":"PropertyValueSpecification","valueRequired":true,"valueName":"search_term_string"}}],"inLanguage":"en-US"},{"@type":"Person","@id":"https:\/\/veritasinfo.org\/#\/schema\/person\/c2b8be262ea994d0995addca692c5e98","name":"US1","image":{"@type":"ImageObject","inLanguage":"en-US","@id":"https:\/\/veritasinfo.org\/#\/schema\/person\/image\/","url":"https:\/\/secure.gravatar.com\/avatar\/4e96a59bd256abf9956eb9963ac891a47461ffb364d47b0e9aab113328fdb75b?s=96&d=mm&r=g","contentUrl":"https:\/\/secure.gravatar.com\/avatar\/4e96a59bd256abf9956eb9963ac891a47461ffb364d47b0e9aab113328fdb75b?s=96&d=mm&r=g","caption":"US1"},"url":"https:\/\/veritasinfo.org\/?author=2"}]}},"featured_image_urls":{"full":["https:\/\/veritasinfo.org\/wp-content\/uploads\/2025\/09\/moti.jpeg",600,393,false],"thumbnail":["https:\/\/veritasinfo.org\/wp-content\/uploads\/2025\/09\/moti-150x150.jpeg",150,150,true],"medium":["https:\/\/veritasinfo.org\/wp-content\/uploads\/2025\/09\/moti-300x197.jpeg",300,197,true],"medium_large":["https:\/\/veritasinfo.org\/wp-content\/uploads\/2025\/09\/moti.jpeg",600,393,false],"large":["https:\/\/veritasinfo.org\/wp-content\/uploads\/2025\/09\/moti.jpeg",600,393,false],"1536x1536":["https:\/\/veritasinfo.org\/wp-content\/uploads\/2025\/09\/moti.jpeg",600,393,false],"2048x2048":["https:\/\/veritasinfo.org\/wp-content\/uploads\/2025\/09\/moti.jpeg",600,393,false],"kreeti-slider-full":["https:\/\/veritasinfo.org\/wp-content\/uploads\/2025\/09\/moti.jpeg",600,393,false],"kreeti-featured":["https:\/\/veritasinfo.org\/wp-content\/uploads\/2025\/09\/moti.jpeg",600,393,false],"kreeti-medium":["https:\/\/veritasinfo.org\/wp-content\/uploads\/2025\/09\/moti.jpeg",600,393,false],"kreeti-medium-square":["https:\/\/veritasinfo.org\/wp-content\/uploads\/2025\/09\/moti.jpeg",350,229,false]},"author_info":{"info":["US1"]},"category_info":"<a href=\"https:\/\/veritasinfo.org\/?cat=60\" rel=\"category\">Shoq\u00ebrore<\/a>","tag_info":"Shoq\u00ebrore","comment_count":"0","_links":{"self":[{"href":"https:\/\/veritasinfo.org\/index.php?rest_route=\/wp\/v2\/posts\/10757","targetHints":{"allow":["GET"]}}],"collection":[{"href":"https:\/\/veritasinfo.org\/index.php?rest_route=\/wp\/v2\/posts"}],"about":[{"href":"https:\/\/veritasinfo.org\/index.php?rest_route=\/wp\/v2\/types\/post"}],"author":[{"embeddable":true,"href":"https:\/\/veritasinfo.org\/index.php?rest_route=\/wp\/v2\/users\/2"}],"replies":[{"embeddable":true,"href":"https:\/\/veritasinfo.org\/index.php?rest_route=%2Fwp%2Fv2%2Fcomments&post=10757"}],"version-history":[{"count":1,"href":"https:\/\/veritasinfo.org\/index.php?rest_route=\/wp\/v2\/posts\/10757\/revisions"}],"predecessor-version":[{"id":10759,"href":"https:\/\/veritasinfo.org\/index.php?rest_route=\/wp\/v2\/posts\/10757\/revisions\/10759"}],"wp:featuredmedia":[{"embeddable":true,"href":"https:\/\/veritasinfo.org\/index.php?rest_route=\/wp\/v2\/media\/10758"}],"wp:attachment":[{"href":"https:\/\/veritasinfo.org\/index.php?rest_route=%2Fwp%2Fv2%2Fmedia&parent=10757"}],"wp:term":[{"taxonomy":"category","embeddable":true,"href":"https:\/\/veritasinfo.org\/index.php?rest_route=%2Fwp%2Fv2%2Fcategories&post=10757"},{"taxonomy":"post_tag","embeddable":true,"href":"https:\/\/veritasinfo.org\/index.php?rest_route=%2Fwp%2Fv2%2Ftags&post=10757"}],"curies":[{"name":"wp","href":"https:\/\/api.w.org\/{rel}","templated":true}]}}