{"id":10752,"date":"2025-09-05T07:35:15","date_gmt":"2025-09-05T05:35:15","guid":{"rendered":"https:\/\/veritasinfo.org\/?p=10752"},"modified":"2025-09-05T07:35:15","modified_gmt":"2025-09-05T05:35:15","slug":"foda-dhe-muriqi-para-ndeshjes-zvicer-kosove-e-dime-forcen-e-zvicres-por-sfrikesohemi","status":"publish","type":"post","link":"https:\/\/veritasinfo.org\/?p=10752","title":{"rendered":"Foda dhe Muriqi para ndeshjes Zvic\u00ebr- Kosov\u00eb: E dim\u00eb forc\u00ebn e Zvicr\u00ebs, por s`frik\u00ebsohemi"},"content":{"rendered":"<p><strong>Basel 05 shtator 2025<\/strong><\/p>\n<p>P\u00ebrzgjedh\u00ebsi i Kosov\u00ebs, Franco Foda, ka premtuar loj\u00eb sulmuese dhe atmosfer\u00eb t\u00eb zjarrt\u00eb n\u00eb Basel, ku pritet p\u00ebrkrahje e madhe nga diaspora derisa skuadra helvetike do t\u00eb ndeshet me Kosov\u00ebn.<\/p>\n<p>Ndeshja Zvic\u00ebr \u2013 Kosov\u00eb do t\u00eb zhvillohet t\u00eb premten, nga ora 20:45, n\u00eb stadiumin \u201cSt. Jakob Park\u201d.<\/p>\n<p>Para ndeshjes, Foda dhe futbollisti Vedat Muriqi jan\u00eb shfaqur paramediave.<\/p>\n<p>\u201cKam d\u00ebgjuar se gjithmon\u00eb ka pasur atmosfer\u00eb t\u00eb mir\u00eb n\u00eb ndeshjet nd\u00ebrmjet Kosov\u00ebs dhe Zvicr\u00ebs. Shpresoj q\u00eb t\u00eb kemi sa m\u00eb shum\u00eb tifoz\u00eb n\u00eb an\u00ebn ton\u00eb dhe \u00ebsht\u00eb detyra jon\u00eb t\u2019i k\u00ebnaqim me loj\u00eb. Do t\u00eb luajm\u00eb m\u00eb hapur dhe synojm\u00eb presing t\u00eb lart\u00eb p\u00ebr t\u00eb arritur rezultat pozitiv\u201d, ka th\u00ebn\u00eb Foda.<\/p>\n<p>Optimist \u00ebsht\u00eb paraqitur edhe sulmuesi Vedat Muriqi, i cili pret fitore ndaj Zvicr\u00ebs. \u201cE njohim kund\u00ebrshtarin dhe pikat e tyre t\u00eb dob\u00ebta. Atmosfera n\u00eb ekip \u00ebsht\u00eb e jasht\u00ebzakonshme. Jemi t\u00eb gatsh\u00ebm dhe shpresojm\u00eb t\u00eb g\u00ebzojm\u00eb tifoz\u00ebt. Besoj se do t\u00eb dalim fitues\u201d, ka th\u00ebn\u00eb Muriqi.<\/p>\n<p>Ai ka uruar q\u00eb p\u00ebrgjegj\u00ebsin\u00eb e sulmit n\u00eb t\u00eb ardhmen ta marrin Albion Rrahmani dhe Fisnik Asllani. \u201cBesoj se ata do ta thyejn\u00eb rekordin tim t\u00eb golave te Kosova. Uroj t\u00eb jen\u00eb tandemi i ardhsh\u00ebm i ekipit ton\u00eb\u201d, ka th\u00ebn\u00eb futbollisti i Mallorca.<\/p>\n","protected":false},"excerpt":{"rendered":"<p>Basel 05 shtator 2025 P\u00ebrzgjedh\u00ebsi i Kosov\u00ebs, Franco Foda, ka premtuar loj\u00eb sulmuese dhe atmosfer\u00eb t\u00eb zjarrt\u00eb n\u00eb Basel, ku pritet p\u00ebrkrahje e madhe nga<\/p>\n","protected":false},"author":2,"featured_media":10753,"comment_status":"open","ping_status":"open","sticky":false,"template":"","format":"standard","meta":{"footnotes":""},"categories":[5],"tags":[],"class_list":["post-10752","post","type-post","status-publish","format-standard","has-post-thumbnail","hentry","category-sport-sq"],"yoast_head":"<!-- This site is optimized with the Yoast SEO plugin v25.3.1 - https:\/\/yoast.com\/wordpress\/plugins\/seo\/ -->\n<title>Foda dhe Muriqi para ndeshjes Zvic\u00ebr- Kosov\u00eb: E dim\u00eb forc\u00ebn e Zvicr\u00ebs, por s`frik\u00ebsohemi -<\/title>\n<meta name=\"robots\" content=\"index, follow, max-snippet:-1, max-image-preview:large, max-video-preview:-1\" \/>\n<link rel=\"canonical\" href=\"https:\/\/veritasinfo.org\/?p=10752\" \/>\n<meta property=\"og:locale\" content=\"en_US\" \/>\n<meta property=\"og:type\" content=\"article\" \/>\n<meta property=\"og:title\" content=\"Foda dhe Muriqi para ndeshjes Zvic\u00ebr- Kosov\u00eb: E dim\u00eb forc\u00ebn e Zvicr\u00ebs, por s`frik\u00ebsohemi -\" \/>\n<meta property=\"og:description\" content=\"Basel 05 shtator 2025 P\u00ebrzgjedh\u00ebsi i Kosov\u00ebs, Franco Foda, ka premtuar loj\u00eb sulmuese dhe atmosfer\u00eb t\u00eb zjarrt\u00eb n\u00eb Basel, ku pritet p\u00ebrkrahje e madhe nga\" \/>\n<meta property=\"og:url\" content=\"https:\/\/veritasinfo.org\/?p=10752\" \/>\n<meta property=\"article:published_time\" content=\"2025-09-05T05:35:15+00:00\" \/>\n<meta property=\"og:image\" content=\"https:\/\/veritasinfo.org\/wp-content\/uploads\/2025\/09\/Foda-Muriqi.jpg\" \/>\n\t<meta property=\"og:image:width\" content=\"587\" \/>\n\t<meta property=\"og:image:height\" content=\"391\" \/>\n\t<meta property=\"og:image:type\" content=\"image\/jpeg\" \/>\n<meta name=\"author\" content=\"US1\" \/>\n<meta name=\"twitter:card\" content=\"summary_large_image\" \/>\n<meta name=\"twitter:label1\" content=\"Written by\" \/>\n\t<meta name=\"twitter:data1\" content=\"US1\" \/>\n\t<meta name=\"twitter:label2\" content=\"Est. reading time\" \/>\n\t<meta name=\"twitter:data2\" content=\"2 minutes\" \/>\n<script type=\"application\/ld+json\" class=\"yoast-schema-graph\">{\"@context\":\"https:\/\/schema.org\",\"@graph\":[{\"@type\":\"WebPage\",\"@id\":\"https:\/\/veritasinfo.org\/?p=10752\",\"url\":\"https:\/\/veritasinfo.org\/?p=10752\",\"name\":\"Foda dhe Muriqi para ndeshjes Zvic\u00ebr- Kosov\u00eb: E dim\u00eb forc\u00ebn e Zvicr\u00ebs, por s`frik\u00ebsohemi -\",\"isPartOf\":{\"@id\":\"https:\/\/veritasinfo.org\/#website\"},\"primaryImageOfPage\":{\"@id\":\"https:\/\/veritasinfo.org\/?p=10752#primaryimage\"},\"image\":{\"@id\":\"https:\/\/veritasinfo.org\/?p=10752#primaryimage\"},\"thumbnailUrl\":\"https:\/\/veritasinfo.org\/wp-content\/uploads\/2025\/09\/Foda-Muriqi.jpg\",\"datePublished\":\"2025-09-05T05:35:15+00:00\",\"author\":{\"@id\":\"https:\/\/veritasinfo.org\/#\/schema\/person\/c2b8be262ea994d0995addca692c5e98\"},\"breadcrumb\":{\"@id\":\"https:\/\/veritasinfo.org\/?p=10752#breadcrumb\"},\"inLanguage\":\"en-US\",\"potentialAction\":[{\"@type\":\"ReadAction\",\"target\":[\"https:\/\/veritasinfo.org\/?p=10752\"]}]},{\"@type\":\"ImageObject\",\"inLanguage\":\"en-US\",\"@id\":\"https:\/\/veritasinfo.org\/?p=10752#primaryimage\",\"url\":\"https:\/\/veritasinfo.org\/wp-content\/uploads\/2025\/09\/Foda-Muriqi.jpg\",\"contentUrl\":\"https:\/\/veritasinfo.org\/wp-content\/uploads\/2025\/09\/Foda-Muriqi.jpg\",\"width\":587,\"height\":391},{\"@type\":\"BreadcrumbList\",\"@id\":\"https:\/\/veritasinfo.org\/?p=10752#breadcrumb\",\"itemListElement\":[{\"@type\":\"ListItem\",\"position\":1,\"name\":\"Home\",\"item\":\"https:\/\/veritasinfo.org\/\"},{\"@type\":\"ListItem\",\"position\":2,\"name\":\"Foda dhe Muriqi para ndeshjes Zvic\u00ebr- Kosov\u00eb: E dim\u00eb forc\u00ebn e Zvicr\u00ebs, por s`frik\u00ebsohemi\"}]},{\"@type\":\"WebSite\",\"@id\":\"https:\/\/veritasinfo.org\/#website\",\"url\":\"https:\/\/veritasinfo.org\/\",\"name\":\"\",\"description\":\"\",\"potentialAction\":[{\"@type\":\"SearchAction\",\"target\":{\"@type\":\"EntryPoint\",\"urlTemplate\":\"https:\/\/veritasinfo.org\/?s={search_term_string}\"},\"query-input\":{\"@type\":\"PropertyValueSpecification\",\"valueRequired\":true,\"valueName\":\"search_term_string\"}}],\"inLanguage\":\"en-US\"},{\"@type\":\"Person\",\"@id\":\"https:\/\/veritasinfo.org\/#\/schema\/person\/c2b8be262ea994d0995addca692c5e98\",\"name\":\"US1\",\"image\":{\"@type\":\"ImageObject\",\"inLanguage\":\"en-US\",\"@id\":\"https:\/\/veritasinfo.org\/#\/schema\/person\/image\/\",\"url\":\"https:\/\/secure.gravatar.com\/avatar\/4e96a59bd256abf9956eb9963ac891a47461ffb364d47b0e9aab113328fdb75b?s=96&d=mm&r=g\",\"contentUrl\":\"https:\/\/secure.gravatar.com\/avatar\/4e96a59bd256abf9956eb9963ac891a47461ffb364d47b0e9aab113328fdb75b?s=96&d=mm&r=g\",\"caption\":\"US1\"},\"url\":\"https:\/\/veritasinfo.org\/?author=2\"}]}<\/script>\n<!-- \/ Yoast SEO plugin. -->","yoast_head_json":{"title":"Foda dhe Muriqi para ndeshjes Zvic\u00ebr- Kosov\u00eb: E dim\u00eb forc\u00ebn e Zvicr\u00ebs, por s`frik\u00ebsohemi -","robots":{"index":"index","follow":"follow","max-snippet":"max-snippet:-1","max-image-preview":"max-image-preview:large","max-video-preview":"max-video-preview:-1"},"canonical":"https:\/\/veritasinfo.org\/?p=10752","og_locale":"en_US","og_type":"article","og_title":"Foda dhe Muriqi para ndeshjes Zvic\u00ebr- Kosov\u00eb: E dim\u00eb forc\u00ebn e Zvicr\u00ebs, por s`frik\u00ebsohemi -","og_description":"Basel 05 shtator 2025 P\u00ebrzgjedh\u00ebsi i Kosov\u00ebs, Franco Foda, ka premtuar loj\u00eb sulmuese dhe atmosfer\u00eb t\u00eb zjarrt\u00eb n\u00eb Basel, ku pritet p\u00ebrkrahje e madhe nga","og_url":"https:\/\/veritasinfo.org\/?p=10752","article_published_time":"2025-09-05T05:35:15+00:00","og_image":[{"width":587,"height":391,"url":"https:\/\/veritasinfo.org\/wp-content\/uploads\/2025\/09\/Foda-Muriqi.jpg","type":"image\/jpeg"}],"author":"US1","twitter_card":"summary_large_image","twitter_misc":{"Written by":"US1","Est. reading time":"2 minutes"},"schema":{"@context":"https:\/\/schema.org","@graph":[{"@type":"WebPage","@id":"https:\/\/veritasinfo.org\/?p=10752","url":"https:\/\/veritasinfo.org\/?p=10752","name":"Foda dhe Muriqi para ndeshjes Zvic\u00ebr- Kosov\u00eb: E dim\u00eb forc\u00ebn e Zvicr\u00ebs, por s`frik\u00ebsohemi -","isPartOf":{"@id":"https:\/\/veritasinfo.org\/#website"},"primaryImageOfPage":{"@id":"https:\/\/veritasinfo.org\/?p=10752#primaryimage"},"image":{"@id":"https:\/\/veritasinfo.org\/?p=10752#primaryimage"},"thumbnailUrl":"https:\/\/veritasinfo.org\/wp-content\/uploads\/2025\/09\/Foda-Muriqi.jpg","datePublished":"2025-09-05T05:35:15+00:00","author":{"@id":"https:\/\/veritasinfo.org\/#\/schema\/person\/c2b8be262ea994d0995addca692c5e98"},"breadcrumb":{"@id":"https:\/\/veritasinfo.org\/?p=10752#breadcrumb"},"inLanguage":"en-US","potentialAction":[{"@type":"ReadAction","target":["https:\/\/veritasinfo.org\/?p=10752"]}]},{"@type":"ImageObject","inLanguage":"en-US","@id":"https:\/\/veritasinfo.org\/?p=10752#primaryimage","url":"https:\/\/veritasinfo.org\/wp-content\/uploads\/2025\/09\/Foda-Muriqi.jpg","contentUrl":"https:\/\/veritasinfo.org\/wp-content\/uploads\/2025\/09\/Foda-Muriqi.jpg","width":587,"height":391},{"@type":"BreadcrumbList","@id":"https:\/\/veritasinfo.org\/?p=10752#breadcrumb","itemListElement":[{"@type":"ListItem","position":1,"name":"Home","item":"https:\/\/veritasinfo.org\/"},{"@type":"ListItem","position":2,"name":"Foda dhe Muriqi para ndeshjes Zvic\u00ebr- Kosov\u00eb: E dim\u00eb forc\u00ebn e Zvicr\u00ebs, por s`frik\u00ebsohemi"}]},{"@type":"WebSite","@id":"https:\/\/veritasinfo.org\/#website","url":"https:\/\/veritasinfo.org\/","name":"","description":"","potentialAction":[{"@type":"SearchAction","target":{"@type":"EntryPoint","urlTemplate":"https:\/\/veritasinfo.org\/?s={search_term_string}"},"query-input":{"@type":"PropertyValueSpecification","valueRequired":true,"valueName":"search_term_string"}}],"inLanguage":"en-US"},{"@type":"Person","@id":"https:\/\/veritasinfo.org\/#\/schema\/person\/c2b8be262ea994d0995addca692c5e98","name":"US1","image":{"@type":"ImageObject","inLanguage":"en-US","@id":"https:\/\/veritasinfo.org\/#\/schema\/person\/image\/","url":"https:\/\/secure.gravatar.com\/avatar\/4e96a59bd256abf9956eb9963ac891a47461ffb364d47b0e9aab113328fdb75b?s=96&d=mm&r=g","contentUrl":"https:\/\/secure.gravatar.com\/avatar\/4e96a59bd256abf9956eb9963ac891a47461ffb364d47b0e9aab113328fdb75b?s=96&d=mm&r=g","caption":"US1"},"url":"https:\/\/veritasinfo.org\/?author=2"}]}},"featured_image_urls":{"full":["https:\/\/veritasinfo.org\/wp-content\/uploads\/2025\/09\/Foda-Muriqi.jpg",587,391,false],"thumbnail":["https:\/\/veritasinfo.org\/wp-content\/uploads\/2025\/09\/Foda-Muriqi-150x150.jpg",150,150,true],"medium":["https:\/\/veritasinfo.org\/wp-content\/uploads\/2025\/09\/Foda-Muriqi-300x200.jpg",300,200,true],"medium_large":["https:\/\/veritasinfo.org\/wp-content\/uploads\/2025\/09\/Foda-Muriqi.jpg",587,391,false],"large":["https:\/\/veritasinfo.org\/wp-content\/uploads\/2025\/09\/Foda-Muriqi.jpg",587,391,false],"1536x1536":["https:\/\/veritasinfo.org\/wp-content\/uploads\/2025\/09\/Foda-Muriqi.jpg",587,391,false],"2048x2048":["https:\/\/veritasinfo.org\/wp-content\/uploads\/2025\/09\/Foda-Muriqi.jpg",587,391,false],"kreeti-slider-full":["https:\/\/veritasinfo.org\/wp-content\/uploads\/2025\/09\/Foda-Muriqi.jpg",587,391,false],"kreeti-featured":["https:\/\/veritasinfo.org\/wp-content\/uploads\/2025\/09\/Foda-Muriqi.jpg",587,391,false],"kreeti-medium":["https:\/\/veritasinfo.org\/wp-content\/uploads\/2025\/09\/Foda-Muriqi.jpg",587,391,false],"kreeti-medium-square":["https:\/\/veritasinfo.org\/wp-content\/uploads\/2025\/09\/Foda-Muriqi.jpg",350,233,false]},"author_info":{"info":["US1"]},"category_info":"<a href=\"https:\/\/veritasinfo.org\/?cat=5\" rel=\"category\">Sport<\/a>","tag_info":"Sport","comment_count":"0","_links":{"self":[{"href":"https:\/\/veritasinfo.org\/index.php?rest_route=\/wp\/v2\/posts\/10752","targetHints":{"allow":["GET"]}}],"collection":[{"href":"https:\/\/veritasinfo.org\/index.php?rest_route=\/wp\/v2\/posts"}],"about":[{"href":"https:\/\/veritasinfo.org\/index.php?rest_route=\/wp\/v2\/types\/post"}],"author":[{"embeddable":true,"href":"https:\/\/veritasinfo.org\/index.php?rest_route=\/wp\/v2\/users\/2"}],"replies":[{"embeddable":true,"href":"https:\/\/veritasinfo.org\/index.php?rest_route=%2Fwp%2Fv2%2Fcomments&post=10752"}],"version-history":[{"count":1,"href":"https:\/\/veritasinfo.org\/index.php?rest_route=\/wp\/v2\/posts\/10752\/revisions"}],"predecessor-version":[{"id":10754,"href":"https:\/\/veritasinfo.org\/index.php?rest_route=\/wp\/v2\/posts\/10752\/revisions\/10754"}],"wp:featuredmedia":[{"embeddable":true,"href":"https:\/\/veritasinfo.org\/index.php?rest_route=\/wp\/v2\/media\/10753"}],"wp:attachment":[{"href":"https:\/\/veritasinfo.org\/index.php?rest_route=%2Fwp%2Fv2%2Fmedia&parent=10752"}],"wp:term":[{"taxonomy":"category","embeddable":true,"href":"https:\/\/veritasinfo.org\/index.php?rest_route=%2Fwp%2Fv2%2Fcategories&post=10752"},{"taxonomy":"post_tag","embeddable":true,"href":"https:\/\/veritasinfo.org\/index.php?rest_route=%2Fwp%2Fv2%2Ftags&post=10752"}],"curies":[{"name":"wp","href":"https:\/\/api.w.org\/{rel}","templated":true}]}}