{"id":10747,"date":"2025-09-05T07:29:24","date_gmt":"2025-09-05T05:29:24","guid":{"rendered":"https:\/\/veritasinfo.org\/?p=10747"},"modified":"2025-09-05T07:29:24","modified_gmt":"2025-09-05T05:29:24","slug":"policia-e-kosoves-shenon-26-vjetorin-e-themelimit-me-aktivitete-te-ndryshme","status":"publish","type":"post","link":"https:\/\/veritasinfo.org\/?p=10747","title":{"rendered":"Policia e Kosov\u00ebs sh\u00ebnon 26-vjetorin e themelimit me aktivitete t\u00eb ndryshme"},"content":{"rendered":"<p><strong>Prishtin\u00eb, 05 shtator 2025<\/strong><\/p>\n<p>N\u00eb kuad\u00ebr t\u00eb sh\u00ebnimit t\u00eb 26-vjetorit t\u00eb themelimit t\u00eb Policis\u00eb s\u00eb Kosov\u00ebs, jan\u00eb planifikuar nj\u00eb s\u00ebr\u00eb aktivitetesh q\u00eb do t\u00eb zhvillohen gjat\u00eb dit\u00ebve n\u00eb vijim, e q\u00eb kulmojn\u00eb me ceremonin\u00eb qendrore t\u00eb shtun\u00ebn.<\/p>\n<p>Aktivitetet p\u00ebrfshijn\u00eb gara sportive, aktivitete me komunitetin dhe angazhimin e nj\u00ebsive t\u00eb ndryshme policore n\u00eb iniciativa q\u00eb synojn\u00eb afrimin e qytetar\u00ebve me Policin\u00eb e Kosov\u00ebs.<\/p>\n<p>N\u00eb ceremonin\u00eb qendrore dhe n\u00eb aktivitetet e parapara nga Divizioni i Policimit n\u00eb Bashk\u00ebsi, pritet t\u00eb marrin pjes\u00eb personalitete t\u00eb larta shtet\u00ebrore, drejtori i P\u00ebrgjithsh\u00ebm i Policis\u00eb s\u00eb Kosov\u00ebs, menaxhmenti i lart\u00eb i institucionit, si dhe p\u00ebrfaq\u00ebsues t\u00eb institucioneve vendore e nd\u00ebrkomb\u00ebtare.<\/p>\n","protected":false},"excerpt":{"rendered":"<p>Prishtin\u00eb, 05 shtator 2025 N\u00eb kuad\u00ebr t\u00eb sh\u00ebnimit t\u00eb 26-vjetorit t\u00eb themelimit t\u00eb Policis\u00eb s\u00eb Kosov\u00ebs, jan\u00eb planifikuar nj\u00eb s\u00ebr\u00eb aktivitetesh q\u00eb do t\u00eb zhvillohen<\/p>\n","protected":false},"author":2,"featured_media":10748,"comment_status":"open","ping_status":"open","sticky":false,"template":"","format":"standard","meta":{"footnotes":""},"categories":[60],"tags":[],"class_list":["post-10747","post","type-post","status-publish","format-standard","has-post-thumbnail","hentry","category-shoqerore-sq"],"yoast_head":"<!-- This site is optimized with the Yoast SEO plugin v25.3.1 - https:\/\/yoast.com\/wordpress\/plugins\/seo\/ -->\n<title>Policia e Kosov\u00ebs sh\u00ebnon 26-vjetorin e themelimit me aktivitete t\u00eb ndryshme -<\/title>\n<meta name=\"robots\" content=\"index, follow, max-snippet:-1, max-image-preview:large, max-video-preview:-1\" \/>\n<link rel=\"canonical\" href=\"https:\/\/veritasinfo.org\/?p=10747\" \/>\n<meta property=\"og:locale\" content=\"en_US\" \/>\n<meta property=\"og:type\" content=\"article\" \/>\n<meta property=\"og:title\" content=\"Policia e Kosov\u00ebs sh\u00ebnon 26-vjetorin e themelimit me aktivitete t\u00eb ndryshme -\" \/>\n<meta property=\"og:description\" content=\"Prishtin\u00eb, 05 shtator 2025 N\u00eb kuad\u00ebr t\u00eb sh\u00ebnimit t\u00eb 26-vjetorit t\u00eb themelimit t\u00eb Policis\u00eb s\u00eb Kosov\u00ebs, jan\u00eb planifikuar nj\u00eb s\u00ebr\u00eb aktivitetesh q\u00eb do t\u00eb zhvillohen\" \/>\n<meta property=\"og:url\" content=\"https:\/\/veritasinfo.org\/?p=10747\" \/>\n<meta property=\"article:published_time\" content=\"2025-09-05T05:29:24+00:00\" \/>\n<meta property=\"og:image\" content=\"https:\/\/veritasinfo.org\/wp-content\/uploads\/2025\/09\/police.jpg\" \/>\n\t<meta property=\"og:image:width\" content=\"2048\" \/>\n\t<meta property=\"og:image:height\" content=\"1365\" \/>\n\t<meta property=\"og:image:type\" content=\"image\/jpeg\" \/>\n<meta name=\"author\" content=\"US1\" \/>\n<meta name=\"twitter:card\" content=\"summary_large_image\" \/>\n<meta name=\"twitter:label1\" content=\"Written by\" \/>\n\t<meta name=\"twitter:data1\" content=\"US1\" \/>\n\t<meta name=\"twitter:label2\" content=\"Est. reading time\" \/>\n\t<meta name=\"twitter:data2\" content=\"1 minute\" \/>\n<script type=\"application\/ld+json\" class=\"yoast-schema-graph\">{\"@context\":\"https:\/\/schema.org\",\"@graph\":[{\"@type\":\"WebPage\",\"@id\":\"https:\/\/veritasinfo.org\/?p=10747\",\"url\":\"https:\/\/veritasinfo.org\/?p=10747\",\"name\":\"Policia e Kosov\u00ebs sh\u00ebnon 26-vjetorin e themelimit me aktivitete t\u00eb ndryshme -\",\"isPartOf\":{\"@id\":\"https:\/\/veritasinfo.org\/#website\"},\"primaryImageOfPage\":{\"@id\":\"https:\/\/veritasinfo.org\/?p=10747#primaryimage\"},\"image\":{\"@id\":\"https:\/\/veritasinfo.org\/?p=10747#primaryimage\"},\"thumbnailUrl\":\"https:\/\/veritasinfo.org\/wp-content\/uploads\/2025\/09\/police.jpg\",\"datePublished\":\"2025-09-05T05:29:24+00:00\",\"author\":{\"@id\":\"https:\/\/veritasinfo.org\/#\/schema\/person\/c2b8be262ea994d0995addca692c5e98\"},\"breadcrumb\":{\"@id\":\"https:\/\/veritasinfo.org\/?p=10747#breadcrumb\"},\"inLanguage\":\"en-US\",\"potentialAction\":[{\"@type\":\"ReadAction\",\"target\":[\"https:\/\/veritasinfo.org\/?p=10747\"]}]},{\"@type\":\"ImageObject\",\"inLanguage\":\"en-US\",\"@id\":\"https:\/\/veritasinfo.org\/?p=10747#primaryimage\",\"url\":\"https:\/\/veritasinfo.org\/wp-content\/uploads\/2025\/09\/police.jpg\",\"contentUrl\":\"https:\/\/veritasinfo.org\/wp-content\/uploads\/2025\/09\/police.jpg\",\"width\":2048,\"height\":1365},{\"@type\":\"BreadcrumbList\",\"@id\":\"https:\/\/veritasinfo.org\/?p=10747#breadcrumb\",\"itemListElement\":[{\"@type\":\"ListItem\",\"position\":1,\"name\":\"Home\",\"item\":\"https:\/\/veritasinfo.org\/\"},{\"@type\":\"ListItem\",\"position\":2,\"name\":\"Policia e Kosov\u00ebs sh\u00ebnon 26-vjetorin e themelimit me aktivitete t\u00eb ndryshme\"}]},{\"@type\":\"WebSite\",\"@id\":\"https:\/\/veritasinfo.org\/#website\",\"url\":\"https:\/\/veritasinfo.org\/\",\"name\":\"\",\"description\":\"\",\"potentialAction\":[{\"@type\":\"SearchAction\",\"target\":{\"@type\":\"EntryPoint\",\"urlTemplate\":\"https:\/\/veritasinfo.org\/?s={search_term_string}\"},\"query-input\":{\"@type\":\"PropertyValueSpecification\",\"valueRequired\":true,\"valueName\":\"search_term_string\"}}],\"inLanguage\":\"en-US\"},{\"@type\":\"Person\",\"@id\":\"https:\/\/veritasinfo.org\/#\/schema\/person\/c2b8be262ea994d0995addca692c5e98\",\"name\":\"US1\",\"image\":{\"@type\":\"ImageObject\",\"inLanguage\":\"en-US\",\"@id\":\"https:\/\/veritasinfo.org\/#\/schema\/person\/image\/\",\"url\":\"https:\/\/secure.gravatar.com\/avatar\/4e96a59bd256abf9956eb9963ac891a47461ffb364d47b0e9aab113328fdb75b?s=96&d=mm&r=g\",\"contentUrl\":\"https:\/\/secure.gravatar.com\/avatar\/4e96a59bd256abf9956eb9963ac891a47461ffb364d47b0e9aab113328fdb75b?s=96&d=mm&r=g\",\"caption\":\"US1\"},\"url\":\"https:\/\/veritasinfo.org\/?author=2\"}]}<\/script>\n<!-- \/ Yoast SEO plugin. -->","yoast_head_json":{"title":"Policia e Kosov\u00ebs sh\u00ebnon 26-vjetorin e themelimit me aktivitete t\u00eb ndryshme -","robots":{"index":"index","follow":"follow","max-snippet":"max-snippet:-1","max-image-preview":"max-image-preview:large","max-video-preview":"max-video-preview:-1"},"canonical":"https:\/\/veritasinfo.org\/?p=10747","og_locale":"en_US","og_type":"article","og_title":"Policia e Kosov\u00ebs sh\u00ebnon 26-vjetorin e themelimit me aktivitete t\u00eb ndryshme -","og_description":"Prishtin\u00eb, 05 shtator 2025 N\u00eb kuad\u00ebr t\u00eb sh\u00ebnimit t\u00eb 26-vjetorit t\u00eb themelimit t\u00eb Policis\u00eb s\u00eb Kosov\u00ebs, jan\u00eb planifikuar nj\u00eb s\u00ebr\u00eb aktivitetesh q\u00eb do t\u00eb zhvillohen","og_url":"https:\/\/veritasinfo.org\/?p=10747","article_published_time":"2025-09-05T05:29:24+00:00","og_image":[{"width":2048,"height":1365,"url":"https:\/\/veritasinfo.org\/wp-content\/uploads\/2025\/09\/police.jpg","type":"image\/jpeg"}],"author":"US1","twitter_card":"summary_large_image","twitter_misc":{"Written by":"US1","Est. reading time":"1 minute"},"schema":{"@context":"https:\/\/schema.org","@graph":[{"@type":"WebPage","@id":"https:\/\/veritasinfo.org\/?p=10747","url":"https:\/\/veritasinfo.org\/?p=10747","name":"Policia e Kosov\u00ebs sh\u00ebnon 26-vjetorin e themelimit me aktivitete t\u00eb ndryshme -","isPartOf":{"@id":"https:\/\/veritasinfo.org\/#website"},"primaryImageOfPage":{"@id":"https:\/\/veritasinfo.org\/?p=10747#primaryimage"},"image":{"@id":"https:\/\/veritasinfo.org\/?p=10747#primaryimage"},"thumbnailUrl":"https:\/\/veritasinfo.org\/wp-content\/uploads\/2025\/09\/police.jpg","datePublished":"2025-09-05T05:29:24+00:00","author":{"@id":"https:\/\/veritasinfo.org\/#\/schema\/person\/c2b8be262ea994d0995addca692c5e98"},"breadcrumb":{"@id":"https:\/\/veritasinfo.org\/?p=10747#breadcrumb"},"inLanguage":"en-US","potentialAction":[{"@type":"ReadAction","target":["https:\/\/veritasinfo.org\/?p=10747"]}]},{"@type":"ImageObject","inLanguage":"en-US","@id":"https:\/\/veritasinfo.org\/?p=10747#primaryimage","url":"https:\/\/veritasinfo.org\/wp-content\/uploads\/2025\/09\/police.jpg","contentUrl":"https:\/\/veritasinfo.org\/wp-content\/uploads\/2025\/09\/police.jpg","width":2048,"height":1365},{"@type":"BreadcrumbList","@id":"https:\/\/veritasinfo.org\/?p=10747#breadcrumb","itemListElement":[{"@type":"ListItem","position":1,"name":"Home","item":"https:\/\/veritasinfo.org\/"},{"@type":"ListItem","position":2,"name":"Policia e Kosov\u00ebs sh\u00ebnon 26-vjetorin e themelimit me aktivitete t\u00eb ndryshme"}]},{"@type":"WebSite","@id":"https:\/\/veritasinfo.org\/#website","url":"https:\/\/veritasinfo.org\/","name":"","description":"","potentialAction":[{"@type":"SearchAction","target":{"@type":"EntryPoint","urlTemplate":"https:\/\/veritasinfo.org\/?s={search_term_string}"},"query-input":{"@type":"PropertyValueSpecification","valueRequired":true,"valueName":"search_term_string"}}],"inLanguage":"en-US"},{"@type":"Person","@id":"https:\/\/veritasinfo.org\/#\/schema\/person\/c2b8be262ea994d0995addca692c5e98","name":"US1","image":{"@type":"ImageObject","inLanguage":"en-US","@id":"https:\/\/veritasinfo.org\/#\/schema\/person\/image\/","url":"https:\/\/secure.gravatar.com\/avatar\/4e96a59bd256abf9956eb9963ac891a47461ffb364d47b0e9aab113328fdb75b?s=96&d=mm&r=g","contentUrl":"https:\/\/secure.gravatar.com\/avatar\/4e96a59bd256abf9956eb9963ac891a47461ffb364d47b0e9aab113328fdb75b?s=96&d=mm&r=g","caption":"US1"},"url":"https:\/\/veritasinfo.org\/?author=2"}]}},"featured_image_urls":{"full":["https:\/\/veritasinfo.org\/wp-content\/uploads\/2025\/09\/police.jpg",2048,1365,false],"thumbnail":["https:\/\/veritasinfo.org\/wp-content\/uploads\/2025\/09\/police-150x150.jpg",150,150,true],"medium":["https:\/\/veritasinfo.org\/wp-content\/uploads\/2025\/09\/police-300x200.jpg",300,200,true],"medium_large":["https:\/\/veritasinfo.org\/wp-content\/uploads\/2025\/09\/police-768x512.jpg",640,427,true],"large":["https:\/\/veritasinfo.org\/wp-content\/uploads\/2025\/09\/police-1024x683.jpg",640,427,true],"1536x1536":["https:\/\/veritasinfo.org\/wp-content\/uploads\/2025\/09\/police-1536x1024.jpg",1536,1024,true],"2048x2048":["https:\/\/veritasinfo.org\/wp-content\/uploads\/2025\/09\/police.jpg",2048,1365,false],"kreeti-slider-full":["https:\/\/veritasinfo.org\/wp-content\/uploads\/2025\/09\/police.jpg",1080,720,false],"kreeti-featured":["https:\/\/veritasinfo.org\/wp-content\/uploads\/2025\/09\/police.jpg",1024,683,false],"kreeti-medium":["https:\/\/veritasinfo.org\/wp-content\/uploads\/2025\/09\/police.jpg",720,480,false],"kreeti-medium-square":["https:\/\/veritasinfo.org\/wp-content\/uploads\/2025\/09\/police.jpg",350,233,false]},"author_info":{"info":["US1"]},"category_info":"<a href=\"https:\/\/veritasinfo.org\/?cat=60\" rel=\"category\">Shoq\u00ebrore<\/a>","tag_info":"Shoq\u00ebrore","comment_count":"0","_links":{"self":[{"href":"https:\/\/veritasinfo.org\/index.php?rest_route=\/wp\/v2\/posts\/10747","targetHints":{"allow":["GET"]}}],"collection":[{"href":"https:\/\/veritasinfo.org\/index.php?rest_route=\/wp\/v2\/posts"}],"about":[{"href":"https:\/\/veritasinfo.org\/index.php?rest_route=\/wp\/v2\/types\/post"}],"author":[{"embeddable":true,"href":"https:\/\/veritasinfo.org\/index.php?rest_route=\/wp\/v2\/users\/2"}],"replies":[{"embeddable":true,"href":"https:\/\/veritasinfo.org\/index.php?rest_route=%2Fwp%2Fv2%2Fcomments&post=10747"}],"version-history":[{"count":1,"href":"https:\/\/veritasinfo.org\/index.php?rest_route=\/wp\/v2\/posts\/10747\/revisions"}],"predecessor-version":[{"id":10749,"href":"https:\/\/veritasinfo.org\/index.php?rest_route=\/wp\/v2\/posts\/10747\/revisions\/10749"}],"wp:featuredmedia":[{"embeddable":true,"href":"https:\/\/veritasinfo.org\/index.php?rest_route=\/wp\/v2\/media\/10748"}],"wp:attachment":[{"href":"https:\/\/veritasinfo.org\/index.php?rest_route=%2Fwp%2Fv2%2Fmedia&parent=10747"}],"wp:term":[{"taxonomy":"category","embeddable":true,"href":"https:\/\/veritasinfo.org\/index.php?rest_route=%2Fwp%2Fv2%2Fcategories&post=10747"},{"taxonomy":"post_tag","embeddable":true,"href":"https:\/\/veritasinfo.org\/index.php?rest_route=%2Fwp%2Fv2%2Ftags&post=10747"}],"curies":[{"name":"wp","href":"https:\/\/api.w.org\/{rel}","templated":true}]}}