{"id":10733,"date":"2025-09-04T19:40:21","date_gmt":"2025-09-04T17:40:21","guid":{"rendered":"https:\/\/veritasinfo.org\/?p=10733"},"modified":"2025-09-04T19:40:21","modified_gmt":"2025-09-04T17:40:21","slug":"deshmitari-i-pare-i-mbrojtjes-se-hashim-thacit-ne-speciale-me-15-shtator-gjykata-njofton-se-ka-interes-te-madh-per-seancen","status":"publish","type":"post","link":"https:\/\/veritasinfo.org\/?p=10733","title":{"rendered":"D\u00ebshmitari i par\u00eb i mbrojtjes s\u00eb Hashim Tha\u00e7it n\u00eb Speciale m\u00eb 15 shtator, Gjykata njofton se ka interes t\u00eb madh p\u00ebr seanc\u00ebn"},"content":{"rendered":"<p><strong>Hag\u00eb, 04 shtator 2025<\/strong><\/p>\n<p>Gjykata Speciale p\u00ebrmes nj\u00eb komunikate p\u00ebr media ka b\u00ebr\u00eb t\u00eb ditur se me dat\u00ebn 15 shtator, mbrojtja e Hashim Tha\u00e7it do t\u00eb filloj\u00eb paraqitjen e provave para Dhomave t\u00eb Specializuara, duke thirur d\u00ebshmitarin e par\u00eb.<\/p>\n<p>Seanca do t\u00eb nis n\u00eb or\u00ebn 09:00 dhe pritet q\u00eb t\u00eb jet\u00eb kryesisht publike. Gjykata ka treguar se ka interes t\u00eb lart\u00eb p\u00ebr ta p\u00ebrcjell\u00eb k\u00ebt\u00eb seanc\u00eb nga galeria brenda Gjykat\u00ebs dhe kan\u00eb k\u00ebrkuar nga t\u00eb interesuarit q\u00eb t\u2019i drejtohen Gjykat\u00eb s\u00eb Hag\u00ebs p\u00ebrmes emailit.<\/p>\n<p>\u201cP\u00ebr shkak t\u00eb interesit t\u00eb lart\u00eb p\u00ebr seanc\u00ebn, p\u00ebr ta ndjekur seanc\u00ebn nga galeria p\u00ebr publikun n\u00eb mjediset e gjykat\u00ebs n\u00eb Hag\u00eb k\u00ebrkohet regjistrim paraprak. P\u00ebr t\u2019u regjistruar paraprakisht d\u00ebrgoni nj\u00eb mesazh elektronik (email) n\u00eb adres\u00ebn PUBLIC@scp-ks.org. Ju lutem mbani parasysh se vendi juaj konfirmohet vet\u00ebm pasi t\u00eb keni marr\u00eb konfirmimin me mesazh elektronik (email). Mesazhet elektronike t\u00eb konfirmimit do t\u00eb d\u00ebrgohen jo m\u00eb von\u00eb se 11 shtatori 2025\u201d, thuhet n\u00eb vendim.<\/p>\n","protected":false},"excerpt":{"rendered":"<p>Hag\u00eb, 04 shtator 2025 Gjykata Speciale p\u00ebrmes nj\u00eb komunikate p\u00ebr media ka b\u00ebr\u00eb t\u00eb ditur se me dat\u00ebn 15 shtator, mbrojtja e Hashim Tha\u00e7it do<\/p>\n","protected":false},"author":2,"featured_media":3988,"comment_status":"open","ping_status":"open","sticky":false,"template":"","format":"standard","meta":{"footnotes":""},"categories":[60],"tags":[],"class_list":["post-10733","post","type-post","status-publish","format-standard","has-post-thumbnail","hentry","category-shoqerore-sq"],"yoast_head":"<!-- This site is optimized with the Yoast SEO plugin v25.3.1 - https:\/\/yoast.com\/wordpress\/plugins\/seo\/ -->\n<title>D\u00ebshmitari i par\u00eb i mbrojtjes s\u00eb Hashim Tha\u00e7it n\u00eb Speciale m\u00eb 15 shtator, Gjykata njofton se ka interes t\u00eb madh p\u00ebr seanc\u00ebn -<\/title>\n<meta name=\"robots\" content=\"index, follow, max-snippet:-1, max-image-preview:large, max-video-preview:-1\" \/>\n<link rel=\"canonical\" href=\"https:\/\/veritasinfo.org\/?p=10733\" \/>\n<meta property=\"og:locale\" content=\"en_US\" \/>\n<meta property=\"og:type\" content=\"article\" \/>\n<meta property=\"og:title\" content=\"D\u00ebshmitari i par\u00eb i mbrojtjes s\u00eb Hashim Tha\u00e7it n\u00eb Speciale m\u00eb 15 shtator, Gjykata njofton se ka interes t\u00eb madh p\u00ebr seanc\u00ebn -\" \/>\n<meta property=\"og:description\" content=\"Hag\u00eb, 04 shtator 2025 Gjykata Speciale p\u00ebrmes nj\u00eb komunikate p\u00ebr media ka b\u00ebr\u00eb t\u00eb ditur se me dat\u00ebn 15 shtator, mbrojtja e Hashim Tha\u00e7it do\" \/>\n<meta property=\"og:url\" content=\"https:\/\/veritasinfo.org\/?p=10733\" \/>\n<meta property=\"article:published_time\" content=\"2025-09-04T17:40:21+00:00\" \/>\n<meta property=\"og:image\" content=\"https:\/\/veritasinfo.org\/wp-content\/uploads\/2025\/07\/Thaci-dhe-te-tjeret-ne-Hage.jpg\" \/>\n\t<meta property=\"og:image:width\" content=\"1146\" \/>\n\t<meta property=\"og:image:height\" content=\"692\" \/>\n\t<meta property=\"og:image:type\" content=\"image\/jpeg\" \/>\n<meta name=\"author\" content=\"US1\" \/>\n<meta name=\"twitter:card\" content=\"summary_large_image\" \/>\n<meta name=\"twitter:label1\" content=\"Written by\" \/>\n\t<meta name=\"twitter:data1\" content=\"US1\" \/>\n\t<meta name=\"twitter:label2\" content=\"Est. reading time\" \/>\n\t<meta name=\"twitter:data2\" content=\"1 minute\" \/>\n<script type=\"application\/ld+json\" class=\"yoast-schema-graph\">{\"@context\":\"https:\/\/schema.org\",\"@graph\":[{\"@type\":\"WebPage\",\"@id\":\"https:\/\/veritasinfo.org\/?p=10733\",\"url\":\"https:\/\/veritasinfo.org\/?p=10733\",\"name\":\"D\u00ebshmitari i par\u00eb i mbrojtjes s\u00eb Hashim Tha\u00e7it n\u00eb Speciale m\u00eb 15 shtator, Gjykata njofton se ka interes t\u00eb madh p\u00ebr seanc\u00ebn -\",\"isPartOf\":{\"@id\":\"https:\/\/veritasinfo.org\/#website\"},\"primaryImageOfPage\":{\"@id\":\"https:\/\/veritasinfo.org\/?p=10733#primaryimage\"},\"image\":{\"@id\":\"https:\/\/veritasinfo.org\/?p=10733#primaryimage\"},\"thumbnailUrl\":\"https:\/\/veritasinfo.org\/wp-content\/uploads\/2025\/07\/Thaci-dhe-te-tjeret-ne-Hage.jpg\",\"datePublished\":\"2025-09-04T17:40:21+00:00\",\"author\":{\"@id\":\"https:\/\/veritasinfo.org\/#\/schema\/person\/c2b8be262ea994d0995addca692c5e98\"},\"breadcrumb\":{\"@id\":\"https:\/\/veritasinfo.org\/?p=10733#breadcrumb\"},\"inLanguage\":\"en-US\",\"potentialAction\":[{\"@type\":\"ReadAction\",\"target\":[\"https:\/\/veritasinfo.org\/?p=10733\"]}]},{\"@type\":\"ImageObject\",\"inLanguage\":\"en-US\",\"@id\":\"https:\/\/veritasinfo.org\/?p=10733#primaryimage\",\"url\":\"https:\/\/veritasinfo.org\/wp-content\/uploads\/2025\/07\/Thaci-dhe-te-tjeret-ne-Hage.jpg\",\"contentUrl\":\"https:\/\/veritasinfo.org\/wp-content\/uploads\/2025\/07\/Thaci-dhe-te-tjeret-ne-Hage.jpg\",\"width\":1146,\"height\":692},{\"@type\":\"BreadcrumbList\",\"@id\":\"https:\/\/veritasinfo.org\/?p=10733#breadcrumb\",\"itemListElement\":[{\"@type\":\"ListItem\",\"position\":1,\"name\":\"Home\",\"item\":\"https:\/\/veritasinfo.org\/\"},{\"@type\":\"ListItem\",\"position\":2,\"name\":\"D\u00ebshmitari i par\u00eb i mbrojtjes s\u00eb Hashim Tha\u00e7it n\u00eb Speciale m\u00eb 15 shtator, Gjykata njofton se ka interes t\u00eb madh p\u00ebr seanc\u00ebn\"}]},{\"@type\":\"WebSite\",\"@id\":\"https:\/\/veritasinfo.org\/#website\",\"url\":\"https:\/\/veritasinfo.org\/\",\"name\":\"\",\"description\":\"\",\"potentialAction\":[{\"@type\":\"SearchAction\",\"target\":{\"@type\":\"EntryPoint\",\"urlTemplate\":\"https:\/\/veritasinfo.org\/?s={search_term_string}\"},\"query-input\":{\"@type\":\"PropertyValueSpecification\",\"valueRequired\":true,\"valueName\":\"search_term_string\"}}],\"inLanguage\":\"en-US\"},{\"@type\":\"Person\",\"@id\":\"https:\/\/veritasinfo.org\/#\/schema\/person\/c2b8be262ea994d0995addca692c5e98\",\"name\":\"US1\",\"image\":{\"@type\":\"ImageObject\",\"inLanguage\":\"en-US\",\"@id\":\"https:\/\/veritasinfo.org\/#\/schema\/person\/image\/\",\"url\":\"https:\/\/secure.gravatar.com\/avatar\/4e96a59bd256abf9956eb9963ac891a47461ffb364d47b0e9aab113328fdb75b?s=96&d=mm&r=g\",\"contentUrl\":\"https:\/\/secure.gravatar.com\/avatar\/4e96a59bd256abf9956eb9963ac891a47461ffb364d47b0e9aab113328fdb75b?s=96&d=mm&r=g\",\"caption\":\"US1\"},\"url\":\"https:\/\/veritasinfo.org\/?author=2\"}]}<\/script>\n<!-- \/ Yoast SEO plugin. -->","yoast_head_json":{"title":"D\u00ebshmitari i par\u00eb i mbrojtjes s\u00eb Hashim Tha\u00e7it n\u00eb Speciale m\u00eb 15 shtator, Gjykata njofton se ka interes t\u00eb madh p\u00ebr seanc\u00ebn -","robots":{"index":"index","follow":"follow","max-snippet":"max-snippet:-1","max-image-preview":"max-image-preview:large","max-video-preview":"max-video-preview:-1"},"canonical":"https:\/\/veritasinfo.org\/?p=10733","og_locale":"en_US","og_type":"article","og_title":"D\u00ebshmitari i par\u00eb i mbrojtjes s\u00eb Hashim Tha\u00e7it n\u00eb Speciale m\u00eb 15 shtator, Gjykata njofton se ka interes t\u00eb madh p\u00ebr seanc\u00ebn -","og_description":"Hag\u00eb, 04 shtator 2025 Gjykata Speciale p\u00ebrmes nj\u00eb komunikate p\u00ebr media ka b\u00ebr\u00eb t\u00eb ditur se me dat\u00ebn 15 shtator, mbrojtja e Hashim Tha\u00e7it do","og_url":"https:\/\/veritasinfo.org\/?p=10733","article_published_time":"2025-09-04T17:40:21+00:00","og_image":[{"width":1146,"height":692,"url":"https:\/\/veritasinfo.org\/wp-content\/uploads\/2025\/07\/Thaci-dhe-te-tjeret-ne-Hage.jpg","type":"image\/jpeg"}],"author":"US1","twitter_card":"summary_large_image","twitter_misc":{"Written by":"US1","Est. reading time":"1 minute"},"schema":{"@context":"https:\/\/schema.org","@graph":[{"@type":"WebPage","@id":"https:\/\/veritasinfo.org\/?p=10733","url":"https:\/\/veritasinfo.org\/?p=10733","name":"D\u00ebshmitari i par\u00eb i mbrojtjes s\u00eb Hashim Tha\u00e7it n\u00eb Speciale m\u00eb 15 shtator, Gjykata njofton se ka interes t\u00eb madh p\u00ebr seanc\u00ebn -","isPartOf":{"@id":"https:\/\/veritasinfo.org\/#website"},"primaryImageOfPage":{"@id":"https:\/\/veritasinfo.org\/?p=10733#primaryimage"},"image":{"@id":"https:\/\/veritasinfo.org\/?p=10733#primaryimage"},"thumbnailUrl":"https:\/\/veritasinfo.org\/wp-content\/uploads\/2025\/07\/Thaci-dhe-te-tjeret-ne-Hage.jpg","datePublished":"2025-09-04T17:40:21+00:00","author":{"@id":"https:\/\/veritasinfo.org\/#\/schema\/person\/c2b8be262ea994d0995addca692c5e98"},"breadcrumb":{"@id":"https:\/\/veritasinfo.org\/?p=10733#breadcrumb"},"inLanguage":"en-US","potentialAction":[{"@type":"ReadAction","target":["https:\/\/veritasinfo.org\/?p=10733"]}]},{"@type":"ImageObject","inLanguage":"en-US","@id":"https:\/\/veritasinfo.org\/?p=10733#primaryimage","url":"https:\/\/veritasinfo.org\/wp-content\/uploads\/2025\/07\/Thaci-dhe-te-tjeret-ne-Hage.jpg","contentUrl":"https:\/\/veritasinfo.org\/wp-content\/uploads\/2025\/07\/Thaci-dhe-te-tjeret-ne-Hage.jpg","width":1146,"height":692},{"@type":"BreadcrumbList","@id":"https:\/\/veritasinfo.org\/?p=10733#breadcrumb","itemListElement":[{"@type":"ListItem","position":1,"name":"Home","item":"https:\/\/veritasinfo.org\/"},{"@type":"ListItem","position":2,"name":"D\u00ebshmitari i par\u00eb i mbrojtjes s\u00eb Hashim Tha\u00e7it n\u00eb Speciale m\u00eb 15 shtator, Gjykata njofton se ka interes t\u00eb madh p\u00ebr seanc\u00ebn"}]},{"@type":"WebSite","@id":"https:\/\/veritasinfo.org\/#website","url":"https:\/\/veritasinfo.org\/","name":"","description":"","potentialAction":[{"@type":"SearchAction","target":{"@type":"EntryPoint","urlTemplate":"https:\/\/veritasinfo.org\/?s={search_term_string}"},"query-input":{"@type":"PropertyValueSpecification","valueRequired":true,"valueName":"search_term_string"}}],"inLanguage":"en-US"},{"@type":"Person","@id":"https:\/\/veritasinfo.org\/#\/schema\/person\/c2b8be262ea994d0995addca692c5e98","name":"US1","image":{"@type":"ImageObject","inLanguage":"en-US","@id":"https:\/\/veritasinfo.org\/#\/schema\/person\/image\/","url":"https:\/\/secure.gravatar.com\/avatar\/4e96a59bd256abf9956eb9963ac891a47461ffb364d47b0e9aab113328fdb75b?s=96&d=mm&r=g","contentUrl":"https:\/\/secure.gravatar.com\/avatar\/4e96a59bd256abf9956eb9963ac891a47461ffb364d47b0e9aab113328fdb75b?s=96&d=mm&r=g","caption":"US1"},"url":"https:\/\/veritasinfo.org\/?author=2"}]}},"featured_image_urls":{"full":["https:\/\/veritasinfo.org\/wp-content\/uploads\/2025\/07\/Thaci-dhe-te-tjeret-ne-Hage.jpg",1146,692,false],"thumbnail":["https:\/\/veritasinfo.org\/wp-content\/uploads\/2025\/07\/Thaci-dhe-te-tjeret-ne-Hage-150x150.jpg",150,150,true],"medium":["https:\/\/veritasinfo.org\/wp-content\/uploads\/2025\/07\/Thaci-dhe-te-tjeret-ne-Hage-300x181.jpg",300,181,true],"medium_large":["https:\/\/veritasinfo.org\/wp-content\/uploads\/2025\/07\/Thaci-dhe-te-tjeret-ne-Hage-768x464.jpg",640,387,true],"large":["https:\/\/veritasinfo.org\/wp-content\/uploads\/2025\/07\/Thaci-dhe-te-tjeret-ne-Hage-1024x618.jpg",640,386,true],"1536x1536":["https:\/\/veritasinfo.org\/wp-content\/uploads\/2025\/07\/Thaci-dhe-te-tjeret-ne-Hage.jpg",1146,692,false],"2048x2048":["https:\/\/veritasinfo.org\/wp-content\/uploads\/2025\/07\/Thaci-dhe-te-tjeret-ne-Hage.jpg",1146,692,false],"kreeti-slider-full":["https:\/\/veritasinfo.org\/wp-content\/uploads\/2025\/07\/Thaci-dhe-te-tjeret-ne-Hage.jpg",1146,692,false],"kreeti-featured":["https:\/\/veritasinfo.org\/wp-content\/uploads\/2025\/07\/Thaci-dhe-te-tjeret-ne-Hage.jpg",1024,618,false],"kreeti-medium":["https:\/\/veritasinfo.org\/wp-content\/uploads\/2025\/07\/Thaci-dhe-te-tjeret-ne-Hage.jpg",720,435,false],"kreeti-medium-square":["https:\/\/veritasinfo.org\/wp-content\/uploads\/2025\/07\/Thaci-dhe-te-tjeret-ne-Hage.jpg",350,211,false]},"author_info":{"info":["US1"]},"category_info":"<a href=\"https:\/\/veritasinfo.org\/?cat=60\" rel=\"category\">Shoq\u00ebrore<\/a>","tag_info":"Shoq\u00ebrore","comment_count":"0","_links":{"self":[{"href":"https:\/\/veritasinfo.org\/index.php?rest_route=\/wp\/v2\/posts\/10733","targetHints":{"allow":["GET"]}}],"collection":[{"href":"https:\/\/veritasinfo.org\/index.php?rest_route=\/wp\/v2\/posts"}],"about":[{"href":"https:\/\/veritasinfo.org\/index.php?rest_route=\/wp\/v2\/types\/post"}],"author":[{"embeddable":true,"href":"https:\/\/veritasinfo.org\/index.php?rest_route=\/wp\/v2\/users\/2"}],"replies":[{"embeddable":true,"href":"https:\/\/veritasinfo.org\/index.php?rest_route=%2Fwp%2Fv2%2Fcomments&post=10733"}],"version-history":[{"count":1,"href":"https:\/\/veritasinfo.org\/index.php?rest_route=\/wp\/v2\/posts\/10733\/revisions"}],"predecessor-version":[{"id":10734,"href":"https:\/\/veritasinfo.org\/index.php?rest_route=\/wp\/v2\/posts\/10733\/revisions\/10734"}],"wp:featuredmedia":[{"embeddable":true,"href":"https:\/\/veritasinfo.org\/index.php?rest_route=\/wp\/v2\/media\/3988"}],"wp:attachment":[{"href":"https:\/\/veritasinfo.org\/index.php?rest_route=%2Fwp%2Fv2%2Fmedia&parent=10733"}],"wp:term":[{"taxonomy":"category","embeddable":true,"href":"https:\/\/veritasinfo.org\/index.php?rest_route=%2Fwp%2Fv2%2Fcategories&post=10733"},{"taxonomy":"post_tag","embeddable":true,"href":"https:\/\/veritasinfo.org\/index.php?rest_route=%2Fwp%2Fv2%2Ftags&post=10733"}],"curies":[{"name":"wp","href":"https:\/\/api.w.org\/{rel}","templated":true}]}}