{"id":10728,"date":"2025-09-04T18:27:12","date_gmt":"2025-09-04T16:27:12","guid":{"rendered":"https:\/\/veritasinfo.org\/?p=10728"},"modified":"2025-09-04T18:27:12","modified_gmt":"2025-09-04T16:27:12","slug":"nje-serb-dhe-nje-franceze-u-ndaluan-nga-policia-ne-koshare","status":"publish","type":"post","link":"https:\/\/veritasinfo.org\/?p=10728","title":{"rendered":"Nj\u00eb serb dhe nj\u00eb franceze u ndaluan nga Policia n\u00eb Koshare"},"content":{"rendered":"<p><strong>Koshare, 04 shtator 2025<\/strong><\/p>\n<p>N\u00eb af\u00ebrsi t\u00eb kompleksit t\u00eb d\u00ebshmor\u00ebve t\u00eb U\u00c7K-s\u00eb, n\u00eb Koshare, pas raportimit t\u00eb banor\u00ebve, Policia kufitare e Kosov\u00ebs, i ka ndaluar nj\u00eb shtetas serb dhe nj\u00eb franceze. Vetura e tipit Pasat me targa t\u00eb Serbis\u00eb, bashk\u00eb me serbin dhe francezen, m\u00eb pas u d\u00ebrguan p\u00ebr n\u00eb stacionin policor n\u00eb Gjakov\u00eb, e t\u00eb cil\u00ebt n\u00eb fund jan\u00eb liruar.<\/p>\n<p>Ndon\u00ebse n\u00eb kufi me Shqip\u00ebrin\u00eb, Kosharja e Gjakov\u00ebs, mbetet destinacion i lakmuar edhe p\u00ebr shtetasit serb.<\/p>\n<p>Shumica vijn\u00eb e largohen tin\u00ebzisht, n\u00eb t\u00eb kaluar\u00ebn madje vendosnin flamuj t\u00eb Serbis\u00eb, krahas emblem\u00ebs s\u00eb U\u00c7K-s\u00eb, n\u00eb kull\u00ebn e vrojtimit, ish-baz\u00eb e ushtris\u00eb jugosllave. Sakt\u00ebsisht n\u00eb Koshare, gjat\u00eb muajit maj ishin arrestuar dy shtetas serb\u00eb, t\u00eb cil\u00ebt u prezantuan si alpinist\u00eb.<\/p>\n","protected":false},"excerpt":{"rendered":"<p>Koshare, 04 shtator 2025 N\u00eb af\u00ebrsi t\u00eb kompleksit t\u00eb d\u00ebshmor\u00ebve t\u00eb U\u00c7K-s\u00eb, n\u00eb Koshare, pas raportimit t\u00eb banor\u00ebve, Policia kufitare e Kosov\u00ebs, i ka ndaluar<\/p>\n","protected":false},"author":2,"featured_media":10729,"comment_status":"open","ping_status":"open","sticky":false,"template":"","format":"standard","meta":{"footnotes":""},"categories":[60],"tags":[],"class_list":["post-10728","post","type-post","status-publish","format-standard","has-post-thumbnail","hentry","category-shoqerore-sq"],"yoast_head":"<!-- This site is optimized with the Yoast SEO plugin v25.3.1 - https:\/\/yoast.com\/wordpress\/plugins\/seo\/ -->\n<title>Nj\u00eb serb dhe nj\u00eb franceze u ndaluan nga Policia n\u00eb Koshare -<\/title>\n<meta name=\"robots\" content=\"index, follow, max-snippet:-1, max-image-preview:large, max-video-preview:-1\" \/>\n<link rel=\"canonical\" href=\"https:\/\/veritasinfo.org\/?p=10728\" \/>\n<meta property=\"og:locale\" content=\"en_US\" \/>\n<meta property=\"og:type\" content=\"article\" \/>\n<meta property=\"og:title\" content=\"Nj\u00eb serb dhe nj\u00eb franceze u ndaluan nga Policia n\u00eb Koshare -\" \/>\n<meta property=\"og:description\" content=\"Koshare, 04 shtator 2025 N\u00eb af\u00ebrsi t\u00eb kompleksit t\u00eb d\u00ebshmor\u00ebve t\u00eb U\u00c7K-s\u00eb, n\u00eb Koshare, pas raportimit t\u00eb banor\u00ebve, Policia kufitare e Kosov\u00ebs, i ka ndaluar\" \/>\n<meta property=\"og:url\" content=\"https:\/\/veritasinfo.org\/?p=10728\" \/>\n<meta property=\"article:published_time\" content=\"2025-09-04T16:27:12+00:00\" \/>\n<meta property=\"og:image\" content=\"https:\/\/veritasinfo.org\/wp-content\/uploads\/2025\/09\/arrestimet-780x439-1.jpg\" \/>\n\t<meta property=\"og:image:width\" content=\"780\" \/>\n\t<meta property=\"og:image:height\" content=\"439\" \/>\n\t<meta property=\"og:image:type\" content=\"image\/jpeg\" \/>\n<meta name=\"author\" content=\"US1\" \/>\n<meta name=\"twitter:card\" content=\"summary_large_image\" \/>\n<meta name=\"twitter:label1\" content=\"Written by\" \/>\n\t<meta name=\"twitter:data1\" content=\"US1\" \/>\n\t<meta name=\"twitter:label2\" content=\"Est. reading time\" \/>\n\t<meta name=\"twitter:data2\" content=\"1 minute\" \/>\n<script type=\"application\/ld+json\" class=\"yoast-schema-graph\">{\"@context\":\"https:\/\/schema.org\",\"@graph\":[{\"@type\":\"WebPage\",\"@id\":\"https:\/\/veritasinfo.org\/?p=10728\",\"url\":\"https:\/\/veritasinfo.org\/?p=10728\",\"name\":\"Nj\u00eb serb dhe nj\u00eb franceze u ndaluan nga Policia n\u00eb Koshare -\",\"isPartOf\":{\"@id\":\"https:\/\/veritasinfo.org\/#website\"},\"primaryImageOfPage\":{\"@id\":\"https:\/\/veritasinfo.org\/?p=10728#primaryimage\"},\"image\":{\"@id\":\"https:\/\/veritasinfo.org\/?p=10728#primaryimage\"},\"thumbnailUrl\":\"https:\/\/veritasinfo.org\/wp-content\/uploads\/2025\/09\/arrestimet-780x439-1.jpg\",\"datePublished\":\"2025-09-04T16:27:12+00:00\",\"author\":{\"@id\":\"https:\/\/veritasinfo.org\/#\/schema\/person\/c2b8be262ea994d0995addca692c5e98\"},\"breadcrumb\":{\"@id\":\"https:\/\/veritasinfo.org\/?p=10728#breadcrumb\"},\"inLanguage\":\"en-US\",\"potentialAction\":[{\"@type\":\"ReadAction\",\"target\":[\"https:\/\/veritasinfo.org\/?p=10728\"]}]},{\"@type\":\"ImageObject\",\"inLanguage\":\"en-US\",\"@id\":\"https:\/\/veritasinfo.org\/?p=10728#primaryimage\",\"url\":\"https:\/\/veritasinfo.org\/wp-content\/uploads\/2025\/09\/arrestimet-780x439-1.jpg\",\"contentUrl\":\"https:\/\/veritasinfo.org\/wp-content\/uploads\/2025\/09\/arrestimet-780x439-1.jpg\",\"width\":780,\"height\":439},{\"@type\":\"BreadcrumbList\",\"@id\":\"https:\/\/veritasinfo.org\/?p=10728#breadcrumb\",\"itemListElement\":[{\"@type\":\"ListItem\",\"position\":1,\"name\":\"Home\",\"item\":\"https:\/\/veritasinfo.org\/\"},{\"@type\":\"ListItem\",\"position\":2,\"name\":\"Nj\u00eb serb dhe nj\u00eb franceze u ndaluan nga Policia n\u00eb Koshare\"}]},{\"@type\":\"WebSite\",\"@id\":\"https:\/\/veritasinfo.org\/#website\",\"url\":\"https:\/\/veritasinfo.org\/\",\"name\":\"\",\"description\":\"\",\"potentialAction\":[{\"@type\":\"SearchAction\",\"target\":{\"@type\":\"EntryPoint\",\"urlTemplate\":\"https:\/\/veritasinfo.org\/?s={search_term_string}\"},\"query-input\":{\"@type\":\"PropertyValueSpecification\",\"valueRequired\":true,\"valueName\":\"search_term_string\"}}],\"inLanguage\":\"en-US\"},{\"@type\":\"Person\",\"@id\":\"https:\/\/veritasinfo.org\/#\/schema\/person\/c2b8be262ea994d0995addca692c5e98\",\"name\":\"US1\",\"image\":{\"@type\":\"ImageObject\",\"inLanguage\":\"en-US\",\"@id\":\"https:\/\/veritasinfo.org\/#\/schema\/person\/image\/\",\"url\":\"https:\/\/secure.gravatar.com\/avatar\/4e96a59bd256abf9956eb9963ac891a47461ffb364d47b0e9aab113328fdb75b?s=96&d=mm&r=g\",\"contentUrl\":\"https:\/\/secure.gravatar.com\/avatar\/4e96a59bd256abf9956eb9963ac891a47461ffb364d47b0e9aab113328fdb75b?s=96&d=mm&r=g\",\"caption\":\"US1\"},\"url\":\"https:\/\/veritasinfo.org\/?author=2\"}]}<\/script>\n<!-- \/ Yoast SEO plugin. -->","yoast_head_json":{"title":"Nj\u00eb serb dhe nj\u00eb franceze u ndaluan nga Policia n\u00eb Koshare -","robots":{"index":"index","follow":"follow","max-snippet":"max-snippet:-1","max-image-preview":"max-image-preview:large","max-video-preview":"max-video-preview:-1"},"canonical":"https:\/\/veritasinfo.org\/?p=10728","og_locale":"en_US","og_type":"article","og_title":"Nj\u00eb serb dhe nj\u00eb franceze u ndaluan nga Policia n\u00eb Koshare -","og_description":"Koshare, 04 shtator 2025 N\u00eb af\u00ebrsi t\u00eb kompleksit t\u00eb d\u00ebshmor\u00ebve t\u00eb U\u00c7K-s\u00eb, n\u00eb Koshare, pas raportimit t\u00eb banor\u00ebve, Policia kufitare e Kosov\u00ebs, i ka ndaluar","og_url":"https:\/\/veritasinfo.org\/?p=10728","article_published_time":"2025-09-04T16:27:12+00:00","og_image":[{"width":780,"height":439,"url":"https:\/\/veritasinfo.org\/wp-content\/uploads\/2025\/09\/arrestimet-780x439-1.jpg","type":"image\/jpeg"}],"author":"US1","twitter_card":"summary_large_image","twitter_misc":{"Written by":"US1","Est. reading time":"1 minute"},"schema":{"@context":"https:\/\/schema.org","@graph":[{"@type":"WebPage","@id":"https:\/\/veritasinfo.org\/?p=10728","url":"https:\/\/veritasinfo.org\/?p=10728","name":"Nj\u00eb serb dhe nj\u00eb franceze u ndaluan nga Policia n\u00eb Koshare -","isPartOf":{"@id":"https:\/\/veritasinfo.org\/#website"},"primaryImageOfPage":{"@id":"https:\/\/veritasinfo.org\/?p=10728#primaryimage"},"image":{"@id":"https:\/\/veritasinfo.org\/?p=10728#primaryimage"},"thumbnailUrl":"https:\/\/veritasinfo.org\/wp-content\/uploads\/2025\/09\/arrestimet-780x439-1.jpg","datePublished":"2025-09-04T16:27:12+00:00","author":{"@id":"https:\/\/veritasinfo.org\/#\/schema\/person\/c2b8be262ea994d0995addca692c5e98"},"breadcrumb":{"@id":"https:\/\/veritasinfo.org\/?p=10728#breadcrumb"},"inLanguage":"en-US","potentialAction":[{"@type":"ReadAction","target":["https:\/\/veritasinfo.org\/?p=10728"]}]},{"@type":"ImageObject","inLanguage":"en-US","@id":"https:\/\/veritasinfo.org\/?p=10728#primaryimage","url":"https:\/\/veritasinfo.org\/wp-content\/uploads\/2025\/09\/arrestimet-780x439-1.jpg","contentUrl":"https:\/\/veritasinfo.org\/wp-content\/uploads\/2025\/09\/arrestimet-780x439-1.jpg","width":780,"height":439},{"@type":"BreadcrumbList","@id":"https:\/\/veritasinfo.org\/?p=10728#breadcrumb","itemListElement":[{"@type":"ListItem","position":1,"name":"Home","item":"https:\/\/veritasinfo.org\/"},{"@type":"ListItem","position":2,"name":"Nj\u00eb serb dhe nj\u00eb franceze u ndaluan nga Policia n\u00eb Koshare"}]},{"@type":"WebSite","@id":"https:\/\/veritasinfo.org\/#website","url":"https:\/\/veritasinfo.org\/","name":"","description":"","potentialAction":[{"@type":"SearchAction","target":{"@type":"EntryPoint","urlTemplate":"https:\/\/veritasinfo.org\/?s={search_term_string}"},"query-input":{"@type":"PropertyValueSpecification","valueRequired":true,"valueName":"search_term_string"}}],"inLanguage":"en-US"},{"@type":"Person","@id":"https:\/\/veritasinfo.org\/#\/schema\/person\/c2b8be262ea994d0995addca692c5e98","name":"US1","image":{"@type":"ImageObject","inLanguage":"en-US","@id":"https:\/\/veritasinfo.org\/#\/schema\/person\/image\/","url":"https:\/\/secure.gravatar.com\/avatar\/4e96a59bd256abf9956eb9963ac891a47461ffb364d47b0e9aab113328fdb75b?s=96&d=mm&r=g","contentUrl":"https:\/\/secure.gravatar.com\/avatar\/4e96a59bd256abf9956eb9963ac891a47461ffb364d47b0e9aab113328fdb75b?s=96&d=mm&r=g","caption":"US1"},"url":"https:\/\/veritasinfo.org\/?author=2"}]}},"featured_image_urls":{"full":["https:\/\/veritasinfo.org\/wp-content\/uploads\/2025\/09\/arrestimet-780x439-1.jpg",780,439,false],"thumbnail":["https:\/\/veritasinfo.org\/wp-content\/uploads\/2025\/09\/arrestimet-780x439-1-150x150.jpg",150,150,true],"medium":["https:\/\/veritasinfo.org\/wp-content\/uploads\/2025\/09\/arrestimet-780x439-1-300x169.jpg",300,169,true],"medium_large":["https:\/\/veritasinfo.org\/wp-content\/uploads\/2025\/09\/arrestimet-780x439-1-768x432.jpg",640,360,true],"large":["https:\/\/veritasinfo.org\/wp-content\/uploads\/2025\/09\/arrestimet-780x439-1.jpg",640,360,false],"1536x1536":["https:\/\/veritasinfo.org\/wp-content\/uploads\/2025\/09\/arrestimet-780x439-1.jpg",780,439,false],"2048x2048":["https:\/\/veritasinfo.org\/wp-content\/uploads\/2025\/09\/arrestimet-780x439-1.jpg",780,439,false],"kreeti-slider-full":["https:\/\/veritasinfo.org\/wp-content\/uploads\/2025\/09\/arrestimet-780x439-1.jpg",780,439,false],"kreeti-featured":["https:\/\/veritasinfo.org\/wp-content\/uploads\/2025\/09\/arrestimet-780x439-1.jpg",780,439,false],"kreeti-medium":["https:\/\/veritasinfo.org\/wp-content\/uploads\/2025\/09\/arrestimet-780x439-1.jpg",720,405,false],"kreeti-medium-square":["https:\/\/veritasinfo.org\/wp-content\/uploads\/2025\/09\/arrestimet-780x439-1.jpg",350,197,false]},"author_info":{"info":["US1"]},"category_info":"<a href=\"https:\/\/veritasinfo.org\/?cat=60\" rel=\"category\">Shoq\u00ebrore<\/a>","tag_info":"Shoq\u00ebrore","comment_count":"0","_links":{"self":[{"href":"https:\/\/veritasinfo.org\/index.php?rest_route=\/wp\/v2\/posts\/10728","targetHints":{"allow":["GET"]}}],"collection":[{"href":"https:\/\/veritasinfo.org\/index.php?rest_route=\/wp\/v2\/posts"}],"about":[{"href":"https:\/\/veritasinfo.org\/index.php?rest_route=\/wp\/v2\/types\/post"}],"author":[{"embeddable":true,"href":"https:\/\/veritasinfo.org\/index.php?rest_route=\/wp\/v2\/users\/2"}],"replies":[{"embeddable":true,"href":"https:\/\/veritasinfo.org\/index.php?rest_route=%2Fwp%2Fv2%2Fcomments&post=10728"}],"version-history":[{"count":1,"href":"https:\/\/veritasinfo.org\/index.php?rest_route=\/wp\/v2\/posts\/10728\/revisions"}],"predecessor-version":[{"id":10730,"href":"https:\/\/veritasinfo.org\/index.php?rest_route=\/wp\/v2\/posts\/10728\/revisions\/10730"}],"wp:featuredmedia":[{"embeddable":true,"href":"https:\/\/veritasinfo.org\/index.php?rest_route=\/wp\/v2\/media\/10729"}],"wp:attachment":[{"href":"https:\/\/veritasinfo.org\/index.php?rest_route=%2Fwp%2Fv2%2Fmedia&parent=10728"}],"wp:term":[{"taxonomy":"category","embeddable":true,"href":"https:\/\/veritasinfo.org\/index.php?rest_route=%2Fwp%2Fv2%2Fcategories&post=10728"},{"taxonomy":"post_tag","embeddable":true,"href":"https:\/\/veritasinfo.org\/index.php?rest_route=%2Fwp%2Fv2%2Ftags&post=10728"}],"curies":[{"name":"wp","href":"https:\/\/api.w.org\/{rel}","templated":true}]}}