{"id":10703,"date":"2025-09-04T13:11:47","date_gmt":"2025-09-04T11:11:47","guid":{"rendered":"https:\/\/veritasinfo.org\/?p=10703"},"modified":"2025-09-04T13:11:47","modified_gmt":"2025-09-04T11:11:47","slug":"prokuroria-speciale-e-kosoves-ne-konferencen-rajonale-per-krimet-e-luftes","status":"publish","type":"post","link":"https:\/\/veritasinfo.org\/?p=10703","title":{"rendered":"Prokuroria Speciale e Kosov\u00ebs n\u00eb konferenc\u00ebn rajonale p\u00ebr krimet e luft\u00ebs"},"content":{"rendered":"<p><strong>Zagreb, 04 shtator 2025<\/strong><\/p>\n<p>Me ftes\u00eb t\u00eb Kryeprokurorit t\u00eb Shtetit t\u00eb Kroacis\u00eb, nj\u00eb delegacion i Prokuroris\u00eb Speciale t\u00eb Kosov\u00ebs, i p\u00ebrb\u00ebr\u00eb nga Kryeprokurori Blerim Isufaj, dhe prokuror\u00ebt e Departamentit p\u00ebr Hetimin e Krimeve t\u00eb Luft\u00ebs Ilir Morina dhe Florije Shamolli, po merr pjes\u00eb n\u00eb Konferenc\u00ebn Rajonale p\u00ebr Krimet e Luft\u00ebs.<\/p>\n<p>Tema kryesore e konferenc\u00ebs ishte bashk\u00ebpunimi nd\u00ebrkomb\u00ebtar dhe koordinimi mes vendeve t\u00eb Ballkanit Per\u00ebndimor p\u00ebr hetimin dhe ndjekjen e krimeve t\u00eb luft\u00ebs.<\/p>\n<p>N\u00eb fjal\u00ebn e tij, Kryeprokurori Isufaj informoi t\u00eb pranishmit mbi pun\u00ebn e Prokuroris\u00eb Speciale t\u00eb Kosov\u00ebs n\u00eb trajtimin e k\u00ebtyre rasteve, angazhimin dhe p\u00ebrkushtimin e institucionit n\u00eb hetimin e krimeve t\u00eb luft\u00ebs dhe ngritjen e bashk\u00ebpunimit nd\u00ebrkomb\u00ebtar.<\/p>\n<p>Nd\u00ebrsa, gjat\u00eb q\u00ebndrimit n\u00eb Kroaci, Kryeprokurori Isufaj zhvilloi nj\u00eb takim pune me Kryeprokurorin e Kroacis\u00eb Ivan Turudic.<\/p>\n<p>\u201cAta diskutuan tema me interes t\u00eb p\u00ebrbashk\u00ebt n\u00eb fush\u00ebn e drejt\u00ebsis\u00eb, dhe u pajtuan t\u00eb vazhdojn\u00eb bashk\u00ebpunimin dhe koordinimin e ngusht\u00eb mes dy vendeve. Nd\u00ebrkoh\u00eb, edhe pjes\u00ebmarr\u00ebsit tjer\u00eb n\u00eb k\u00ebt\u00eb konferenc\u00eb u pajtuan p\u00ebr nevoj\u00ebn e thellimit t\u00eb bashk\u00ebpunimit n\u00eb k\u00ebt\u00eb fush\u00eb dhe n\u00eb marrjen e masave q\u00eb mund\u00ebsojn\u00eb mbrojtje adekuate t\u00eb viktimave t\u00eb k\u00ebtyre shkeljeve t\u00eb r\u00ebnda t\u00eb t\u00eb drejtave t\u00eb njeriut\u201d, njoftoi Prokuroria Speciale e Kosov\u00ebs.<\/p>\n","protected":false},"excerpt":{"rendered":"<p>Zagreb, 04 shtator 2025 Me ftes\u00eb t\u00eb Kryeprokurorit t\u00eb Shtetit t\u00eb Kroacis\u00eb, nj\u00eb delegacion i Prokuroris\u00eb Speciale t\u00eb Kosov\u00ebs, i p\u00ebrb\u00ebr\u00eb nga Kryeprokurori Blerim Isufaj,<\/p>\n","protected":false},"author":2,"featured_media":10704,"comment_status":"open","ping_status":"open","sticky":false,"template":"","format":"standard","meta":{"footnotes":""},"categories":[60],"tags":[],"class_list":["post-10703","post","type-post","status-publish","format-standard","has-post-thumbnail","hentry","category-shoqerore-sq"],"yoast_head":"<!-- This site is optimized with the Yoast SEO plugin v25.3.1 - https:\/\/yoast.com\/wordpress\/plugins\/seo\/ -->\n<title>Prokuroria Speciale e Kosov\u00ebs n\u00eb konferenc\u00ebn rajonale p\u00ebr krimet e luft\u00ebs -<\/title>\n<meta name=\"robots\" content=\"index, follow, max-snippet:-1, max-image-preview:large, max-video-preview:-1\" \/>\n<link rel=\"canonical\" href=\"https:\/\/veritasinfo.org\/?p=10703\" \/>\n<meta property=\"og:locale\" content=\"en_US\" \/>\n<meta property=\"og:type\" content=\"article\" \/>\n<meta property=\"og:title\" content=\"Prokuroria Speciale e Kosov\u00ebs n\u00eb konferenc\u00ebn rajonale p\u00ebr krimet e luft\u00ebs -\" \/>\n<meta property=\"og:description\" content=\"Zagreb, 04 shtator 2025 Me ftes\u00eb t\u00eb Kryeprokurorit t\u00eb Shtetit t\u00eb Kroacis\u00eb, nj\u00eb delegacion i Prokuroris\u00eb Speciale t\u00eb Kosov\u00ebs, i p\u00ebrb\u00ebr\u00eb nga Kryeprokurori Blerim Isufaj,\" \/>\n<meta property=\"og:url\" content=\"https:\/\/veritasinfo.org\/?p=10703\" \/>\n<meta property=\"article:published_time\" content=\"2025-09-04T11:11:47+00:00\" \/>\n<meta property=\"og:image\" content=\"https:\/\/veritasinfo.org\/wp-content\/uploads\/2025\/09\/Prokuroria.jpg\" \/>\n\t<meta property=\"og:image:width\" content=\"1172\" \/>\n\t<meta property=\"og:image:height\" content=\"491\" \/>\n\t<meta property=\"og:image:type\" content=\"image\/jpeg\" \/>\n<meta name=\"author\" content=\"US1\" \/>\n<meta name=\"twitter:card\" content=\"summary_large_image\" \/>\n<meta name=\"twitter:label1\" content=\"Written by\" \/>\n\t<meta name=\"twitter:data1\" content=\"US1\" \/>\n\t<meta name=\"twitter:label2\" content=\"Est. reading time\" \/>\n\t<meta name=\"twitter:data2\" content=\"2 minutes\" \/>\n<script type=\"application\/ld+json\" class=\"yoast-schema-graph\">{\"@context\":\"https:\/\/schema.org\",\"@graph\":[{\"@type\":\"WebPage\",\"@id\":\"https:\/\/veritasinfo.org\/?p=10703\",\"url\":\"https:\/\/veritasinfo.org\/?p=10703\",\"name\":\"Prokuroria Speciale e Kosov\u00ebs n\u00eb konferenc\u00ebn rajonale p\u00ebr krimet e luft\u00ebs -\",\"isPartOf\":{\"@id\":\"https:\/\/veritasinfo.org\/#website\"},\"primaryImageOfPage\":{\"@id\":\"https:\/\/veritasinfo.org\/?p=10703#primaryimage\"},\"image\":{\"@id\":\"https:\/\/veritasinfo.org\/?p=10703#primaryimage\"},\"thumbnailUrl\":\"https:\/\/veritasinfo.org\/wp-content\/uploads\/2025\/09\/Prokuroria.jpg\",\"datePublished\":\"2025-09-04T11:11:47+00:00\",\"author\":{\"@id\":\"https:\/\/veritasinfo.org\/#\/schema\/person\/c2b8be262ea994d0995addca692c5e98\"},\"breadcrumb\":{\"@id\":\"https:\/\/veritasinfo.org\/?p=10703#breadcrumb\"},\"inLanguage\":\"en-US\",\"potentialAction\":[{\"@type\":\"ReadAction\",\"target\":[\"https:\/\/veritasinfo.org\/?p=10703\"]}]},{\"@type\":\"ImageObject\",\"inLanguage\":\"en-US\",\"@id\":\"https:\/\/veritasinfo.org\/?p=10703#primaryimage\",\"url\":\"https:\/\/veritasinfo.org\/wp-content\/uploads\/2025\/09\/Prokuroria.jpg\",\"contentUrl\":\"https:\/\/veritasinfo.org\/wp-content\/uploads\/2025\/09\/Prokuroria.jpg\",\"width\":1172,\"height\":491},{\"@type\":\"BreadcrumbList\",\"@id\":\"https:\/\/veritasinfo.org\/?p=10703#breadcrumb\",\"itemListElement\":[{\"@type\":\"ListItem\",\"position\":1,\"name\":\"Home\",\"item\":\"https:\/\/veritasinfo.org\/\"},{\"@type\":\"ListItem\",\"position\":2,\"name\":\"Prokuroria Speciale e Kosov\u00ebs n\u00eb konferenc\u00ebn rajonale p\u00ebr krimet e luft\u00ebs\"}]},{\"@type\":\"WebSite\",\"@id\":\"https:\/\/veritasinfo.org\/#website\",\"url\":\"https:\/\/veritasinfo.org\/\",\"name\":\"\",\"description\":\"\",\"potentialAction\":[{\"@type\":\"SearchAction\",\"target\":{\"@type\":\"EntryPoint\",\"urlTemplate\":\"https:\/\/veritasinfo.org\/?s={search_term_string}\"},\"query-input\":{\"@type\":\"PropertyValueSpecification\",\"valueRequired\":true,\"valueName\":\"search_term_string\"}}],\"inLanguage\":\"en-US\"},{\"@type\":\"Person\",\"@id\":\"https:\/\/veritasinfo.org\/#\/schema\/person\/c2b8be262ea994d0995addca692c5e98\",\"name\":\"US1\",\"image\":{\"@type\":\"ImageObject\",\"inLanguage\":\"en-US\",\"@id\":\"https:\/\/veritasinfo.org\/#\/schema\/person\/image\/\",\"url\":\"https:\/\/secure.gravatar.com\/avatar\/4e96a59bd256abf9956eb9963ac891a47461ffb364d47b0e9aab113328fdb75b?s=96&d=mm&r=g\",\"contentUrl\":\"https:\/\/secure.gravatar.com\/avatar\/4e96a59bd256abf9956eb9963ac891a47461ffb364d47b0e9aab113328fdb75b?s=96&d=mm&r=g\",\"caption\":\"US1\"},\"url\":\"https:\/\/veritasinfo.org\/?author=2\"}]}<\/script>\n<!-- \/ Yoast SEO plugin. -->","yoast_head_json":{"title":"Prokuroria Speciale e Kosov\u00ebs n\u00eb konferenc\u00ebn rajonale p\u00ebr krimet e luft\u00ebs -","robots":{"index":"index","follow":"follow","max-snippet":"max-snippet:-1","max-image-preview":"max-image-preview:large","max-video-preview":"max-video-preview:-1"},"canonical":"https:\/\/veritasinfo.org\/?p=10703","og_locale":"en_US","og_type":"article","og_title":"Prokuroria Speciale e Kosov\u00ebs n\u00eb konferenc\u00ebn rajonale p\u00ebr krimet e luft\u00ebs -","og_description":"Zagreb, 04 shtator 2025 Me ftes\u00eb t\u00eb Kryeprokurorit t\u00eb Shtetit t\u00eb Kroacis\u00eb, nj\u00eb delegacion i Prokuroris\u00eb Speciale t\u00eb Kosov\u00ebs, i p\u00ebrb\u00ebr\u00eb nga Kryeprokurori Blerim Isufaj,","og_url":"https:\/\/veritasinfo.org\/?p=10703","article_published_time":"2025-09-04T11:11:47+00:00","og_image":[{"width":1172,"height":491,"url":"https:\/\/veritasinfo.org\/wp-content\/uploads\/2025\/09\/Prokuroria.jpg","type":"image\/jpeg"}],"author":"US1","twitter_card":"summary_large_image","twitter_misc":{"Written by":"US1","Est. reading time":"2 minutes"},"schema":{"@context":"https:\/\/schema.org","@graph":[{"@type":"WebPage","@id":"https:\/\/veritasinfo.org\/?p=10703","url":"https:\/\/veritasinfo.org\/?p=10703","name":"Prokuroria Speciale e Kosov\u00ebs n\u00eb konferenc\u00ebn rajonale p\u00ebr krimet e luft\u00ebs -","isPartOf":{"@id":"https:\/\/veritasinfo.org\/#website"},"primaryImageOfPage":{"@id":"https:\/\/veritasinfo.org\/?p=10703#primaryimage"},"image":{"@id":"https:\/\/veritasinfo.org\/?p=10703#primaryimage"},"thumbnailUrl":"https:\/\/veritasinfo.org\/wp-content\/uploads\/2025\/09\/Prokuroria.jpg","datePublished":"2025-09-04T11:11:47+00:00","author":{"@id":"https:\/\/veritasinfo.org\/#\/schema\/person\/c2b8be262ea994d0995addca692c5e98"},"breadcrumb":{"@id":"https:\/\/veritasinfo.org\/?p=10703#breadcrumb"},"inLanguage":"en-US","potentialAction":[{"@type":"ReadAction","target":["https:\/\/veritasinfo.org\/?p=10703"]}]},{"@type":"ImageObject","inLanguage":"en-US","@id":"https:\/\/veritasinfo.org\/?p=10703#primaryimage","url":"https:\/\/veritasinfo.org\/wp-content\/uploads\/2025\/09\/Prokuroria.jpg","contentUrl":"https:\/\/veritasinfo.org\/wp-content\/uploads\/2025\/09\/Prokuroria.jpg","width":1172,"height":491},{"@type":"BreadcrumbList","@id":"https:\/\/veritasinfo.org\/?p=10703#breadcrumb","itemListElement":[{"@type":"ListItem","position":1,"name":"Home","item":"https:\/\/veritasinfo.org\/"},{"@type":"ListItem","position":2,"name":"Prokuroria Speciale e Kosov\u00ebs n\u00eb konferenc\u00ebn rajonale p\u00ebr krimet e luft\u00ebs"}]},{"@type":"WebSite","@id":"https:\/\/veritasinfo.org\/#website","url":"https:\/\/veritasinfo.org\/","name":"","description":"","potentialAction":[{"@type":"SearchAction","target":{"@type":"EntryPoint","urlTemplate":"https:\/\/veritasinfo.org\/?s={search_term_string}"},"query-input":{"@type":"PropertyValueSpecification","valueRequired":true,"valueName":"search_term_string"}}],"inLanguage":"en-US"},{"@type":"Person","@id":"https:\/\/veritasinfo.org\/#\/schema\/person\/c2b8be262ea994d0995addca692c5e98","name":"US1","image":{"@type":"ImageObject","inLanguage":"en-US","@id":"https:\/\/veritasinfo.org\/#\/schema\/person\/image\/","url":"https:\/\/secure.gravatar.com\/avatar\/4e96a59bd256abf9956eb9963ac891a47461ffb364d47b0e9aab113328fdb75b?s=96&d=mm&r=g","contentUrl":"https:\/\/secure.gravatar.com\/avatar\/4e96a59bd256abf9956eb9963ac891a47461ffb364d47b0e9aab113328fdb75b?s=96&d=mm&r=g","caption":"US1"},"url":"https:\/\/veritasinfo.org\/?author=2"}]}},"featured_image_urls":{"full":["https:\/\/veritasinfo.org\/wp-content\/uploads\/2025\/09\/Prokuroria.jpg",1172,491,false],"thumbnail":["https:\/\/veritasinfo.org\/wp-content\/uploads\/2025\/09\/Prokuroria-150x150.jpg",150,150,true],"medium":["https:\/\/veritasinfo.org\/wp-content\/uploads\/2025\/09\/Prokuroria-300x126.jpg",300,126,true],"medium_large":["https:\/\/veritasinfo.org\/wp-content\/uploads\/2025\/09\/Prokuroria-768x322.jpg",640,268,true],"large":["https:\/\/veritasinfo.org\/wp-content\/uploads\/2025\/09\/Prokuroria-1024x429.jpg",640,268,true],"1536x1536":["https:\/\/veritasinfo.org\/wp-content\/uploads\/2025\/09\/Prokuroria.jpg",1172,491,false],"2048x2048":["https:\/\/veritasinfo.org\/wp-content\/uploads\/2025\/09\/Prokuroria.jpg",1172,491,false],"kreeti-slider-full":["https:\/\/veritasinfo.org\/wp-content\/uploads\/2025\/09\/Prokuroria.jpg",1172,491,false],"kreeti-featured":["https:\/\/veritasinfo.org\/wp-content\/uploads\/2025\/09\/Prokuroria.jpg",1024,429,false],"kreeti-medium":["https:\/\/veritasinfo.org\/wp-content\/uploads\/2025\/09\/Prokuroria.jpg",720,302,false],"kreeti-medium-square":["https:\/\/veritasinfo.org\/wp-content\/uploads\/2025\/09\/Prokuroria.jpg",350,147,false]},"author_info":{"info":["US1"]},"category_info":"<a href=\"https:\/\/veritasinfo.org\/?cat=60\" rel=\"category\">Shoq\u00ebrore<\/a>","tag_info":"Shoq\u00ebrore","comment_count":"0","_links":{"self":[{"href":"https:\/\/veritasinfo.org\/index.php?rest_route=\/wp\/v2\/posts\/10703","targetHints":{"allow":["GET"]}}],"collection":[{"href":"https:\/\/veritasinfo.org\/index.php?rest_route=\/wp\/v2\/posts"}],"about":[{"href":"https:\/\/veritasinfo.org\/index.php?rest_route=\/wp\/v2\/types\/post"}],"author":[{"embeddable":true,"href":"https:\/\/veritasinfo.org\/index.php?rest_route=\/wp\/v2\/users\/2"}],"replies":[{"embeddable":true,"href":"https:\/\/veritasinfo.org\/index.php?rest_route=%2Fwp%2Fv2%2Fcomments&post=10703"}],"version-history":[{"count":1,"href":"https:\/\/veritasinfo.org\/index.php?rest_route=\/wp\/v2\/posts\/10703\/revisions"}],"predecessor-version":[{"id":10705,"href":"https:\/\/veritasinfo.org\/index.php?rest_route=\/wp\/v2\/posts\/10703\/revisions\/10705"}],"wp:featuredmedia":[{"embeddable":true,"href":"https:\/\/veritasinfo.org\/index.php?rest_route=\/wp\/v2\/media\/10704"}],"wp:attachment":[{"href":"https:\/\/veritasinfo.org\/index.php?rest_route=%2Fwp%2Fv2%2Fmedia&parent=10703"}],"wp:term":[{"taxonomy":"category","embeddable":true,"href":"https:\/\/veritasinfo.org\/index.php?rest_route=%2Fwp%2Fv2%2Fcategories&post=10703"},{"taxonomy":"post_tag","embeddable":true,"href":"https:\/\/veritasinfo.org\/index.php?rest_route=%2Fwp%2Fv2%2Ftags&post=10703"}],"curies":[{"name":"wp","href":"https:\/\/api.w.org\/{rel}","templated":true}]}}