{"id":10699,"date":"2025-09-04T13:06:21","date_gmt":"2025-09-04T11:06:21","guid":{"rendered":"https:\/\/veritasinfo.org\/?p=10699"},"modified":"2025-09-04T13:06:21","modified_gmt":"2025-09-04T11:06:21","slug":"kru-mitrovica-lajmeron-qytetaret-qe-mos-e-perdorin-ujin-per-pije","status":"publish","type":"post","link":"https:\/\/veritasinfo.org\/?p=10699","title":{"rendered":"KRU \u201cMitrovica\u201d lajm\u00ebron qytetar\u00ebt q\u00eb mos e p\u00ebrdorin ujin p\u00ebr pije"},"content":{"rendered":"<p><strong>Mitrovic\u00eb, 04 shtator 2025<\/strong><\/p>\n<p>Kompania Rajonale Uj\u00ebsjell\u00ebsi \u201cMitrovica\u201d, ka b\u00ebr\u00eb t\u00eb ditur se p\u00ebr shkak t\u00eb riparimeve q\u00eb po realizohen n\u00eb pajisjet e FTU-Balinc, \u00ebsht\u00eb ndaluar p\u00ebrkoh\u00ebsisht furnizimi me uj\u00eb.<\/p>\n<p>P\u00ebrmes njoftimit t\u00eb KRU \u201cMitrovica\u201d, b\u00ebhet thirrje q\u00eb uji t\u00eb p\u00ebrdoret p\u00ebr pije.<\/p>\n<p>\u201cJu lusim q\u00eb deri n\u00eb njoftimin e ardhsh\u00ebm t\u00eb mos e p\u00ebrdorni ujin p\u00ebr pije. Uji mund t\u00eb shfryt\u00ebzohet pa problem p\u00ebr nevoja t\u00eb tjera t\u00eb amvis\u00ebris\u00eb dhe p\u00ebrdorime t\u00eb p\u00ebrgjithshme\u201d, thuhet n\u00eb njoftim.<\/p>\n","protected":false},"excerpt":{"rendered":"<p>Mitrovic\u00eb, 04 shtator 2025 Kompania Rajonale Uj\u00ebsjell\u00ebsi \u201cMitrovica\u201d, ka b\u00ebr\u00eb t\u00eb ditur se p\u00ebr shkak t\u00eb riparimeve q\u00eb po realizohen n\u00eb pajisjet e FTU-Balinc, \u00ebsht\u00eb<\/p>\n","protected":false},"author":2,"featured_media":2148,"comment_status":"open","ping_status":"open","sticky":false,"template":"","format":"standard","meta":{"footnotes":""},"categories":[52],"tags":[],"class_list":["post-10699","post","type-post","status-publish","format-standard","has-post-thumbnail","hentry","category-komunat-sq"],"yoast_head":"<!-- This site is optimized with the Yoast SEO plugin v25.3.1 - https:\/\/yoast.com\/wordpress\/plugins\/seo\/ -->\n<title>KRU \u201cMitrovica\u201d lajm\u00ebron qytetar\u00ebt q\u00eb mos e p\u00ebrdorin ujin p\u00ebr pije -<\/title>\n<meta name=\"robots\" content=\"index, follow, max-snippet:-1, max-image-preview:large, max-video-preview:-1\" \/>\n<link rel=\"canonical\" href=\"https:\/\/veritasinfo.org\/?p=10699\" \/>\n<meta property=\"og:locale\" content=\"en_US\" \/>\n<meta property=\"og:type\" content=\"article\" \/>\n<meta property=\"og:title\" content=\"KRU \u201cMitrovica\u201d lajm\u00ebron qytetar\u00ebt q\u00eb mos e p\u00ebrdorin ujin p\u00ebr pije -\" \/>\n<meta property=\"og:description\" content=\"Mitrovic\u00eb, 04 shtator 2025 Kompania Rajonale Uj\u00ebsjell\u00ebsi \u201cMitrovica\u201d, ka b\u00ebr\u00eb t\u00eb ditur se p\u00ebr shkak t\u00eb riparimeve q\u00eb po realizohen n\u00eb pajisjet e FTU-Balinc, \u00ebsht\u00eb\" \/>\n<meta property=\"og:url\" content=\"https:\/\/veritasinfo.org\/?p=10699\" \/>\n<meta property=\"article:published_time\" content=\"2025-09-04T11:06:21+00:00\" \/>\n<meta property=\"og:image\" content=\"https:\/\/veritasinfo.org\/wp-content\/uploads\/2025\/07\/kru_mitrovica.jpg\" \/>\n\t<meta property=\"og:image:width\" content=\"850\" \/>\n\t<meta property=\"og:image:height\" content=\"425\" \/>\n\t<meta property=\"og:image:type\" content=\"image\/jpeg\" \/>\n<meta name=\"author\" content=\"US1\" \/>\n<meta name=\"twitter:card\" content=\"summary_large_image\" \/>\n<meta name=\"twitter:label1\" content=\"Written by\" \/>\n\t<meta name=\"twitter:data1\" content=\"US1\" \/>\n\t<meta name=\"twitter:label2\" content=\"Est. reading time\" \/>\n\t<meta name=\"twitter:data2\" content=\"1 minute\" \/>\n<script type=\"application\/ld+json\" class=\"yoast-schema-graph\">{\"@context\":\"https:\/\/schema.org\",\"@graph\":[{\"@type\":\"WebPage\",\"@id\":\"https:\/\/veritasinfo.org\/?p=10699\",\"url\":\"https:\/\/veritasinfo.org\/?p=10699\",\"name\":\"KRU \u201cMitrovica\u201d lajm\u00ebron qytetar\u00ebt q\u00eb mos e p\u00ebrdorin ujin p\u00ebr pije -\",\"isPartOf\":{\"@id\":\"https:\/\/veritasinfo.org\/#website\"},\"primaryImageOfPage\":{\"@id\":\"https:\/\/veritasinfo.org\/?p=10699#primaryimage\"},\"image\":{\"@id\":\"https:\/\/veritasinfo.org\/?p=10699#primaryimage\"},\"thumbnailUrl\":\"https:\/\/veritasinfo.org\/wp-content\/uploads\/2025\/07\/kru_mitrovica.jpg\",\"datePublished\":\"2025-09-04T11:06:21+00:00\",\"author\":{\"@id\":\"https:\/\/veritasinfo.org\/#\/schema\/person\/c2b8be262ea994d0995addca692c5e98\"},\"breadcrumb\":{\"@id\":\"https:\/\/veritasinfo.org\/?p=10699#breadcrumb\"},\"inLanguage\":\"en-US\",\"potentialAction\":[{\"@type\":\"ReadAction\",\"target\":[\"https:\/\/veritasinfo.org\/?p=10699\"]}]},{\"@type\":\"ImageObject\",\"inLanguage\":\"en-US\",\"@id\":\"https:\/\/veritasinfo.org\/?p=10699#primaryimage\",\"url\":\"https:\/\/veritasinfo.org\/wp-content\/uploads\/2025\/07\/kru_mitrovica.jpg\",\"contentUrl\":\"https:\/\/veritasinfo.org\/wp-content\/uploads\/2025\/07\/kru_mitrovica.jpg\",\"width\":850,\"height\":425},{\"@type\":\"BreadcrumbList\",\"@id\":\"https:\/\/veritasinfo.org\/?p=10699#breadcrumb\",\"itemListElement\":[{\"@type\":\"ListItem\",\"position\":1,\"name\":\"Home\",\"item\":\"https:\/\/veritasinfo.org\/\"},{\"@type\":\"ListItem\",\"position\":2,\"name\":\"KRU \u201cMitrovica\u201d lajm\u00ebron qytetar\u00ebt q\u00eb mos e p\u00ebrdorin ujin p\u00ebr pije\"}]},{\"@type\":\"WebSite\",\"@id\":\"https:\/\/veritasinfo.org\/#website\",\"url\":\"https:\/\/veritasinfo.org\/\",\"name\":\"\",\"description\":\"\",\"potentialAction\":[{\"@type\":\"SearchAction\",\"target\":{\"@type\":\"EntryPoint\",\"urlTemplate\":\"https:\/\/veritasinfo.org\/?s={search_term_string}\"},\"query-input\":{\"@type\":\"PropertyValueSpecification\",\"valueRequired\":true,\"valueName\":\"search_term_string\"}}],\"inLanguage\":\"en-US\"},{\"@type\":\"Person\",\"@id\":\"https:\/\/veritasinfo.org\/#\/schema\/person\/c2b8be262ea994d0995addca692c5e98\",\"name\":\"US1\",\"image\":{\"@type\":\"ImageObject\",\"inLanguage\":\"en-US\",\"@id\":\"https:\/\/veritasinfo.org\/#\/schema\/person\/image\/\",\"url\":\"https:\/\/secure.gravatar.com\/avatar\/4e96a59bd256abf9956eb9963ac891a47461ffb364d47b0e9aab113328fdb75b?s=96&d=mm&r=g\",\"contentUrl\":\"https:\/\/secure.gravatar.com\/avatar\/4e96a59bd256abf9956eb9963ac891a47461ffb364d47b0e9aab113328fdb75b?s=96&d=mm&r=g\",\"caption\":\"US1\"},\"url\":\"https:\/\/veritasinfo.org\/?author=2\"}]}<\/script>\n<!-- \/ Yoast SEO plugin. -->","yoast_head_json":{"title":"KRU \u201cMitrovica\u201d lajm\u00ebron qytetar\u00ebt q\u00eb mos e p\u00ebrdorin ujin p\u00ebr pije -","robots":{"index":"index","follow":"follow","max-snippet":"max-snippet:-1","max-image-preview":"max-image-preview:large","max-video-preview":"max-video-preview:-1"},"canonical":"https:\/\/veritasinfo.org\/?p=10699","og_locale":"en_US","og_type":"article","og_title":"KRU \u201cMitrovica\u201d lajm\u00ebron qytetar\u00ebt q\u00eb mos e p\u00ebrdorin ujin p\u00ebr pije -","og_description":"Mitrovic\u00eb, 04 shtator 2025 Kompania Rajonale Uj\u00ebsjell\u00ebsi \u201cMitrovica\u201d, ka b\u00ebr\u00eb t\u00eb ditur se p\u00ebr shkak t\u00eb riparimeve q\u00eb po realizohen n\u00eb pajisjet e FTU-Balinc, \u00ebsht\u00eb","og_url":"https:\/\/veritasinfo.org\/?p=10699","article_published_time":"2025-09-04T11:06:21+00:00","og_image":[{"width":850,"height":425,"url":"https:\/\/veritasinfo.org\/wp-content\/uploads\/2025\/07\/kru_mitrovica.jpg","type":"image\/jpeg"}],"author":"US1","twitter_card":"summary_large_image","twitter_misc":{"Written by":"US1","Est. reading time":"1 minute"},"schema":{"@context":"https:\/\/schema.org","@graph":[{"@type":"WebPage","@id":"https:\/\/veritasinfo.org\/?p=10699","url":"https:\/\/veritasinfo.org\/?p=10699","name":"KRU \u201cMitrovica\u201d lajm\u00ebron qytetar\u00ebt q\u00eb mos e p\u00ebrdorin ujin p\u00ebr pije -","isPartOf":{"@id":"https:\/\/veritasinfo.org\/#website"},"primaryImageOfPage":{"@id":"https:\/\/veritasinfo.org\/?p=10699#primaryimage"},"image":{"@id":"https:\/\/veritasinfo.org\/?p=10699#primaryimage"},"thumbnailUrl":"https:\/\/veritasinfo.org\/wp-content\/uploads\/2025\/07\/kru_mitrovica.jpg","datePublished":"2025-09-04T11:06:21+00:00","author":{"@id":"https:\/\/veritasinfo.org\/#\/schema\/person\/c2b8be262ea994d0995addca692c5e98"},"breadcrumb":{"@id":"https:\/\/veritasinfo.org\/?p=10699#breadcrumb"},"inLanguage":"en-US","potentialAction":[{"@type":"ReadAction","target":["https:\/\/veritasinfo.org\/?p=10699"]}]},{"@type":"ImageObject","inLanguage":"en-US","@id":"https:\/\/veritasinfo.org\/?p=10699#primaryimage","url":"https:\/\/veritasinfo.org\/wp-content\/uploads\/2025\/07\/kru_mitrovica.jpg","contentUrl":"https:\/\/veritasinfo.org\/wp-content\/uploads\/2025\/07\/kru_mitrovica.jpg","width":850,"height":425},{"@type":"BreadcrumbList","@id":"https:\/\/veritasinfo.org\/?p=10699#breadcrumb","itemListElement":[{"@type":"ListItem","position":1,"name":"Home","item":"https:\/\/veritasinfo.org\/"},{"@type":"ListItem","position":2,"name":"KRU \u201cMitrovica\u201d lajm\u00ebron qytetar\u00ebt q\u00eb mos e p\u00ebrdorin ujin p\u00ebr pije"}]},{"@type":"WebSite","@id":"https:\/\/veritasinfo.org\/#website","url":"https:\/\/veritasinfo.org\/","name":"","description":"","potentialAction":[{"@type":"SearchAction","target":{"@type":"EntryPoint","urlTemplate":"https:\/\/veritasinfo.org\/?s={search_term_string}"},"query-input":{"@type":"PropertyValueSpecification","valueRequired":true,"valueName":"search_term_string"}}],"inLanguage":"en-US"},{"@type":"Person","@id":"https:\/\/veritasinfo.org\/#\/schema\/person\/c2b8be262ea994d0995addca692c5e98","name":"US1","image":{"@type":"ImageObject","inLanguage":"en-US","@id":"https:\/\/veritasinfo.org\/#\/schema\/person\/image\/","url":"https:\/\/secure.gravatar.com\/avatar\/4e96a59bd256abf9956eb9963ac891a47461ffb364d47b0e9aab113328fdb75b?s=96&d=mm&r=g","contentUrl":"https:\/\/secure.gravatar.com\/avatar\/4e96a59bd256abf9956eb9963ac891a47461ffb364d47b0e9aab113328fdb75b?s=96&d=mm&r=g","caption":"US1"},"url":"https:\/\/veritasinfo.org\/?author=2"}]}},"featured_image_urls":{"full":["https:\/\/veritasinfo.org\/wp-content\/uploads\/2025\/07\/kru_mitrovica.jpg",850,425,false],"thumbnail":["https:\/\/veritasinfo.org\/wp-content\/uploads\/2025\/07\/kru_mitrovica-150x150.jpg",150,150,true],"medium":["https:\/\/veritasinfo.org\/wp-content\/uploads\/2025\/07\/kru_mitrovica-300x150.jpg",300,150,true],"medium_large":["https:\/\/veritasinfo.org\/wp-content\/uploads\/2025\/07\/kru_mitrovica-768x384.jpg",640,320,true],"large":["https:\/\/veritasinfo.org\/wp-content\/uploads\/2025\/07\/kru_mitrovica.jpg",640,320,false],"1536x1536":["https:\/\/veritasinfo.org\/wp-content\/uploads\/2025\/07\/kru_mitrovica.jpg",850,425,false],"2048x2048":["https:\/\/veritasinfo.org\/wp-content\/uploads\/2025\/07\/kru_mitrovica.jpg",850,425,false],"kreeti-slider-full":["https:\/\/veritasinfo.org\/wp-content\/uploads\/2025\/07\/kru_mitrovica.jpg",850,425,false],"kreeti-featured":["https:\/\/veritasinfo.org\/wp-content\/uploads\/2025\/07\/kru_mitrovica.jpg",850,425,false],"kreeti-medium":["https:\/\/veritasinfo.org\/wp-content\/uploads\/2025\/07\/kru_mitrovica.jpg",720,360,false],"kreeti-medium-square":["https:\/\/veritasinfo.org\/wp-content\/uploads\/2025\/07\/kru_mitrovica.jpg",350,175,false]},"author_info":{"info":["US1"]},"category_info":"<a href=\"https:\/\/veritasinfo.org\/?cat=52\" rel=\"category\">Komunat<\/a>","tag_info":"Komunat","comment_count":"0","_links":{"self":[{"href":"https:\/\/veritasinfo.org\/index.php?rest_route=\/wp\/v2\/posts\/10699","targetHints":{"allow":["GET"]}}],"collection":[{"href":"https:\/\/veritasinfo.org\/index.php?rest_route=\/wp\/v2\/posts"}],"about":[{"href":"https:\/\/veritasinfo.org\/index.php?rest_route=\/wp\/v2\/types\/post"}],"author":[{"embeddable":true,"href":"https:\/\/veritasinfo.org\/index.php?rest_route=\/wp\/v2\/users\/2"}],"replies":[{"embeddable":true,"href":"https:\/\/veritasinfo.org\/index.php?rest_route=%2Fwp%2Fv2%2Fcomments&post=10699"}],"version-history":[{"count":1,"href":"https:\/\/veritasinfo.org\/index.php?rest_route=\/wp\/v2\/posts\/10699\/revisions"}],"predecessor-version":[{"id":10700,"href":"https:\/\/veritasinfo.org\/index.php?rest_route=\/wp\/v2\/posts\/10699\/revisions\/10700"}],"wp:featuredmedia":[{"embeddable":true,"href":"https:\/\/veritasinfo.org\/index.php?rest_route=\/wp\/v2\/media\/2148"}],"wp:attachment":[{"href":"https:\/\/veritasinfo.org\/index.php?rest_route=%2Fwp%2Fv2%2Fmedia&parent=10699"}],"wp:term":[{"taxonomy":"category","embeddable":true,"href":"https:\/\/veritasinfo.org\/index.php?rest_route=%2Fwp%2Fv2%2Fcategories&post=10699"},{"taxonomy":"post_tag","embeddable":true,"href":"https:\/\/veritasinfo.org\/index.php?rest_route=%2Fwp%2Fv2%2Ftags&post=10699"}],"curies":[{"name":"wp","href":"https:\/\/api.w.org\/{rel}","templated":true}]}}