{"id":10684,"date":"2025-09-04T11:20:50","date_gmt":"2025-09-04T09:20:50","guid":{"rendered":"https:\/\/veritasinfo.org\/?p=10684"},"modified":"2025-09-04T11:20:50","modified_gmt":"2025-09-04T09:20:50","slug":"kurti-kosova-eshte-rast-unik-i-shtetndertimit","status":"publish","type":"post","link":"https:\/\/veritasinfo.org\/?p=10684","title":{"rendered":"Kurti: Kosova \u00ebsht\u00eb rast unik i shtetnd\u00ebrtimit"},"content":{"rendered":"<p><strong>Prishtin\u00eb, 04.shtator 2025<\/strong><\/p>\n<p>N\u00eb dit\u00ebn e dyt\u00eb t\u00eb Konferenc\u00ebs Nd\u00ebrkomb\u00ebtare p\u00ebr Administrat\u00eb Publike \u2013 \u201cKosovaPAR 2025\u201d, kryeministri n\u00eb detyr\u00eb, Albin Kurti, tha se Kosova p\u00ebrfaq\u00ebson nj\u00eb rast t\u00eb ve\u00e7ant\u00eb t\u00eb shtetnd\u00ebrtimit pas luft\u00ebs, i cili sipas tij, \u00ebsht\u00eb vler\u00ebsuar edhe nga organizatat nd\u00ebrkomb\u00ebtare si nj\u00eb histori suksesi.<\/p>\n<p>Ai shtoi se Kosova \u00ebsht\u00eb nj\u00eb rast unik i shtetnd\u00ebrtimit. Kurti tha se qeveria e tij ka synuar t\u00eb nd\u00ebrtoj\u00eb baza t\u00eb forta p\u00ebr t\u00eb ardhmen.<\/p>\n<p>\u201cKjo konferenc\u00eb, e cila, ashtu si\u00e7 ishte premtuar n\u00eb vitin 2023, \u00ebsht\u00eb shnd\u00ebrruar tashm\u00eb n\u00eb nj\u00eb konferenc\u00eb vjetore q\u00eb mbledh pjes\u00ebmarr\u00ebs eminent\u00eb nga Kosova, rajoni, kontinenti evropian dhe e gjith\u00eb bota. Kosova \u00ebsht\u00eb, n\u00eb t\u00eb v\u00ebrtet\u00eb, nj\u00eb rast sui generis, p\u00ebr vet\u00eb faktin q\u00eb nd\u00ebrtimi i institucioneve pas luft\u00ebs \u00ebsht\u00eb b\u00ebr\u00eb nga nj\u00eb mision i udh\u00ebhequr nga Kombet e Bashkuara, n\u00eb bashk\u00ebpunim me BE-n\u00eb dhe Organizat\u00ebn p\u00ebr Siguri dhe Bashk\u00ebpunim n\u00eb Evrop\u00eb. Gjat\u00eb k\u00ebtyre 25 viteve, n\u00eb Kosov\u00eb ka ndodhur nj\u00eb proces i ve\u00e7ant\u00eb i shtetnd\u00ebrtimit, i pashembullt ndokund tjet\u00ebr apo ndonj\u00ebher\u00eb tjet\u00ebr. Raportet e fundit t\u00eb organizatave si Banka Bot\u00ebrore, Fondi Monetar Nd\u00ebrkomb\u00ebtar, SIGMA, organizata GAP e t\u00eb tjera d\u00ebshmojn\u00eb se Kosova \u00ebsht\u00eb nj\u00eb rast suksesi i shtetnd\u00ebrtimit pas nj\u00eb lufte t\u00eb tmerrshme. Gjat\u00eb k\u00ebtyre kat\u00ebr viteve t\u00eb fundit, qeveria q\u00eb un\u00eb udh\u00ebheq ka nd\u00ebrmarr\u00eb reforma t\u00eb thella n\u00eb t\u00eb gjith\u00eb sektor\u00ebt, n\u00eb m\u00ebnyr\u00eb q\u00eb ndryshimet pozitive t\u00eb jen\u00eb edhe t\u00eb q\u00ebndrueshme n\u00eb koh\u00eb p\u00ebr t\u00eb ardhmen, por edhe t\u00eb pakthyeshme, pra q\u00eb t\u00eb pamund\u00ebsojn\u00eb hapa prapa\u201d, tha Kurti.<\/p>\n<p>Ministria e Pun\u00ebve t\u00eb Brendshme, p\u00ebr t\u00eb tretin vit me radh\u00eb, ka organizuar konferenc\u00ebn nd\u00ebrkomb\u00ebtare \u201cKosovaPAR 2025\u201d, e cila k\u00ebt\u00eb vit \u00ebsht\u00eb fokusuar n\u00eb tem\u00ebn: \u201cCapacity in Public Administration for or through AI?\u201d<\/p>\n<p>Kjo tem\u00eb trajton ndikimin e inteligjenc\u00ebs artificiale n\u00eb nd\u00ebrtimin e kapaciteteve n\u00eb administrat\u00ebn publike.<\/p>\n","protected":false},"excerpt":{"rendered":"<p>Prishtin\u00eb, 04.shtator 2025 N\u00eb dit\u00ebn e dyt\u00eb t\u00eb Konferenc\u00ebs Nd\u00ebrkomb\u00ebtare p\u00ebr Administrat\u00eb Publike \u2013 \u201cKosovaPAR 2025\u201d, kryeministri n\u00eb detyr\u00eb, Albin Kurti, tha se Kosova p\u00ebrfaq\u00ebson<\/p>\n","protected":false},"author":2,"featured_media":10685,"comment_status":"open","ping_status":"open","sticky":false,"template":"","format":"standard","meta":{"footnotes":""},"categories":[58],"tags":[],"class_list":["post-10684","post","type-post","status-publish","format-standard","has-post-thumbnail","hentry","category-politike-sq"],"yoast_head":"<!-- This site is optimized with the Yoast SEO plugin v25.3.1 - https:\/\/yoast.com\/wordpress\/plugins\/seo\/ -->\n<title>Kurti: Kosova \u00ebsht\u00eb rast unik i shtetnd\u00ebrtimit -<\/title>\n<meta name=\"robots\" content=\"index, follow, max-snippet:-1, max-image-preview:large, max-video-preview:-1\" \/>\n<link rel=\"canonical\" href=\"https:\/\/veritasinfo.org\/?p=10684\" \/>\n<meta property=\"og:locale\" content=\"en_US\" \/>\n<meta property=\"og:type\" content=\"article\" \/>\n<meta property=\"og:title\" content=\"Kurti: Kosova \u00ebsht\u00eb rast unik i shtetnd\u00ebrtimit -\" \/>\n<meta property=\"og:description\" content=\"Prishtin\u00eb, 04.shtator 2025 N\u00eb dit\u00ebn e dyt\u00eb t\u00eb Konferenc\u00ebs Nd\u00ebrkomb\u00ebtare p\u00ebr Administrat\u00eb Publike \u2013 \u201cKosovaPAR 2025\u201d, kryeministri n\u00eb detyr\u00eb, Albin Kurti, tha se Kosova p\u00ebrfaq\u00ebson\" \/>\n<meta property=\"og:url\" content=\"https:\/\/veritasinfo.org\/?p=10684\" \/>\n<meta property=\"article:published_time\" content=\"2025-09-04T09:20:50+00:00\" \/>\n<meta property=\"og:image\" content=\"https:\/\/veritasinfo.org\/wp-content\/uploads\/2025\/09\/kurti.webp\" \/>\n\t<meta property=\"og:image:width\" content=\"850\" \/>\n\t<meta property=\"og:image:height\" content=\"637\" \/>\n\t<meta property=\"og:image:type\" content=\"image\/webp\" \/>\n<meta name=\"author\" content=\"US1\" \/>\n<meta name=\"twitter:card\" content=\"summary_large_image\" \/>\n<meta name=\"twitter:label1\" content=\"Written by\" \/>\n\t<meta name=\"twitter:data1\" content=\"US1\" \/>\n\t<meta name=\"twitter:label2\" content=\"Est. reading time\" \/>\n\t<meta name=\"twitter:data2\" content=\"2 minutes\" \/>\n<script type=\"application\/ld+json\" class=\"yoast-schema-graph\">{\"@context\":\"https:\/\/schema.org\",\"@graph\":[{\"@type\":\"WebPage\",\"@id\":\"https:\/\/veritasinfo.org\/?p=10684\",\"url\":\"https:\/\/veritasinfo.org\/?p=10684\",\"name\":\"Kurti: Kosova \u00ebsht\u00eb rast unik i shtetnd\u00ebrtimit -\",\"isPartOf\":{\"@id\":\"https:\/\/veritasinfo.org\/#website\"},\"primaryImageOfPage\":{\"@id\":\"https:\/\/veritasinfo.org\/?p=10684#primaryimage\"},\"image\":{\"@id\":\"https:\/\/veritasinfo.org\/?p=10684#primaryimage\"},\"thumbnailUrl\":\"https:\/\/veritasinfo.org\/wp-content\/uploads\/2025\/09\/kurti.webp\",\"datePublished\":\"2025-09-04T09:20:50+00:00\",\"author\":{\"@id\":\"https:\/\/veritasinfo.org\/#\/schema\/person\/c2b8be262ea994d0995addca692c5e98\"},\"breadcrumb\":{\"@id\":\"https:\/\/veritasinfo.org\/?p=10684#breadcrumb\"},\"inLanguage\":\"en-US\",\"potentialAction\":[{\"@type\":\"ReadAction\",\"target\":[\"https:\/\/veritasinfo.org\/?p=10684\"]}]},{\"@type\":\"ImageObject\",\"inLanguage\":\"en-US\",\"@id\":\"https:\/\/veritasinfo.org\/?p=10684#primaryimage\",\"url\":\"https:\/\/veritasinfo.org\/wp-content\/uploads\/2025\/09\/kurti.webp\",\"contentUrl\":\"https:\/\/veritasinfo.org\/wp-content\/uploads\/2025\/09\/kurti.webp\",\"width\":850,\"height\":637},{\"@type\":\"BreadcrumbList\",\"@id\":\"https:\/\/veritasinfo.org\/?p=10684#breadcrumb\",\"itemListElement\":[{\"@type\":\"ListItem\",\"position\":1,\"name\":\"Home\",\"item\":\"https:\/\/veritasinfo.org\/\"},{\"@type\":\"ListItem\",\"position\":2,\"name\":\"Kurti: Kosova \u00ebsht\u00eb rast unik i shtetnd\u00ebrtimit\"}]},{\"@type\":\"WebSite\",\"@id\":\"https:\/\/veritasinfo.org\/#website\",\"url\":\"https:\/\/veritasinfo.org\/\",\"name\":\"\",\"description\":\"\",\"potentialAction\":[{\"@type\":\"SearchAction\",\"target\":{\"@type\":\"EntryPoint\",\"urlTemplate\":\"https:\/\/veritasinfo.org\/?s={search_term_string}\"},\"query-input\":{\"@type\":\"PropertyValueSpecification\",\"valueRequired\":true,\"valueName\":\"search_term_string\"}}],\"inLanguage\":\"en-US\"},{\"@type\":\"Person\",\"@id\":\"https:\/\/veritasinfo.org\/#\/schema\/person\/c2b8be262ea994d0995addca692c5e98\",\"name\":\"US1\",\"image\":{\"@type\":\"ImageObject\",\"inLanguage\":\"en-US\",\"@id\":\"https:\/\/veritasinfo.org\/#\/schema\/person\/image\/\",\"url\":\"https:\/\/secure.gravatar.com\/avatar\/4e96a59bd256abf9956eb9963ac891a47461ffb364d47b0e9aab113328fdb75b?s=96&d=mm&r=g\",\"contentUrl\":\"https:\/\/secure.gravatar.com\/avatar\/4e96a59bd256abf9956eb9963ac891a47461ffb364d47b0e9aab113328fdb75b?s=96&d=mm&r=g\",\"caption\":\"US1\"},\"url\":\"https:\/\/veritasinfo.org\/?author=2\"}]}<\/script>\n<!-- \/ Yoast SEO plugin. -->","yoast_head_json":{"title":"Kurti: Kosova \u00ebsht\u00eb rast unik i shtetnd\u00ebrtimit -","robots":{"index":"index","follow":"follow","max-snippet":"max-snippet:-1","max-image-preview":"max-image-preview:large","max-video-preview":"max-video-preview:-1"},"canonical":"https:\/\/veritasinfo.org\/?p=10684","og_locale":"en_US","og_type":"article","og_title":"Kurti: Kosova \u00ebsht\u00eb rast unik i shtetnd\u00ebrtimit -","og_description":"Prishtin\u00eb, 04.shtator 2025 N\u00eb dit\u00ebn e dyt\u00eb t\u00eb Konferenc\u00ebs Nd\u00ebrkomb\u00ebtare p\u00ebr Administrat\u00eb Publike \u2013 \u201cKosovaPAR 2025\u201d, kryeministri n\u00eb detyr\u00eb, Albin Kurti, tha se Kosova p\u00ebrfaq\u00ebson","og_url":"https:\/\/veritasinfo.org\/?p=10684","article_published_time":"2025-09-04T09:20:50+00:00","og_image":[{"width":850,"height":637,"url":"https:\/\/veritasinfo.org\/wp-content\/uploads\/2025\/09\/kurti.webp","type":"image\/webp"}],"author":"US1","twitter_card":"summary_large_image","twitter_misc":{"Written by":"US1","Est. reading time":"2 minutes"},"schema":{"@context":"https:\/\/schema.org","@graph":[{"@type":"WebPage","@id":"https:\/\/veritasinfo.org\/?p=10684","url":"https:\/\/veritasinfo.org\/?p=10684","name":"Kurti: Kosova \u00ebsht\u00eb rast unik i shtetnd\u00ebrtimit -","isPartOf":{"@id":"https:\/\/veritasinfo.org\/#website"},"primaryImageOfPage":{"@id":"https:\/\/veritasinfo.org\/?p=10684#primaryimage"},"image":{"@id":"https:\/\/veritasinfo.org\/?p=10684#primaryimage"},"thumbnailUrl":"https:\/\/veritasinfo.org\/wp-content\/uploads\/2025\/09\/kurti.webp","datePublished":"2025-09-04T09:20:50+00:00","author":{"@id":"https:\/\/veritasinfo.org\/#\/schema\/person\/c2b8be262ea994d0995addca692c5e98"},"breadcrumb":{"@id":"https:\/\/veritasinfo.org\/?p=10684#breadcrumb"},"inLanguage":"en-US","potentialAction":[{"@type":"ReadAction","target":["https:\/\/veritasinfo.org\/?p=10684"]}]},{"@type":"ImageObject","inLanguage":"en-US","@id":"https:\/\/veritasinfo.org\/?p=10684#primaryimage","url":"https:\/\/veritasinfo.org\/wp-content\/uploads\/2025\/09\/kurti.webp","contentUrl":"https:\/\/veritasinfo.org\/wp-content\/uploads\/2025\/09\/kurti.webp","width":850,"height":637},{"@type":"BreadcrumbList","@id":"https:\/\/veritasinfo.org\/?p=10684#breadcrumb","itemListElement":[{"@type":"ListItem","position":1,"name":"Home","item":"https:\/\/veritasinfo.org\/"},{"@type":"ListItem","position":2,"name":"Kurti: Kosova \u00ebsht\u00eb rast unik i shtetnd\u00ebrtimit"}]},{"@type":"WebSite","@id":"https:\/\/veritasinfo.org\/#website","url":"https:\/\/veritasinfo.org\/","name":"","description":"","potentialAction":[{"@type":"SearchAction","target":{"@type":"EntryPoint","urlTemplate":"https:\/\/veritasinfo.org\/?s={search_term_string}"},"query-input":{"@type":"PropertyValueSpecification","valueRequired":true,"valueName":"search_term_string"}}],"inLanguage":"en-US"},{"@type":"Person","@id":"https:\/\/veritasinfo.org\/#\/schema\/person\/c2b8be262ea994d0995addca692c5e98","name":"US1","image":{"@type":"ImageObject","inLanguage":"en-US","@id":"https:\/\/veritasinfo.org\/#\/schema\/person\/image\/","url":"https:\/\/secure.gravatar.com\/avatar\/4e96a59bd256abf9956eb9963ac891a47461ffb364d47b0e9aab113328fdb75b?s=96&d=mm&r=g","contentUrl":"https:\/\/secure.gravatar.com\/avatar\/4e96a59bd256abf9956eb9963ac891a47461ffb364d47b0e9aab113328fdb75b?s=96&d=mm&r=g","caption":"US1"},"url":"https:\/\/veritasinfo.org\/?author=2"}]}},"featured_image_urls":{"full":["https:\/\/veritasinfo.org\/wp-content\/uploads\/2025\/09\/kurti.webp",850,637,false],"thumbnail":["https:\/\/veritasinfo.org\/wp-content\/uploads\/2025\/09\/kurti-150x150.webp",150,150,true],"medium":["https:\/\/veritasinfo.org\/wp-content\/uploads\/2025\/09\/kurti-300x225.webp",300,225,true],"medium_large":["https:\/\/veritasinfo.org\/wp-content\/uploads\/2025\/09\/kurti-768x576.webp",640,480,true],"large":["https:\/\/veritasinfo.org\/wp-content\/uploads\/2025\/09\/kurti.webp",640,480,false],"1536x1536":["https:\/\/veritasinfo.org\/wp-content\/uploads\/2025\/09\/kurti.webp",850,637,false],"2048x2048":["https:\/\/veritasinfo.org\/wp-content\/uploads\/2025\/09\/kurti.webp",850,637,false],"kreeti-slider-full":["https:\/\/veritasinfo.org\/wp-content\/uploads\/2025\/09\/kurti.webp",850,637,false],"kreeti-featured":["https:\/\/veritasinfo.org\/wp-content\/uploads\/2025\/09\/kurti.webp",850,637,false],"kreeti-medium":["https:\/\/veritasinfo.org\/wp-content\/uploads\/2025\/09\/kurti.webp",707,530,false],"kreeti-medium-square":["https:\/\/veritasinfo.org\/wp-content\/uploads\/2025\/09\/kurti.webp",350,262,false]},"author_info":{"info":["US1"]},"category_info":"<a href=\"https:\/\/veritasinfo.org\/?cat=58\" rel=\"category\">Politik\u00eb<\/a>","tag_info":"Politik\u00eb","comment_count":"0","_links":{"self":[{"href":"https:\/\/veritasinfo.org\/index.php?rest_route=\/wp\/v2\/posts\/10684","targetHints":{"allow":["GET"]}}],"collection":[{"href":"https:\/\/veritasinfo.org\/index.php?rest_route=\/wp\/v2\/posts"}],"about":[{"href":"https:\/\/veritasinfo.org\/index.php?rest_route=\/wp\/v2\/types\/post"}],"author":[{"embeddable":true,"href":"https:\/\/veritasinfo.org\/index.php?rest_route=\/wp\/v2\/users\/2"}],"replies":[{"embeddable":true,"href":"https:\/\/veritasinfo.org\/index.php?rest_route=%2Fwp%2Fv2%2Fcomments&post=10684"}],"version-history":[{"count":1,"href":"https:\/\/veritasinfo.org\/index.php?rest_route=\/wp\/v2\/posts\/10684\/revisions"}],"predecessor-version":[{"id":10686,"href":"https:\/\/veritasinfo.org\/index.php?rest_route=\/wp\/v2\/posts\/10684\/revisions\/10686"}],"wp:featuredmedia":[{"embeddable":true,"href":"https:\/\/veritasinfo.org\/index.php?rest_route=\/wp\/v2\/media\/10685"}],"wp:attachment":[{"href":"https:\/\/veritasinfo.org\/index.php?rest_route=%2Fwp%2Fv2%2Fmedia&parent=10684"}],"wp:term":[{"taxonomy":"category","embeddable":true,"href":"https:\/\/veritasinfo.org\/index.php?rest_route=%2Fwp%2Fv2%2Fcategories&post=10684"},{"taxonomy":"post_tag","embeddable":true,"href":"https:\/\/veritasinfo.org\/index.php?rest_route=%2Fwp%2Fv2%2Ftags&post=10684"}],"curies":[{"name":"wp","href":"https:\/\/api.w.org\/{rel}","templated":true}]}}