{"id":1068,"date":"2025-06-19T18:34:48","date_gmt":"2025-06-19T16:34:48","guid":{"rendered":"https:\/\/veritasinfo.org\/?p=1068"},"modified":"2025-06-19T18:34:48","modified_gmt":"2025-06-19T16:34:48","slug":"ish-kryetari-i-listes-serbe-goran-rakiq-nuk-i-pergjigjet-thirrjes-se-prokurorise-speciale-per-intervistim","status":"publish","type":"post","link":"https:\/\/veritasinfo.org\/?p=1068","title":{"rendered":"Ish-kryetari i List\u00ebs Serbe Goran Rakiq nuk i p\u00ebrgjigjet thirrjes s\u00eb Prokuroris\u00eb Speciale p\u00ebr intervistim"},"content":{"rendered":"<p>Prokuroria Speciale e Republik\u00ebs s\u00eb Kosov\u00ebs ka b\u00ebr\u00eb t\u00eb ditur se ish-kryetari i List\u00ebs Serbe, Goran Rakiq, nuk \u00ebsht\u00eb paraqitur n\u00eb seanc\u00ebn e fundit p\u00ebr intervistim t\u00eb thirrur m\u00eb 18 qershor 2025.<\/p>\n<p>Sipas z\u00ebdh\u00ebn\u00ebses s\u00eb Prokuroris\u00eb Speciale, Arbnora Luta, Rakiq ishte ftuar fillimisht p\u00ebr intervistim, por kishte dor\u00ebzuar nj\u00eb raport mjek\u00ebsor, n\u00eb t\u00eb cilin thuhej se kishte probleme sh\u00ebndet\u00ebsore dhe p\u00ebr k\u00ebt\u00eb arsye nuk mund t\u00eb merrte pjes\u00eb.<\/p>\n<p>Megjithat\u00eb, n\u00eb ftes\u00ebn e dyt\u00eb t\u00eb b\u00ebr\u00eb nga PSRK-ja p\u00ebr m\u00eb 18 qershor, tashm\u00eb deputeti n\u00eb Kuvendin e Serbis\u00eb nuk ka paraqitur asnj\u00eb arsye p\u00ebr munges\u00ebn e tij.<\/p>\n<p>\u201cLidhur me rastin p\u00ebr t\u00eb cilin keni adresuar pyetje, ju njoftojm\u00eb se z. Goran Rakic kur \u00ebsht\u00eb ftuar her\u00ebn e par\u00eb e ka njoftuar Prokurorin\u00eb Speciale, p\u00ebrmes nj\u00eb raporti mjek\u00ebsor se ka probleme sh\u00ebndet\u00ebsore dhe nuk mund t\u00eb paraqitet p\u00ebr intervistim. PSRK e ka ftuar s\u00ebrish m\u00eb 18 qershor, por ai ende nuk ka paraqitur arsyetim p\u00ebr mos prezenc\u00ebn e tij.<\/p>\n<p>Prokuroria Speciale shum\u00eb shpejt do ta caktoj seanc\u00ebn e radh\u00ebs p\u00ebr intervistim\u201d, ka th\u00ebn\u00eb Luta.<\/p>\n","protected":false},"excerpt":{"rendered":"<p>Prokuroria Speciale e Republik\u00ebs s\u00eb Kosov\u00ebs ka b\u00ebr\u00eb t\u00eb ditur se ish-kryetari i List\u00ebs Serbe, Goran Rakiq, nuk \u00ebsht\u00eb paraqitur n\u00eb seanc\u00ebn e fundit p\u00ebr<\/p>\n","protected":false},"author":1,"featured_media":1069,"comment_status":"open","ping_status":"open","sticky":false,"template":"","format":"standard","meta":{"footnotes":""},"categories":[58],"tags":[],"class_list":["post-1068","post","type-post","status-publish","format-standard","has-post-thumbnail","hentry","category-politike-sq"],"yoast_head":"<!-- This site is optimized with the Yoast SEO plugin v25.3.1 - https:\/\/yoast.com\/wordpress\/plugins\/seo\/ -->\n<title>Ish-kryetari i List\u00ebs Serbe Goran Rakiq nuk i p\u00ebrgjigjet thirrjes s\u00eb Prokuroris\u00eb Speciale p\u00ebr intervistim -<\/title>\n<meta name=\"robots\" content=\"index, follow, max-snippet:-1, max-image-preview:large, max-video-preview:-1\" \/>\n<link rel=\"canonical\" href=\"https:\/\/veritasinfo.org\/?p=1068\" \/>\n<meta property=\"og:locale\" content=\"en_US\" \/>\n<meta property=\"og:type\" content=\"article\" \/>\n<meta property=\"og:title\" content=\"Ish-kryetari i List\u00ebs Serbe Goran Rakiq nuk i p\u00ebrgjigjet thirrjes s\u00eb Prokuroris\u00eb Speciale p\u00ebr intervistim -\" \/>\n<meta property=\"og:description\" content=\"Prokuroria Speciale e Republik\u00ebs s\u00eb Kosov\u00ebs ka b\u00ebr\u00eb t\u00eb ditur se ish-kryetari i List\u00ebs Serbe, Goran Rakiq, nuk \u00ebsht\u00eb paraqitur n\u00eb seanc\u00ebn e fundit p\u00ebr\" \/>\n<meta property=\"og:url\" content=\"https:\/\/veritasinfo.org\/?p=1068\" \/>\n<meta property=\"article:published_time\" content=\"2025-06-19T16:34:48+00:00\" \/>\n<meta property=\"og:image\" content=\"https:\/\/veritasinfo.org\/wp-content\/uploads\/2025\/06\/IMG_0018.jpeg\" \/>\n\t<meta property=\"og:image:width\" content=\"821\" \/>\n\t<meta property=\"og:image:height\" content=\"531\" \/>\n\t<meta property=\"og:image:type\" content=\"image\/jpeg\" \/>\n<meta name=\"author\" content=\"admin\" \/>\n<meta name=\"twitter:card\" content=\"summary_large_image\" \/>\n<meta name=\"twitter:label1\" content=\"Written by\" \/>\n\t<meta name=\"twitter:data1\" content=\"admin\" \/>\n\t<meta name=\"twitter:label2\" content=\"Est. reading time\" \/>\n\t<meta name=\"twitter:data2\" content=\"1 minute\" \/>\n<script type=\"application\/ld+json\" class=\"yoast-schema-graph\">{\"@context\":\"https:\/\/schema.org\",\"@graph\":[{\"@type\":\"WebPage\",\"@id\":\"https:\/\/veritasinfo.org\/?p=1068\",\"url\":\"https:\/\/veritasinfo.org\/?p=1068\",\"name\":\"Ish-kryetari i List\u00ebs Serbe Goran Rakiq nuk i p\u00ebrgjigjet thirrjes s\u00eb Prokuroris\u00eb Speciale p\u00ebr intervistim -\",\"isPartOf\":{\"@id\":\"https:\/\/veritasinfo.org\/#website\"},\"primaryImageOfPage\":{\"@id\":\"https:\/\/veritasinfo.org\/?p=1068#primaryimage\"},\"image\":{\"@id\":\"https:\/\/veritasinfo.org\/?p=1068#primaryimage\"},\"thumbnailUrl\":\"https:\/\/veritasinfo.org\/wp-content\/uploads\/2025\/06\/IMG_0018.jpeg\",\"datePublished\":\"2025-06-19T16:34:48+00:00\",\"author\":{\"@id\":\"https:\/\/veritasinfo.org\/#\/schema\/person\/7701f8c088bece422266b100a712374f\"},\"breadcrumb\":{\"@id\":\"https:\/\/veritasinfo.org\/?p=1068#breadcrumb\"},\"inLanguage\":\"en-US\",\"potentialAction\":[{\"@type\":\"ReadAction\",\"target\":[\"https:\/\/veritasinfo.org\/?p=1068\"]}]},{\"@type\":\"ImageObject\",\"inLanguage\":\"en-US\",\"@id\":\"https:\/\/veritasinfo.org\/?p=1068#primaryimage\",\"url\":\"https:\/\/veritasinfo.org\/wp-content\/uploads\/2025\/06\/IMG_0018.jpeg\",\"contentUrl\":\"https:\/\/veritasinfo.org\/wp-content\/uploads\/2025\/06\/IMG_0018.jpeg\",\"width\":821,\"height\":531},{\"@type\":\"BreadcrumbList\",\"@id\":\"https:\/\/veritasinfo.org\/?p=1068#breadcrumb\",\"itemListElement\":[{\"@type\":\"ListItem\",\"position\":1,\"name\":\"Home\",\"item\":\"https:\/\/veritasinfo.org\/\"},{\"@type\":\"ListItem\",\"position\":2,\"name\":\"Ish-kryetari i List\u00ebs Serbe Goran Rakiq nuk i p\u00ebrgjigjet thirrjes s\u00eb Prokuroris\u00eb Speciale p\u00ebr intervistim\"}]},{\"@type\":\"WebSite\",\"@id\":\"https:\/\/veritasinfo.org\/#website\",\"url\":\"https:\/\/veritasinfo.org\/\",\"name\":\"\",\"description\":\"\",\"potentialAction\":[{\"@type\":\"SearchAction\",\"target\":{\"@type\":\"EntryPoint\",\"urlTemplate\":\"https:\/\/veritasinfo.org\/?s={search_term_string}\"},\"query-input\":{\"@type\":\"PropertyValueSpecification\",\"valueRequired\":true,\"valueName\":\"search_term_string\"}}],\"inLanguage\":\"en-US\"},{\"@type\":\"Person\",\"@id\":\"https:\/\/veritasinfo.org\/#\/schema\/person\/7701f8c088bece422266b100a712374f\",\"name\":\"admin\",\"image\":{\"@type\":\"ImageObject\",\"inLanguage\":\"en-US\",\"@id\":\"https:\/\/veritasinfo.org\/#\/schema\/person\/image\/\",\"url\":\"https:\/\/secure.gravatar.com\/avatar\/ea53aa3bf6c9a12d5fde8ce4deff43fef3885ae33cf60184161a50d6987cfd2f?s=96&d=mm&r=g\",\"contentUrl\":\"https:\/\/secure.gravatar.com\/avatar\/ea53aa3bf6c9a12d5fde8ce4deff43fef3885ae33cf60184161a50d6987cfd2f?s=96&d=mm&r=g\",\"caption\":\"admin\"},\"sameAs\":[\"https:\/\/veritasinfo.org\"],\"url\":\"https:\/\/veritasinfo.org\/?author=1\"}]}<\/script>\n<!-- \/ Yoast SEO plugin. -->","yoast_head_json":{"title":"Ish-kryetari i List\u00ebs Serbe Goran Rakiq nuk i p\u00ebrgjigjet thirrjes s\u00eb Prokuroris\u00eb Speciale p\u00ebr intervistim -","robots":{"index":"index","follow":"follow","max-snippet":"max-snippet:-1","max-image-preview":"max-image-preview:large","max-video-preview":"max-video-preview:-1"},"canonical":"https:\/\/veritasinfo.org\/?p=1068","og_locale":"en_US","og_type":"article","og_title":"Ish-kryetari i List\u00ebs Serbe Goran Rakiq nuk i p\u00ebrgjigjet thirrjes s\u00eb Prokuroris\u00eb Speciale p\u00ebr intervistim -","og_description":"Prokuroria Speciale e Republik\u00ebs s\u00eb Kosov\u00ebs ka b\u00ebr\u00eb t\u00eb ditur se ish-kryetari i List\u00ebs Serbe, Goran Rakiq, nuk \u00ebsht\u00eb paraqitur n\u00eb seanc\u00ebn e fundit p\u00ebr","og_url":"https:\/\/veritasinfo.org\/?p=1068","article_published_time":"2025-06-19T16:34:48+00:00","og_image":[{"width":821,"height":531,"url":"https:\/\/veritasinfo.org\/wp-content\/uploads\/2025\/06\/IMG_0018.jpeg","type":"image\/jpeg"}],"author":"admin","twitter_card":"summary_large_image","twitter_misc":{"Written by":"admin","Est. reading time":"1 minute"},"schema":{"@context":"https:\/\/schema.org","@graph":[{"@type":"WebPage","@id":"https:\/\/veritasinfo.org\/?p=1068","url":"https:\/\/veritasinfo.org\/?p=1068","name":"Ish-kryetari i List\u00ebs Serbe Goran Rakiq nuk i p\u00ebrgjigjet thirrjes s\u00eb Prokuroris\u00eb Speciale p\u00ebr intervistim -","isPartOf":{"@id":"https:\/\/veritasinfo.org\/#website"},"primaryImageOfPage":{"@id":"https:\/\/veritasinfo.org\/?p=1068#primaryimage"},"image":{"@id":"https:\/\/veritasinfo.org\/?p=1068#primaryimage"},"thumbnailUrl":"https:\/\/veritasinfo.org\/wp-content\/uploads\/2025\/06\/IMG_0018.jpeg","datePublished":"2025-06-19T16:34:48+00:00","author":{"@id":"https:\/\/veritasinfo.org\/#\/schema\/person\/7701f8c088bece422266b100a712374f"},"breadcrumb":{"@id":"https:\/\/veritasinfo.org\/?p=1068#breadcrumb"},"inLanguage":"en-US","potentialAction":[{"@type":"ReadAction","target":["https:\/\/veritasinfo.org\/?p=1068"]}]},{"@type":"ImageObject","inLanguage":"en-US","@id":"https:\/\/veritasinfo.org\/?p=1068#primaryimage","url":"https:\/\/veritasinfo.org\/wp-content\/uploads\/2025\/06\/IMG_0018.jpeg","contentUrl":"https:\/\/veritasinfo.org\/wp-content\/uploads\/2025\/06\/IMG_0018.jpeg","width":821,"height":531},{"@type":"BreadcrumbList","@id":"https:\/\/veritasinfo.org\/?p=1068#breadcrumb","itemListElement":[{"@type":"ListItem","position":1,"name":"Home","item":"https:\/\/veritasinfo.org\/"},{"@type":"ListItem","position":2,"name":"Ish-kryetari i List\u00ebs Serbe Goran Rakiq nuk i p\u00ebrgjigjet thirrjes s\u00eb Prokuroris\u00eb Speciale p\u00ebr intervistim"}]},{"@type":"WebSite","@id":"https:\/\/veritasinfo.org\/#website","url":"https:\/\/veritasinfo.org\/","name":"","description":"","potentialAction":[{"@type":"SearchAction","target":{"@type":"EntryPoint","urlTemplate":"https:\/\/veritasinfo.org\/?s={search_term_string}"},"query-input":{"@type":"PropertyValueSpecification","valueRequired":true,"valueName":"search_term_string"}}],"inLanguage":"en-US"},{"@type":"Person","@id":"https:\/\/veritasinfo.org\/#\/schema\/person\/7701f8c088bece422266b100a712374f","name":"admin","image":{"@type":"ImageObject","inLanguage":"en-US","@id":"https:\/\/veritasinfo.org\/#\/schema\/person\/image\/","url":"https:\/\/secure.gravatar.com\/avatar\/ea53aa3bf6c9a12d5fde8ce4deff43fef3885ae33cf60184161a50d6987cfd2f?s=96&d=mm&r=g","contentUrl":"https:\/\/secure.gravatar.com\/avatar\/ea53aa3bf6c9a12d5fde8ce4deff43fef3885ae33cf60184161a50d6987cfd2f?s=96&d=mm&r=g","caption":"admin"},"sameAs":["https:\/\/veritasinfo.org"],"url":"https:\/\/veritasinfo.org\/?author=1"}]}},"featured_image_urls":{"full":["https:\/\/veritasinfo.org\/wp-content\/uploads\/2025\/06\/IMG_0018.jpeg",821,531,false],"thumbnail":["https:\/\/veritasinfo.org\/wp-content\/uploads\/2025\/06\/IMG_0018-150x150.jpeg",150,150,true],"medium":["https:\/\/veritasinfo.org\/wp-content\/uploads\/2025\/06\/IMG_0018-300x194.jpeg",300,194,true],"medium_large":["https:\/\/veritasinfo.org\/wp-content\/uploads\/2025\/06\/IMG_0018-768x497.jpeg",640,414,true],"large":["https:\/\/veritasinfo.org\/wp-content\/uploads\/2025\/06\/IMG_0018.jpeg",640,414,false],"1536x1536":["https:\/\/veritasinfo.org\/wp-content\/uploads\/2025\/06\/IMG_0018.jpeg",821,531,false],"2048x2048":["https:\/\/veritasinfo.org\/wp-content\/uploads\/2025\/06\/IMG_0018.jpeg",821,531,false],"kreeti-slider-full":["https:\/\/veritasinfo.org\/wp-content\/uploads\/2025\/06\/IMG_0018.jpeg",821,531,false],"kreeti-featured":["https:\/\/veritasinfo.org\/wp-content\/uploads\/2025\/06\/IMG_0018.jpeg",821,531,false],"kreeti-medium":["https:\/\/veritasinfo.org\/wp-content\/uploads\/2025\/06\/IMG_0018.jpeg",720,466,false],"kreeti-medium-square":["https:\/\/veritasinfo.org\/wp-content\/uploads\/2025\/06\/IMG_0018.jpeg",350,226,false]},"author_info":{"info":["admin"]},"category_info":"<a href=\"https:\/\/veritasinfo.org\/?cat=58\" rel=\"category\">Politik\u00eb<\/a>","tag_info":"Politik\u00eb","comment_count":"0","_links":{"self":[{"href":"https:\/\/veritasinfo.org\/index.php?rest_route=\/wp\/v2\/posts\/1068","targetHints":{"allow":["GET"]}}],"collection":[{"href":"https:\/\/veritasinfo.org\/index.php?rest_route=\/wp\/v2\/posts"}],"about":[{"href":"https:\/\/veritasinfo.org\/index.php?rest_route=\/wp\/v2\/types\/post"}],"author":[{"embeddable":true,"href":"https:\/\/veritasinfo.org\/index.php?rest_route=\/wp\/v2\/users\/1"}],"replies":[{"embeddable":true,"href":"https:\/\/veritasinfo.org\/index.php?rest_route=%2Fwp%2Fv2%2Fcomments&post=1068"}],"version-history":[{"count":1,"href":"https:\/\/veritasinfo.org\/index.php?rest_route=\/wp\/v2\/posts\/1068\/revisions"}],"predecessor-version":[{"id":1070,"href":"https:\/\/veritasinfo.org\/index.php?rest_route=\/wp\/v2\/posts\/1068\/revisions\/1070"}],"wp:featuredmedia":[{"embeddable":true,"href":"https:\/\/veritasinfo.org\/index.php?rest_route=\/wp\/v2\/media\/1069"}],"wp:attachment":[{"href":"https:\/\/veritasinfo.org\/index.php?rest_route=%2Fwp%2Fv2%2Fmedia&parent=1068"}],"wp:term":[{"taxonomy":"category","embeddable":true,"href":"https:\/\/veritasinfo.org\/index.php?rest_route=%2Fwp%2Fv2%2Fcategories&post=1068"},{"taxonomy":"post_tag","embeddable":true,"href":"https:\/\/veritasinfo.org\/index.php?rest_route=%2Fwp%2Fv2%2Ftags&post=1068"}],"curies":[{"name":"wp","href":"https:\/\/api.w.org\/{rel}","templated":true}]}}