{"id":10679,"date":"2025-09-04T09:55:22","date_gmt":"2025-09-04T07:55:22","guid":{"rendered":"https:\/\/veritasinfo.org\/?p=10679"},"modified":"2025-09-04T09:55:22","modified_gmt":"2025-09-04T07:55:22","slug":"njoftohet-per-linje-te-re-autobusesh-midis-veriut-dhe-jugut-te-qytetit-te-mitrovices","status":"publish","type":"post","link":"https:\/\/veritasinfo.org\/?p=10679","title":{"rendered":"Njoftohet p\u00ebr linj\u00eb t\u00eb re autobus\u00ebsh midis veriut dhe jugut t\u00eb qytetit t\u00eb Mitrovic\u00ebs"},"content":{"rendered":"<p><strong>Mitrovic\u00eb, 04 shtator 2025<\/strong><\/p>\n<p>Kryetari i Komun\u00ebs s\u00eb Mitrovic\u00ebs s\u00eb Veriut, Erden Atiq, njoftoi krijimin e nj\u00eb linje t\u00eb rregullt autobus\u00ebsh q\u00eb do t\u00eb lidh\u00eb pjes\u00ebt veriore dhe jugore t\u00eb qytetit. Si\u00e7 theksoi ai, q\u00ebllimi i k\u00ebsaj iniciative \u00ebsht\u00eb t\u00eb leht\u00ebsoj\u00eb l\u00ebvizjen e qytetar\u00ebve dhe t\u00eb p\u00ebrmir\u00ebsoj\u00eb jet\u00ebn e p\u00ebrditshme t\u00eb banor\u00ebve n\u00eb t\u00eb dy an\u00ebt e lumit Ib\u00ebr.<\/p>\n<p>&#8220;Kjo linj\u00eb do t\u00eb jet\u00eb n\u00eb dispozicion t\u00eb t\u00eb gjith\u00eb qytetar\u00ebve dhe do t\u00eb jet\u00eb nj\u00eb hap i r\u00ebnd\u00ebsish\u00ebm drejt nj\u00eb lidhjeje dhe funksionaliteti m\u00eb t\u00eb madh t\u00eb qytetit&#8221;, tha Atiq.<\/p>\n<p>Sipas njoftimeve, linja e autobus\u00ebve duhet t\u00eb funksionoj\u00eb n\u00eb intervale t\u00eb rregullta, dhe sh\u00ebrbimet komunale tashm\u00eb po punojn\u00eb n\u00eb detajet teknike dhe po p\u00ebrcaktojn\u00eb ndalesat.<\/p>\n<p>Qytetar\u00ebt shpresojn\u00eb q\u00eb ky vendim do t\u00eb kontribuoj\u00eb n\u00eb komunikim m\u00eb t\u00eb mir\u00eb, l\u00ebvizshm\u00ebri m\u00eb t\u00eb madhe dhe ulje t\u00eb tensioneve q\u00eb kan\u00eb qen\u00eb t\u00eb pranishme n\u00eb Mitrovic\u00eb prej vitesh.<\/p>\n","protected":false},"excerpt":{"rendered":"<p>Mitrovic\u00eb, 04 shtator 2025 Kryetari i Komun\u00ebs s\u00eb Mitrovic\u00ebs s\u00eb Veriut, Erden Atiq, njoftoi krijimin e nj\u00eb linje t\u00eb rregullt autobus\u00ebsh q\u00eb do t\u00eb lidh\u00eb<\/p>\n","protected":false},"author":2,"featured_media":10680,"comment_status":"open","ping_status":"open","sticky":false,"template":"","format":"standard","meta":{"footnotes":""},"categories":[52],"tags":[],"class_list":["post-10679","post","type-post","status-publish","format-standard","has-post-thumbnail","hentry","category-komunat-sq"],"yoast_head":"<!-- This site is optimized with the Yoast SEO plugin v25.3.1 - https:\/\/yoast.com\/wordpress\/plugins\/seo\/ -->\n<title>Njoftohet p\u00ebr linj\u00eb t\u00eb re autobus\u00ebsh midis veriut dhe jugut t\u00eb qytetit t\u00eb Mitrovic\u00ebs -<\/title>\n<meta name=\"robots\" content=\"index, follow, max-snippet:-1, max-image-preview:large, max-video-preview:-1\" \/>\n<link rel=\"canonical\" href=\"https:\/\/veritasinfo.org\/?p=10679\" \/>\n<meta property=\"og:locale\" content=\"en_US\" \/>\n<meta property=\"og:type\" content=\"article\" \/>\n<meta property=\"og:title\" content=\"Njoftohet p\u00ebr linj\u00eb t\u00eb re autobus\u00ebsh midis veriut dhe jugut t\u00eb qytetit t\u00eb Mitrovic\u00ebs -\" \/>\n<meta property=\"og:description\" content=\"Mitrovic\u00eb, 04 shtator 2025 Kryetari i Komun\u00ebs s\u00eb Mitrovic\u00ebs s\u00eb Veriut, Erden Atiq, njoftoi krijimin e nj\u00eb linje t\u00eb rregullt autobus\u00ebsh q\u00eb do t\u00eb lidh\u00eb\" \/>\n<meta property=\"og:url\" content=\"https:\/\/veritasinfo.org\/?p=10679\" \/>\n<meta property=\"article:published_time\" content=\"2025-09-04T07:55:22+00:00\" \/>\n<meta property=\"og:image\" content=\"https:\/\/veritasinfo.org\/wp-content\/uploads\/2025\/09\/Erden-Atiq.jpg\" \/>\n\t<meta property=\"og:image:width\" content=\"1920\" \/>\n\t<meta property=\"og:image:height\" content=\"1080\" \/>\n\t<meta property=\"og:image:type\" content=\"image\/jpeg\" \/>\n<meta name=\"author\" content=\"US1\" \/>\n<meta name=\"twitter:card\" content=\"summary_large_image\" \/>\n<meta name=\"twitter:label1\" content=\"Written by\" \/>\n\t<meta name=\"twitter:data1\" content=\"US1\" \/>\n\t<meta name=\"twitter:label2\" content=\"Est. reading time\" \/>\n\t<meta name=\"twitter:data2\" content=\"1 minute\" \/>\n<script type=\"application\/ld+json\" class=\"yoast-schema-graph\">{\"@context\":\"https:\/\/schema.org\",\"@graph\":[{\"@type\":\"WebPage\",\"@id\":\"https:\/\/veritasinfo.org\/?p=10679\",\"url\":\"https:\/\/veritasinfo.org\/?p=10679\",\"name\":\"Njoftohet p\u00ebr linj\u00eb t\u00eb re autobus\u00ebsh midis veriut dhe jugut t\u00eb qytetit t\u00eb Mitrovic\u00ebs -\",\"isPartOf\":{\"@id\":\"https:\/\/veritasinfo.org\/#website\"},\"primaryImageOfPage\":{\"@id\":\"https:\/\/veritasinfo.org\/?p=10679#primaryimage\"},\"image\":{\"@id\":\"https:\/\/veritasinfo.org\/?p=10679#primaryimage\"},\"thumbnailUrl\":\"https:\/\/veritasinfo.org\/wp-content\/uploads\/2025\/09\/Erden-Atiq.jpg\",\"datePublished\":\"2025-09-04T07:55:22+00:00\",\"author\":{\"@id\":\"https:\/\/veritasinfo.org\/#\/schema\/person\/c2b8be262ea994d0995addca692c5e98\"},\"breadcrumb\":{\"@id\":\"https:\/\/veritasinfo.org\/?p=10679#breadcrumb\"},\"inLanguage\":\"en-US\",\"potentialAction\":[{\"@type\":\"ReadAction\",\"target\":[\"https:\/\/veritasinfo.org\/?p=10679\"]}]},{\"@type\":\"ImageObject\",\"inLanguage\":\"en-US\",\"@id\":\"https:\/\/veritasinfo.org\/?p=10679#primaryimage\",\"url\":\"https:\/\/veritasinfo.org\/wp-content\/uploads\/2025\/09\/Erden-Atiq.jpg\",\"contentUrl\":\"https:\/\/veritasinfo.org\/wp-content\/uploads\/2025\/09\/Erden-Atiq.jpg\",\"width\":1920,\"height\":1080},{\"@type\":\"BreadcrumbList\",\"@id\":\"https:\/\/veritasinfo.org\/?p=10679#breadcrumb\",\"itemListElement\":[{\"@type\":\"ListItem\",\"position\":1,\"name\":\"Home\",\"item\":\"https:\/\/veritasinfo.org\/\"},{\"@type\":\"ListItem\",\"position\":2,\"name\":\"Njoftohet p\u00ebr linj\u00eb t\u00eb re autobus\u00ebsh midis veriut dhe jugut t\u00eb qytetit t\u00eb Mitrovic\u00ebs\"}]},{\"@type\":\"WebSite\",\"@id\":\"https:\/\/veritasinfo.org\/#website\",\"url\":\"https:\/\/veritasinfo.org\/\",\"name\":\"\",\"description\":\"\",\"potentialAction\":[{\"@type\":\"SearchAction\",\"target\":{\"@type\":\"EntryPoint\",\"urlTemplate\":\"https:\/\/veritasinfo.org\/?s={search_term_string}\"},\"query-input\":{\"@type\":\"PropertyValueSpecification\",\"valueRequired\":true,\"valueName\":\"search_term_string\"}}],\"inLanguage\":\"en-US\"},{\"@type\":\"Person\",\"@id\":\"https:\/\/veritasinfo.org\/#\/schema\/person\/c2b8be262ea994d0995addca692c5e98\",\"name\":\"US1\",\"image\":{\"@type\":\"ImageObject\",\"inLanguage\":\"en-US\",\"@id\":\"https:\/\/veritasinfo.org\/#\/schema\/person\/image\/\",\"url\":\"https:\/\/secure.gravatar.com\/avatar\/4e96a59bd256abf9956eb9963ac891a47461ffb364d47b0e9aab113328fdb75b?s=96&d=mm&r=g\",\"contentUrl\":\"https:\/\/secure.gravatar.com\/avatar\/4e96a59bd256abf9956eb9963ac891a47461ffb364d47b0e9aab113328fdb75b?s=96&d=mm&r=g\",\"caption\":\"US1\"},\"url\":\"https:\/\/veritasinfo.org\/?author=2\"}]}<\/script>\n<!-- \/ Yoast SEO plugin. -->","yoast_head_json":{"title":"Njoftohet p\u00ebr linj\u00eb t\u00eb re autobus\u00ebsh midis veriut dhe jugut t\u00eb qytetit t\u00eb Mitrovic\u00ebs -","robots":{"index":"index","follow":"follow","max-snippet":"max-snippet:-1","max-image-preview":"max-image-preview:large","max-video-preview":"max-video-preview:-1"},"canonical":"https:\/\/veritasinfo.org\/?p=10679","og_locale":"en_US","og_type":"article","og_title":"Njoftohet p\u00ebr linj\u00eb t\u00eb re autobus\u00ebsh midis veriut dhe jugut t\u00eb qytetit t\u00eb Mitrovic\u00ebs -","og_description":"Mitrovic\u00eb, 04 shtator 2025 Kryetari i Komun\u00ebs s\u00eb Mitrovic\u00ebs s\u00eb Veriut, Erden Atiq, njoftoi krijimin e nj\u00eb linje t\u00eb rregullt autobus\u00ebsh q\u00eb do t\u00eb lidh\u00eb","og_url":"https:\/\/veritasinfo.org\/?p=10679","article_published_time":"2025-09-04T07:55:22+00:00","og_image":[{"width":1920,"height":1080,"url":"https:\/\/veritasinfo.org\/wp-content\/uploads\/2025\/09\/Erden-Atiq.jpg","type":"image\/jpeg"}],"author":"US1","twitter_card":"summary_large_image","twitter_misc":{"Written by":"US1","Est. reading time":"1 minute"},"schema":{"@context":"https:\/\/schema.org","@graph":[{"@type":"WebPage","@id":"https:\/\/veritasinfo.org\/?p=10679","url":"https:\/\/veritasinfo.org\/?p=10679","name":"Njoftohet p\u00ebr linj\u00eb t\u00eb re autobus\u00ebsh midis veriut dhe jugut t\u00eb qytetit t\u00eb Mitrovic\u00ebs -","isPartOf":{"@id":"https:\/\/veritasinfo.org\/#website"},"primaryImageOfPage":{"@id":"https:\/\/veritasinfo.org\/?p=10679#primaryimage"},"image":{"@id":"https:\/\/veritasinfo.org\/?p=10679#primaryimage"},"thumbnailUrl":"https:\/\/veritasinfo.org\/wp-content\/uploads\/2025\/09\/Erden-Atiq.jpg","datePublished":"2025-09-04T07:55:22+00:00","author":{"@id":"https:\/\/veritasinfo.org\/#\/schema\/person\/c2b8be262ea994d0995addca692c5e98"},"breadcrumb":{"@id":"https:\/\/veritasinfo.org\/?p=10679#breadcrumb"},"inLanguage":"en-US","potentialAction":[{"@type":"ReadAction","target":["https:\/\/veritasinfo.org\/?p=10679"]}]},{"@type":"ImageObject","inLanguage":"en-US","@id":"https:\/\/veritasinfo.org\/?p=10679#primaryimage","url":"https:\/\/veritasinfo.org\/wp-content\/uploads\/2025\/09\/Erden-Atiq.jpg","contentUrl":"https:\/\/veritasinfo.org\/wp-content\/uploads\/2025\/09\/Erden-Atiq.jpg","width":1920,"height":1080},{"@type":"BreadcrumbList","@id":"https:\/\/veritasinfo.org\/?p=10679#breadcrumb","itemListElement":[{"@type":"ListItem","position":1,"name":"Home","item":"https:\/\/veritasinfo.org\/"},{"@type":"ListItem","position":2,"name":"Njoftohet p\u00ebr linj\u00eb t\u00eb re autobus\u00ebsh midis veriut dhe jugut t\u00eb qytetit t\u00eb Mitrovic\u00ebs"}]},{"@type":"WebSite","@id":"https:\/\/veritasinfo.org\/#website","url":"https:\/\/veritasinfo.org\/","name":"","description":"","potentialAction":[{"@type":"SearchAction","target":{"@type":"EntryPoint","urlTemplate":"https:\/\/veritasinfo.org\/?s={search_term_string}"},"query-input":{"@type":"PropertyValueSpecification","valueRequired":true,"valueName":"search_term_string"}}],"inLanguage":"en-US"},{"@type":"Person","@id":"https:\/\/veritasinfo.org\/#\/schema\/person\/c2b8be262ea994d0995addca692c5e98","name":"US1","image":{"@type":"ImageObject","inLanguage":"en-US","@id":"https:\/\/veritasinfo.org\/#\/schema\/person\/image\/","url":"https:\/\/secure.gravatar.com\/avatar\/4e96a59bd256abf9956eb9963ac891a47461ffb364d47b0e9aab113328fdb75b?s=96&d=mm&r=g","contentUrl":"https:\/\/secure.gravatar.com\/avatar\/4e96a59bd256abf9956eb9963ac891a47461ffb364d47b0e9aab113328fdb75b?s=96&d=mm&r=g","caption":"US1"},"url":"https:\/\/veritasinfo.org\/?author=2"}]}},"featured_image_urls":{"full":["https:\/\/veritasinfo.org\/wp-content\/uploads\/2025\/09\/Erden-Atiq.jpg",1920,1080,false],"thumbnail":["https:\/\/veritasinfo.org\/wp-content\/uploads\/2025\/09\/Erden-Atiq-150x150.jpg",150,150,true],"medium":["https:\/\/veritasinfo.org\/wp-content\/uploads\/2025\/09\/Erden-Atiq-300x169.jpg",300,169,true],"medium_large":["https:\/\/veritasinfo.org\/wp-content\/uploads\/2025\/09\/Erden-Atiq-768x432.jpg",640,360,true],"large":["https:\/\/veritasinfo.org\/wp-content\/uploads\/2025\/09\/Erden-Atiq-1024x576.jpg",640,360,true],"1536x1536":["https:\/\/veritasinfo.org\/wp-content\/uploads\/2025\/09\/Erden-Atiq-1536x864.jpg",1536,864,true],"2048x2048":["https:\/\/veritasinfo.org\/wp-content\/uploads\/2025\/09\/Erden-Atiq.jpg",1920,1080,false],"kreeti-slider-full":["https:\/\/veritasinfo.org\/wp-content\/uploads\/2025\/09\/Erden-Atiq.jpg",1280,720,false],"kreeti-featured":["https:\/\/veritasinfo.org\/wp-content\/uploads\/2025\/09\/Erden-Atiq.jpg",1024,576,false],"kreeti-medium":["https:\/\/veritasinfo.org\/wp-content\/uploads\/2025\/09\/Erden-Atiq.jpg",720,405,false],"kreeti-medium-square":["https:\/\/veritasinfo.org\/wp-content\/uploads\/2025\/09\/Erden-Atiq.jpg",350,197,false]},"author_info":{"info":["US1"]},"category_info":"<a href=\"https:\/\/veritasinfo.org\/?cat=52\" rel=\"category\">Komunat<\/a>","tag_info":"Komunat","comment_count":"0","_links":{"self":[{"href":"https:\/\/veritasinfo.org\/index.php?rest_route=\/wp\/v2\/posts\/10679","targetHints":{"allow":["GET"]}}],"collection":[{"href":"https:\/\/veritasinfo.org\/index.php?rest_route=\/wp\/v2\/posts"}],"about":[{"href":"https:\/\/veritasinfo.org\/index.php?rest_route=\/wp\/v2\/types\/post"}],"author":[{"embeddable":true,"href":"https:\/\/veritasinfo.org\/index.php?rest_route=\/wp\/v2\/users\/2"}],"replies":[{"embeddable":true,"href":"https:\/\/veritasinfo.org\/index.php?rest_route=%2Fwp%2Fv2%2Fcomments&post=10679"}],"version-history":[{"count":1,"href":"https:\/\/veritasinfo.org\/index.php?rest_route=\/wp\/v2\/posts\/10679\/revisions"}],"predecessor-version":[{"id":10681,"href":"https:\/\/veritasinfo.org\/index.php?rest_route=\/wp\/v2\/posts\/10679\/revisions\/10681"}],"wp:featuredmedia":[{"embeddable":true,"href":"https:\/\/veritasinfo.org\/index.php?rest_route=\/wp\/v2\/media\/10680"}],"wp:attachment":[{"href":"https:\/\/veritasinfo.org\/index.php?rest_route=%2Fwp%2Fv2%2Fmedia&parent=10679"}],"wp:term":[{"taxonomy":"category","embeddable":true,"href":"https:\/\/veritasinfo.org\/index.php?rest_route=%2Fwp%2Fv2%2Fcategories&post=10679"},{"taxonomy":"post_tag","embeddable":true,"href":"https:\/\/veritasinfo.org\/index.php?rest_route=%2Fwp%2Fv2%2Ftags&post=10679"}],"curies":[{"name":"wp","href":"https:\/\/api.w.org\/{rel}","templated":true}]}}