{"id":10653,"date":"2025-09-04T07:46:05","date_gmt":"2025-09-04T05:46:05","guid":{"rendered":"https:\/\/veritasinfo.org\/?p=10653"},"modified":"2025-09-04T07:46:05","modified_gmt":"2025-09-04T05:46:05","slug":"the-guardian-ne-nje-shtegtim-te-paharrueshem-ne-bjeshket-e-nemuna-ah-sikur-guret-te-kishin-ze","status":"publish","type":"post","link":"https:\/\/veritasinfo.org\/?p=10653","title":{"rendered":"&#8220;The Guardian\u201d n\u00eb nj\u00eb shtegtim t\u00eb paharruesh\u00ebm n\u00eb Bjeshk\u00ebt e Nemuna: \u201cAh, sikur gur\u00ebt t\u00eb kishin z\u00eb\u201c"},"content":{"rendered":"<p><strong>Prishtin\u00eb, 04 shtator 2025<\/strong><\/p>\n<p>Nj\u00eb udh\u00ebtim n\u00ebp\u00ebr seksionin e Kosov\u00ebs t\u00eb Via Dinarica ofron peizazhe mahnit\u00ebse t\u00eb Ballkanit, histori magjike dhe kujtime t\u00eb trishta nga e kaluara e af\u00ebrt e k\u00ebsaj zone.<\/p>\n<p>Ky \u00ebsht\u00eb p\u00ebrshkrimi fillestar q\u00eb Stuart Kenny, gazetar dhe redaktor i pavarur i specializuar n\u00eb udh\u00ebtime, b\u00ebn n\u00eb shkrimin e tij t\u00eb publikuar n\u00eb t\u00eb p\u00ebrditshmen e madhe britanike, \u201cThe Guardian\u201d, t\u00eb cilin mund ta gjeni m\u00eb posht\u00eb, pa nd\u00ebrhyrje.<\/p>\n<p>N\u00eb kodr\u00ebn n\u00eb t\u00eb djatht\u00ebn time, pak posht\u00eb kresht\u00ebs q\u00eb sh\u00ebnon kufirin Shqip\u00ebri\u2013Kosov\u00eb, shfaqen bunker\u00eb guri t\u00eb mbuluar nga mjegulla. N\u00eb t\u00eb majt\u00eb, pamja \u00ebsht\u00eb jo vet\u00ebm e qart\u00eb, por trondit\u00ebse nga bukuria.<\/p>\n<p>Nga aty, mund t\u00eb shoh posht\u00eb drejt fshatit malor t\u00eb vog\u00ebl Gacaferi, ku kisha fjetur mbr\u00ebm\u00eb, t\u00eb shoh p\u00ebrtej gjelb\u00ebrimit t\u00eb thell\u00eb t\u00eb Gryk\u00ebs s\u00eb De\u00e7anit, pyjeve me pisha dhe livadheve t\u00eb mbushura me lule t\u00eb egra roz\u00eb e t\u00eb verdha, e deri te maja e \u00c7f\u00ebrles me 2,461 metra lart\u00ebsi dhe majat e ashpra t\u00eb Bjeshk\u00ebve t\u00eb Nemuna n\u00eb per\u00ebndim t\u00eb Kosov\u00ebs.<\/p>\n<p>Ne ndodhemi n\u00eb faz\u00ebn e n\u00ebnt\u00eb t\u00eb Via Dinarica Kosov\u00eb, nj\u00eb shteg prej 120 kilometrash, i ndar\u00eb n\u00eb 13 faza, q\u00eb p\u00ebrshkon k\u00ebt\u00eb vend plot histori. Itinerari lidhet me Via Dinarica, nj\u00eb shteg ballkanik q\u00eb shtrihet nga Sllovenia deri n\u00eb Shqip\u00ebri. Seksioni i Kosov\u00ebs u hap n\u00eb vitin 2015, por koh\u00ebt e fundit \u00ebsht\u00eb rimapuar dhe ri-lansuar si pjes\u00eb e nj\u00eb projekti trevje\u00e7ar prej rreth 1.4 milion\u00eb euro, t\u00eb financuar nga Agjencia Italiane p\u00ebr Bashk\u00ebpunim dhe Zhvillim (AICS).<\/p>\n","protected":false},"excerpt":{"rendered":"<p>Prishtin\u00eb, 04 shtator 2025 Nj\u00eb udh\u00ebtim n\u00ebp\u00ebr seksionin e Kosov\u00ebs t\u00eb Via Dinarica ofron peizazhe mahnit\u00ebse t\u00eb Ballkanit, histori magjike dhe kujtime t\u00eb trishta nga<\/p>\n","protected":false},"author":2,"featured_media":10654,"comment_status":"open","ping_status":"open","sticky":false,"template":"","format":"standard","meta":{"footnotes":""},"categories":[54],"tags":[],"class_list":["post-10653","post","type-post","status-publish","format-standard","has-post-thumbnail","hentry","category-kulture-sq"],"yoast_head":"<!-- This site is optimized with the Yoast SEO plugin v25.3.1 - https:\/\/yoast.com\/wordpress\/plugins\/seo\/ -->\n<title>&quot;The Guardian\u201d n\u00eb nj\u00eb shtegtim t\u00eb paharruesh\u00ebm n\u00eb Bjeshk\u00ebt e Nemuna: \u201cAh, sikur gur\u00ebt t\u00eb kishin z\u00eb\u201c -<\/title>\n<meta name=\"robots\" content=\"index, follow, max-snippet:-1, max-image-preview:large, max-video-preview:-1\" \/>\n<link rel=\"canonical\" href=\"https:\/\/veritasinfo.org\/?p=10653\" \/>\n<meta property=\"og:locale\" content=\"en_US\" \/>\n<meta property=\"og:type\" content=\"article\" \/>\n<meta property=\"og:title\" content=\"&quot;The Guardian\u201d n\u00eb nj\u00eb shtegtim t\u00eb paharruesh\u00ebm n\u00eb Bjeshk\u00ebt e Nemuna: \u201cAh, sikur gur\u00ebt t\u00eb kishin z\u00eb\u201c -\" \/>\n<meta property=\"og:description\" content=\"Prishtin\u00eb, 04 shtator 2025 Nj\u00eb udh\u00ebtim n\u00ebp\u00ebr seksionin e Kosov\u00ebs t\u00eb Via Dinarica ofron peizazhe mahnit\u00ebse t\u00eb Ballkanit, histori magjike dhe kujtime t\u00eb trishta nga\" \/>\n<meta property=\"og:url\" content=\"https:\/\/veritasinfo.org\/?p=10653\" \/>\n<meta property=\"article:published_time\" content=\"2025-09-04T05:46:05+00:00\" \/>\n<meta property=\"og:image\" content=\"https:\/\/veritasinfo.org\/wp-content\/uploads\/2025\/09\/Kultura.jpg\" \/>\n\t<meta property=\"og:image:width\" content=\"900\" \/>\n\t<meta property=\"og:image:height\" content=\"720\" \/>\n\t<meta property=\"og:image:type\" content=\"image\/jpeg\" \/>\n<meta name=\"author\" content=\"US1\" \/>\n<meta name=\"twitter:card\" content=\"summary_large_image\" \/>\n<meta name=\"twitter:label1\" content=\"Written by\" \/>\n\t<meta name=\"twitter:data1\" content=\"US1\" \/>\n\t<meta name=\"twitter:label2\" content=\"Est. reading time\" \/>\n\t<meta name=\"twitter:data2\" content=\"2 minutes\" \/>\n<script type=\"application\/ld+json\" class=\"yoast-schema-graph\">{\"@context\":\"https:\/\/schema.org\",\"@graph\":[{\"@type\":\"WebPage\",\"@id\":\"https:\/\/veritasinfo.org\/?p=10653\",\"url\":\"https:\/\/veritasinfo.org\/?p=10653\",\"name\":\"\\\"The Guardian\u201d n\u00eb nj\u00eb shtegtim t\u00eb paharruesh\u00ebm n\u00eb Bjeshk\u00ebt e Nemuna: \u201cAh, sikur gur\u00ebt t\u00eb kishin z\u00eb\u201c -\",\"isPartOf\":{\"@id\":\"https:\/\/veritasinfo.org\/#website\"},\"primaryImageOfPage\":{\"@id\":\"https:\/\/veritasinfo.org\/?p=10653#primaryimage\"},\"image\":{\"@id\":\"https:\/\/veritasinfo.org\/?p=10653#primaryimage\"},\"thumbnailUrl\":\"https:\/\/veritasinfo.org\/wp-content\/uploads\/2025\/09\/Kultura.jpg\",\"datePublished\":\"2025-09-04T05:46:05+00:00\",\"author\":{\"@id\":\"https:\/\/veritasinfo.org\/#\/schema\/person\/c2b8be262ea994d0995addca692c5e98\"},\"breadcrumb\":{\"@id\":\"https:\/\/veritasinfo.org\/?p=10653#breadcrumb\"},\"inLanguage\":\"en-US\",\"potentialAction\":[{\"@type\":\"ReadAction\",\"target\":[\"https:\/\/veritasinfo.org\/?p=10653\"]}]},{\"@type\":\"ImageObject\",\"inLanguage\":\"en-US\",\"@id\":\"https:\/\/veritasinfo.org\/?p=10653#primaryimage\",\"url\":\"https:\/\/veritasinfo.org\/wp-content\/uploads\/2025\/09\/Kultura.jpg\",\"contentUrl\":\"https:\/\/veritasinfo.org\/wp-content\/uploads\/2025\/09\/Kultura.jpg\",\"width\":900,\"height\":720},{\"@type\":\"BreadcrumbList\",\"@id\":\"https:\/\/veritasinfo.org\/?p=10653#breadcrumb\",\"itemListElement\":[{\"@type\":\"ListItem\",\"position\":1,\"name\":\"Home\",\"item\":\"https:\/\/veritasinfo.org\/\"},{\"@type\":\"ListItem\",\"position\":2,\"name\":\"&#8220;The Guardian\u201d n\u00eb nj\u00eb shtegtim t\u00eb paharruesh\u00ebm n\u00eb Bjeshk\u00ebt e Nemuna: \u201cAh, sikur gur\u00ebt t\u00eb kishin z\u00eb\u201c\"}]},{\"@type\":\"WebSite\",\"@id\":\"https:\/\/veritasinfo.org\/#website\",\"url\":\"https:\/\/veritasinfo.org\/\",\"name\":\"\",\"description\":\"\",\"potentialAction\":[{\"@type\":\"SearchAction\",\"target\":{\"@type\":\"EntryPoint\",\"urlTemplate\":\"https:\/\/veritasinfo.org\/?s={search_term_string}\"},\"query-input\":{\"@type\":\"PropertyValueSpecification\",\"valueRequired\":true,\"valueName\":\"search_term_string\"}}],\"inLanguage\":\"en-US\"},{\"@type\":\"Person\",\"@id\":\"https:\/\/veritasinfo.org\/#\/schema\/person\/c2b8be262ea994d0995addca692c5e98\",\"name\":\"US1\",\"image\":{\"@type\":\"ImageObject\",\"inLanguage\":\"en-US\",\"@id\":\"https:\/\/veritasinfo.org\/#\/schema\/person\/image\/\",\"url\":\"https:\/\/secure.gravatar.com\/avatar\/4e96a59bd256abf9956eb9963ac891a47461ffb364d47b0e9aab113328fdb75b?s=96&d=mm&r=g\",\"contentUrl\":\"https:\/\/secure.gravatar.com\/avatar\/4e96a59bd256abf9956eb9963ac891a47461ffb364d47b0e9aab113328fdb75b?s=96&d=mm&r=g\",\"caption\":\"US1\"},\"url\":\"https:\/\/veritasinfo.org\/?author=2\"}]}<\/script>\n<!-- \/ Yoast SEO plugin. -->","yoast_head_json":{"title":"\"The Guardian\u201d n\u00eb nj\u00eb shtegtim t\u00eb paharruesh\u00ebm n\u00eb Bjeshk\u00ebt e Nemuna: \u201cAh, sikur gur\u00ebt t\u00eb kishin z\u00eb\u201c -","robots":{"index":"index","follow":"follow","max-snippet":"max-snippet:-1","max-image-preview":"max-image-preview:large","max-video-preview":"max-video-preview:-1"},"canonical":"https:\/\/veritasinfo.org\/?p=10653","og_locale":"en_US","og_type":"article","og_title":"\"The Guardian\u201d n\u00eb nj\u00eb shtegtim t\u00eb paharruesh\u00ebm n\u00eb Bjeshk\u00ebt e Nemuna: \u201cAh, sikur gur\u00ebt t\u00eb kishin z\u00eb\u201c -","og_description":"Prishtin\u00eb, 04 shtator 2025 Nj\u00eb udh\u00ebtim n\u00ebp\u00ebr seksionin e Kosov\u00ebs t\u00eb Via Dinarica ofron peizazhe mahnit\u00ebse t\u00eb Ballkanit, histori magjike dhe kujtime t\u00eb trishta nga","og_url":"https:\/\/veritasinfo.org\/?p=10653","article_published_time":"2025-09-04T05:46:05+00:00","og_image":[{"width":900,"height":720,"url":"https:\/\/veritasinfo.org\/wp-content\/uploads\/2025\/09\/Kultura.jpg","type":"image\/jpeg"}],"author":"US1","twitter_card":"summary_large_image","twitter_misc":{"Written by":"US1","Est. reading time":"2 minutes"},"schema":{"@context":"https:\/\/schema.org","@graph":[{"@type":"WebPage","@id":"https:\/\/veritasinfo.org\/?p=10653","url":"https:\/\/veritasinfo.org\/?p=10653","name":"\"The Guardian\u201d n\u00eb nj\u00eb shtegtim t\u00eb paharruesh\u00ebm n\u00eb Bjeshk\u00ebt e Nemuna: \u201cAh, sikur gur\u00ebt t\u00eb kishin z\u00eb\u201c -","isPartOf":{"@id":"https:\/\/veritasinfo.org\/#website"},"primaryImageOfPage":{"@id":"https:\/\/veritasinfo.org\/?p=10653#primaryimage"},"image":{"@id":"https:\/\/veritasinfo.org\/?p=10653#primaryimage"},"thumbnailUrl":"https:\/\/veritasinfo.org\/wp-content\/uploads\/2025\/09\/Kultura.jpg","datePublished":"2025-09-04T05:46:05+00:00","author":{"@id":"https:\/\/veritasinfo.org\/#\/schema\/person\/c2b8be262ea994d0995addca692c5e98"},"breadcrumb":{"@id":"https:\/\/veritasinfo.org\/?p=10653#breadcrumb"},"inLanguage":"en-US","potentialAction":[{"@type":"ReadAction","target":["https:\/\/veritasinfo.org\/?p=10653"]}]},{"@type":"ImageObject","inLanguage":"en-US","@id":"https:\/\/veritasinfo.org\/?p=10653#primaryimage","url":"https:\/\/veritasinfo.org\/wp-content\/uploads\/2025\/09\/Kultura.jpg","contentUrl":"https:\/\/veritasinfo.org\/wp-content\/uploads\/2025\/09\/Kultura.jpg","width":900,"height":720},{"@type":"BreadcrumbList","@id":"https:\/\/veritasinfo.org\/?p=10653#breadcrumb","itemListElement":[{"@type":"ListItem","position":1,"name":"Home","item":"https:\/\/veritasinfo.org\/"},{"@type":"ListItem","position":2,"name":"&#8220;The Guardian\u201d n\u00eb nj\u00eb shtegtim t\u00eb paharruesh\u00ebm n\u00eb Bjeshk\u00ebt e Nemuna: \u201cAh, sikur gur\u00ebt t\u00eb kishin z\u00eb\u201c"}]},{"@type":"WebSite","@id":"https:\/\/veritasinfo.org\/#website","url":"https:\/\/veritasinfo.org\/","name":"","description":"","potentialAction":[{"@type":"SearchAction","target":{"@type":"EntryPoint","urlTemplate":"https:\/\/veritasinfo.org\/?s={search_term_string}"},"query-input":{"@type":"PropertyValueSpecification","valueRequired":true,"valueName":"search_term_string"}}],"inLanguage":"en-US"},{"@type":"Person","@id":"https:\/\/veritasinfo.org\/#\/schema\/person\/c2b8be262ea994d0995addca692c5e98","name":"US1","image":{"@type":"ImageObject","inLanguage":"en-US","@id":"https:\/\/veritasinfo.org\/#\/schema\/person\/image\/","url":"https:\/\/secure.gravatar.com\/avatar\/4e96a59bd256abf9956eb9963ac891a47461ffb364d47b0e9aab113328fdb75b?s=96&d=mm&r=g","contentUrl":"https:\/\/secure.gravatar.com\/avatar\/4e96a59bd256abf9956eb9963ac891a47461ffb364d47b0e9aab113328fdb75b?s=96&d=mm&r=g","caption":"US1"},"url":"https:\/\/veritasinfo.org\/?author=2"}]}},"featured_image_urls":{"full":["https:\/\/veritasinfo.org\/wp-content\/uploads\/2025\/09\/Kultura.jpg",900,720,false],"thumbnail":["https:\/\/veritasinfo.org\/wp-content\/uploads\/2025\/09\/Kultura-150x150.jpg",150,150,true],"medium":["https:\/\/veritasinfo.org\/wp-content\/uploads\/2025\/09\/Kultura-300x240.jpg",300,240,true],"medium_large":["https:\/\/veritasinfo.org\/wp-content\/uploads\/2025\/09\/Kultura-768x614.jpg",640,512,true],"large":["https:\/\/veritasinfo.org\/wp-content\/uploads\/2025\/09\/Kultura.jpg",640,512,false],"1536x1536":["https:\/\/veritasinfo.org\/wp-content\/uploads\/2025\/09\/Kultura.jpg",900,720,false],"2048x2048":["https:\/\/veritasinfo.org\/wp-content\/uploads\/2025\/09\/Kultura.jpg",900,720,false],"kreeti-slider-full":["https:\/\/veritasinfo.org\/wp-content\/uploads\/2025\/09\/Kultura.jpg",900,720,false],"kreeti-featured":["https:\/\/veritasinfo.org\/wp-content\/uploads\/2025\/09\/Kultura.jpg",900,720,false],"kreeti-medium":["https:\/\/veritasinfo.org\/wp-content\/uploads\/2025\/09\/Kultura.jpg",663,530,false],"kreeti-medium-square":["https:\/\/veritasinfo.org\/wp-content\/uploads\/2025\/09\/Kultura.jpg",350,280,false]},"author_info":{"info":["US1"]},"category_info":"<a href=\"https:\/\/veritasinfo.org\/?cat=54\" rel=\"category\">Kultur\u00eb<\/a>","tag_info":"Kultur\u00eb","comment_count":"0","_links":{"self":[{"href":"https:\/\/veritasinfo.org\/index.php?rest_route=\/wp\/v2\/posts\/10653","targetHints":{"allow":["GET"]}}],"collection":[{"href":"https:\/\/veritasinfo.org\/index.php?rest_route=\/wp\/v2\/posts"}],"about":[{"href":"https:\/\/veritasinfo.org\/index.php?rest_route=\/wp\/v2\/types\/post"}],"author":[{"embeddable":true,"href":"https:\/\/veritasinfo.org\/index.php?rest_route=\/wp\/v2\/users\/2"}],"replies":[{"embeddable":true,"href":"https:\/\/veritasinfo.org\/index.php?rest_route=%2Fwp%2Fv2%2Fcomments&post=10653"}],"version-history":[{"count":1,"href":"https:\/\/veritasinfo.org\/index.php?rest_route=\/wp\/v2\/posts\/10653\/revisions"}],"predecessor-version":[{"id":10655,"href":"https:\/\/veritasinfo.org\/index.php?rest_route=\/wp\/v2\/posts\/10653\/revisions\/10655"}],"wp:featuredmedia":[{"embeddable":true,"href":"https:\/\/veritasinfo.org\/index.php?rest_route=\/wp\/v2\/media\/10654"}],"wp:attachment":[{"href":"https:\/\/veritasinfo.org\/index.php?rest_route=%2Fwp%2Fv2%2Fmedia&parent=10653"}],"wp:term":[{"taxonomy":"category","embeddable":true,"href":"https:\/\/veritasinfo.org\/index.php?rest_route=%2Fwp%2Fv2%2Fcategories&post=10653"},{"taxonomy":"post_tag","embeddable":true,"href":"https:\/\/veritasinfo.org\/index.php?rest_route=%2Fwp%2Fv2%2Ftags&post=10653"}],"curies":[{"name":"wp","href":"https:\/\/api.w.org\/{rel}","templated":true}]}}