{"id":10616,"date":"2025-09-03T19:12:53","date_gmt":"2025-09-03T17:12:53","guid":{"rendered":"https:\/\/veritasinfo.org\/?p=10616"},"modified":"2025-09-03T19:12:53","modified_gmt":"2025-09-03T17:12:53","slug":"mesazhet-kercenuese-ne-veri-svecla-potenciali-per-destabilizim-nuk-ekziston","status":"publish","type":"post","link":"https:\/\/veritasinfo.org\/?p=10616","title":{"rendered":"Mesazhet k\u00ebrc\u00ebnuese n\u00eb veri \u2013 Sve\u00e7la:  Potenciali p\u00ebr destabilizim nuk ekziston"},"content":{"rendered":"<p><strong>Prishtin\u00eb, 03 shtator 2025<\/strong><\/p>\n<p>Ministri n\u00eb detyr\u00eb i Pun\u00ebve t\u00eb Brendshme, Xhelal Sve\u00e7la\u00a0 duke folur p\u00ebr mesazhet k\u00ebrc\u00ebnuese n\u00eb veri ka th\u00ebn\u00eb se jan\u00eb pjes\u00eb e luft\u00ebs hibride si dhe destabilizimit.<\/p>\n<p>Ai n\u00eb nj\u00eb deklarim p\u00ebr T\u00ebv\u00eb1 ka th\u00ebn\u00eb k\u00ebto veprime b\u00ebhet edhe p\u00ebr t\u00eb friksuar qytetar\u00ebt serb q\u00eb jan\u00eb lojal ndaj shtetit t\u00eb Kosov\u00ebs.<\/p>\n<p>\u201c Kjo \u00ebsht\u00eb luft\u00eb hibride me q\u00ebllim q\u00eb situata n\u00eb Kosov\u00eb t\u00eb mos p\u00ebrmir\u00ebsohet edhe m\u00eb tutje. Jan\u00eb kapsolla t\u00eb destabilizimit, qoft\u00eb politik qoft\u00eb t\u00eb siguris\u00eb. Por poashtu b\u00ebhen q\u00eb popullata yn\u00eb e etnis\u00eb serbe n\u00eb nj\u00eb m\u00ebnyr\u00eb apo tjetr\u00ebn p\u00ebr disa t\u00eb inkurajohet e p\u00ebr disa t\u00eb frik\u00ebsohen, grupi i dyt\u00eb lojal ndaj Republik\u00ebs s\u00eb Kosov\u00ebs, duke tentuar t\u00eb shfaqin prezenc\u00eb n e tyre n\u00eb Kosov\u00eb\u201d, ka th\u00ebn\u00eb Sve\u00e7la.<\/p>\n<p>Ai ka th\u00ebn\u00eb se grupe t\u00eb tilla nuk kan\u00eb potencial p\u00ebr destabilizim. \u201cUn\u00eb po e them prap\u00eb q\u00eb potenciali i tyre p\u00ebr destabilizim nuk ekziston duke qen\u00eb se institucionet e Kosov\u00ebs jan\u00eb fuqizuar n\u00eb at\u00eb pjes\u00eb t\u00eb Republik\u00ebs. Por ne t\u00eb gjitha k\u00ebto provokime, t\u00eb gjitha incidentet sado minore t\u00eb jen\u00eb ne i marrim jasht\u00ebzakonisht seriozisht, p\u00ebrgatitemi dhe i p\u00ebrgjigjemi me nivel adekuat\u201d, ka th\u00ebn\u00eb ai.<\/p>\n<p>N\u00eb mbr\u00ebmjen e s\u00eb mart\u00ebs n\u00eb rrug\u00ebn \u201cVasilije Ostrovski\u201d n\u00eb Mitrovic\u00ebn e Veriut, \u00ebsht\u00eb hasur nj\u00eb shkrim k\u00ebrc\u00ebnues n\u00eb mur, i adresuar kryeministrit n\u00eb detyr\u00eb t\u00eb Kosov\u00ebs, Albin Kurti.<\/p>\n","protected":false},"excerpt":{"rendered":"<p>Prishtin\u00eb, 03 shtator 2025 Ministri n\u00eb detyr\u00eb i Pun\u00ebve t\u00eb Brendshme, Xhelal Sve\u00e7la\u00a0 duke folur p\u00ebr mesazhet k\u00ebrc\u00ebnuese n\u00eb veri ka th\u00ebn\u00eb se jan\u00eb pjes\u00eb<\/p>\n","protected":false},"author":2,"featured_media":10617,"comment_status":"open","ping_status":"open","sticky":false,"template":"","format":"standard","meta":{"footnotes":""},"categories":[58],"tags":[],"class_list":["post-10616","post","type-post","status-publish","format-standard","has-post-thumbnail","hentry","category-politike-sq"],"yoast_head":"<!-- This site is optimized with the Yoast SEO plugin v25.3.1 - https:\/\/yoast.com\/wordpress\/plugins\/seo\/ -->\n<title>Mesazhet k\u00ebrc\u00ebnuese n\u00eb veri \u2013 Sve\u00e7la: Potenciali p\u00ebr destabilizim nuk ekziston -<\/title>\n<meta name=\"robots\" content=\"index, follow, max-snippet:-1, max-image-preview:large, max-video-preview:-1\" \/>\n<link rel=\"canonical\" href=\"https:\/\/veritasinfo.org\/?p=10616\" \/>\n<meta property=\"og:locale\" content=\"en_US\" \/>\n<meta property=\"og:type\" content=\"article\" \/>\n<meta property=\"og:title\" content=\"Mesazhet k\u00ebrc\u00ebnuese n\u00eb veri \u2013 Sve\u00e7la: Potenciali p\u00ebr destabilizim nuk ekziston -\" \/>\n<meta property=\"og:description\" content=\"Prishtin\u00eb, 03 shtator 2025 Ministri n\u00eb detyr\u00eb i Pun\u00ebve t\u00eb Brendshme, Xhelal Sve\u00e7la\u00a0 duke folur p\u00ebr mesazhet k\u00ebrc\u00ebnuese n\u00eb veri ka th\u00ebn\u00eb se jan\u00eb pjes\u00eb\" \/>\n<meta property=\"og:url\" content=\"https:\/\/veritasinfo.org\/?p=10616\" \/>\n<meta property=\"article:published_time\" content=\"2025-09-03T17:12:53+00:00\" \/>\n<meta property=\"og:image\" content=\"https:\/\/veritasinfo.org\/wp-content\/uploads\/2025\/09\/xhelal-svecla_2022-10-17-141830_jcab.jpg\" \/>\n\t<meta property=\"og:image:width\" content=\"1000\" \/>\n\t<meta property=\"og:image:height\" content=\"594\" \/>\n\t<meta property=\"og:image:type\" content=\"image\/jpeg\" \/>\n<meta name=\"author\" content=\"US1\" \/>\n<meta name=\"twitter:card\" content=\"summary_large_image\" \/>\n<meta name=\"twitter:label1\" content=\"Written by\" \/>\n\t<meta name=\"twitter:data1\" content=\"US1\" \/>\n\t<meta name=\"twitter:label2\" content=\"Est. reading time\" \/>\n\t<meta name=\"twitter:data2\" content=\"1 minute\" \/>\n<script type=\"application\/ld+json\" class=\"yoast-schema-graph\">{\"@context\":\"https:\/\/schema.org\",\"@graph\":[{\"@type\":\"WebPage\",\"@id\":\"https:\/\/veritasinfo.org\/?p=10616\",\"url\":\"https:\/\/veritasinfo.org\/?p=10616\",\"name\":\"Mesazhet k\u00ebrc\u00ebnuese n\u00eb veri \u2013 Sve\u00e7la: Potenciali p\u00ebr destabilizim nuk ekziston -\",\"isPartOf\":{\"@id\":\"https:\/\/veritasinfo.org\/#website\"},\"primaryImageOfPage\":{\"@id\":\"https:\/\/veritasinfo.org\/?p=10616#primaryimage\"},\"image\":{\"@id\":\"https:\/\/veritasinfo.org\/?p=10616#primaryimage\"},\"thumbnailUrl\":\"https:\/\/veritasinfo.org\/wp-content\/uploads\/2025\/09\/xhelal-svecla_2022-10-17-141830_jcab.jpg\",\"datePublished\":\"2025-09-03T17:12:53+00:00\",\"author\":{\"@id\":\"https:\/\/veritasinfo.org\/#\/schema\/person\/c2b8be262ea994d0995addca692c5e98\"},\"breadcrumb\":{\"@id\":\"https:\/\/veritasinfo.org\/?p=10616#breadcrumb\"},\"inLanguage\":\"en-US\",\"potentialAction\":[{\"@type\":\"ReadAction\",\"target\":[\"https:\/\/veritasinfo.org\/?p=10616\"]}]},{\"@type\":\"ImageObject\",\"inLanguage\":\"en-US\",\"@id\":\"https:\/\/veritasinfo.org\/?p=10616#primaryimage\",\"url\":\"https:\/\/veritasinfo.org\/wp-content\/uploads\/2025\/09\/xhelal-svecla_2022-10-17-141830_jcab.jpg\",\"contentUrl\":\"https:\/\/veritasinfo.org\/wp-content\/uploads\/2025\/09\/xhelal-svecla_2022-10-17-141830_jcab.jpg\",\"width\":1000,\"height\":594},{\"@type\":\"BreadcrumbList\",\"@id\":\"https:\/\/veritasinfo.org\/?p=10616#breadcrumb\",\"itemListElement\":[{\"@type\":\"ListItem\",\"position\":1,\"name\":\"Home\",\"item\":\"https:\/\/veritasinfo.org\/\"},{\"@type\":\"ListItem\",\"position\":2,\"name\":\"Mesazhet k\u00ebrc\u00ebnuese n\u00eb veri \u2013 Sve\u00e7la: Potenciali p\u00ebr destabilizim nuk ekziston\"}]},{\"@type\":\"WebSite\",\"@id\":\"https:\/\/veritasinfo.org\/#website\",\"url\":\"https:\/\/veritasinfo.org\/\",\"name\":\"\",\"description\":\"\",\"potentialAction\":[{\"@type\":\"SearchAction\",\"target\":{\"@type\":\"EntryPoint\",\"urlTemplate\":\"https:\/\/veritasinfo.org\/?s={search_term_string}\"},\"query-input\":{\"@type\":\"PropertyValueSpecification\",\"valueRequired\":true,\"valueName\":\"search_term_string\"}}],\"inLanguage\":\"en-US\"},{\"@type\":\"Person\",\"@id\":\"https:\/\/veritasinfo.org\/#\/schema\/person\/c2b8be262ea994d0995addca692c5e98\",\"name\":\"US1\",\"image\":{\"@type\":\"ImageObject\",\"inLanguage\":\"en-US\",\"@id\":\"https:\/\/veritasinfo.org\/#\/schema\/person\/image\/\",\"url\":\"https:\/\/secure.gravatar.com\/avatar\/4e96a59bd256abf9956eb9963ac891a47461ffb364d47b0e9aab113328fdb75b?s=96&d=mm&r=g\",\"contentUrl\":\"https:\/\/secure.gravatar.com\/avatar\/4e96a59bd256abf9956eb9963ac891a47461ffb364d47b0e9aab113328fdb75b?s=96&d=mm&r=g\",\"caption\":\"US1\"},\"url\":\"https:\/\/veritasinfo.org\/?author=2\"}]}<\/script>\n<!-- \/ Yoast SEO plugin. -->","yoast_head_json":{"title":"Mesazhet k\u00ebrc\u00ebnuese n\u00eb veri \u2013 Sve\u00e7la: Potenciali p\u00ebr destabilizim nuk ekziston -","robots":{"index":"index","follow":"follow","max-snippet":"max-snippet:-1","max-image-preview":"max-image-preview:large","max-video-preview":"max-video-preview:-1"},"canonical":"https:\/\/veritasinfo.org\/?p=10616","og_locale":"en_US","og_type":"article","og_title":"Mesazhet k\u00ebrc\u00ebnuese n\u00eb veri \u2013 Sve\u00e7la: Potenciali p\u00ebr destabilizim nuk ekziston -","og_description":"Prishtin\u00eb, 03 shtator 2025 Ministri n\u00eb detyr\u00eb i Pun\u00ebve t\u00eb Brendshme, Xhelal Sve\u00e7la\u00a0 duke folur p\u00ebr mesazhet k\u00ebrc\u00ebnuese n\u00eb veri ka th\u00ebn\u00eb se jan\u00eb pjes\u00eb","og_url":"https:\/\/veritasinfo.org\/?p=10616","article_published_time":"2025-09-03T17:12:53+00:00","og_image":[{"width":1000,"height":594,"url":"https:\/\/veritasinfo.org\/wp-content\/uploads\/2025\/09\/xhelal-svecla_2022-10-17-141830_jcab.jpg","type":"image\/jpeg"}],"author":"US1","twitter_card":"summary_large_image","twitter_misc":{"Written by":"US1","Est. reading time":"1 minute"},"schema":{"@context":"https:\/\/schema.org","@graph":[{"@type":"WebPage","@id":"https:\/\/veritasinfo.org\/?p=10616","url":"https:\/\/veritasinfo.org\/?p=10616","name":"Mesazhet k\u00ebrc\u00ebnuese n\u00eb veri \u2013 Sve\u00e7la: Potenciali p\u00ebr destabilizim nuk ekziston -","isPartOf":{"@id":"https:\/\/veritasinfo.org\/#website"},"primaryImageOfPage":{"@id":"https:\/\/veritasinfo.org\/?p=10616#primaryimage"},"image":{"@id":"https:\/\/veritasinfo.org\/?p=10616#primaryimage"},"thumbnailUrl":"https:\/\/veritasinfo.org\/wp-content\/uploads\/2025\/09\/xhelal-svecla_2022-10-17-141830_jcab.jpg","datePublished":"2025-09-03T17:12:53+00:00","author":{"@id":"https:\/\/veritasinfo.org\/#\/schema\/person\/c2b8be262ea994d0995addca692c5e98"},"breadcrumb":{"@id":"https:\/\/veritasinfo.org\/?p=10616#breadcrumb"},"inLanguage":"en-US","potentialAction":[{"@type":"ReadAction","target":["https:\/\/veritasinfo.org\/?p=10616"]}]},{"@type":"ImageObject","inLanguage":"en-US","@id":"https:\/\/veritasinfo.org\/?p=10616#primaryimage","url":"https:\/\/veritasinfo.org\/wp-content\/uploads\/2025\/09\/xhelal-svecla_2022-10-17-141830_jcab.jpg","contentUrl":"https:\/\/veritasinfo.org\/wp-content\/uploads\/2025\/09\/xhelal-svecla_2022-10-17-141830_jcab.jpg","width":1000,"height":594},{"@type":"BreadcrumbList","@id":"https:\/\/veritasinfo.org\/?p=10616#breadcrumb","itemListElement":[{"@type":"ListItem","position":1,"name":"Home","item":"https:\/\/veritasinfo.org\/"},{"@type":"ListItem","position":2,"name":"Mesazhet k\u00ebrc\u00ebnuese n\u00eb veri \u2013 Sve\u00e7la: Potenciali p\u00ebr destabilizim nuk ekziston"}]},{"@type":"WebSite","@id":"https:\/\/veritasinfo.org\/#website","url":"https:\/\/veritasinfo.org\/","name":"","description":"","potentialAction":[{"@type":"SearchAction","target":{"@type":"EntryPoint","urlTemplate":"https:\/\/veritasinfo.org\/?s={search_term_string}"},"query-input":{"@type":"PropertyValueSpecification","valueRequired":true,"valueName":"search_term_string"}}],"inLanguage":"en-US"},{"@type":"Person","@id":"https:\/\/veritasinfo.org\/#\/schema\/person\/c2b8be262ea994d0995addca692c5e98","name":"US1","image":{"@type":"ImageObject","inLanguage":"en-US","@id":"https:\/\/veritasinfo.org\/#\/schema\/person\/image\/","url":"https:\/\/secure.gravatar.com\/avatar\/4e96a59bd256abf9956eb9963ac891a47461ffb364d47b0e9aab113328fdb75b?s=96&d=mm&r=g","contentUrl":"https:\/\/secure.gravatar.com\/avatar\/4e96a59bd256abf9956eb9963ac891a47461ffb364d47b0e9aab113328fdb75b?s=96&d=mm&r=g","caption":"US1"},"url":"https:\/\/veritasinfo.org\/?author=2"}]}},"featured_image_urls":{"full":["https:\/\/veritasinfo.org\/wp-content\/uploads\/2025\/09\/xhelal-svecla_2022-10-17-141830_jcab.jpg",1000,594,false],"thumbnail":["https:\/\/veritasinfo.org\/wp-content\/uploads\/2025\/09\/xhelal-svecla_2022-10-17-141830_jcab-150x150.jpg",150,150,true],"medium":["https:\/\/veritasinfo.org\/wp-content\/uploads\/2025\/09\/xhelal-svecla_2022-10-17-141830_jcab-300x178.jpg",300,178,true],"medium_large":["https:\/\/veritasinfo.org\/wp-content\/uploads\/2025\/09\/xhelal-svecla_2022-10-17-141830_jcab-768x456.jpg",640,380,true],"large":["https:\/\/veritasinfo.org\/wp-content\/uploads\/2025\/09\/xhelal-svecla_2022-10-17-141830_jcab.jpg",640,380,false],"1536x1536":["https:\/\/veritasinfo.org\/wp-content\/uploads\/2025\/09\/xhelal-svecla_2022-10-17-141830_jcab.jpg",1000,594,false],"2048x2048":["https:\/\/veritasinfo.org\/wp-content\/uploads\/2025\/09\/xhelal-svecla_2022-10-17-141830_jcab.jpg",1000,594,false],"kreeti-slider-full":["https:\/\/veritasinfo.org\/wp-content\/uploads\/2025\/09\/xhelal-svecla_2022-10-17-141830_jcab.jpg",1000,594,false],"kreeti-featured":["https:\/\/veritasinfo.org\/wp-content\/uploads\/2025\/09\/xhelal-svecla_2022-10-17-141830_jcab.jpg",1000,594,false],"kreeti-medium":["https:\/\/veritasinfo.org\/wp-content\/uploads\/2025\/09\/xhelal-svecla_2022-10-17-141830_jcab.jpg",720,428,false],"kreeti-medium-square":["https:\/\/veritasinfo.org\/wp-content\/uploads\/2025\/09\/xhelal-svecla_2022-10-17-141830_jcab.jpg",350,208,false]},"author_info":{"info":["US1"]},"category_info":"<a href=\"https:\/\/veritasinfo.org\/?cat=58\" rel=\"category\">Politik\u00eb<\/a>","tag_info":"Politik\u00eb","comment_count":"0","_links":{"self":[{"href":"https:\/\/veritasinfo.org\/index.php?rest_route=\/wp\/v2\/posts\/10616","targetHints":{"allow":["GET"]}}],"collection":[{"href":"https:\/\/veritasinfo.org\/index.php?rest_route=\/wp\/v2\/posts"}],"about":[{"href":"https:\/\/veritasinfo.org\/index.php?rest_route=\/wp\/v2\/types\/post"}],"author":[{"embeddable":true,"href":"https:\/\/veritasinfo.org\/index.php?rest_route=\/wp\/v2\/users\/2"}],"replies":[{"embeddable":true,"href":"https:\/\/veritasinfo.org\/index.php?rest_route=%2Fwp%2Fv2%2Fcomments&post=10616"}],"version-history":[{"count":1,"href":"https:\/\/veritasinfo.org\/index.php?rest_route=\/wp\/v2\/posts\/10616\/revisions"}],"predecessor-version":[{"id":10618,"href":"https:\/\/veritasinfo.org\/index.php?rest_route=\/wp\/v2\/posts\/10616\/revisions\/10618"}],"wp:featuredmedia":[{"embeddable":true,"href":"https:\/\/veritasinfo.org\/index.php?rest_route=\/wp\/v2\/media\/10617"}],"wp:attachment":[{"href":"https:\/\/veritasinfo.org\/index.php?rest_route=%2Fwp%2Fv2%2Fmedia&parent=10616"}],"wp:term":[{"taxonomy":"category","embeddable":true,"href":"https:\/\/veritasinfo.org\/index.php?rest_route=%2Fwp%2Fv2%2Fcategories&post=10616"},{"taxonomy":"post_tag","embeddable":true,"href":"https:\/\/veritasinfo.org\/index.php?rest_route=%2Fwp%2Fv2%2Ftags&post=10616"}],"curies":[{"name":"wp","href":"https:\/\/api.w.org\/{rel}","templated":true}]}}