{"id":10606,"date":"2025-09-03T18:20:24","date_gmt":"2025-09-03T16:20:24","guid":{"rendered":"https:\/\/veritasinfo.org\/?p=10606"},"modified":"2025-09-03T18:20:24","modified_gmt":"2025-09-03T16:20:24","slug":"vuciq-thote-se-do-te-bleje-armatim-nga-kina-seshte-rastesi-qe-prishtina-zagrebi-e-tirana-bene-nje-aleance-ushtarake-eshte-kunder-serbise","status":"publish","type":"post","link":"https:\/\/veritasinfo.org\/?p=10606","title":{"rendered":"Vu\u00e7iq thot\u00eb se do t\u00eb blej\u00eb armatim nga Kina: S\u2019\u00ebsht\u00eb rast\u00ebsi q\u00eb Prishtina, Zagrebi e Tirana b\u00ebn\u00eb nj\u00eb aleanc\u00eb ushtarake, \u00ebsht\u00eb kund\u00ebr Serbis\u00eb"},"content":{"rendered":"<p><strong>Pekin, 03 shtator 2025<\/strong><\/p>\n<p>Presidenti i Serbis\u00eb, Aleksandar Vu\u00e7iq, tha t\u00eb m\u00ebrkur\u00ebn se pjes\u00ebmarrjen e tij n\u00eb parad\u00ebn ushtarake n\u00eb Pekin e shfryt\u00ebzoi p\u00ebr t\u00eb par\u00eb se \u201c\u00e7far\u00eb do t\u00eb ishte me interes p\u00ebr t\u2019u bler\u00eb p\u00ebr nevojat e ushtris\u00eb serbe, n\u00eb m\u00ebnyr\u00eb q\u00eb ajo t\u00eb jet\u00eb nj\u00eb faktor parandalues ndaj \u00e7do agresori t\u00eb mundsh\u00ebm nga fqinj\u00ebsia\u201d.<\/p>\n<p>\u201cNuk \u00ebsht\u00eb rast\u00ebsi q\u00eb Prishtina, Zagrebi dhe Tirana formuan nj\u00eb aleanc\u00eb ushtarake. Dhe, ata nuk e b\u00ebn\u00eb at\u00eb p\u00ebr shkak t\u00eb Austris\u00eb, Hungaris\u00eb apo Sllovenis\u00eb, por p\u00ebr shkak t\u00eb Serbis\u00eb. Ata e b\u00ebn\u00eb kund\u00ebr Serbis\u00eb\u201d, tha Vu\u00e7iq p\u00ebr gazetar\u00ebt n\u00eb Pekin.<\/p>\n<p>Ai theksoi se Serbia \u201cnuk do ta prek\u00eb ask\u00ebnd\u201d, por se po e forcon ushtrin\u00eb e saj p\u00ebr ta \u201cruajtur integritetin territorial\u201d.<\/p>\n<p>Kosova, Shqip\u00ebria dhe Kroacia, n\u00ebnshkruan m\u00eb 18 mars nj\u00eb deklarat\u00eb n\u00eb Tiran\u00eb, p\u00ebrmes s\u00eb cil\u00ebs vendet angazhohen q\u00eb t\u00eb forcojn\u00eb bashk\u00ebpunimin n\u00eb fush\u00ebn e mbrojtjes dhe siguris\u00eb.<\/p>\n<p>Duke folur p\u00ebr parad\u00ebn ushtarake t\u00eb ushtris\u00eb kineze dhe blerjen e mundshme t\u00eb armatimeve nga ajo, Vu\u00e7iq tha se Serbia nuk \u00ebsht\u00eb e interesuar p\u00ebr raketat balistike dhe hipersonike kineze, por se Kina ka avion\u00eb shum\u00ebfunksional\u00eb t\u00eb nivelit t\u00eb lart\u00eb dhe helikopter\u00eb modern\u00eb.<\/p>\n","protected":false},"excerpt":{"rendered":"<p>Pekin, 03 shtator 2025 Presidenti i Serbis\u00eb, Aleksandar Vu\u00e7iq, tha t\u00eb m\u00ebrkur\u00ebn se pjes\u00ebmarrjen e tij n\u00eb parad\u00ebn ushtarake n\u00eb Pekin e shfryt\u00ebzoi p\u00ebr t\u00eb<\/p>\n","protected":false},"author":2,"featured_media":10607,"comment_status":"open","ping_status":"open","sticky":false,"template":"","format":"standard","meta":{"footnotes":""},"categories":[93],"tags":[],"class_list":["post-10606","post","type-post","status-publish","format-standard","has-post-thumbnail","hentry","category-politika-sq"],"yoast_head":"<!-- This site is optimized with the Yoast SEO plugin v25.3.1 - https:\/\/yoast.com\/wordpress\/plugins\/seo\/ -->\n<title>Vu\u00e7iq thot\u00eb se do t\u00eb blej\u00eb armatim nga Kina: S\u2019\u00ebsht\u00eb rast\u00ebsi q\u00eb Prishtina, Zagrebi e Tirana b\u00ebn\u00eb nj\u00eb aleanc\u00eb ushtarake, \u00ebsht\u00eb kund\u00ebr Serbis\u00eb -<\/title>\n<meta name=\"robots\" content=\"index, follow, max-snippet:-1, max-image-preview:large, max-video-preview:-1\" \/>\n<link rel=\"canonical\" href=\"https:\/\/veritasinfo.org\/?p=10606\" \/>\n<meta property=\"og:locale\" content=\"en_US\" \/>\n<meta property=\"og:type\" content=\"article\" \/>\n<meta property=\"og:title\" content=\"Vu\u00e7iq thot\u00eb se do t\u00eb blej\u00eb armatim nga Kina: S\u2019\u00ebsht\u00eb rast\u00ebsi q\u00eb Prishtina, Zagrebi e Tirana b\u00ebn\u00eb nj\u00eb aleanc\u00eb ushtarake, \u00ebsht\u00eb kund\u00ebr Serbis\u00eb -\" \/>\n<meta property=\"og:description\" content=\"Pekin, 03 shtator 2025 Presidenti i Serbis\u00eb, Aleksandar Vu\u00e7iq, tha t\u00eb m\u00ebrkur\u00ebn se pjes\u00ebmarrjen e tij n\u00eb parad\u00ebn ushtarake n\u00eb Pekin e shfryt\u00ebzoi p\u00ebr t\u00eb\" \/>\n<meta property=\"og:url\" content=\"https:\/\/veritasinfo.org\/?p=10606\" \/>\n<meta property=\"article:published_time\" content=\"2025-09-03T16:20:24+00:00\" \/>\n<meta property=\"og:image\" content=\"https:\/\/veritasinfo.org\/wp-content\/uploads\/2025\/09\/Vucic.jpg\" \/>\n\t<meta property=\"og:image:width\" content=\"1549\" \/>\n\t<meta property=\"og:image:height\" content=\"1022\" \/>\n\t<meta property=\"og:image:type\" content=\"image\/jpeg\" \/>\n<meta name=\"author\" content=\"US1\" \/>\n<meta name=\"twitter:card\" content=\"summary_large_image\" \/>\n<meta name=\"twitter:label1\" content=\"Written by\" \/>\n\t<meta name=\"twitter:data1\" content=\"US1\" \/>\n\t<meta name=\"twitter:label2\" content=\"Est. reading time\" \/>\n\t<meta name=\"twitter:data2\" content=\"2 minutes\" \/>\n<script type=\"application\/ld+json\" class=\"yoast-schema-graph\">{\"@context\":\"https:\/\/schema.org\",\"@graph\":[{\"@type\":\"WebPage\",\"@id\":\"https:\/\/veritasinfo.org\/?p=10606\",\"url\":\"https:\/\/veritasinfo.org\/?p=10606\",\"name\":\"Vu\u00e7iq thot\u00eb se do t\u00eb blej\u00eb armatim nga Kina: S\u2019\u00ebsht\u00eb rast\u00ebsi q\u00eb Prishtina, Zagrebi e Tirana b\u00ebn\u00eb nj\u00eb aleanc\u00eb ushtarake, \u00ebsht\u00eb kund\u00ebr Serbis\u00eb -\",\"isPartOf\":{\"@id\":\"https:\/\/veritasinfo.org\/#website\"},\"primaryImageOfPage\":{\"@id\":\"https:\/\/veritasinfo.org\/?p=10606#primaryimage\"},\"image\":{\"@id\":\"https:\/\/veritasinfo.org\/?p=10606#primaryimage\"},\"thumbnailUrl\":\"https:\/\/veritasinfo.org\/wp-content\/uploads\/2025\/09\/Vucic.jpg\",\"datePublished\":\"2025-09-03T16:20:24+00:00\",\"author\":{\"@id\":\"https:\/\/veritasinfo.org\/#\/schema\/person\/c2b8be262ea994d0995addca692c5e98\"},\"breadcrumb\":{\"@id\":\"https:\/\/veritasinfo.org\/?p=10606#breadcrumb\"},\"inLanguage\":\"en-US\",\"potentialAction\":[{\"@type\":\"ReadAction\",\"target\":[\"https:\/\/veritasinfo.org\/?p=10606\"]}]},{\"@type\":\"ImageObject\",\"inLanguage\":\"en-US\",\"@id\":\"https:\/\/veritasinfo.org\/?p=10606#primaryimage\",\"url\":\"https:\/\/veritasinfo.org\/wp-content\/uploads\/2025\/09\/Vucic.jpg\",\"contentUrl\":\"https:\/\/veritasinfo.org\/wp-content\/uploads\/2025\/09\/Vucic.jpg\",\"width\":1549,\"height\":1022},{\"@type\":\"BreadcrumbList\",\"@id\":\"https:\/\/veritasinfo.org\/?p=10606#breadcrumb\",\"itemListElement\":[{\"@type\":\"ListItem\",\"position\":1,\"name\":\"Home\",\"item\":\"https:\/\/veritasinfo.org\/\"},{\"@type\":\"ListItem\",\"position\":2,\"name\":\"Vu\u00e7iq thot\u00eb se do t\u00eb blej\u00eb armatim nga Kina: S\u2019\u00ebsht\u00eb rast\u00ebsi q\u00eb Prishtina, Zagrebi e Tirana b\u00ebn\u00eb nj\u00eb aleanc\u00eb ushtarake, \u00ebsht\u00eb kund\u00ebr Serbis\u00eb\"}]},{\"@type\":\"WebSite\",\"@id\":\"https:\/\/veritasinfo.org\/#website\",\"url\":\"https:\/\/veritasinfo.org\/\",\"name\":\"\",\"description\":\"\",\"potentialAction\":[{\"@type\":\"SearchAction\",\"target\":{\"@type\":\"EntryPoint\",\"urlTemplate\":\"https:\/\/veritasinfo.org\/?s={search_term_string}\"},\"query-input\":{\"@type\":\"PropertyValueSpecification\",\"valueRequired\":true,\"valueName\":\"search_term_string\"}}],\"inLanguage\":\"en-US\"},{\"@type\":\"Person\",\"@id\":\"https:\/\/veritasinfo.org\/#\/schema\/person\/c2b8be262ea994d0995addca692c5e98\",\"name\":\"US1\",\"image\":{\"@type\":\"ImageObject\",\"inLanguage\":\"en-US\",\"@id\":\"https:\/\/veritasinfo.org\/#\/schema\/person\/image\/\",\"url\":\"https:\/\/secure.gravatar.com\/avatar\/4e96a59bd256abf9956eb9963ac891a47461ffb364d47b0e9aab113328fdb75b?s=96&d=mm&r=g\",\"contentUrl\":\"https:\/\/secure.gravatar.com\/avatar\/4e96a59bd256abf9956eb9963ac891a47461ffb364d47b0e9aab113328fdb75b?s=96&d=mm&r=g\",\"caption\":\"US1\"},\"url\":\"https:\/\/veritasinfo.org\/?author=2\"}]}<\/script>\n<!-- \/ Yoast SEO plugin. -->","yoast_head_json":{"title":"Vu\u00e7iq thot\u00eb se do t\u00eb blej\u00eb armatim nga Kina: S\u2019\u00ebsht\u00eb rast\u00ebsi q\u00eb Prishtina, Zagrebi e Tirana b\u00ebn\u00eb nj\u00eb aleanc\u00eb ushtarake, \u00ebsht\u00eb kund\u00ebr Serbis\u00eb -","robots":{"index":"index","follow":"follow","max-snippet":"max-snippet:-1","max-image-preview":"max-image-preview:large","max-video-preview":"max-video-preview:-1"},"canonical":"https:\/\/veritasinfo.org\/?p=10606","og_locale":"en_US","og_type":"article","og_title":"Vu\u00e7iq thot\u00eb se do t\u00eb blej\u00eb armatim nga Kina: S\u2019\u00ebsht\u00eb rast\u00ebsi q\u00eb Prishtina, Zagrebi e Tirana b\u00ebn\u00eb nj\u00eb aleanc\u00eb ushtarake, \u00ebsht\u00eb kund\u00ebr Serbis\u00eb -","og_description":"Pekin, 03 shtator 2025 Presidenti i Serbis\u00eb, Aleksandar Vu\u00e7iq, tha t\u00eb m\u00ebrkur\u00ebn se pjes\u00ebmarrjen e tij n\u00eb parad\u00ebn ushtarake n\u00eb Pekin e shfryt\u00ebzoi p\u00ebr t\u00eb","og_url":"https:\/\/veritasinfo.org\/?p=10606","article_published_time":"2025-09-03T16:20:24+00:00","og_image":[{"width":1549,"height":1022,"url":"https:\/\/veritasinfo.org\/wp-content\/uploads\/2025\/09\/Vucic.jpg","type":"image\/jpeg"}],"author":"US1","twitter_card":"summary_large_image","twitter_misc":{"Written by":"US1","Est. reading time":"2 minutes"},"schema":{"@context":"https:\/\/schema.org","@graph":[{"@type":"WebPage","@id":"https:\/\/veritasinfo.org\/?p=10606","url":"https:\/\/veritasinfo.org\/?p=10606","name":"Vu\u00e7iq thot\u00eb se do t\u00eb blej\u00eb armatim nga Kina: S\u2019\u00ebsht\u00eb rast\u00ebsi q\u00eb Prishtina, Zagrebi e Tirana b\u00ebn\u00eb nj\u00eb aleanc\u00eb ushtarake, \u00ebsht\u00eb kund\u00ebr Serbis\u00eb -","isPartOf":{"@id":"https:\/\/veritasinfo.org\/#website"},"primaryImageOfPage":{"@id":"https:\/\/veritasinfo.org\/?p=10606#primaryimage"},"image":{"@id":"https:\/\/veritasinfo.org\/?p=10606#primaryimage"},"thumbnailUrl":"https:\/\/veritasinfo.org\/wp-content\/uploads\/2025\/09\/Vucic.jpg","datePublished":"2025-09-03T16:20:24+00:00","author":{"@id":"https:\/\/veritasinfo.org\/#\/schema\/person\/c2b8be262ea994d0995addca692c5e98"},"breadcrumb":{"@id":"https:\/\/veritasinfo.org\/?p=10606#breadcrumb"},"inLanguage":"en-US","potentialAction":[{"@type":"ReadAction","target":["https:\/\/veritasinfo.org\/?p=10606"]}]},{"@type":"ImageObject","inLanguage":"en-US","@id":"https:\/\/veritasinfo.org\/?p=10606#primaryimage","url":"https:\/\/veritasinfo.org\/wp-content\/uploads\/2025\/09\/Vucic.jpg","contentUrl":"https:\/\/veritasinfo.org\/wp-content\/uploads\/2025\/09\/Vucic.jpg","width":1549,"height":1022},{"@type":"BreadcrumbList","@id":"https:\/\/veritasinfo.org\/?p=10606#breadcrumb","itemListElement":[{"@type":"ListItem","position":1,"name":"Home","item":"https:\/\/veritasinfo.org\/"},{"@type":"ListItem","position":2,"name":"Vu\u00e7iq thot\u00eb se do t\u00eb blej\u00eb armatim nga Kina: S\u2019\u00ebsht\u00eb rast\u00ebsi q\u00eb Prishtina, Zagrebi e Tirana b\u00ebn\u00eb nj\u00eb aleanc\u00eb ushtarake, \u00ebsht\u00eb kund\u00ebr Serbis\u00eb"}]},{"@type":"WebSite","@id":"https:\/\/veritasinfo.org\/#website","url":"https:\/\/veritasinfo.org\/","name":"","description":"","potentialAction":[{"@type":"SearchAction","target":{"@type":"EntryPoint","urlTemplate":"https:\/\/veritasinfo.org\/?s={search_term_string}"},"query-input":{"@type":"PropertyValueSpecification","valueRequired":true,"valueName":"search_term_string"}}],"inLanguage":"en-US"},{"@type":"Person","@id":"https:\/\/veritasinfo.org\/#\/schema\/person\/c2b8be262ea994d0995addca692c5e98","name":"US1","image":{"@type":"ImageObject","inLanguage":"en-US","@id":"https:\/\/veritasinfo.org\/#\/schema\/person\/image\/","url":"https:\/\/secure.gravatar.com\/avatar\/4e96a59bd256abf9956eb9963ac891a47461ffb364d47b0e9aab113328fdb75b?s=96&d=mm&r=g","contentUrl":"https:\/\/secure.gravatar.com\/avatar\/4e96a59bd256abf9956eb9963ac891a47461ffb364d47b0e9aab113328fdb75b?s=96&d=mm&r=g","caption":"US1"},"url":"https:\/\/veritasinfo.org\/?author=2"}]}},"featured_image_urls":{"full":["https:\/\/veritasinfo.org\/wp-content\/uploads\/2025\/09\/Vucic.jpg",1549,1022,false],"thumbnail":["https:\/\/veritasinfo.org\/wp-content\/uploads\/2025\/09\/Vucic-150x150.jpg",150,150,true],"medium":["https:\/\/veritasinfo.org\/wp-content\/uploads\/2025\/09\/Vucic-300x198.jpg",300,198,true],"medium_large":["https:\/\/veritasinfo.org\/wp-content\/uploads\/2025\/09\/Vucic-768x507.jpg",640,423,true],"large":["https:\/\/veritasinfo.org\/wp-content\/uploads\/2025\/09\/Vucic-1024x676.jpg",640,423,true],"1536x1536":["https:\/\/veritasinfo.org\/wp-content\/uploads\/2025\/09\/Vucic-1536x1013.jpg",1536,1013,true],"2048x2048":["https:\/\/veritasinfo.org\/wp-content\/uploads\/2025\/09\/Vucic.jpg",1549,1022,false],"kreeti-slider-full":["https:\/\/veritasinfo.org\/wp-content\/uploads\/2025\/09\/Vucic.jpg",1091,720,false],"kreeti-featured":["https:\/\/veritasinfo.org\/wp-content\/uploads\/2025\/09\/Vucic.jpg",1024,676,false],"kreeti-medium":["https:\/\/veritasinfo.org\/wp-content\/uploads\/2025\/09\/Vucic.jpg",720,475,false],"kreeti-medium-square":["https:\/\/veritasinfo.org\/wp-content\/uploads\/2025\/09\/Vucic.jpg",350,231,false]},"author_info":{"info":["US1"]},"category_info":"<a href=\"https:\/\/veritasinfo.org\/?cat=93\" rel=\"category\">Politika<\/a>","tag_info":"Politika","comment_count":"0","_links":{"self":[{"href":"https:\/\/veritasinfo.org\/index.php?rest_route=\/wp\/v2\/posts\/10606","targetHints":{"allow":["GET"]}}],"collection":[{"href":"https:\/\/veritasinfo.org\/index.php?rest_route=\/wp\/v2\/posts"}],"about":[{"href":"https:\/\/veritasinfo.org\/index.php?rest_route=\/wp\/v2\/types\/post"}],"author":[{"embeddable":true,"href":"https:\/\/veritasinfo.org\/index.php?rest_route=\/wp\/v2\/users\/2"}],"replies":[{"embeddable":true,"href":"https:\/\/veritasinfo.org\/index.php?rest_route=%2Fwp%2Fv2%2Fcomments&post=10606"}],"version-history":[{"count":1,"href":"https:\/\/veritasinfo.org\/index.php?rest_route=\/wp\/v2\/posts\/10606\/revisions"}],"predecessor-version":[{"id":10608,"href":"https:\/\/veritasinfo.org\/index.php?rest_route=\/wp\/v2\/posts\/10606\/revisions\/10608"}],"wp:featuredmedia":[{"embeddable":true,"href":"https:\/\/veritasinfo.org\/index.php?rest_route=\/wp\/v2\/media\/10607"}],"wp:attachment":[{"href":"https:\/\/veritasinfo.org\/index.php?rest_route=%2Fwp%2Fv2%2Fmedia&parent=10606"}],"wp:term":[{"taxonomy":"category","embeddable":true,"href":"https:\/\/veritasinfo.org\/index.php?rest_route=%2Fwp%2Fv2%2Fcategories&post=10606"},{"taxonomy":"post_tag","embeddable":true,"href":"https:\/\/veritasinfo.org\/index.php?rest_route=%2Fwp%2Fv2%2Ftags&post=10606"}],"curies":[{"name":"wp","href":"https:\/\/api.w.org\/{rel}","templated":true}]}}