{"id":10552,"date":"2025-09-03T09:48:00","date_gmt":"2025-09-03T07:48:00","guid":{"rendered":"https:\/\/veritasinfo.org\/?p=10552"},"modified":"2025-09-03T09:51:11","modified_gmt":"2025-09-03T07:51:11","slug":"nis-ndertimi-i-parkut-modern-ne-mitrovicen-e-veriut","status":"publish","type":"post","link":"https:\/\/veritasinfo.org\/?p=10552","title":{"rendered":"Nis nd\u00ebrtimi i parkut modern n\u00eb Mitrovic\u00ebn e Veriut"},"content":{"rendered":"<p><strong>Mitrovic\u00eb e Veriut, 3 shtator<\/strong><\/p>\n<p>N\u00eb Mitrovic\u00ebn e Veriut ka filluar nd\u00ebrtimi i nj\u00eb parku modern, i cili do ta pasuroj\u00eb pjes\u00ebn urbane t\u00eb qytetit dhe do t&#8217;u ofroj\u00eb qytetar\u00ebve nj\u00eb vend modern p\u00ebr pushim, socializim dhe rekreacion.<\/p>\n<p>Projekti p\u00ebrfshin nd\u00ebrtimin e sip\u00ebrfaqeve t\u00eb gjelbra, k\u00ebndeve t\u00eb loj\u00ebrave p\u00ebr f\u00ebmij\u00eb, fushave sportive dhe zonave p\u00ebr fitnes n\u00eb natyr\u00eb, nd\u00ebrsa nj\u00eb theks i ve\u00e7ant\u00eb do t&#8217;i kushtohet shtigjeve p\u00ebr k\u00ebmb\u00ebsor\u00eb, nj\u00eb k\u00ebndi p\u00ebr bi\u00e7ikleta dhe nj\u00eb zone parkimi.<\/p>\n<p>Sipas p\u00ebrfaq\u00ebsuesve t\u00eb komun\u00ebs, q\u00ebllimi \u00ebsht\u00eb t&#8217;u ofrohet qytetar\u00ebve nj\u00eb hap\u00ebsir\u00eb \u200b\u200bcil\u00ebsore dhe funksionale q\u00eb do t\u00eb kontribuoj\u00eb n\u00eb nj\u00eb pamje m\u00eb t\u00eb mir\u00eb t\u00eb qytetit dhe do t\u00eb p\u00ebrmir\u00ebsoj\u00eb cil\u00ebsin\u00eb e jet\u00ebs. Parku \u00ebsht\u00eb projektuar n\u00eb nj\u00eb m\u00ebnyr\u00eb t\u00eb till\u00eb q\u00eb t\u00eb lidh\u00eb stilin modern t\u00eb dizajnit me mjedisin natyror, duke krijuar nj\u00eb hap\u00ebsir\u00eb \u200b\u200bharmonike p\u00ebr t\u00eb gjitha brezat.<\/p>\n<p>Qytetar\u00ebt me t\u00eb cil\u00ebt biseduam theksojn\u00eb se ky \u00ebsht\u00eb nj\u00eb projekt i shum\u00ebpritur dhe se do t\u00eb kontribuoj\u00eb ndjesh\u00ebm n\u00eb jet\u00ebn e p\u00ebrditshme, ve\u00e7an\u00ebrisht p\u00ebr familjet me f\u00ebmij\u00eb dhe t\u00eb rinj. Pritet q\u00eb punimet t\u00eb p\u00ebrfundojn\u00eb n\u00eb muajt n\u00eb vijim, pas s\u00eb cil\u00ebs Mitrovica Veriore do t\u00eb marr\u00eb nj\u00eb park modern q\u00eb e ka merituar prej koh\u00ebsh, tha p\u00ebr \u201cVeritas.info\u201d Agim Gashi nga vendbanimi i Mahall\u00ebs s\u00eb Boshnjak\u00ebve, ku po nd\u00ebrtohet parku i lartp\u00ebrmendur.<\/p>\n","protected":false},"excerpt":{"rendered":"<p>Mitrovic\u00eb e Veriut, 3 shtator N\u00eb Mitrovic\u00ebn e Veriut ka filluar nd\u00ebrtimi i nj\u00eb parku modern, i cili do ta pasuroj\u00eb pjes\u00ebn urbane t\u00eb qytetit<\/p>\n","protected":false},"author":2,"featured_media":10553,"comment_status":"open","ping_status":"open","sticky":false,"template":"","format":"standard","meta":{"footnotes":""},"categories":[52],"tags":[],"class_list":["post-10552","post","type-post","status-publish","format-standard","has-post-thumbnail","hentry","category-komunat-sq"],"yoast_head":"<!-- This site is optimized with the Yoast SEO plugin v25.3.1 - https:\/\/yoast.com\/wordpress\/plugins\/seo\/ -->\n<title>Nis nd\u00ebrtimi i parkut modern n\u00eb Mitrovic\u00ebn e Veriut -<\/title>\n<meta name=\"robots\" content=\"index, follow, max-snippet:-1, max-image-preview:large, max-video-preview:-1\" \/>\n<link rel=\"canonical\" href=\"https:\/\/veritasinfo.org\/?p=10552\" \/>\n<meta property=\"og:locale\" content=\"en_US\" \/>\n<meta property=\"og:type\" content=\"article\" \/>\n<meta property=\"og:title\" content=\"Nis nd\u00ebrtimi i parkut modern n\u00eb Mitrovic\u00ebn e Veriut -\" \/>\n<meta property=\"og:description\" content=\"Mitrovic\u00eb e Veriut, 3 shtator N\u00eb Mitrovic\u00ebn e Veriut ka filluar nd\u00ebrtimi i nj\u00eb parku modern, i cili do ta pasuroj\u00eb pjes\u00ebn urbane t\u00eb qytetit\" \/>\n<meta property=\"og:url\" content=\"https:\/\/veritasinfo.org\/?p=10552\" \/>\n<meta property=\"article:published_time\" content=\"2025-09-03T07:48:00+00:00\" \/>\n<meta property=\"article:modified_time\" content=\"2025-09-03T07:51:11+00:00\" \/>\n<meta property=\"og:image\" content=\"https:\/\/veritasinfo.org\/wp-content\/uploads\/2025\/09\/parku-veri.jpg\" \/>\n\t<meta property=\"og:image:width\" content=\"240\" \/>\n\t<meta property=\"og:image:height\" content=\"108\" \/>\n\t<meta property=\"og:image:type\" content=\"image\/jpeg\" \/>\n<meta name=\"author\" content=\"US1\" \/>\n<meta name=\"twitter:card\" content=\"summary_large_image\" \/>\n<meta name=\"twitter:label1\" content=\"Written by\" \/>\n\t<meta name=\"twitter:data1\" content=\"US1\" \/>\n\t<meta name=\"twitter:label2\" content=\"Est. reading time\" \/>\n\t<meta name=\"twitter:data2\" content=\"1 minute\" \/>\n<script type=\"application\/ld+json\" class=\"yoast-schema-graph\">{\"@context\":\"https:\/\/schema.org\",\"@graph\":[{\"@type\":\"WebPage\",\"@id\":\"https:\/\/veritasinfo.org\/?p=10552\",\"url\":\"https:\/\/veritasinfo.org\/?p=10552\",\"name\":\"Nis nd\u00ebrtimi i parkut modern n\u00eb Mitrovic\u00ebn e Veriut -\",\"isPartOf\":{\"@id\":\"https:\/\/veritasinfo.org\/#website\"},\"primaryImageOfPage\":{\"@id\":\"https:\/\/veritasinfo.org\/?p=10552#primaryimage\"},\"image\":{\"@id\":\"https:\/\/veritasinfo.org\/?p=10552#primaryimage\"},\"thumbnailUrl\":\"https:\/\/veritasinfo.org\/wp-content\/uploads\/2025\/09\/parku-veri.jpg\",\"datePublished\":\"2025-09-03T07:48:00+00:00\",\"dateModified\":\"2025-09-03T07:51:11+00:00\",\"author\":{\"@id\":\"https:\/\/veritasinfo.org\/#\/schema\/person\/c2b8be262ea994d0995addca692c5e98\"},\"breadcrumb\":{\"@id\":\"https:\/\/veritasinfo.org\/?p=10552#breadcrumb\"},\"inLanguage\":\"en-US\",\"potentialAction\":[{\"@type\":\"ReadAction\",\"target\":[\"https:\/\/veritasinfo.org\/?p=10552\"]}]},{\"@type\":\"ImageObject\",\"inLanguage\":\"en-US\",\"@id\":\"https:\/\/veritasinfo.org\/?p=10552#primaryimage\",\"url\":\"https:\/\/veritasinfo.org\/wp-content\/uploads\/2025\/09\/parku-veri.jpg\",\"contentUrl\":\"https:\/\/veritasinfo.org\/wp-content\/uploads\/2025\/09\/parku-veri.jpg\",\"width\":240,\"height\":108},{\"@type\":\"BreadcrumbList\",\"@id\":\"https:\/\/veritasinfo.org\/?p=10552#breadcrumb\",\"itemListElement\":[{\"@type\":\"ListItem\",\"position\":1,\"name\":\"Home\",\"item\":\"https:\/\/veritasinfo.org\/\"},{\"@type\":\"ListItem\",\"position\":2,\"name\":\"Nis nd\u00ebrtimi i parkut modern n\u00eb Mitrovic\u00ebn e Veriut\"}]},{\"@type\":\"WebSite\",\"@id\":\"https:\/\/veritasinfo.org\/#website\",\"url\":\"https:\/\/veritasinfo.org\/\",\"name\":\"\",\"description\":\"\",\"potentialAction\":[{\"@type\":\"SearchAction\",\"target\":{\"@type\":\"EntryPoint\",\"urlTemplate\":\"https:\/\/veritasinfo.org\/?s={search_term_string}\"},\"query-input\":{\"@type\":\"PropertyValueSpecification\",\"valueRequired\":true,\"valueName\":\"search_term_string\"}}],\"inLanguage\":\"en-US\"},{\"@type\":\"Person\",\"@id\":\"https:\/\/veritasinfo.org\/#\/schema\/person\/c2b8be262ea994d0995addca692c5e98\",\"name\":\"US1\",\"image\":{\"@type\":\"ImageObject\",\"inLanguage\":\"en-US\",\"@id\":\"https:\/\/veritasinfo.org\/#\/schema\/person\/image\/\",\"url\":\"https:\/\/secure.gravatar.com\/avatar\/4e96a59bd256abf9956eb9963ac891a47461ffb364d47b0e9aab113328fdb75b?s=96&d=mm&r=g\",\"contentUrl\":\"https:\/\/secure.gravatar.com\/avatar\/4e96a59bd256abf9956eb9963ac891a47461ffb364d47b0e9aab113328fdb75b?s=96&d=mm&r=g\",\"caption\":\"US1\"},\"url\":\"https:\/\/veritasinfo.org\/?author=2\"}]}<\/script>\n<!-- \/ Yoast SEO plugin. -->","yoast_head_json":{"title":"Nis nd\u00ebrtimi i parkut modern n\u00eb Mitrovic\u00ebn e Veriut -","robots":{"index":"index","follow":"follow","max-snippet":"max-snippet:-1","max-image-preview":"max-image-preview:large","max-video-preview":"max-video-preview:-1"},"canonical":"https:\/\/veritasinfo.org\/?p=10552","og_locale":"en_US","og_type":"article","og_title":"Nis nd\u00ebrtimi i parkut modern n\u00eb Mitrovic\u00ebn e Veriut -","og_description":"Mitrovic\u00eb e Veriut, 3 shtator N\u00eb Mitrovic\u00ebn e Veriut ka filluar nd\u00ebrtimi i nj\u00eb parku modern, i cili do ta pasuroj\u00eb pjes\u00ebn urbane t\u00eb qytetit","og_url":"https:\/\/veritasinfo.org\/?p=10552","article_published_time":"2025-09-03T07:48:00+00:00","article_modified_time":"2025-09-03T07:51:11+00:00","og_image":[{"width":240,"height":108,"url":"https:\/\/veritasinfo.org\/wp-content\/uploads\/2025\/09\/parku-veri.jpg","type":"image\/jpeg"}],"author":"US1","twitter_card":"summary_large_image","twitter_misc":{"Written by":"US1","Est. reading time":"1 minute"},"schema":{"@context":"https:\/\/schema.org","@graph":[{"@type":"WebPage","@id":"https:\/\/veritasinfo.org\/?p=10552","url":"https:\/\/veritasinfo.org\/?p=10552","name":"Nis nd\u00ebrtimi i parkut modern n\u00eb Mitrovic\u00ebn e Veriut -","isPartOf":{"@id":"https:\/\/veritasinfo.org\/#website"},"primaryImageOfPage":{"@id":"https:\/\/veritasinfo.org\/?p=10552#primaryimage"},"image":{"@id":"https:\/\/veritasinfo.org\/?p=10552#primaryimage"},"thumbnailUrl":"https:\/\/veritasinfo.org\/wp-content\/uploads\/2025\/09\/parku-veri.jpg","datePublished":"2025-09-03T07:48:00+00:00","dateModified":"2025-09-03T07:51:11+00:00","author":{"@id":"https:\/\/veritasinfo.org\/#\/schema\/person\/c2b8be262ea994d0995addca692c5e98"},"breadcrumb":{"@id":"https:\/\/veritasinfo.org\/?p=10552#breadcrumb"},"inLanguage":"en-US","potentialAction":[{"@type":"ReadAction","target":["https:\/\/veritasinfo.org\/?p=10552"]}]},{"@type":"ImageObject","inLanguage":"en-US","@id":"https:\/\/veritasinfo.org\/?p=10552#primaryimage","url":"https:\/\/veritasinfo.org\/wp-content\/uploads\/2025\/09\/parku-veri.jpg","contentUrl":"https:\/\/veritasinfo.org\/wp-content\/uploads\/2025\/09\/parku-veri.jpg","width":240,"height":108},{"@type":"BreadcrumbList","@id":"https:\/\/veritasinfo.org\/?p=10552#breadcrumb","itemListElement":[{"@type":"ListItem","position":1,"name":"Home","item":"https:\/\/veritasinfo.org\/"},{"@type":"ListItem","position":2,"name":"Nis nd\u00ebrtimi i parkut modern n\u00eb Mitrovic\u00ebn e Veriut"}]},{"@type":"WebSite","@id":"https:\/\/veritasinfo.org\/#website","url":"https:\/\/veritasinfo.org\/","name":"","description":"","potentialAction":[{"@type":"SearchAction","target":{"@type":"EntryPoint","urlTemplate":"https:\/\/veritasinfo.org\/?s={search_term_string}"},"query-input":{"@type":"PropertyValueSpecification","valueRequired":true,"valueName":"search_term_string"}}],"inLanguage":"en-US"},{"@type":"Person","@id":"https:\/\/veritasinfo.org\/#\/schema\/person\/c2b8be262ea994d0995addca692c5e98","name":"US1","image":{"@type":"ImageObject","inLanguage":"en-US","@id":"https:\/\/veritasinfo.org\/#\/schema\/person\/image\/","url":"https:\/\/secure.gravatar.com\/avatar\/4e96a59bd256abf9956eb9963ac891a47461ffb364d47b0e9aab113328fdb75b?s=96&d=mm&r=g","contentUrl":"https:\/\/secure.gravatar.com\/avatar\/4e96a59bd256abf9956eb9963ac891a47461ffb364d47b0e9aab113328fdb75b?s=96&d=mm&r=g","caption":"US1"},"url":"https:\/\/veritasinfo.org\/?author=2"}]}},"featured_image_urls":{"full":["https:\/\/veritasinfo.org\/wp-content\/uploads\/2025\/09\/parku-veri.jpg",240,108,false],"thumbnail":["https:\/\/veritasinfo.org\/wp-content\/uploads\/2025\/09\/parku-veri-150x108.jpg",150,108,true],"medium":["https:\/\/veritasinfo.org\/wp-content\/uploads\/2025\/09\/parku-veri.jpg",240,108,false],"medium_large":["https:\/\/veritasinfo.org\/wp-content\/uploads\/2025\/09\/parku-veri.jpg",240,108,false],"large":["https:\/\/veritasinfo.org\/wp-content\/uploads\/2025\/09\/parku-veri.jpg",240,108,false],"1536x1536":["https:\/\/veritasinfo.org\/wp-content\/uploads\/2025\/09\/parku-veri.jpg",240,108,false],"2048x2048":["https:\/\/veritasinfo.org\/wp-content\/uploads\/2025\/09\/parku-veri.jpg",240,108,false],"kreeti-slider-full":["https:\/\/veritasinfo.org\/wp-content\/uploads\/2025\/09\/parku-veri.jpg",240,108,false],"kreeti-featured":["https:\/\/veritasinfo.org\/wp-content\/uploads\/2025\/09\/parku-veri.jpg",240,108,false],"kreeti-medium":["https:\/\/veritasinfo.org\/wp-content\/uploads\/2025\/09\/parku-veri.jpg",240,108,false],"kreeti-medium-square":["https:\/\/veritasinfo.org\/wp-content\/uploads\/2025\/09\/parku-veri.jpg",240,108,false]},"author_info":{"info":["US1"]},"category_info":"<a href=\"https:\/\/veritasinfo.org\/?cat=52\" rel=\"category\">Komunat<\/a>","tag_info":"Komunat","comment_count":"0","_links":{"self":[{"href":"https:\/\/veritasinfo.org\/index.php?rest_route=\/wp\/v2\/posts\/10552","targetHints":{"allow":["GET"]}}],"collection":[{"href":"https:\/\/veritasinfo.org\/index.php?rest_route=\/wp\/v2\/posts"}],"about":[{"href":"https:\/\/veritasinfo.org\/index.php?rest_route=\/wp\/v2\/types\/post"}],"author":[{"embeddable":true,"href":"https:\/\/veritasinfo.org\/index.php?rest_route=\/wp\/v2\/users\/2"}],"replies":[{"embeddable":true,"href":"https:\/\/veritasinfo.org\/index.php?rest_route=%2Fwp%2Fv2%2Fcomments&post=10552"}],"version-history":[{"count":1,"href":"https:\/\/veritasinfo.org\/index.php?rest_route=\/wp\/v2\/posts\/10552\/revisions"}],"predecessor-version":[{"id":10554,"href":"https:\/\/veritasinfo.org\/index.php?rest_route=\/wp\/v2\/posts\/10552\/revisions\/10554"}],"wp:featuredmedia":[{"embeddable":true,"href":"https:\/\/veritasinfo.org\/index.php?rest_route=\/wp\/v2\/media\/10553"}],"wp:attachment":[{"href":"https:\/\/veritasinfo.org\/index.php?rest_route=%2Fwp%2Fv2%2Fmedia&parent=10552"}],"wp:term":[{"taxonomy":"category","embeddable":true,"href":"https:\/\/veritasinfo.org\/index.php?rest_route=%2Fwp%2Fv2%2Fcategories&post=10552"},{"taxonomy":"post_tag","embeddable":true,"href":"https:\/\/veritasinfo.org\/index.php?rest_route=%2Fwp%2Fv2%2Ftags&post=10552"}],"curies":[{"name":"wp","href":"https:\/\/api.w.org\/{rel}","templated":true}]}}