{"id":10542,"date":"2025-09-03T09:04:47","date_gmt":"2025-09-03T07:04:47","guid":{"rendered":"https:\/\/veritasinfo.org\/?p=10542"},"modified":"2025-09-03T09:04:47","modified_gmt":"2025-09-03T07:04:47","slug":"nga-armet-tek-simbolet-nacionaliste-cfare-zbuloi-policia-ne-bastisjet-e-fundit-ne-veri","status":"publish","type":"post","link":"https:\/\/veritasinfo.org\/?p=10542","title":{"rendered":"Nga arm\u00ebt tek simbolet nacionaliste \u2013 \u00e7far\u00eb zbuloi policia n\u00eb bastisjet e fundit n\u00eb veri?"},"content":{"rendered":"<p><strong>Leposaviq 03 shtator 2025<\/strong><\/p>\n<p>Policia e Kosov\u00ebs gjat\u00eb t\u00eb mart\u00ebs ka zhvilluar dy aksione t\u00eb ndara n\u00eb pjes\u00ebn veriore t\u00eb vendit, ku jan\u00eb gjetur arm\u00eb t\u00eb fshehura dhe artikuj me simbole nacionaliste serbe.<\/p>\n<p>Operacionet u zhvilluan n\u00eb fshatin Junake t\u00eb Zve\u00e7anit dhe n\u00eb nj\u00eb lokal n\u00eb Leposaviq, si pjes\u00eb e angazhimit t\u00eb autoriteteve p\u00ebr rritjen e siguris\u00eb dhe sundimin e ligjit n\u00eb k\u00ebt\u00eb pjes\u00eb t\u00eb vendit.<\/p>\n<p>Rreth or\u00ebs 15:00 Nj\u00ebsia p\u00ebr Nd\u00ebrhyrje t\u00eb Shpejt\u00eb e Policis\u00eb Kufitare ka kontrolluar nj\u00eb zon\u00eb pyjore n\u00eb fshatin Junake t\u00eb Zve\u00e7anit.<\/p>\n<p>Pas nd\u00ebrhyrjes n\u00eb terren dhe kontrollimit t\u00eb zon\u00ebs, policia ka gjetur tri arm\u00eb t\u00eb gjata, nj\u00eb pushk\u00eb gjysm\u00eb automatike dhe dy pushk\u00eb gjuetie t\u00eb futura n\u00eb nj\u00eb gyp metalik dhe t\u00eb fshehura me kujdes n\u00eb pyll, si dhe sasi municioni<\/p>\n<p>Arm\u00ebt dhe municioni jan\u00eb sekuestruar, nd\u00ebrsa autoritetet nuk kan\u00eb b\u00ebr\u00eb t\u00eb ditur identitetin e ndonj\u00eb t\u00eb dyshuari<\/p>\n<p>Nd\u00ebrkoh\u00eb, n\u00eb nj\u00eb lokal n\u00eb Leposaviq gjat\u00eb nj\u00eb bastisjeje t\u00eb kryer nga Policia Kufitare n\u00eb bashk\u00ebpunim me Dogan\u00ebn dhe Nj\u00ebsin\u00eb e Hetimeve Rajonale, jan\u00eb gjetur bluza, pajisje elektroshoku dhe artikuj t\u00eb tjer\u00eb me simbole dhe mbishkrime t\u00eb dyshuara nacionaliste.<\/p>\n<p>P\u00ebr shkak t\u00eb natyr\u00ebs s\u00eb materialeve t\u00eb sekuestruara, \u00ebsht\u00eb njoftuar edhe Prokuroria Speciale e Kosov\u00ebs.<\/p>\n<p>Z\u00ebvend\u00ebsdrejtori i Policis\u00eb p\u00ebr veriun, Veton Elshani konfirmoi se n\u00eb t\u00eb dy rastet nuk ka t\u00eb arrestuar deri m\u00eb tani. K\u00ebto veprime vijn\u00eb n\u00eb kuad\u00ebr t\u00eb angazhimit t\u00eb Policis\u00eb s\u00eb Kosov\u00ebs p\u00ebr rritjen e siguris\u00eb dhe parandalimin e veprimtarive t\u00eb paligjshme n\u00eb pjes\u00ebn veriore t\u00eb vendit.<\/p>\n","protected":false},"excerpt":{"rendered":"<p>Leposaviq 03 shtator 2025 Policia e Kosov\u00ebs gjat\u00eb t\u00eb mart\u00ebs ka zhvilluar dy aksione t\u00eb ndara n\u00eb pjes\u00ebn veriore t\u00eb vendit, ku jan\u00eb gjetur arm\u00eb<\/p>\n","protected":false},"author":2,"featured_media":10543,"comment_status":"open","ping_status":"open","sticky":false,"template":"","format":"standard","meta":{"footnotes":""},"categories":[60],"tags":[],"class_list":["post-10542","post","type-post","status-publish","format-standard","has-post-thumbnail","hentry","category-shoqerore-sq"],"yoast_head":"<!-- This site is optimized with the Yoast SEO plugin v25.3.1 - https:\/\/yoast.com\/wordpress\/plugins\/seo\/ -->\n<title>Nga arm\u00ebt tek simbolet nacionaliste \u2013 \u00e7far\u00eb zbuloi policia n\u00eb bastisjet e fundit n\u00eb veri? -<\/title>\n<meta name=\"robots\" content=\"index, follow, max-snippet:-1, max-image-preview:large, max-video-preview:-1\" \/>\n<link rel=\"canonical\" href=\"https:\/\/veritasinfo.org\/?p=10542\" \/>\n<meta property=\"og:locale\" content=\"en_US\" \/>\n<meta property=\"og:type\" content=\"article\" \/>\n<meta property=\"og:title\" content=\"Nga arm\u00ebt tek simbolet nacionaliste \u2013 \u00e7far\u00eb zbuloi policia n\u00eb bastisjet e fundit n\u00eb veri? -\" \/>\n<meta property=\"og:description\" content=\"Leposaviq 03 shtator 2025 Policia e Kosov\u00ebs gjat\u00eb t\u00eb mart\u00ebs ka zhvilluar dy aksione t\u00eb ndara n\u00eb pjes\u00ebn veriore t\u00eb vendit, ku jan\u00eb gjetur arm\u00eb\" \/>\n<meta property=\"og:url\" content=\"https:\/\/veritasinfo.org\/?p=10542\" \/>\n<meta property=\"article:published_time\" content=\"2025-09-03T07:04:47+00:00\" \/>\n<meta property=\"og:image\" content=\"https:\/\/veritasinfo.org\/wp-content\/uploads\/2025\/09\/veriu-780x439-1.jpg\" \/>\n\t<meta property=\"og:image:width\" content=\"780\" \/>\n\t<meta property=\"og:image:height\" content=\"439\" \/>\n\t<meta property=\"og:image:type\" content=\"image\/jpeg\" \/>\n<meta name=\"author\" content=\"US1\" \/>\n<meta name=\"twitter:card\" content=\"summary_large_image\" \/>\n<meta name=\"twitter:label1\" content=\"Written by\" \/>\n\t<meta name=\"twitter:data1\" content=\"US1\" \/>\n\t<meta name=\"twitter:label2\" content=\"Est. reading time\" \/>\n\t<meta name=\"twitter:data2\" content=\"2 minutes\" \/>\n<script type=\"application\/ld+json\" class=\"yoast-schema-graph\">{\"@context\":\"https:\/\/schema.org\",\"@graph\":[{\"@type\":\"WebPage\",\"@id\":\"https:\/\/veritasinfo.org\/?p=10542\",\"url\":\"https:\/\/veritasinfo.org\/?p=10542\",\"name\":\"Nga arm\u00ebt tek simbolet nacionaliste \u2013 \u00e7far\u00eb zbuloi policia n\u00eb bastisjet e fundit n\u00eb veri? -\",\"isPartOf\":{\"@id\":\"https:\/\/veritasinfo.org\/#website\"},\"primaryImageOfPage\":{\"@id\":\"https:\/\/veritasinfo.org\/?p=10542#primaryimage\"},\"image\":{\"@id\":\"https:\/\/veritasinfo.org\/?p=10542#primaryimage\"},\"thumbnailUrl\":\"https:\/\/veritasinfo.org\/wp-content\/uploads\/2025\/09\/veriu-780x439-1.jpg\",\"datePublished\":\"2025-09-03T07:04:47+00:00\",\"author\":{\"@id\":\"https:\/\/veritasinfo.org\/#\/schema\/person\/c2b8be262ea994d0995addca692c5e98\"},\"breadcrumb\":{\"@id\":\"https:\/\/veritasinfo.org\/?p=10542#breadcrumb\"},\"inLanguage\":\"en-US\",\"potentialAction\":[{\"@type\":\"ReadAction\",\"target\":[\"https:\/\/veritasinfo.org\/?p=10542\"]}]},{\"@type\":\"ImageObject\",\"inLanguage\":\"en-US\",\"@id\":\"https:\/\/veritasinfo.org\/?p=10542#primaryimage\",\"url\":\"https:\/\/veritasinfo.org\/wp-content\/uploads\/2025\/09\/veriu-780x439-1.jpg\",\"contentUrl\":\"https:\/\/veritasinfo.org\/wp-content\/uploads\/2025\/09\/veriu-780x439-1.jpg\",\"width\":780,\"height\":439},{\"@type\":\"BreadcrumbList\",\"@id\":\"https:\/\/veritasinfo.org\/?p=10542#breadcrumb\",\"itemListElement\":[{\"@type\":\"ListItem\",\"position\":1,\"name\":\"Home\",\"item\":\"https:\/\/veritasinfo.org\/\"},{\"@type\":\"ListItem\",\"position\":2,\"name\":\"Nga arm\u00ebt tek simbolet nacionaliste \u2013 \u00e7far\u00eb zbuloi policia n\u00eb bastisjet e fundit n\u00eb veri?\"}]},{\"@type\":\"WebSite\",\"@id\":\"https:\/\/veritasinfo.org\/#website\",\"url\":\"https:\/\/veritasinfo.org\/\",\"name\":\"\",\"description\":\"\",\"potentialAction\":[{\"@type\":\"SearchAction\",\"target\":{\"@type\":\"EntryPoint\",\"urlTemplate\":\"https:\/\/veritasinfo.org\/?s={search_term_string}\"},\"query-input\":{\"@type\":\"PropertyValueSpecification\",\"valueRequired\":true,\"valueName\":\"search_term_string\"}}],\"inLanguage\":\"en-US\"},{\"@type\":\"Person\",\"@id\":\"https:\/\/veritasinfo.org\/#\/schema\/person\/c2b8be262ea994d0995addca692c5e98\",\"name\":\"US1\",\"image\":{\"@type\":\"ImageObject\",\"inLanguage\":\"en-US\",\"@id\":\"https:\/\/veritasinfo.org\/#\/schema\/person\/image\/\",\"url\":\"https:\/\/secure.gravatar.com\/avatar\/4e96a59bd256abf9956eb9963ac891a47461ffb364d47b0e9aab113328fdb75b?s=96&d=mm&r=g\",\"contentUrl\":\"https:\/\/secure.gravatar.com\/avatar\/4e96a59bd256abf9956eb9963ac891a47461ffb364d47b0e9aab113328fdb75b?s=96&d=mm&r=g\",\"caption\":\"US1\"},\"url\":\"https:\/\/veritasinfo.org\/?author=2\"}]}<\/script>\n<!-- \/ Yoast SEO plugin. -->","yoast_head_json":{"title":"Nga arm\u00ebt tek simbolet nacionaliste \u2013 \u00e7far\u00eb zbuloi policia n\u00eb bastisjet e fundit n\u00eb veri? -","robots":{"index":"index","follow":"follow","max-snippet":"max-snippet:-1","max-image-preview":"max-image-preview:large","max-video-preview":"max-video-preview:-1"},"canonical":"https:\/\/veritasinfo.org\/?p=10542","og_locale":"en_US","og_type":"article","og_title":"Nga arm\u00ebt tek simbolet nacionaliste \u2013 \u00e7far\u00eb zbuloi policia n\u00eb bastisjet e fundit n\u00eb veri? -","og_description":"Leposaviq 03 shtator 2025 Policia e Kosov\u00ebs gjat\u00eb t\u00eb mart\u00ebs ka zhvilluar dy aksione t\u00eb ndara n\u00eb pjes\u00ebn veriore t\u00eb vendit, ku jan\u00eb gjetur arm\u00eb","og_url":"https:\/\/veritasinfo.org\/?p=10542","article_published_time":"2025-09-03T07:04:47+00:00","og_image":[{"width":780,"height":439,"url":"https:\/\/veritasinfo.org\/wp-content\/uploads\/2025\/09\/veriu-780x439-1.jpg","type":"image\/jpeg"}],"author":"US1","twitter_card":"summary_large_image","twitter_misc":{"Written by":"US1","Est. reading time":"2 minutes"},"schema":{"@context":"https:\/\/schema.org","@graph":[{"@type":"WebPage","@id":"https:\/\/veritasinfo.org\/?p=10542","url":"https:\/\/veritasinfo.org\/?p=10542","name":"Nga arm\u00ebt tek simbolet nacionaliste \u2013 \u00e7far\u00eb zbuloi policia n\u00eb bastisjet e fundit n\u00eb veri? -","isPartOf":{"@id":"https:\/\/veritasinfo.org\/#website"},"primaryImageOfPage":{"@id":"https:\/\/veritasinfo.org\/?p=10542#primaryimage"},"image":{"@id":"https:\/\/veritasinfo.org\/?p=10542#primaryimage"},"thumbnailUrl":"https:\/\/veritasinfo.org\/wp-content\/uploads\/2025\/09\/veriu-780x439-1.jpg","datePublished":"2025-09-03T07:04:47+00:00","author":{"@id":"https:\/\/veritasinfo.org\/#\/schema\/person\/c2b8be262ea994d0995addca692c5e98"},"breadcrumb":{"@id":"https:\/\/veritasinfo.org\/?p=10542#breadcrumb"},"inLanguage":"en-US","potentialAction":[{"@type":"ReadAction","target":["https:\/\/veritasinfo.org\/?p=10542"]}]},{"@type":"ImageObject","inLanguage":"en-US","@id":"https:\/\/veritasinfo.org\/?p=10542#primaryimage","url":"https:\/\/veritasinfo.org\/wp-content\/uploads\/2025\/09\/veriu-780x439-1.jpg","contentUrl":"https:\/\/veritasinfo.org\/wp-content\/uploads\/2025\/09\/veriu-780x439-1.jpg","width":780,"height":439},{"@type":"BreadcrumbList","@id":"https:\/\/veritasinfo.org\/?p=10542#breadcrumb","itemListElement":[{"@type":"ListItem","position":1,"name":"Home","item":"https:\/\/veritasinfo.org\/"},{"@type":"ListItem","position":2,"name":"Nga arm\u00ebt tek simbolet nacionaliste \u2013 \u00e7far\u00eb zbuloi policia n\u00eb bastisjet e fundit n\u00eb veri?"}]},{"@type":"WebSite","@id":"https:\/\/veritasinfo.org\/#website","url":"https:\/\/veritasinfo.org\/","name":"","description":"","potentialAction":[{"@type":"SearchAction","target":{"@type":"EntryPoint","urlTemplate":"https:\/\/veritasinfo.org\/?s={search_term_string}"},"query-input":{"@type":"PropertyValueSpecification","valueRequired":true,"valueName":"search_term_string"}}],"inLanguage":"en-US"},{"@type":"Person","@id":"https:\/\/veritasinfo.org\/#\/schema\/person\/c2b8be262ea994d0995addca692c5e98","name":"US1","image":{"@type":"ImageObject","inLanguage":"en-US","@id":"https:\/\/veritasinfo.org\/#\/schema\/person\/image\/","url":"https:\/\/secure.gravatar.com\/avatar\/4e96a59bd256abf9956eb9963ac891a47461ffb364d47b0e9aab113328fdb75b?s=96&d=mm&r=g","contentUrl":"https:\/\/secure.gravatar.com\/avatar\/4e96a59bd256abf9956eb9963ac891a47461ffb364d47b0e9aab113328fdb75b?s=96&d=mm&r=g","caption":"US1"},"url":"https:\/\/veritasinfo.org\/?author=2"}]}},"featured_image_urls":{"full":["https:\/\/veritasinfo.org\/wp-content\/uploads\/2025\/09\/veriu-780x439-1.jpg",780,439,false],"thumbnail":["https:\/\/veritasinfo.org\/wp-content\/uploads\/2025\/09\/veriu-780x439-1-150x150.jpg",150,150,true],"medium":["https:\/\/veritasinfo.org\/wp-content\/uploads\/2025\/09\/veriu-780x439-1-300x169.jpg",300,169,true],"medium_large":["https:\/\/veritasinfo.org\/wp-content\/uploads\/2025\/09\/veriu-780x439-1-768x432.jpg",640,360,true],"large":["https:\/\/veritasinfo.org\/wp-content\/uploads\/2025\/09\/veriu-780x439-1.jpg",640,360,false],"1536x1536":["https:\/\/veritasinfo.org\/wp-content\/uploads\/2025\/09\/veriu-780x439-1.jpg",780,439,false],"2048x2048":["https:\/\/veritasinfo.org\/wp-content\/uploads\/2025\/09\/veriu-780x439-1.jpg",780,439,false],"kreeti-slider-full":["https:\/\/veritasinfo.org\/wp-content\/uploads\/2025\/09\/veriu-780x439-1.jpg",780,439,false],"kreeti-featured":["https:\/\/veritasinfo.org\/wp-content\/uploads\/2025\/09\/veriu-780x439-1.jpg",780,439,false],"kreeti-medium":["https:\/\/veritasinfo.org\/wp-content\/uploads\/2025\/09\/veriu-780x439-1.jpg",720,405,false],"kreeti-medium-square":["https:\/\/veritasinfo.org\/wp-content\/uploads\/2025\/09\/veriu-780x439-1.jpg",350,197,false]},"author_info":{"info":["US1"]},"category_info":"<a href=\"https:\/\/veritasinfo.org\/?cat=60\" rel=\"category\">Shoq\u00ebrore<\/a>","tag_info":"Shoq\u00ebrore","comment_count":"0","_links":{"self":[{"href":"https:\/\/veritasinfo.org\/index.php?rest_route=\/wp\/v2\/posts\/10542","targetHints":{"allow":["GET"]}}],"collection":[{"href":"https:\/\/veritasinfo.org\/index.php?rest_route=\/wp\/v2\/posts"}],"about":[{"href":"https:\/\/veritasinfo.org\/index.php?rest_route=\/wp\/v2\/types\/post"}],"author":[{"embeddable":true,"href":"https:\/\/veritasinfo.org\/index.php?rest_route=\/wp\/v2\/users\/2"}],"replies":[{"embeddable":true,"href":"https:\/\/veritasinfo.org\/index.php?rest_route=%2Fwp%2Fv2%2Fcomments&post=10542"}],"version-history":[{"count":1,"href":"https:\/\/veritasinfo.org\/index.php?rest_route=\/wp\/v2\/posts\/10542\/revisions"}],"predecessor-version":[{"id":10544,"href":"https:\/\/veritasinfo.org\/index.php?rest_route=\/wp\/v2\/posts\/10542\/revisions\/10544"}],"wp:featuredmedia":[{"embeddable":true,"href":"https:\/\/veritasinfo.org\/index.php?rest_route=\/wp\/v2\/media\/10543"}],"wp:attachment":[{"href":"https:\/\/veritasinfo.org\/index.php?rest_route=%2Fwp%2Fv2%2Fmedia&parent=10542"}],"wp:term":[{"taxonomy":"category","embeddable":true,"href":"https:\/\/veritasinfo.org\/index.php?rest_route=%2Fwp%2Fv2%2Fcategories&post=10542"},{"taxonomy":"post_tag","embeddable":true,"href":"https:\/\/veritasinfo.org\/index.php?rest_route=%2Fwp%2Fv2%2Ftags&post=10542"}],"curies":[{"name":"wp","href":"https:\/\/api.w.org\/{rel}","templated":true}]}}