{"id":10537,"date":"2025-09-03T08:57:56","date_gmt":"2025-09-03T06:57:56","guid":{"rendered":"https:\/\/veritasinfo.org\/?p=10537"},"modified":"2025-09-03T08:57:56","modified_gmt":"2025-09-03T06:57:56","slug":"kosova-kerkon-pyetesorin-dhe-statusin-e-vendit-kandidat-ne-be","status":"publish","type":"post","link":"https:\/\/veritasinfo.org\/?p=10537","title":{"rendered":"Kosova k\u00ebrkon pyet\u00ebsorin dhe statusin e vendit kandidat n\u00eb BE"},"content":{"rendered":"<p><strong>Bled, 03 shtator 2025<\/strong><\/p>\n<p>Z\u00ebvend\u00ebskryeministri i par\u00eb n\u00eb detyr\u00eb p\u00ebr Integrim Evropian, Zhvillim dhe Dialog i Republik\u00ebs s\u00eb Kosov\u00ebs, Besnik Bislimi, gjat\u00eb nj\u00eb takimi joformal t\u00eb ministrave p\u00ebr \u00e7\u00ebshtje evropiane t\u00eb organizuar n\u00eb Kopenhag\u00eb, theksoi se Kosova ka sh\u00ebnuar progres n\u00eb zbatimin e reformave dhe avancim t\u00eb konsideruesh\u00ebm viteve t\u00eb fundit.<\/p>\n<p>Sipas tij, Kosova ka arritur mes tjerash rritjen m\u00eb t\u00eb shpejt\u00eb ekonomike n\u00eb rajon, ulje t\u00eb papun\u00ebsis\u00eb nga 23.8% n\u00eb 10.9% n\u00eb vet\u00ebm kat\u00ebr vite, p\u00ebrmir\u00ebsim n\u00eb rangime n\u00eb indekse nd\u00ebrkomb\u00ebtare e dyfishim t\u00eb investimeve t\u00eb huaja direkte.<\/p>\n<p>Ai gjat\u00eb takimit me tem\u00eb \u201cKriteret e Kopenhag\u00ebs dhe integrimi gradual\u201d, theksoi se aplikimi p\u00ebr an\u00ebtar\u00ebsim n\u00eb dhjetor 2022 \u00ebsht\u00eb tregues i synimit dhe gatishm\u00ebris\u00eb p\u00ebr avancim t\u00eb m\u00ebtejsh\u00ebm, gjersa Kosova po zbaton Marr\u00ebveshjen e Stabilizim Asocimit p\u00ebr gati nj\u00eb dekad\u00eb tashm\u00eb.<\/p>\n<p>Bislimi n\u00ebnvizoi se institucionet tona kan\u00eb d\u00ebshmuar nivelin e lart\u00eb t\u00eb p\u00ebrgatitjes, andaj dhe \u00ebsht\u00eb e nevojshme vler\u00ebsimi i tyre n\u00eb baz\u00eb t\u00eb meritokracis\u00eb, duke pranuar pyet\u00ebsorin dhe duke marr\u00eb statusin e vendit kandidat.<\/p>\n<p>Krahas ministrave, pjes\u00ebmarr\u00ebse n\u00eb k\u00ebt\u00eb diskutim ishte edhe Komisionerja p\u00ebr Zgjerim, Marta Kos, e cila pas takimit, n\u00eb nj\u00eb konferenc\u00eb p\u00ebr media, tha se Shqip\u00ebria e Mali i Zi jan\u00eb dy vendet kandidate q\u00eb p\u00ebrparuan m\u00eb her\u00ebt drejt an\u00ebtar\u00ebsimit n\u00eb BE.<\/p>\n<p>Nd\u00ebrkoh\u00eb, Kos ka shkruar n\u00eb X, se bashk\u00eb me ministrat e Evrop\u00ebs, kan\u00eb diskutuar p\u00ebr ankorimi i respektit p\u00ebr sundimin e ligjit, sjelljen e p\u00ebrfitimeve t\u00eb hershme p\u00ebr vendet kandidate, p\u00ebrgatitjen e unionit p\u00ebr an\u00ebtar\u00ebt e rinj dhe komunikimin e p\u00ebrfitimeve t\u00eb zgjerimit p\u00ebr qytetar\u00ebt e BE-s\u00eb.<\/p>\n","protected":false},"excerpt":{"rendered":"<p>Bled, 03 shtator 2025 Z\u00ebvend\u00ebskryeministri i par\u00eb n\u00eb detyr\u00eb p\u00ebr Integrim Evropian, Zhvillim dhe Dialog i Republik\u00ebs s\u00eb Kosov\u00ebs, Besnik Bislimi, gjat\u00eb nj\u00eb takimi joformal<\/p>\n","protected":false},"author":2,"featured_media":10538,"comment_status":"open","ping_status":"open","sticky":false,"template":"","format":"standard","meta":{"footnotes":""},"categories":[58],"tags":[],"class_list":["post-10537","post","type-post","status-publish","format-standard","has-post-thumbnail","hentry","category-politike-sq"],"yoast_head":"<!-- This site is optimized with the Yoast SEO plugin v25.3.1 - https:\/\/yoast.com\/wordpress\/plugins\/seo\/ -->\n<title>Kosova k\u00ebrkon pyet\u00ebsorin dhe statusin e vendit kandidat n\u00eb BE -<\/title>\n<meta name=\"robots\" content=\"index, follow, max-snippet:-1, max-image-preview:large, max-video-preview:-1\" \/>\n<link rel=\"canonical\" href=\"https:\/\/veritasinfo.org\/?p=10537\" \/>\n<meta property=\"og:locale\" content=\"en_US\" \/>\n<meta property=\"og:type\" content=\"article\" \/>\n<meta property=\"og:title\" content=\"Kosova k\u00ebrkon pyet\u00ebsorin dhe statusin e vendit kandidat n\u00eb BE -\" \/>\n<meta property=\"og:description\" content=\"Bled, 03 shtator 2025 Z\u00ebvend\u00ebskryeministri i par\u00eb n\u00eb detyr\u00eb p\u00ebr Integrim Evropian, Zhvillim dhe Dialog i Republik\u00ebs s\u00eb Kosov\u00ebs, Besnik Bislimi, gjat\u00eb nj\u00eb takimi joformal\" \/>\n<meta property=\"og:url\" content=\"https:\/\/veritasinfo.org\/?p=10537\" \/>\n<meta property=\"article:published_time\" content=\"2025-09-03T06:57:56+00:00\" \/>\n<meta property=\"og:image\" content=\"https:\/\/veritasinfo.org\/wp-content\/uploads\/2025\/09\/bislimi-1068x588-1.jpg\" \/>\n\t<meta property=\"og:image:width\" content=\"1068\" \/>\n\t<meta property=\"og:image:height\" content=\"588\" \/>\n\t<meta property=\"og:image:type\" content=\"image\/jpeg\" \/>\n<meta name=\"author\" content=\"US1\" \/>\n<meta name=\"twitter:card\" content=\"summary_large_image\" \/>\n<meta name=\"twitter:label1\" content=\"Written by\" \/>\n\t<meta name=\"twitter:data1\" content=\"US1\" \/>\n\t<meta name=\"twitter:label2\" content=\"Est. reading time\" \/>\n\t<meta name=\"twitter:data2\" content=\"2 minutes\" \/>\n<script type=\"application\/ld+json\" class=\"yoast-schema-graph\">{\"@context\":\"https:\/\/schema.org\",\"@graph\":[{\"@type\":\"WebPage\",\"@id\":\"https:\/\/veritasinfo.org\/?p=10537\",\"url\":\"https:\/\/veritasinfo.org\/?p=10537\",\"name\":\"Kosova k\u00ebrkon pyet\u00ebsorin dhe statusin e vendit kandidat n\u00eb BE -\",\"isPartOf\":{\"@id\":\"https:\/\/veritasinfo.org\/#website\"},\"primaryImageOfPage\":{\"@id\":\"https:\/\/veritasinfo.org\/?p=10537#primaryimage\"},\"image\":{\"@id\":\"https:\/\/veritasinfo.org\/?p=10537#primaryimage\"},\"thumbnailUrl\":\"https:\/\/veritasinfo.org\/wp-content\/uploads\/2025\/09\/bislimi-1068x588-1.jpg\",\"datePublished\":\"2025-09-03T06:57:56+00:00\",\"author\":{\"@id\":\"https:\/\/veritasinfo.org\/#\/schema\/person\/c2b8be262ea994d0995addca692c5e98\"},\"breadcrumb\":{\"@id\":\"https:\/\/veritasinfo.org\/?p=10537#breadcrumb\"},\"inLanguage\":\"en-US\",\"potentialAction\":[{\"@type\":\"ReadAction\",\"target\":[\"https:\/\/veritasinfo.org\/?p=10537\"]}]},{\"@type\":\"ImageObject\",\"inLanguage\":\"en-US\",\"@id\":\"https:\/\/veritasinfo.org\/?p=10537#primaryimage\",\"url\":\"https:\/\/veritasinfo.org\/wp-content\/uploads\/2025\/09\/bislimi-1068x588-1.jpg\",\"contentUrl\":\"https:\/\/veritasinfo.org\/wp-content\/uploads\/2025\/09\/bislimi-1068x588-1.jpg\",\"width\":1068,\"height\":588},{\"@type\":\"BreadcrumbList\",\"@id\":\"https:\/\/veritasinfo.org\/?p=10537#breadcrumb\",\"itemListElement\":[{\"@type\":\"ListItem\",\"position\":1,\"name\":\"Home\",\"item\":\"https:\/\/veritasinfo.org\/\"},{\"@type\":\"ListItem\",\"position\":2,\"name\":\"Kosova k\u00ebrkon pyet\u00ebsorin dhe statusin e vendit kandidat n\u00eb BE\"}]},{\"@type\":\"WebSite\",\"@id\":\"https:\/\/veritasinfo.org\/#website\",\"url\":\"https:\/\/veritasinfo.org\/\",\"name\":\"\",\"description\":\"\",\"potentialAction\":[{\"@type\":\"SearchAction\",\"target\":{\"@type\":\"EntryPoint\",\"urlTemplate\":\"https:\/\/veritasinfo.org\/?s={search_term_string}\"},\"query-input\":{\"@type\":\"PropertyValueSpecification\",\"valueRequired\":true,\"valueName\":\"search_term_string\"}}],\"inLanguage\":\"en-US\"},{\"@type\":\"Person\",\"@id\":\"https:\/\/veritasinfo.org\/#\/schema\/person\/c2b8be262ea994d0995addca692c5e98\",\"name\":\"US1\",\"image\":{\"@type\":\"ImageObject\",\"inLanguage\":\"en-US\",\"@id\":\"https:\/\/veritasinfo.org\/#\/schema\/person\/image\/\",\"url\":\"https:\/\/secure.gravatar.com\/avatar\/4e96a59bd256abf9956eb9963ac891a47461ffb364d47b0e9aab113328fdb75b?s=96&d=mm&r=g\",\"contentUrl\":\"https:\/\/secure.gravatar.com\/avatar\/4e96a59bd256abf9956eb9963ac891a47461ffb364d47b0e9aab113328fdb75b?s=96&d=mm&r=g\",\"caption\":\"US1\"},\"url\":\"https:\/\/veritasinfo.org\/?author=2\"}]}<\/script>\n<!-- \/ Yoast SEO plugin. -->","yoast_head_json":{"title":"Kosova k\u00ebrkon pyet\u00ebsorin dhe statusin e vendit kandidat n\u00eb BE -","robots":{"index":"index","follow":"follow","max-snippet":"max-snippet:-1","max-image-preview":"max-image-preview:large","max-video-preview":"max-video-preview:-1"},"canonical":"https:\/\/veritasinfo.org\/?p=10537","og_locale":"en_US","og_type":"article","og_title":"Kosova k\u00ebrkon pyet\u00ebsorin dhe statusin e vendit kandidat n\u00eb BE -","og_description":"Bled, 03 shtator 2025 Z\u00ebvend\u00ebskryeministri i par\u00eb n\u00eb detyr\u00eb p\u00ebr Integrim Evropian, Zhvillim dhe Dialog i Republik\u00ebs s\u00eb Kosov\u00ebs, Besnik Bislimi, gjat\u00eb nj\u00eb takimi joformal","og_url":"https:\/\/veritasinfo.org\/?p=10537","article_published_time":"2025-09-03T06:57:56+00:00","og_image":[{"width":1068,"height":588,"url":"https:\/\/veritasinfo.org\/wp-content\/uploads\/2025\/09\/bislimi-1068x588-1.jpg","type":"image\/jpeg"}],"author":"US1","twitter_card":"summary_large_image","twitter_misc":{"Written by":"US1","Est. reading time":"2 minutes"},"schema":{"@context":"https:\/\/schema.org","@graph":[{"@type":"WebPage","@id":"https:\/\/veritasinfo.org\/?p=10537","url":"https:\/\/veritasinfo.org\/?p=10537","name":"Kosova k\u00ebrkon pyet\u00ebsorin dhe statusin e vendit kandidat n\u00eb BE -","isPartOf":{"@id":"https:\/\/veritasinfo.org\/#website"},"primaryImageOfPage":{"@id":"https:\/\/veritasinfo.org\/?p=10537#primaryimage"},"image":{"@id":"https:\/\/veritasinfo.org\/?p=10537#primaryimage"},"thumbnailUrl":"https:\/\/veritasinfo.org\/wp-content\/uploads\/2025\/09\/bislimi-1068x588-1.jpg","datePublished":"2025-09-03T06:57:56+00:00","author":{"@id":"https:\/\/veritasinfo.org\/#\/schema\/person\/c2b8be262ea994d0995addca692c5e98"},"breadcrumb":{"@id":"https:\/\/veritasinfo.org\/?p=10537#breadcrumb"},"inLanguage":"en-US","potentialAction":[{"@type":"ReadAction","target":["https:\/\/veritasinfo.org\/?p=10537"]}]},{"@type":"ImageObject","inLanguage":"en-US","@id":"https:\/\/veritasinfo.org\/?p=10537#primaryimage","url":"https:\/\/veritasinfo.org\/wp-content\/uploads\/2025\/09\/bislimi-1068x588-1.jpg","contentUrl":"https:\/\/veritasinfo.org\/wp-content\/uploads\/2025\/09\/bislimi-1068x588-1.jpg","width":1068,"height":588},{"@type":"BreadcrumbList","@id":"https:\/\/veritasinfo.org\/?p=10537#breadcrumb","itemListElement":[{"@type":"ListItem","position":1,"name":"Home","item":"https:\/\/veritasinfo.org\/"},{"@type":"ListItem","position":2,"name":"Kosova k\u00ebrkon pyet\u00ebsorin dhe statusin e vendit kandidat n\u00eb BE"}]},{"@type":"WebSite","@id":"https:\/\/veritasinfo.org\/#website","url":"https:\/\/veritasinfo.org\/","name":"","description":"","potentialAction":[{"@type":"SearchAction","target":{"@type":"EntryPoint","urlTemplate":"https:\/\/veritasinfo.org\/?s={search_term_string}"},"query-input":{"@type":"PropertyValueSpecification","valueRequired":true,"valueName":"search_term_string"}}],"inLanguage":"en-US"},{"@type":"Person","@id":"https:\/\/veritasinfo.org\/#\/schema\/person\/c2b8be262ea994d0995addca692c5e98","name":"US1","image":{"@type":"ImageObject","inLanguage":"en-US","@id":"https:\/\/veritasinfo.org\/#\/schema\/person\/image\/","url":"https:\/\/secure.gravatar.com\/avatar\/4e96a59bd256abf9956eb9963ac891a47461ffb364d47b0e9aab113328fdb75b?s=96&d=mm&r=g","contentUrl":"https:\/\/secure.gravatar.com\/avatar\/4e96a59bd256abf9956eb9963ac891a47461ffb364d47b0e9aab113328fdb75b?s=96&d=mm&r=g","caption":"US1"},"url":"https:\/\/veritasinfo.org\/?author=2"}]}},"featured_image_urls":{"full":["https:\/\/veritasinfo.org\/wp-content\/uploads\/2025\/09\/bislimi-1068x588-1.jpg",1068,588,false],"thumbnail":["https:\/\/veritasinfo.org\/wp-content\/uploads\/2025\/09\/bislimi-1068x588-1-150x150.jpg",150,150,true],"medium":["https:\/\/veritasinfo.org\/wp-content\/uploads\/2025\/09\/bislimi-1068x588-1-300x165.jpg",300,165,true],"medium_large":["https:\/\/veritasinfo.org\/wp-content\/uploads\/2025\/09\/bislimi-1068x588-1-768x423.jpg",640,353,true],"large":["https:\/\/veritasinfo.org\/wp-content\/uploads\/2025\/09\/bislimi-1068x588-1-1024x564.jpg",640,353,true],"1536x1536":["https:\/\/veritasinfo.org\/wp-content\/uploads\/2025\/09\/bislimi-1068x588-1.jpg",1068,588,false],"2048x2048":["https:\/\/veritasinfo.org\/wp-content\/uploads\/2025\/09\/bislimi-1068x588-1.jpg",1068,588,false],"kreeti-slider-full":["https:\/\/veritasinfo.org\/wp-content\/uploads\/2025\/09\/bislimi-1068x588-1.jpg",1068,588,false],"kreeti-featured":["https:\/\/veritasinfo.org\/wp-content\/uploads\/2025\/09\/bislimi-1068x588-1.jpg",1024,564,false],"kreeti-medium":["https:\/\/veritasinfo.org\/wp-content\/uploads\/2025\/09\/bislimi-1068x588-1.jpg",720,396,false],"kreeti-medium-square":["https:\/\/veritasinfo.org\/wp-content\/uploads\/2025\/09\/bislimi-1068x588-1.jpg",350,193,false]},"author_info":{"info":["US1"]},"category_info":"<a href=\"https:\/\/veritasinfo.org\/?cat=58\" rel=\"category\">Politik\u00eb<\/a>","tag_info":"Politik\u00eb","comment_count":"0","_links":{"self":[{"href":"https:\/\/veritasinfo.org\/index.php?rest_route=\/wp\/v2\/posts\/10537","targetHints":{"allow":["GET"]}}],"collection":[{"href":"https:\/\/veritasinfo.org\/index.php?rest_route=\/wp\/v2\/posts"}],"about":[{"href":"https:\/\/veritasinfo.org\/index.php?rest_route=\/wp\/v2\/types\/post"}],"author":[{"embeddable":true,"href":"https:\/\/veritasinfo.org\/index.php?rest_route=\/wp\/v2\/users\/2"}],"replies":[{"embeddable":true,"href":"https:\/\/veritasinfo.org\/index.php?rest_route=%2Fwp%2Fv2%2Fcomments&post=10537"}],"version-history":[{"count":1,"href":"https:\/\/veritasinfo.org\/index.php?rest_route=\/wp\/v2\/posts\/10537\/revisions"}],"predecessor-version":[{"id":10539,"href":"https:\/\/veritasinfo.org\/index.php?rest_route=\/wp\/v2\/posts\/10537\/revisions\/10539"}],"wp:featuredmedia":[{"embeddable":true,"href":"https:\/\/veritasinfo.org\/index.php?rest_route=\/wp\/v2\/media\/10538"}],"wp:attachment":[{"href":"https:\/\/veritasinfo.org\/index.php?rest_route=%2Fwp%2Fv2%2Fmedia&parent=10537"}],"wp:term":[{"taxonomy":"category","embeddable":true,"href":"https:\/\/veritasinfo.org\/index.php?rest_route=%2Fwp%2Fv2%2Fcategories&post=10537"},{"taxonomy":"post_tag","embeddable":true,"href":"https:\/\/veritasinfo.org\/index.php?rest_route=%2Fwp%2Fv2%2Ftags&post=10537"}],"curies":[{"name":"wp","href":"https:\/\/api.w.org\/{rel}","templated":true}]}}