{"id":10503,"date":"2025-09-02T19:11:14","date_gmt":"2025-09-02T17:11:14","guid":{"rendered":"https:\/\/veritasinfo.org\/?p=10503"},"modified":"2025-09-02T19:11:14","modified_gmt":"2025-09-02T17:11:14","slug":"aksident-tragjik-ne-luksemburg-mes-viktimave-tre-te-rinje-nga-kosova","status":"publish","type":"post","link":"https:\/\/veritasinfo.org\/?p=10503","title":{"rendered":"Aksident tragjik n\u00eb Luksemburg, mes viktimave tre t\u00eb rinj\u00eb nga Kosova"},"content":{"rendered":"<p><strong>Luksemburg, 02 shtator 2025<\/strong><\/p>\n<p>Nj\u00eb aksident i r\u00ebnd\u00eb rrugor ka ndodhur t\u00eb dit\u00ebn e djeshme pasdite n\u00eb Luksemburg (1 shtator), duke rezultuar fatal p\u00ebr pes\u00eb persona, mes t\u00eb cil\u00ebve tre t\u00eb rinj shqiptar\u00eb nga Kosova.<\/p>\n<p>Viktimat jan\u00eb identifikuar si Edonik Kastrati, Uk\u00eb Bajraktaraj dhe Ujkan Bajraktaraj, t\u00eb cil\u00ebt humb\u00ebn jet\u00ebn n\u00eb rrethana ende t\u00eb paqarta plot\u00ebsisht. Ngjarja tragjike ka ndodhur rreth or\u00ebs 17:00, sipas informacioneve t\u00eb konfirmuara nga t\u00eb af\u00ebrm t\u00eb viktimave p\u00ebrmes rrjeteve sociale.<\/p>\n<p>Autoritetet nuk kan\u00eb dh\u00ebn\u00eb ende detaje zyrtare rreth shkaqeve t\u00eb aksidentit, por mediat lokale raportojn\u00eb se automjeti me t\u00eb cilin udh\u00ebtonin t\u00eb rinjt\u00eb \u00ebsht\u00eb p\u00ebrplasur me nj\u00eb mjet tjet\u00ebr n\u00eb nj\u00eb nga rrug\u00ebt rurale t\u00eb Luksemburgut.<\/p>\n","protected":false},"excerpt":{"rendered":"<p>Luksemburg, 02 shtator 2025 Nj\u00eb aksident i r\u00ebnd\u00eb rrugor ka ndodhur t\u00eb dit\u00ebn e djeshme pasdite n\u00eb Luksemburg (1 shtator), duke rezultuar fatal p\u00ebr pes\u00eb<\/p>\n","protected":false},"author":2,"featured_media":10504,"comment_status":"open","ping_status":"open","sticky":false,"template":"","format":"standard","meta":{"footnotes":""},"categories":[60],"tags":[],"class_list":["post-10503","post","type-post","status-publish","format-standard","has-post-thumbnail","hentry","category-shoqerore-sq"],"yoast_head":"<!-- This site is optimized with the Yoast SEO plugin v25.3.1 - https:\/\/yoast.com\/wordpress\/plugins\/seo\/ -->\n<title>Aksident tragjik n\u00eb Luksemburg, mes viktimave tre t\u00eb rinj\u00eb nga Kosova -<\/title>\n<meta name=\"robots\" content=\"index, follow, max-snippet:-1, max-image-preview:large, max-video-preview:-1\" \/>\n<link rel=\"canonical\" href=\"https:\/\/veritasinfo.org\/?p=10503\" \/>\n<meta property=\"og:locale\" content=\"en_US\" \/>\n<meta property=\"og:type\" content=\"article\" \/>\n<meta property=\"og:title\" content=\"Aksident tragjik n\u00eb Luksemburg, mes viktimave tre t\u00eb rinj\u00eb nga Kosova -\" \/>\n<meta property=\"og:description\" content=\"Luksemburg, 02 shtator 2025 Nj\u00eb aksident i r\u00ebnd\u00eb rrugor ka ndodhur t\u00eb dit\u00ebn e djeshme pasdite n\u00eb Luksemburg (1 shtator), duke rezultuar fatal p\u00ebr pes\u00eb\" \/>\n<meta property=\"og:url\" content=\"https:\/\/veritasinfo.org\/?p=10503\" \/>\n<meta property=\"article:published_time\" content=\"2025-09-02T17:11:14+00:00\" \/>\n<meta property=\"og:image\" content=\"https:\/\/veritasinfo.org\/wp-content\/uploads\/2025\/09\/aksidenti.jpg\" \/>\n\t<meta property=\"og:image:width\" content=\"518\" \/>\n\t<meta property=\"og:image:height\" content=\"332\" \/>\n\t<meta property=\"og:image:type\" content=\"image\/jpeg\" \/>\n<meta name=\"author\" content=\"US1\" \/>\n<meta name=\"twitter:card\" content=\"summary_large_image\" \/>\n<meta name=\"twitter:label1\" content=\"Written by\" \/>\n\t<meta name=\"twitter:data1\" content=\"US1\" \/>\n\t<meta name=\"twitter:label2\" content=\"Est. reading time\" \/>\n\t<meta name=\"twitter:data2\" content=\"1 minute\" \/>\n<script type=\"application\/ld+json\" class=\"yoast-schema-graph\">{\"@context\":\"https:\/\/schema.org\",\"@graph\":[{\"@type\":\"WebPage\",\"@id\":\"https:\/\/veritasinfo.org\/?p=10503\",\"url\":\"https:\/\/veritasinfo.org\/?p=10503\",\"name\":\"Aksident tragjik n\u00eb Luksemburg, mes viktimave tre t\u00eb rinj\u00eb nga Kosova -\",\"isPartOf\":{\"@id\":\"https:\/\/veritasinfo.org\/#website\"},\"primaryImageOfPage\":{\"@id\":\"https:\/\/veritasinfo.org\/?p=10503#primaryimage\"},\"image\":{\"@id\":\"https:\/\/veritasinfo.org\/?p=10503#primaryimage\"},\"thumbnailUrl\":\"https:\/\/veritasinfo.org\/wp-content\/uploads\/2025\/09\/aksidenti.jpg\",\"datePublished\":\"2025-09-02T17:11:14+00:00\",\"author\":{\"@id\":\"https:\/\/veritasinfo.org\/#\/schema\/person\/c2b8be262ea994d0995addca692c5e98\"},\"breadcrumb\":{\"@id\":\"https:\/\/veritasinfo.org\/?p=10503#breadcrumb\"},\"inLanguage\":\"en-US\",\"potentialAction\":[{\"@type\":\"ReadAction\",\"target\":[\"https:\/\/veritasinfo.org\/?p=10503\"]}]},{\"@type\":\"ImageObject\",\"inLanguage\":\"en-US\",\"@id\":\"https:\/\/veritasinfo.org\/?p=10503#primaryimage\",\"url\":\"https:\/\/veritasinfo.org\/wp-content\/uploads\/2025\/09\/aksidenti.jpg\",\"contentUrl\":\"https:\/\/veritasinfo.org\/wp-content\/uploads\/2025\/09\/aksidenti.jpg\",\"width\":518,\"height\":332},{\"@type\":\"BreadcrumbList\",\"@id\":\"https:\/\/veritasinfo.org\/?p=10503#breadcrumb\",\"itemListElement\":[{\"@type\":\"ListItem\",\"position\":1,\"name\":\"Home\",\"item\":\"https:\/\/veritasinfo.org\/\"},{\"@type\":\"ListItem\",\"position\":2,\"name\":\"Aksident tragjik n\u00eb Luksemburg, mes viktimave tre t\u00eb rinj\u00eb nga Kosova\"}]},{\"@type\":\"WebSite\",\"@id\":\"https:\/\/veritasinfo.org\/#website\",\"url\":\"https:\/\/veritasinfo.org\/\",\"name\":\"\",\"description\":\"\",\"potentialAction\":[{\"@type\":\"SearchAction\",\"target\":{\"@type\":\"EntryPoint\",\"urlTemplate\":\"https:\/\/veritasinfo.org\/?s={search_term_string}\"},\"query-input\":{\"@type\":\"PropertyValueSpecification\",\"valueRequired\":true,\"valueName\":\"search_term_string\"}}],\"inLanguage\":\"en-US\"},{\"@type\":\"Person\",\"@id\":\"https:\/\/veritasinfo.org\/#\/schema\/person\/c2b8be262ea994d0995addca692c5e98\",\"name\":\"US1\",\"image\":{\"@type\":\"ImageObject\",\"inLanguage\":\"en-US\",\"@id\":\"https:\/\/veritasinfo.org\/#\/schema\/person\/image\/\",\"url\":\"https:\/\/secure.gravatar.com\/avatar\/4e96a59bd256abf9956eb9963ac891a47461ffb364d47b0e9aab113328fdb75b?s=96&d=mm&r=g\",\"contentUrl\":\"https:\/\/secure.gravatar.com\/avatar\/4e96a59bd256abf9956eb9963ac891a47461ffb364d47b0e9aab113328fdb75b?s=96&d=mm&r=g\",\"caption\":\"US1\"},\"url\":\"https:\/\/veritasinfo.org\/?author=2\"}]}<\/script>\n<!-- \/ Yoast SEO plugin. -->","yoast_head_json":{"title":"Aksident tragjik n\u00eb Luksemburg, mes viktimave tre t\u00eb rinj\u00eb nga Kosova -","robots":{"index":"index","follow":"follow","max-snippet":"max-snippet:-1","max-image-preview":"max-image-preview:large","max-video-preview":"max-video-preview:-1"},"canonical":"https:\/\/veritasinfo.org\/?p=10503","og_locale":"en_US","og_type":"article","og_title":"Aksident tragjik n\u00eb Luksemburg, mes viktimave tre t\u00eb rinj\u00eb nga Kosova -","og_description":"Luksemburg, 02 shtator 2025 Nj\u00eb aksident i r\u00ebnd\u00eb rrugor ka ndodhur t\u00eb dit\u00ebn e djeshme pasdite n\u00eb Luksemburg (1 shtator), duke rezultuar fatal p\u00ebr pes\u00eb","og_url":"https:\/\/veritasinfo.org\/?p=10503","article_published_time":"2025-09-02T17:11:14+00:00","og_image":[{"width":518,"height":332,"url":"https:\/\/veritasinfo.org\/wp-content\/uploads\/2025\/09\/aksidenti.jpg","type":"image\/jpeg"}],"author":"US1","twitter_card":"summary_large_image","twitter_misc":{"Written by":"US1","Est. reading time":"1 minute"},"schema":{"@context":"https:\/\/schema.org","@graph":[{"@type":"WebPage","@id":"https:\/\/veritasinfo.org\/?p=10503","url":"https:\/\/veritasinfo.org\/?p=10503","name":"Aksident tragjik n\u00eb Luksemburg, mes viktimave tre t\u00eb rinj\u00eb nga Kosova -","isPartOf":{"@id":"https:\/\/veritasinfo.org\/#website"},"primaryImageOfPage":{"@id":"https:\/\/veritasinfo.org\/?p=10503#primaryimage"},"image":{"@id":"https:\/\/veritasinfo.org\/?p=10503#primaryimage"},"thumbnailUrl":"https:\/\/veritasinfo.org\/wp-content\/uploads\/2025\/09\/aksidenti.jpg","datePublished":"2025-09-02T17:11:14+00:00","author":{"@id":"https:\/\/veritasinfo.org\/#\/schema\/person\/c2b8be262ea994d0995addca692c5e98"},"breadcrumb":{"@id":"https:\/\/veritasinfo.org\/?p=10503#breadcrumb"},"inLanguage":"en-US","potentialAction":[{"@type":"ReadAction","target":["https:\/\/veritasinfo.org\/?p=10503"]}]},{"@type":"ImageObject","inLanguage":"en-US","@id":"https:\/\/veritasinfo.org\/?p=10503#primaryimage","url":"https:\/\/veritasinfo.org\/wp-content\/uploads\/2025\/09\/aksidenti.jpg","contentUrl":"https:\/\/veritasinfo.org\/wp-content\/uploads\/2025\/09\/aksidenti.jpg","width":518,"height":332},{"@type":"BreadcrumbList","@id":"https:\/\/veritasinfo.org\/?p=10503#breadcrumb","itemListElement":[{"@type":"ListItem","position":1,"name":"Home","item":"https:\/\/veritasinfo.org\/"},{"@type":"ListItem","position":2,"name":"Aksident tragjik n\u00eb Luksemburg, mes viktimave tre t\u00eb rinj\u00eb nga Kosova"}]},{"@type":"WebSite","@id":"https:\/\/veritasinfo.org\/#website","url":"https:\/\/veritasinfo.org\/","name":"","description":"","potentialAction":[{"@type":"SearchAction","target":{"@type":"EntryPoint","urlTemplate":"https:\/\/veritasinfo.org\/?s={search_term_string}"},"query-input":{"@type":"PropertyValueSpecification","valueRequired":true,"valueName":"search_term_string"}}],"inLanguage":"en-US"},{"@type":"Person","@id":"https:\/\/veritasinfo.org\/#\/schema\/person\/c2b8be262ea994d0995addca692c5e98","name":"US1","image":{"@type":"ImageObject","inLanguage":"en-US","@id":"https:\/\/veritasinfo.org\/#\/schema\/person\/image\/","url":"https:\/\/secure.gravatar.com\/avatar\/4e96a59bd256abf9956eb9963ac891a47461ffb364d47b0e9aab113328fdb75b?s=96&d=mm&r=g","contentUrl":"https:\/\/secure.gravatar.com\/avatar\/4e96a59bd256abf9956eb9963ac891a47461ffb364d47b0e9aab113328fdb75b?s=96&d=mm&r=g","caption":"US1"},"url":"https:\/\/veritasinfo.org\/?author=2"}]}},"featured_image_urls":{"full":["https:\/\/veritasinfo.org\/wp-content\/uploads\/2025\/09\/aksidenti.jpg",518,332,false],"thumbnail":["https:\/\/veritasinfo.org\/wp-content\/uploads\/2025\/09\/aksidenti-150x150.jpg",150,150,true],"medium":["https:\/\/veritasinfo.org\/wp-content\/uploads\/2025\/09\/aksidenti-300x192.jpg",300,192,true],"medium_large":["https:\/\/veritasinfo.org\/wp-content\/uploads\/2025\/09\/aksidenti.jpg",518,332,false],"large":["https:\/\/veritasinfo.org\/wp-content\/uploads\/2025\/09\/aksidenti.jpg",518,332,false],"1536x1536":["https:\/\/veritasinfo.org\/wp-content\/uploads\/2025\/09\/aksidenti.jpg",518,332,false],"2048x2048":["https:\/\/veritasinfo.org\/wp-content\/uploads\/2025\/09\/aksidenti.jpg",518,332,false],"kreeti-slider-full":["https:\/\/veritasinfo.org\/wp-content\/uploads\/2025\/09\/aksidenti.jpg",518,332,false],"kreeti-featured":["https:\/\/veritasinfo.org\/wp-content\/uploads\/2025\/09\/aksidenti.jpg",518,332,false],"kreeti-medium":["https:\/\/veritasinfo.org\/wp-content\/uploads\/2025\/09\/aksidenti.jpg",518,332,false],"kreeti-medium-square":["https:\/\/veritasinfo.org\/wp-content\/uploads\/2025\/09\/aksidenti.jpg",350,224,false]},"author_info":{"info":["US1"]},"category_info":"<a href=\"https:\/\/veritasinfo.org\/?cat=60\" rel=\"category\">Shoq\u00ebrore<\/a>","tag_info":"Shoq\u00ebrore","comment_count":"0","_links":{"self":[{"href":"https:\/\/veritasinfo.org\/index.php?rest_route=\/wp\/v2\/posts\/10503","targetHints":{"allow":["GET"]}}],"collection":[{"href":"https:\/\/veritasinfo.org\/index.php?rest_route=\/wp\/v2\/posts"}],"about":[{"href":"https:\/\/veritasinfo.org\/index.php?rest_route=\/wp\/v2\/types\/post"}],"author":[{"embeddable":true,"href":"https:\/\/veritasinfo.org\/index.php?rest_route=\/wp\/v2\/users\/2"}],"replies":[{"embeddable":true,"href":"https:\/\/veritasinfo.org\/index.php?rest_route=%2Fwp%2Fv2%2Fcomments&post=10503"}],"version-history":[{"count":1,"href":"https:\/\/veritasinfo.org\/index.php?rest_route=\/wp\/v2\/posts\/10503\/revisions"}],"predecessor-version":[{"id":10505,"href":"https:\/\/veritasinfo.org\/index.php?rest_route=\/wp\/v2\/posts\/10503\/revisions\/10505"}],"wp:featuredmedia":[{"embeddable":true,"href":"https:\/\/veritasinfo.org\/index.php?rest_route=\/wp\/v2\/media\/10504"}],"wp:attachment":[{"href":"https:\/\/veritasinfo.org\/index.php?rest_route=%2Fwp%2Fv2%2Fmedia&parent=10503"}],"wp:term":[{"taxonomy":"category","embeddable":true,"href":"https:\/\/veritasinfo.org\/index.php?rest_route=%2Fwp%2Fv2%2Fcategories&post=10503"},{"taxonomy":"post_tag","embeddable":true,"href":"https:\/\/veritasinfo.org\/index.php?rest_route=%2Fwp%2Fv2%2Ftags&post=10503"}],"curies":[{"name":"wp","href":"https:\/\/api.w.org\/{rel}","templated":true}]}}