{"id":1048,"date":"2025-06-19T16:10:48","date_gmt":"2025-06-19T14:10:48","guid":{"rendered":"https:\/\/veritasinfo.org\/?p=1048"},"modified":"2025-06-19T16:13:50","modified_gmt":"2025-06-19T14:13:50","slug":"marreveshja-ndermjet-rasicit-dhe-hetemit-nuk-do-te-kete-debim-te-dhunshem-te-17-familjeve-nga-shtepite-ne-leshak","status":"publish","type":"post","link":"https:\/\/veritasinfo.org\/?p=1048","title":{"rendered":"Marr\u00ebveshja nd\u00ebrmjet Rashiqit dhe Hetemit: Nuk do t\u00eb ket\u00eb d\u00ebbim t\u00eb dhunsh\u00ebm t\u00eb 17 familjeve nga sht\u00ebpit\u00eb n\u00eb Leshak"},"content":{"rendered":"<p>Ministri p\u00ebr Komunitete dhe Kthim, Nenad Rashiq, dhe kryetari i Leposaviqit, Lulzim Hetemi, kan\u00eb arritur marr\u00ebveshje q\u00eb nuk do t\u00eb ket\u00eb d\u00ebbim t\u00eb dhunsh\u00ebm t\u00eb 17 familjeve nga sht\u00ebpit\u00eb n\u00eb Leshak \u2013 \u00ebsht\u00eb njoftuar nga kabineti i Rashiqit.<\/p>\n<p>K\u00ebto familje jan\u00eb p\u00ebrballur me k\u00ebrkes\u00ebn p\u00ebr shp\u00ebrngulje pasi Ministria e Pun\u00ebve t\u00eb Brendshme e Kosov\u00ebs kishte urdh\u00ebruar largimin e objekteve t\u00eb nd\u00ebrtuara n\u00eb tok\u00ebn q\u00eb tani i p\u00ebrket k\u00ebsaj ministrie. B\u00ebhet fjal\u00eb p\u00ebr nj\u00eb parcel\u00eb ku n\u00eb fillim t\u00eb viteve 2000 ishin nd\u00ebrtuar disa sht\u00ebpi, nd\u00ebrsa nj\u00eb pjes\u00eb e tok\u00ebs tani \u00ebsht\u00eb e z\u00ebn\u00eb nga nj\u00eb n\u00ebnstacion i ri policor, i hapur n\u00eb shkurt t\u00eb k\u00ebtij viti.<\/p>\n<p>\u201cNuk \u00ebsht\u00eb kontestuese q\u00eb toka i p\u00ebrket Ministris\u00eb s\u00eb Pun\u00ebve t\u00eb Brendshme dhe k\u00ebrkesa e tyre do t\u00eb respektohet, por \u00ebsht\u00eb me r\u00ebnd\u00ebsi t\u00eb shfryt\u00ebzohen t\u00eb gjitha mund\u00ebsit\u00eb ligjore dhe administrative p\u00ebr t\u00eb arritur nj\u00eb zgjidhje pa pal\u00eb t\u00eb d\u00ebmtuara\u201d, thuhet nga kabineti i Rashiqit.<\/p>\n<p><img fetchpriority=\"high\" decoding=\"async\" class=\"size-medium wp-image-1044 aligncenter\" src=\"https:\/\/veritasinfo.org\/wp-content\/uploads\/2025\/06\/inbound402022125535937126-300x169.webp\" alt=\"\" width=\"300\" height=\"169\" srcset=\"https:\/\/veritasinfo.org\/wp-content\/uploads\/2025\/06\/inbound402022125535937126-300x169.webp 300w, https:\/\/veritasinfo.org\/wp-content\/uploads\/2025\/06\/inbound402022125535937126-1024x576.webp 1024w, https:\/\/veritasinfo.org\/wp-content\/uploads\/2025\/06\/inbound402022125535937126-768x432.webp 768w, https:\/\/veritasinfo.org\/wp-content\/uploads\/2025\/06\/inbound402022125535937126.webp 1200w\" sizes=\"(max-width: 300px) 100vw, 300px\" \/>Me marr\u00ebveshjen \u00ebsht\u00eb konfirmuar se do t\u00eb k\u00ebrkohet nj\u00eb zgjidhje e p\u00ebrhershme p\u00ebr familjet e p\u00ebrmendura, pa rrezikuar ekzistenc\u00ebn e tyre.<\/p>\n<p>Rashiq ka fal\u00ebnderuar Hetemin dhe MPB-n\u00eb e Kosov\u00ebs p\u00ebr, si\u00e7 u shpreh ai, mir\u00ebkuptimin n\u00eb k\u00ebt\u00eb situat\u00eb komplekse.<\/p>\n<p>&nbsp;<\/p>\n<p>&nbsp;<\/p>\n","protected":false},"excerpt":{"rendered":"<p>Ministri p\u00ebr Komunitete dhe Kthim, Nenad Rashiq, dhe kryetari i Leposaviqit, Lulzim Hetemi, kan\u00eb arritur marr\u00ebveshje q\u00eb nuk do t\u00eb ket\u00eb d\u00ebbim t\u00eb dhunsh\u00ebm t\u00eb<\/p>\n","protected":false},"author":1,"featured_media":1045,"comment_status":"open","ping_status":"open","sticky":false,"template":"","format":"standard","meta":{"footnotes":""},"categories":[52],"tags":[],"class_list":["post-1048","post","type-post","status-publish","format-standard","has-post-thumbnail","hentry","category-komunat-sq"],"yoast_head":"<!-- This site is optimized with the Yoast SEO plugin v25.3.1 - https:\/\/yoast.com\/wordpress\/plugins\/seo\/ -->\n<title>Marr\u00ebveshja nd\u00ebrmjet Rashiqit dhe Hetemit: Nuk do t\u00eb ket\u00eb d\u00ebbim t\u00eb dhunsh\u00ebm t\u00eb 17 familjeve nga sht\u00ebpit\u00eb n\u00eb Leshak -<\/title>\n<meta name=\"robots\" content=\"index, follow, max-snippet:-1, max-image-preview:large, max-video-preview:-1\" \/>\n<link rel=\"canonical\" href=\"https:\/\/veritasinfo.org\/?p=1048\" \/>\n<meta property=\"og:locale\" content=\"en_US\" \/>\n<meta property=\"og:type\" content=\"article\" \/>\n<meta property=\"og:title\" content=\"Marr\u00ebveshja nd\u00ebrmjet Rashiqit dhe Hetemit: Nuk do t\u00eb ket\u00eb d\u00ebbim t\u00eb dhunsh\u00ebm t\u00eb 17 familjeve nga sht\u00ebpit\u00eb n\u00eb Leshak -\" \/>\n<meta property=\"og:description\" content=\"Ministri p\u00ebr Komunitete dhe Kthim, Nenad Rashiq, dhe kryetari i Leposaviqit, Lulzim Hetemi, kan\u00eb arritur marr\u00ebveshje q\u00eb nuk do t\u00eb ket\u00eb d\u00ebbim t\u00eb dhunsh\u00ebm t\u00eb\" \/>\n<meta property=\"og:url\" content=\"https:\/\/veritasinfo.org\/?p=1048\" \/>\n<meta property=\"article:published_time\" content=\"2025-06-19T14:10:48+00:00\" \/>\n<meta property=\"article:modified_time\" content=\"2025-06-19T14:13:50+00:00\" \/>\n<meta property=\"og:image\" content=\"https:\/\/veritasinfo.org\/wp-content\/uploads\/2025\/06\/inbound40276994556626439.jpg\" \/>\n\t<meta property=\"og:image:width\" content=\"1496\" \/>\n\t<meta property=\"og:image:height\" content=\"1113\" \/>\n\t<meta property=\"og:image:type\" content=\"image\/jpeg\" \/>\n<meta name=\"author\" content=\"admin\" \/>\n<meta name=\"twitter:card\" content=\"summary_large_image\" \/>\n<meta name=\"twitter:label1\" content=\"Written by\" \/>\n\t<meta name=\"twitter:data1\" content=\"admin\" \/>\n\t<meta name=\"twitter:label2\" content=\"Est. reading time\" \/>\n\t<meta name=\"twitter:data2\" content=\"2 minutes\" \/>\n<script type=\"application\/ld+json\" class=\"yoast-schema-graph\">{\"@context\":\"https:\/\/schema.org\",\"@graph\":[{\"@type\":\"WebPage\",\"@id\":\"https:\/\/veritasinfo.org\/?p=1048\",\"url\":\"https:\/\/veritasinfo.org\/?p=1048\",\"name\":\"Marr\u00ebveshja nd\u00ebrmjet Rashiqit dhe Hetemit: Nuk do t\u00eb ket\u00eb d\u00ebbim t\u00eb dhunsh\u00ebm t\u00eb 17 familjeve nga sht\u00ebpit\u00eb n\u00eb Leshak -\",\"isPartOf\":{\"@id\":\"https:\/\/veritasinfo.org\/#website\"},\"primaryImageOfPage\":{\"@id\":\"https:\/\/veritasinfo.org\/?p=1048#primaryimage\"},\"image\":{\"@id\":\"https:\/\/veritasinfo.org\/?p=1048#primaryimage\"},\"thumbnailUrl\":\"https:\/\/veritasinfo.org\/wp-content\/uploads\/2025\/06\/inbound40276994556626439.jpg\",\"datePublished\":\"2025-06-19T14:10:48+00:00\",\"dateModified\":\"2025-06-19T14:13:50+00:00\",\"author\":{\"@id\":\"https:\/\/veritasinfo.org\/#\/schema\/person\/7701f8c088bece422266b100a712374f\"},\"breadcrumb\":{\"@id\":\"https:\/\/veritasinfo.org\/?p=1048#breadcrumb\"},\"inLanguage\":\"en-US\",\"potentialAction\":[{\"@type\":\"ReadAction\",\"target\":[\"https:\/\/veritasinfo.org\/?p=1048\"]}]},{\"@type\":\"ImageObject\",\"inLanguage\":\"en-US\",\"@id\":\"https:\/\/veritasinfo.org\/?p=1048#primaryimage\",\"url\":\"https:\/\/veritasinfo.org\/wp-content\/uploads\/2025\/06\/inbound40276994556626439.jpg\",\"contentUrl\":\"https:\/\/veritasinfo.org\/wp-content\/uploads\/2025\/06\/inbound40276994556626439.jpg\",\"width\":1496,\"height\":1113},{\"@type\":\"BreadcrumbList\",\"@id\":\"https:\/\/veritasinfo.org\/?p=1048#breadcrumb\",\"itemListElement\":[{\"@type\":\"ListItem\",\"position\":1,\"name\":\"Home\",\"item\":\"https:\/\/veritasinfo.org\/\"},{\"@type\":\"ListItem\",\"position\":2,\"name\":\"Marr\u00ebveshja nd\u00ebrmjet Rashiqit dhe Hetemit: Nuk do t\u00eb ket\u00eb d\u00ebbim t\u00eb dhunsh\u00ebm t\u00eb 17 familjeve nga sht\u00ebpit\u00eb n\u00eb Leshak\"}]},{\"@type\":\"WebSite\",\"@id\":\"https:\/\/veritasinfo.org\/#website\",\"url\":\"https:\/\/veritasinfo.org\/\",\"name\":\"\",\"description\":\"\",\"potentialAction\":[{\"@type\":\"SearchAction\",\"target\":{\"@type\":\"EntryPoint\",\"urlTemplate\":\"https:\/\/veritasinfo.org\/?s={search_term_string}\"},\"query-input\":{\"@type\":\"PropertyValueSpecification\",\"valueRequired\":true,\"valueName\":\"search_term_string\"}}],\"inLanguage\":\"en-US\"},{\"@type\":\"Person\",\"@id\":\"https:\/\/veritasinfo.org\/#\/schema\/person\/7701f8c088bece422266b100a712374f\",\"name\":\"admin\",\"image\":{\"@type\":\"ImageObject\",\"inLanguage\":\"en-US\",\"@id\":\"https:\/\/veritasinfo.org\/#\/schema\/person\/image\/\",\"url\":\"https:\/\/secure.gravatar.com\/avatar\/ea53aa3bf6c9a12d5fde8ce4deff43fef3885ae33cf60184161a50d6987cfd2f?s=96&d=mm&r=g\",\"contentUrl\":\"https:\/\/secure.gravatar.com\/avatar\/ea53aa3bf6c9a12d5fde8ce4deff43fef3885ae33cf60184161a50d6987cfd2f?s=96&d=mm&r=g\",\"caption\":\"admin\"},\"sameAs\":[\"https:\/\/veritasinfo.org\"],\"url\":\"https:\/\/veritasinfo.org\/?author=1\"}]}<\/script>\n<!-- \/ Yoast SEO plugin. -->","yoast_head_json":{"title":"Marr\u00ebveshja nd\u00ebrmjet Rashiqit dhe Hetemit: Nuk do t\u00eb ket\u00eb d\u00ebbim t\u00eb dhunsh\u00ebm t\u00eb 17 familjeve nga sht\u00ebpit\u00eb n\u00eb Leshak -","robots":{"index":"index","follow":"follow","max-snippet":"max-snippet:-1","max-image-preview":"max-image-preview:large","max-video-preview":"max-video-preview:-1"},"canonical":"https:\/\/veritasinfo.org\/?p=1048","og_locale":"en_US","og_type":"article","og_title":"Marr\u00ebveshja nd\u00ebrmjet Rashiqit dhe Hetemit: Nuk do t\u00eb ket\u00eb d\u00ebbim t\u00eb dhunsh\u00ebm t\u00eb 17 familjeve nga sht\u00ebpit\u00eb n\u00eb Leshak -","og_description":"Ministri p\u00ebr Komunitete dhe Kthim, Nenad Rashiq, dhe kryetari i Leposaviqit, Lulzim Hetemi, kan\u00eb arritur marr\u00ebveshje q\u00eb nuk do t\u00eb ket\u00eb d\u00ebbim t\u00eb dhunsh\u00ebm t\u00eb","og_url":"https:\/\/veritasinfo.org\/?p=1048","article_published_time":"2025-06-19T14:10:48+00:00","article_modified_time":"2025-06-19T14:13:50+00:00","og_image":[{"width":1496,"height":1113,"url":"https:\/\/veritasinfo.org\/wp-content\/uploads\/2025\/06\/inbound40276994556626439.jpg","type":"image\/jpeg"}],"author":"admin","twitter_card":"summary_large_image","twitter_misc":{"Written by":"admin","Est. reading time":"2 minutes"},"schema":{"@context":"https:\/\/schema.org","@graph":[{"@type":"WebPage","@id":"https:\/\/veritasinfo.org\/?p=1048","url":"https:\/\/veritasinfo.org\/?p=1048","name":"Marr\u00ebveshja nd\u00ebrmjet Rashiqit dhe Hetemit: Nuk do t\u00eb ket\u00eb d\u00ebbim t\u00eb dhunsh\u00ebm t\u00eb 17 familjeve nga sht\u00ebpit\u00eb n\u00eb Leshak -","isPartOf":{"@id":"https:\/\/veritasinfo.org\/#website"},"primaryImageOfPage":{"@id":"https:\/\/veritasinfo.org\/?p=1048#primaryimage"},"image":{"@id":"https:\/\/veritasinfo.org\/?p=1048#primaryimage"},"thumbnailUrl":"https:\/\/veritasinfo.org\/wp-content\/uploads\/2025\/06\/inbound40276994556626439.jpg","datePublished":"2025-06-19T14:10:48+00:00","dateModified":"2025-06-19T14:13:50+00:00","author":{"@id":"https:\/\/veritasinfo.org\/#\/schema\/person\/7701f8c088bece422266b100a712374f"},"breadcrumb":{"@id":"https:\/\/veritasinfo.org\/?p=1048#breadcrumb"},"inLanguage":"en-US","potentialAction":[{"@type":"ReadAction","target":["https:\/\/veritasinfo.org\/?p=1048"]}]},{"@type":"ImageObject","inLanguage":"en-US","@id":"https:\/\/veritasinfo.org\/?p=1048#primaryimage","url":"https:\/\/veritasinfo.org\/wp-content\/uploads\/2025\/06\/inbound40276994556626439.jpg","contentUrl":"https:\/\/veritasinfo.org\/wp-content\/uploads\/2025\/06\/inbound40276994556626439.jpg","width":1496,"height":1113},{"@type":"BreadcrumbList","@id":"https:\/\/veritasinfo.org\/?p=1048#breadcrumb","itemListElement":[{"@type":"ListItem","position":1,"name":"Home","item":"https:\/\/veritasinfo.org\/"},{"@type":"ListItem","position":2,"name":"Marr\u00ebveshja nd\u00ebrmjet Rashiqit dhe Hetemit: Nuk do t\u00eb ket\u00eb d\u00ebbim t\u00eb dhunsh\u00ebm t\u00eb 17 familjeve nga sht\u00ebpit\u00eb n\u00eb Leshak"}]},{"@type":"WebSite","@id":"https:\/\/veritasinfo.org\/#website","url":"https:\/\/veritasinfo.org\/","name":"","description":"","potentialAction":[{"@type":"SearchAction","target":{"@type":"EntryPoint","urlTemplate":"https:\/\/veritasinfo.org\/?s={search_term_string}"},"query-input":{"@type":"PropertyValueSpecification","valueRequired":true,"valueName":"search_term_string"}}],"inLanguage":"en-US"},{"@type":"Person","@id":"https:\/\/veritasinfo.org\/#\/schema\/person\/7701f8c088bece422266b100a712374f","name":"admin","image":{"@type":"ImageObject","inLanguage":"en-US","@id":"https:\/\/veritasinfo.org\/#\/schema\/person\/image\/","url":"https:\/\/secure.gravatar.com\/avatar\/ea53aa3bf6c9a12d5fde8ce4deff43fef3885ae33cf60184161a50d6987cfd2f?s=96&d=mm&r=g","contentUrl":"https:\/\/secure.gravatar.com\/avatar\/ea53aa3bf6c9a12d5fde8ce4deff43fef3885ae33cf60184161a50d6987cfd2f?s=96&d=mm&r=g","caption":"admin"},"sameAs":["https:\/\/veritasinfo.org"],"url":"https:\/\/veritasinfo.org\/?author=1"}]}},"featured_image_urls":{"full":["https:\/\/veritasinfo.org\/wp-content\/uploads\/2025\/06\/inbound40276994556626439.jpg",1496,1113,false],"thumbnail":["https:\/\/veritasinfo.org\/wp-content\/uploads\/2025\/06\/inbound40276994556626439-150x150.jpg",150,150,true],"medium":["https:\/\/veritasinfo.org\/wp-content\/uploads\/2025\/06\/inbound40276994556626439-300x223.jpg",300,223,true],"medium_large":["https:\/\/veritasinfo.org\/wp-content\/uploads\/2025\/06\/inbound40276994556626439-768x571.jpg",640,476,true],"large":["https:\/\/veritasinfo.org\/wp-content\/uploads\/2025\/06\/inbound40276994556626439-1024x762.jpg",640,476,true],"1536x1536":["https:\/\/veritasinfo.org\/wp-content\/uploads\/2025\/06\/inbound40276994556626439.jpg",1496,1113,false],"2048x2048":["https:\/\/veritasinfo.org\/wp-content\/uploads\/2025\/06\/inbound40276994556626439.jpg",1496,1113,false],"kreeti-slider-full":["https:\/\/veritasinfo.org\/wp-content\/uploads\/2025\/06\/inbound40276994556626439.jpg",968,720,false],"kreeti-featured":["https:\/\/veritasinfo.org\/wp-content\/uploads\/2025\/06\/inbound40276994556626439.jpg",1024,762,false],"kreeti-medium":["https:\/\/veritasinfo.org\/wp-content\/uploads\/2025\/06\/inbound40276994556626439.jpg",712,530,false],"kreeti-medium-square":["https:\/\/veritasinfo.org\/wp-content\/uploads\/2025\/06\/inbound40276994556626439.jpg",350,260,false]},"author_info":{"info":["admin"]},"category_info":"<a href=\"https:\/\/veritasinfo.org\/?cat=52\" rel=\"category\">Komunat<\/a>","tag_info":"Komunat","comment_count":"0","_links":{"self":[{"href":"https:\/\/veritasinfo.org\/index.php?rest_route=\/wp\/v2\/posts\/1048","targetHints":{"allow":["GET"]}}],"collection":[{"href":"https:\/\/veritasinfo.org\/index.php?rest_route=\/wp\/v2\/posts"}],"about":[{"href":"https:\/\/veritasinfo.org\/index.php?rest_route=\/wp\/v2\/types\/post"}],"author":[{"embeddable":true,"href":"https:\/\/veritasinfo.org\/index.php?rest_route=\/wp\/v2\/users\/1"}],"replies":[{"embeddable":true,"href":"https:\/\/veritasinfo.org\/index.php?rest_route=%2Fwp%2Fv2%2Fcomments&post=1048"}],"version-history":[{"count":3,"href":"https:\/\/veritasinfo.org\/index.php?rest_route=\/wp\/v2\/posts\/1048\/revisions"}],"predecessor-version":[{"id":1051,"href":"https:\/\/veritasinfo.org\/index.php?rest_route=\/wp\/v2\/posts\/1048\/revisions\/1051"}],"wp:featuredmedia":[{"embeddable":true,"href":"https:\/\/veritasinfo.org\/index.php?rest_route=\/wp\/v2\/media\/1045"}],"wp:attachment":[{"href":"https:\/\/veritasinfo.org\/index.php?rest_route=%2Fwp%2Fv2%2Fmedia&parent=1048"}],"wp:term":[{"taxonomy":"category","embeddable":true,"href":"https:\/\/veritasinfo.org\/index.php?rest_route=%2Fwp%2Fv2%2Fcategories&post=1048"},{"taxonomy":"post_tag","embeddable":true,"href":"https:\/\/veritasinfo.org\/index.php?rest_route=%2Fwp%2Fv2%2Ftags&post=1048"}],"curies":[{"name":"wp","href":"https:\/\/api.w.org\/{rel}","templated":true}]}}