{"id":10451,"date":"2025-09-02T12:21:02","date_gmt":"2025-09-02T10:21:02","guid":{"rendered":"https:\/\/veritasinfo.org\/?p=10451"},"modified":"2025-09-02T12:22:20","modified_gmt":"2025-09-02T10:22:20","slug":"filmi-per-nene-terezen-ku-luan-bekim-fehmiu-shfaqet-ne-prizren","status":"publish","type":"post","link":"https:\/\/veritasinfo.org\/?p=10451","title":{"rendered":"Filmi p\u00ebr N\u00ebn\u00eb Terez\u00ebn ku luan Bekim Fehmiu shfaqet n\u00eb Prizren"},"content":{"rendered":"<p><strong>Prizren, 02 shtator 2025<\/strong><\/p>\n<p>Filmi \u201cLe Voce\u201d(Z\u00ebri) i cili tregon historin\u00eb e hershme t\u00eb Gonxhe Bojaxhiut \u2013 N\u00ebn\u00eb Terez\u00ebs e ku n\u00eb rolin kryesor luan aktori Bekim Fehmiu shfaqet nes\u00ebr, m\u00eb 03.09.2025, n\u00eb Prizren.<\/p>\n<p>Shfaqja e premier\u00ebs s\u00eb k\u00ebtij filmi n\u00eb Prizren \u00ebsht\u00eb mund\u00ebsuar nga Fondacioni Kosovar p\u00ebr Trash\u00ebgimi Kulturore- CHwB.<\/p>\n<p>CHwB ka njoftuar se premiera e \u201cLe Voce\u201d (1982) do t\u00eb shfaqet n\u00eb ora 18:00, n\u00eb Sht\u00ebpin\u00eb e Kultur\u00ebs \u201cXhemajli Berisha\u201d.<\/p>\n<p>\u201cFilmi, i realizuar nga regjisori italian Brunello Rondi, sjell n\u00eb ekran historin\u00eb e hershme t\u00eb Gonxhe Bojaxhiut n\u00eb mosh\u00ebn 17-vje\u00e7are gjat\u00eb viteve \u201920, dhe rrug\u00ebtimin e saj drejt thirrjes s\u00eb jet\u00ebs murgeshore me emrin q\u00eb sot e njeh e gjith\u00eb bota, N\u00ebna Terez\u00eb\u201d- ka njoftuar CHwB.<\/p>\n<p>Po sipas CHwB, shfaqet p\u00ebr her\u00eb t\u00eb par\u00eb n\u00eb Kosov\u00eb dhe \u00ebsht\u00eb siguruar nga koleksionisti i filmave Edmond Jusufi, nd\u00ebrsa \u00ebsht\u00eb p\u00ebrkthyer n\u00eb shqip nga Oliver Sedaj.<\/p>\n<p>Hyrja p\u00ebr t\u00eb par\u00eb filmin \u00ebsht\u00eb falas.<\/p>\n<p>Ky projekt vjen si rezultat i bashk\u00ebpunimit mes CHwB Kosova, Komun\u00ebs s\u00eb Prizrenit dhe Ministris\u00eb s\u00eb Kultur\u00ebs, Rinis\u00eb dhe Sportit, dhe financohet nga Qeveria Suedeze.<\/p>\n","protected":false},"excerpt":{"rendered":"<p>Prizren, 02 shtator 2025 Filmi \u201cLe Voce\u201d(Z\u00ebri) i cili tregon historin\u00eb e hershme t\u00eb Gonxhe Bojaxhiut \u2013 N\u00ebn\u00eb Terez\u00ebs e ku n\u00eb rolin kryesor luan<\/p>\n","protected":false},"author":2,"featured_media":10454,"comment_status":"open","ping_status":"open","sticky":false,"template":"","format":"standard","meta":{"footnotes":""},"categories":[54],"tags":[],"class_list":["post-10451","post","type-post","status-publish","format-standard","has-post-thumbnail","hentry","category-kulture-sq"],"yoast_head":"<!-- This site is optimized with the Yoast SEO plugin v25.3.1 - https:\/\/yoast.com\/wordpress\/plugins\/seo\/ -->\n<title>Filmi p\u00ebr N\u00ebn\u00eb Terez\u00ebn ku luan Bekim Fehmiu shfaqet n\u00eb Prizren -<\/title>\n<meta name=\"robots\" content=\"index, follow, max-snippet:-1, max-image-preview:large, max-video-preview:-1\" \/>\n<link rel=\"canonical\" href=\"https:\/\/veritasinfo.org\/?p=10451\" \/>\n<meta property=\"og:locale\" content=\"en_US\" \/>\n<meta property=\"og:type\" content=\"article\" \/>\n<meta property=\"og:title\" content=\"Filmi p\u00ebr N\u00ebn\u00eb Terez\u00ebn ku luan Bekim Fehmiu shfaqet n\u00eb Prizren -\" \/>\n<meta property=\"og:description\" content=\"Prizren, 02 shtator 2025 Filmi \u201cLe Voce\u201d(Z\u00ebri) i cili tregon historin\u00eb e hershme t\u00eb Gonxhe Bojaxhiut \u2013 N\u00ebn\u00eb Terez\u00ebs e ku n\u00eb rolin kryesor luan\" \/>\n<meta property=\"og:url\" content=\"https:\/\/veritasinfo.org\/?p=10451\" \/>\n<meta property=\"article:published_time\" content=\"2025-09-02T10:21:02+00:00\" \/>\n<meta property=\"article:modified_time\" content=\"2025-09-02T10:22:20+00:00\" \/>\n<meta property=\"og:image\" content=\"https:\/\/veritasinfo.org\/wp-content\/uploads\/2025\/09\/Filmi-Le-Voce-Zeri-1.png\" \/>\n\t<meta property=\"og:image:width\" content=\"619\" \/>\n\t<meta property=\"og:image:height\" content=\"537\" \/>\n\t<meta property=\"og:image:type\" content=\"image\/png\" \/>\n<meta name=\"author\" content=\"US1\" \/>\n<meta name=\"twitter:card\" content=\"summary_large_image\" \/>\n<meta name=\"twitter:label1\" content=\"Written by\" \/>\n\t<meta name=\"twitter:data1\" content=\"US1\" \/>\n\t<meta name=\"twitter:label2\" content=\"Est. reading time\" \/>\n\t<meta name=\"twitter:data2\" content=\"1 minute\" \/>\n<script type=\"application\/ld+json\" class=\"yoast-schema-graph\">{\"@context\":\"https:\/\/schema.org\",\"@graph\":[{\"@type\":\"WebPage\",\"@id\":\"https:\/\/veritasinfo.org\/?p=10451\",\"url\":\"https:\/\/veritasinfo.org\/?p=10451\",\"name\":\"Filmi p\u00ebr N\u00ebn\u00eb Terez\u00ebn ku luan Bekim Fehmiu shfaqet n\u00eb Prizren -\",\"isPartOf\":{\"@id\":\"https:\/\/veritasinfo.org\/#website\"},\"primaryImageOfPage\":{\"@id\":\"https:\/\/veritasinfo.org\/?p=10451#primaryimage\"},\"image\":{\"@id\":\"https:\/\/veritasinfo.org\/?p=10451#primaryimage\"},\"thumbnailUrl\":\"https:\/\/veritasinfo.org\/wp-content\/uploads\/2025\/09\/Filmi-Le-Voce-Zeri-1.png\",\"datePublished\":\"2025-09-02T10:21:02+00:00\",\"dateModified\":\"2025-09-02T10:22:20+00:00\",\"author\":{\"@id\":\"https:\/\/veritasinfo.org\/#\/schema\/person\/c2b8be262ea994d0995addca692c5e98\"},\"breadcrumb\":{\"@id\":\"https:\/\/veritasinfo.org\/?p=10451#breadcrumb\"},\"inLanguage\":\"en-US\",\"potentialAction\":[{\"@type\":\"ReadAction\",\"target\":[\"https:\/\/veritasinfo.org\/?p=10451\"]}]},{\"@type\":\"ImageObject\",\"inLanguage\":\"en-US\",\"@id\":\"https:\/\/veritasinfo.org\/?p=10451#primaryimage\",\"url\":\"https:\/\/veritasinfo.org\/wp-content\/uploads\/2025\/09\/Filmi-Le-Voce-Zeri-1.png\",\"contentUrl\":\"https:\/\/veritasinfo.org\/wp-content\/uploads\/2025\/09\/Filmi-Le-Voce-Zeri-1.png\",\"width\":619,\"height\":537},{\"@type\":\"BreadcrumbList\",\"@id\":\"https:\/\/veritasinfo.org\/?p=10451#breadcrumb\",\"itemListElement\":[{\"@type\":\"ListItem\",\"position\":1,\"name\":\"Home\",\"item\":\"https:\/\/veritasinfo.org\/\"},{\"@type\":\"ListItem\",\"position\":2,\"name\":\"Filmi p\u00ebr N\u00ebn\u00eb Terez\u00ebn ku luan Bekim Fehmiu shfaqet n\u00eb Prizren\"}]},{\"@type\":\"WebSite\",\"@id\":\"https:\/\/veritasinfo.org\/#website\",\"url\":\"https:\/\/veritasinfo.org\/\",\"name\":\"\",\"description\":\"\",\"potentialAction\":[{\"@type\":\"SearchAction\",\"target\":{\"@type\":\"EntryPoint\",\"urlTemplate\":\"https:\/\/veritasinfo.org\/?s={search_term_string}\"},\"query-input\":{\"@type\":\"PropertyValueSpecification\",\"valueRequired\":true,\"valueName\":\"search_term_string\"}}],\"inLanguage\":\"en-US\"},{\"@type\":\"Person\",\"@id\":\"https:\/\/veritasinfo.org\/#\/schema\/person\/c2b8be262ea994d0995addca692c5e98\",\"name\":\"US1\",\"image\":{\"@type\":\"ImageObject\",\"inLanguage\":\"en-US\",\"@id\":\"https:\/\/veritasinfo.org\/#\/schema\/person\/image\/\",\"url\":\"https:\/\/secure.gravatar.com\/avatar\/4e96a59bd256abf9956eb9963ac891a47461ffb364d47b0e9aab113328fdb75b?s=96&d=mm&r=g\",\"contentUrl\":\"https:\/\/secure.gravatar.com\/avatar\/4e96a59bd256abf9956eb9963ac891a47461ffb364d47b0e9aab113328fdb75b?s=96&d=mm&r=g\",\"caption\":\"US1\"},\"url\":\"https:\/\/veritasinfo.org\/?author=2\"}]}<\/script>\n<!-- \/ Yoast SEO plugin. -->","yoast_head_json":{"title":"Filmi p\u00ebr N\u00ebn\u00eb Terez\u00ebn ku luan Bekim Fehmiu shfaqet n\u00eb Prizren -","robots":{"index":"index","follow":"follow","max-snippet":"max-snippet:-1","max-image-preview":"max-image-preview:large","max-video-preview":"max-video-preview:-1"},"canonical":"https:\/\/veritasinfo.org\/?p=10451","og_locale":"en_US","og_type":"article","og_title":"Filmi p\u00ebr N\u00ebn\u00eb Terez\u00ebn ku luan Bekim Fehmiu shfaqet n\u00eb Prizren -","og_description":"Prizren, 02 shtator 2025 Filmi \u201cLe Voce\u201d(Z\u00ebri) i cili tregon historin\u00eb e hershme t\u00eb Gonxhe Bojaxhiut \u2013 N\u00ebn\u00eb Terez\u00ebs e ku n\u00eb rolin kryesor luan","og_url":"https:\/\/veritasinfo.org\/?p=10451","article_published_time":"2025-09-02T10:21:02+00:00","article_modified_time":"2025-09-02T10:22:20+00:00","og_image":[{"width":619,"height":537,"url":"https:\/\/veritasinfo.org\/wp-content\/uploads\/2025\/09\/Filmi-Le-Voce-Zeri-1.png","type":"image\/png"}],"author":"US1","twitter_card":"summary_large_image","twitter_misc":{"Written by":"US1","Est. reading time":"1 minute"},"schema":{"@context":"https:\/\/schema.org","@graph":[{"@type":"WebPage","@id":"https:\/\/veritasinfo.org\/?p=10451","url":"https:\/\/veritasinfo.org\/?p=10451","name":"Filmi p\u00ebr N\u00ebn\u00eb Terez\u00ebn ku luan Bekim Fehmiu shfaqet n\u00eb Prizren -","isPartOf":{"@id":"https:\/\/veritasinfo.org\/#website"},"primaryImageOfPage":{"@id":"https:\/\/veritasinfo.org\/?p=10451#primaryimage"},"image":{"@id":"https:\/\/veritasinfo.org\/?p=10451#primaryimage"},"thumbnailUrl":"https:\/\/veritasinfo.org\/wp-content\/uploads\/2025\/09\/Filmi-Le-Voce-Zeri-1.png","datePublished":"2025-09-02T10:21:02+00:00","dateModified":"2025-09-02T10:22:20+00:00","author":{"@id":"https:\/\/veritasinfo.org\/#\/schema\/person\/c2b8be262ea994d0995addca692c5e98"},"breadcrumb":{"@id":"https:\/\/veritasinfo.org\/?p=10451#breadcrumb"},"inLanguage":"en-US","potentialAction":[{"@type":"ReadAction","target":["https:\/\/veritasinfo.org\/?p=10451"]}]},{"@type":"ImageObject","inLanguage":"en-US","@id":"https:\/\/veritasinfo.org\/?p=10451#primaryimage","url":"https:\/\/veritasinfo.org\/wp-content\/uploads\/2025\/09\/Filmi-Le-Voce-Zeri-1.png","contentUrl":"https:\/\/veritasinfo.org\/wp-content\/uploads\/2025\/09\/Filmi-Le-Voce-Zeri-1.png","width":619,"height":537},{"@type":"BreadcrumbList","@id":"https:\/\/veritasinfo.org\/?p=10451#breadcrumb","itemListElement":[{"@type":"ListItem","position":1,"name":"Home","item":"https:\/\/veritasinfo.org\/"},{"@type":"ListItem","position":2,"name":"Filmi p\u00ebr N\u00ebn\u00eb Terez\u00ebn ku luan Bekim Fehmiu shfaqet n\u00eb Prizren"}]},{"@type":"WebSite","@id":"https:\/\/veritasinfo.org\/#website","url":"https:\/\/veritasinfo.org\/","name":"","description":"","potentialAction":[{"@type":"SearchAction","target":{"@type":"EntryPoint","urlTemplate":"https:\/\/veritasinfo.org\/?s={search_term_string}"},"query-input":{"@type":"PropertyValueSpecification","valueRequired":true,"valueName":"search_term_string"}}],"inLanguage":"en-US"},{"@type":"Person","@id":"https:\/\/veritasinfo.org\/#\/schema\/person\/c2b8be262ea994d0995addca692c5e98","name":"US1","image":{"@type":"ImageObject","inLanguage":"en-US","@id":"https:\/\/veritasinfo.org\/#\/schema\/person\/image\/","url":"https:\/\/secure.gravatar.com\/avatar\/4e96a59bd256abf9956eb9963ac891a47461ffb364d47b0e9aab113328fdb75b?s=96&d=mm&r=g","contentUrl":"https:\/\/secure.gravatar.com\/avatar\/4e96a59bd256abf9956eb9963ac891a47461ffb364d47b0e9aab113328fdb75b?s=96&d=mm&r=g","caption":"US1"},"url":"https:\/\/veritasinfo.org\/?author=2"}]}},"featured_image_urls":{"full":["https:\/\/veritasinfo.org\/wp-content\/uploads\/2025\/09\/Filmi-Le-Voce-Zeri-1.png",619,537,false],"thumbnail":["https:\/\/veritasinfo.org\/wp-content\/uploads\/2025\/09\/Filmi-Le-Voce-Zeri-1-150x150.png",150,150,true],"medium":["https:\/\/veritasinfo.org\/wp-content\/uploads\/2025\/09\/Filmi-Le-Voce-Zeri-1-300x260.png",300,260,true],"medium_large":["https:\/\/veritasinfo.org\/wp-content\/uploads\/2025\/09\/Filmi-Le-Voce-Zeri-1.png",619,537,false],"large":["https:\/\/veritasinfo.org\/wp-content\/uploads\/2025\/09\/Filmi-Le-Voce-Zeri-1.png",619,537,false],"1536x1536":["https:\/\/veritasinfo.org\/wp-content\/uploads\/2025\/09\/Filmi-Le-Voce-Zeri-1.png",619,537,false],"2048x2048":["https:\/\/veritasinfo.org\/wp-content\/uploads\/2025\/09\/Filmi-Le-Voce-Zeri-1.png",619,537,false],"kreeti-slider-full":["https:\/\/veritasinfo.org\/wp-content\/uploads\/2025\/09\/Filmi-Le-Voce-Zeri-1.png",619,537,false],"kreeti-featured":["https:\/\/veritasinfo.org\/wp-content\/uploads\/2025\/09\/Filmi-Le-Voce-Zeri-1.png",619,537,false],"kreeti-medium":["https:\/\/veritasinfo.org\/wp-content\/uploads\/2025\/09\/Filmi-Le-Voce-Zeri-1.png",611,530,false],"kreeti-medium-square":["https:\/\/veritasinfo.org\/wp-content\/uploads\/2025\/09\/Filmi-Le-Voce-Zeri-1.png",350,304,false]},"author_info":{"info":["US1"]},"category_info":"<a href=\"https:\/\/veritasinfo.org\/?cat=54\" rel=\"category\">Kultur\u00eb<\/a>","tag_info":"Kultur\u00eb","comment_count":"0","_links":{"self":[{"href":"https:\/\/veritasinfo.org\/index.php?rest_route=\/wp\/v2\/posts\/10451","targetHints":{"allow":["GET"]}}],"collection":[{"href":"https:\/\/veritasinfo.org\/index.php?rest_route=\/wp\/v2\/posts"}],"about":[{"href":"https:\/\/veritasinfo.org\/index.php?rest_route=\/wp\/v2\/types\/post"}],"author":[{"embeddable":true,"href":"https:\/\/veritasinfo.org\/index.php?rest_route=\/wp\/v2\/users\/2"}],"replies":[{"embeddable":true,"href":"https:\/\/veritasinfo.org\/index.php?rest_route=%2Fwp%2Fv2%2Fcomments&post=10451"}],"version-history":[{"count":1,"href":"https:\/\/veritasinfo.org\/index.php?rest_route=\/wp\/v2\/posts\/10451\/revisions"}],"predecessor-version":[{"id":10452,"href":"https:\/\/veritasinfo.org\/index.php?rest_route=\/wp\/v2\/posts\/10451\/revisions\/10452"}],"wp:featuredmedia":[{"embeddable":true,"href":"https:\/\/veritasinfo.org\/index.php?rest_route=\/wp\/v2\/media\/10454"}],"wp:attachment":[{"href":"https:\/\/veritasinfo.org\/index.php?rest_route=%2Fwp%2Fv2%2Fmedia&parent=10451"}],"wp:term":[{"taxonomy":"category","embeddable":true,"href":"https:\/\/veritasinfo.org\/index.php?rest_route=%2Fwp%2Fv2%2Fcategories&post=10451"},{"taxonomy":"post_tag","embeddable":true,"href":"https:\/\/veritasinfo.org\/index.php?rest_route=%2Fwp%2Fv2%2Ftags&post=10451"}],"curies":[{"name":"wp","href":"https:\/\/api.w.org\/{rel}","templated":true}]}}