{"id":10446,"date":"2025-09-02T12:19:50","date_gmt":"2025-09-02T10:19:50","guid":{"rendered":"https:\/\/veritasinfo.org\/?p=10446"},"modified":"2025-09-02T12:19:50","modified_gmt":"2025-09-02T10:19:50","slug":"sot-dite-zie-ne-shqiperi","status":"publish","type":"post","link":"https:\/\/veritasinfo.org\/?p=10446","title":{"rendered":"Sot dit\u00eb zie n\u00eb Shqip\u00ebri"},"content":{"rendered":"<p><strong>Tiran\u00eb, 02 shtator 2025<\/strong><\/p>\n<p>Qeveria e Shqip\u00ebris\u00eb ka shpallur 2 shtatorin, dit\u00eb zie komb\u00ebtare n\u00eb nderim t\u00eb Dhimit\u00ebr Anagnostit, nj\u00eb prej figurave m\u00eb t\u00eb shquara t\u00eb artit dhe kultur\u00ebs shqiptare.<\/p>\n<p>Sipas njoftimit t\u00eb Agjencis\u00eb p\u00ebr Media dhe Informim, gjat\u00eb dit\u00ebs n\u00eb t\u00eb gjith\u00eb vendin flamujt do t\u00eb ulen n\u00eb gjysm\u00ebshtiz\u00eb. Nd\u00ebrkoh\u00eb institucionet kan\u00eb organizuar homazhe p\u00ebr ta nderuar kontributin e Anagnostit.<\/p>\n<p>Anagnosti vdiq t\u00eb h\u00ebn\u00ebn n\u00eb mosh\u00ebn 89-vje\u00e7are. Ai konsiderohet nj\u00eb prej ikonave t\u00eb filmit.<\/p>\n<p>Anagnosti u diplomua n\u00eb Mosk\u00eb m\u00eb 1960 dhe q\u00eb n\u00eb fillim t\u00eb karrier\u00ebs u dallua me filmin \u201cNjeriu kurr\u00eb nuk vdes\u201d, i vler\u00ebsuar me \u00c7mimin e Par\u00eb n\u00eb Festivalin Bot\u00ebror t\u00eb Shkollave t\u00eb Kinemas\u00eb n\u00eb Holand\u00eb.<\/p>\n","protected":false},"excerpt":{"rendered":"<p>Tiran\u00eb, 02 shtator 2025 Qeveria e Shqip\u00ebris\u00eb ka shpallur 2 shtatorin, dit\u00eb zie komb\u00ebtare n\u00eb nderim t\u00eb Dhimit\u00ebr Anagnostit, nj\u00eb prej figurave m\u00eb t\u00eb shquara<\/p>\n","protected":false},"author":2,"featured_media":10447,"comment_status":"open","ping_status":"open","sticky":false,"template":"","format":"standard","meta":{"footnotes":""},"categories":[54],"tags":[],"class_list":["post-10446","post","type-post","status-publish","format-standard","has-post-thumbnail","hentry","category-kulture-sq"],"yoast_head":"<!-- This site is optimized with the Yoast SEO plugin v25.3.1 - https:\/\/yoast.com\/wordpress\/plugins\/seo\/ -->\n<title>Sot dit\u00eb zie n\u00eb Shqip\u00ebri -<\/title>\n<meta name=\"robots\" content=\"index, follow, max-snippet:-1, max-image-preview:large, max-video-preview:-1\" \/>\n<link rel=\"canonical\" href=\"https:\/\/veritasinfo.org\/?p=10446\" \/>\n<meta property=\"og:locale\" content=\"en_US\" \/>\n<meta property=\"og:type\" content=\"article\" \/>\n<meta property=\"og:title\" content=\"Sot dit\u00eb zie n\u00eb Shqip\u00ebri -\" \/>\n<meta property=\"og:description\" content=\"Tiran\u00eb, 02 shtator 2025 Qeveria e Shqip\u00ebris\u00eb ka shpallur 2 shtatorin, dit\u00eb zie komb\u00ebtare n\u00eb nderim t\u00eb Dhimit\u00ebr Anagnostit, nj\u00eb prej figurave m\u00eb t\u00eb shquara\" \/>\n<meta property=\"og:url\" content=\"https:\/\/veritasinfo.org\/?p=10446\" \/>\n<meta property=\"article:published_time\" content=\"2025-09-02T10:19:50+00:00\" \/>\n<meta property=\"og:image\" content=\"https:\/\/veritasinfo.org\/wp-content\/uploads\/2025\/09\/dite-zie.jpg\" \/>\n\t<meta property=\"og:image:width\" content=\"512\" \/>\n\t<meta property=\"og:image:height\" content=\"387\" \/>\n\t<meta property=\"og:image:type\" content=\"image\/jpeg\" \/>\n<meta name=\"author\" content=\"US1\" \/>\n<meta name=\"twitter:card\" content=\"summary_large_image\" \/>\n<meta name=\"twitter:label1\" content=\"Written by\" \/>\n\t<meta name=\"twitter:data1\" content=\"US1\" \/>\n\t<meta name=\"twitter:label2\" content=\"Est. reading time\" \/>\n\t<meta name=\"twitter:data2\" content=\"1 minute\" \/>\n<script type=\"application\/ld+json\" class=\"yoast-schema-graph\">{\"@context\":\"https:\/\/schema.org\",\"@graph\":[{\"@type\":\"WebPage\",\"@id\":\"https:\/\/veritasinfo.org\/?p=10446\",\"url\":\"https:\/\/veritasinfo.org\/?p=10446\",\"name\":\"Sot dit\u00eb zie n\u00eb Shqip\u00ebri -\",\"isPartOf\":{\"@id\":\"https:\/\/veritasinfo.org\/#website\"},\"primaryImageOfPage\":{\"@id\":\"https:\/\/veritasinfo.org\/?p=10446#primaryimage\"},\"image\":{\"@id\":\"https:\/\/veritasinfo.org\/?p=10446#primaryimage\"},\"thumbnailUrl\":\"https:\/\/veritasinfo.org\/wp-content\/uploads\/2025\/09\/dite-zie.jpg\",\"datePublished\":\"2025-09-02T10:19:50+00:00\",\"author\":{\"@id\":\"https:\/\/veritasinfo.org\/#\/schema\/person\/c2b8be262ea994d0995addca692c5e98\"},\"breadcrumb\":{\"@id\":\"https:\/\/veritasinfo.org\/?p=10446#breadcrumb\"},\"inLanguage\":\"en-US\",\"potentialAction\":[{\"@type\":\"ReadAction\",\"target\":[\"https:\/\/veritasinfo.org\/?p=10446\"]}]},{\"@type\":\"ImageObject\",\"inLanguage\":\"en-US\",\"@id\":\"https:\/\/veritasinfo.org\/?p=10446#primaryimage\",\"url\":\"https:\/\/veritasinfo.org\/wp-content\/uploads\/2025\/09\/dite-zie.jpg\",\"contentUrl\":\"https:\/\/veritasinfo.org\/wp-content\/uploads\/2025\/09\/dite-zie.jpg\",\"width\":512,\"height\":387,\"caption\":\"An Albanian national flag flies at half-mast in front of Albanian national hero George Kastriotis Skanderbeg on a national day of mourning in Tirana, May 22, 2012, after a bus crash took place on Monday in southern Albania. At least 12 Albanian university students and the driver of the bus were killed and 22 others injured when their bus plunged hundreds of feet into a ravine on Monday, police said. REUTERS\/Arben Celi (ALBANIA - Tags: DISASTER TRANSPORT)\"},{\"@type\":\"BreadcrumbList\",\"@id\":\"https:\/\/veritasinfo.org\/?p=10446#breadcrumb\",\"itemListElement\":[{\"@type\":\"ListItem\",\"position\":1,\"name\":\"Home\",\"item\":\"https:\/\/veritasinfo.org\/\"},{\"@type\":\"ListItem\",\"position\":2,\"name\":\"Sot dit\u00eb zie n\u00eb Shqip\u00ebri\"}]},{\"@type\":\"WebSite\",\"@id\":\"https:\/\/veritasinfo.org\/#website\",\"url\":\"https:\/\/veritasinfo.org\/\",\"name\":\"\",\"description\":\"\",\"potentialAction\":[{\"@type\":\"SearchAction\",\"target\":{\"@type\":\"EntryPoint\",\"urlTemplate\":\"https:\/\/veritasinfo.org\/?s={search_term_string}\"},\"query-input\":{\"@type\":\"PropertyValueSpecification\",\"valueRequired\":true,\"valueName\":\"search_term_string\"}}],\"inLanguage\":\"en-US\"},{\"@type\":\"Person\",\"@id\":\"https:\/\/veritasinfo.org\/#\/schema\/person\/c2b8be262ea994d0995addca692c5e98\",\"name\":\"US1\",\"image\":{\"@type\":\"ImageObject\",\"inLanguage\":\"en-US\",\"@id\":\"https:\/\/veritasinfo.org\/#\/schema\/person\/image\/\",\"url\":\"https:\/\/secure.gravatar.com\/avatar\/4e96a59bd256abf9956eb9963ac891a47461ffb364d47b0e9aab113328fdb75b?s=96&d=mm&r=g\",\"contentUrl\":\"https:\/\/secure.gravatar.com\/avatar\/4e96a59bd256abf9956eb9963ac891a47461ffb364d47b0e9aab113328fdb75b?s=96&d=mm&r=g\",\"caption\":\"US1\"},\"url\":\"https:\/\/veritasinfo.org\/?author=2\"}]}<\/script>\n<!-- \/ Yoast SEO plugin. -->","yoast_head_json":{"title":"Sot dit\u00eb zie n\u00eb Shqip\u00ebri -","robots":{"index":"index","follow":"follow","max-snippet":"max-snippet:-1","max-image-preview":"max-image-preview:large","max-video-preview":"max-video-preview:-1"},"canonical":"https:\/\/veritasinfo.org\/?p=10446","og_locale":"en_US","og_type":"article","og_title":"Sot dit\u00eb zie n\u00eb Shqip\u00ebri -","og_description":"Tiran\u00eb, 02 shtator 2025 Qeveria e Shqip\u00ebris\u00eb ka shpallur 2 shtatorin, dit\u00eb zie komb\u00ebtare n\u00eb nderim t\u00eb Dhimit\u00ebr Anagnostit, nj\u00eb prej figurave m\u00eb t\u00eb shquara","og_url":"https:\/\/veritasinfo.org\/?p=10446","article_published_time":"2025-09-02T10:19:50+00:00","og_image":[{"width":512,"height":387,"url":"https:\/\/veritasinfo.org\/wp-content\/uploads\/2025\/09\/dite-zie.jpg","type":"image\/jpeg"}],"author":"US1","twitter_card":"summary_large_image","twitter_misc":{"Written by":"US1","Est. reading time":"1 minute"},"schema":{"@context":"https:\/\/schema.org","@graph":[{"@type":"WebPage","@id":"https:\/\/veritasinfo.org\/?p=10446","url":"https:\/\/veritasinfo.org\/?p=10446","name":"Sot dit\u00eb zie n\u00eb Shqip\u00ebri -","isPartOf":{"@id":"https:\/\/veritasinfo.org\/#website"},"primaryImageOfPage":{"@id":"https:\/\/veritasinfo.org\/?p=10446#primaryimage"},"image":{"@id":"https:\/\/veritasinfo.org\/?p=10446#primaryimage"},"thumbnailUrl":"https:\/\/veritasinfo.org\/wp-content\/uploads\/2025\/09\/dite-zie.jpg","datePublished":"2025-09-02T10:19:50+00:00","author":{"@id":"https:\/\/veritasinfo.org\/#\/schema\/person\/c2b8be262ea994d0995addca692c5e98"},"breadcrumb":{"@id":"https:\/\/veritasinfo.org\/?p=10446#breadcrumb"},"inLanguage":"en-US","potentialAction":[{"@type":"ReadAction","target":["https:\/\/veritasinfo.org\/?p=10446"]}]},{"@type":"ImageObject","inLanguage":"en-US","@id":"https:\/\/veritasinfo.org\/?p=10446#primaryimage","url":"https:\/\/veritasinfo.org\/wp-content\/uploads\/2025\/09\/dite-zie.jpg","contentUrl":"https:\/\/veritasinfo.org\/wp-content\/uploads\/2025\/09\/dite-zie.jpg","width":512,"height":387,"caption":"An Albanian national flag flies at half-mast in front of Albanian national hero George Kastriotis Skanderbeg on a national day of mourning in Tirana, May 22, 2012, after a bus crash took place on Monday in southern Albania. At least 12 Albanian university students and the driver of the bus were killed and 22 others injured when their bus plunged hundreds of feet into a ravine on Monday, police said. REUTERS\/Arben Celi (ALBANIA - Tags: DISASTER TRANSPORT)"},{"@type":"BreadcrumbList","@id":"https:\/\/veritasinfo.org\/?p=10446#breadcrumb","itemListElement":[{"@type":"ListItem","position":1,"name":"Home","item":"https:\/\/veritasinfo.org\/"},{"@type":"ListItem","position":2,"name":"Sot dit\u00eb zie n\u00eb Shqip\u00ebri"}]},{"@type":"WebSite","@id":"https:\/\/veritasinfo.org\/#website","url":"https:\/\/veritasinfo.org\/","name":"","description":"","potentialAction":[{"@type":"SearchAction","target":{"@type":"EntryPoint","urlTemplate":"https:\/\/veritasinfo.org\/?s={search_term_string}"},"query-input":{"@type":"PropertyValueSpecification","valueRequired":true,"valueName":"search_term_string"}}],"inLanguage":"en-US"},{"@type":"Person","@id":"https:\/\/veritasinfo.org\/#\/schema\/person\/c2b8be262ea994d0995addca692c5e98","name":"US1","image":{"@type":"ImageObject","inLanguage":"en-US","@id":"https:\/\/veritasinfo.org\/#\/schema\/person\/image\/","url":"https:\/\/secure.gravatar.com\/avatar\/4e96a59bd256abf9956eb9963ac891a47461ffb364d47b0e9aab113328fdb75b?s=96&d=mm&r=g","contentUrl":"https:\/\/secure.gravatar.com\/avatar\/4e96a59bd256abf9956eb9963ac891a47461ffb364d47b0e9aab113328fdb75b?s=96&d=mm&r=g","caption":"US1"},"url":"https:\/\/veritasinfo.org\/?author=2"}]}},"featured_image_urls":{"full":["https:\/\/veritasinfo.org\/wp-content\/uploads\/2025\/09\/dite-zie.jpg",512,387,false],"thumbnail":["https:\/\/veritasinfo.org\/wp-content\/uploads\/2025\/09\/dite-zie-150x150.jpg",150,150,true],"medium":["https:\/\/veritasinfo.org\/wp-content\/uploads\/2025\/09\/dite-zie-300x227.jpg",300,227,true],"medium_large":["https:\/\/veritasinfo.org\/wp-content\/uploads\/2025\/09\/dite-zie.jpg",512,387,false],"large":["https:\/\/veritasinfo.org\/wp-content\/uploads\/2025\/09\/dite-zie.jpg",512,387,false],"1536x1536":["https:\/\/veritasinfo.org\/wp-content\/uploads\/2025\/09\/dite-zie.jpg",512,387,false],"2048x2048":["https:\/\/veritasinfo.org\/wp-content\/uploads\/2025\/09\/dite-zie.jpg",512,387,false],"kreeti-slider-full":["https:\/\/veritasinfo.org\/wp-content\/uploads\/2025\/09\/dite-zie.jpg",512,387,false],"kreeti-featured":["https:\/\/veritasinfo.org\/wp-content\/uploads\/2025\/09\/dite-zie.jpg",512,387,false],"kreeti-medium":["https:\/\/veritasinfo.org\/wp-content\/uploads\/2025\/09\/dite-zie.jpg",512,387,false],"kreeti-medium-square":["https:\/\/veritasinfo.org\/wp-content\/uploads\/2025\/09\/dite-zie.jpg",350,265,false]},"author_info":{"info":["US1"]},"category_info":"<a href=\"https:\/\/veritasinfo.org\/?cat=54\" rel=\"category\">Kultur\u00eb<\/a>","tag_info":"Kultur\u00eb","comment_count":"0","_links":{"self":[{"href":"https:\/\/veritasinfo.org\/index.php?rest_route=\/wp\/v2\/posts\/10446","targetHints":{"allow":["GET"]}}],"collection":[{"href":"https:\/\/veritasinfo.org\/index.php?rest_route=\/wp\/v2\/posts"}],"about":[{"href":"https:\/\/veritasinfo.org\/index.php?rest_route=\/wp\/v2\/types\/post"}],"author":[{"embeddable":true,"href":"https:\/\/veritasinfo.org\/index.php?rest_route=\/wp\/v2\/users\/2"}],"replies":[{"embeddable":true,"href":"https:\/\/veritasinfo.org\/index.php?rest_route=%2Fwp%2Fv2%2Fcomments&post=10446"}],"version-history":[{"count":1,"href":"https:\/\/veritasinfo.org\/index.php?rest_route=\/wp\/v2\/posts\/10446\/revisions"}],"predecessor-version":[{"id":10448,"href":"https:\/\/veritasinfo.org\/index.php?rest_route=\/wp\/v2\/posts\/10446\/revisions\/10448"}],"wp:featuredmedia":[{"embeddable":true,"href":"https:\/\/veritasinfo.org\/index.php?rest_route=\/wp\/v2\/media\/10447"}],"wp:attachment":[{"href":"https:\/\/veritasinfo.org\/index.php?rest_route=%2Fwp%2Fv2%2Fmedia&parent=10446"}],"wp:term":[{"taxonomy":"category","embeddable":true,"href":"https:\/\/veritasinfo.org\/index.php?rest_route=%2Fwp%2Fv2%2Fcategories&post=10446"},{"taxonomy":"post_tag","embeddable":true,"href":"https:\/\/veritasinfo.org\/index.php?rest_route=%2Fwp%2Fv2%2Ftags&post=10446"}],"curies":[{"name":"wp","href":"https:\/\/api.w.org\/{rel}","templated":true}]}}