{"id":10444,"date":"2025-09-02T11:22:12","date_gmt":"2025-09-02T09:22:12","guid":{"rendered":"https:\/\/veritasinfo.org\/?p=10444"},"modified":"2025-09-02T11:22:12","modified_gmt":"2025-09-02T09:22:12","slug":"ambasador-sad-pri-nato-u-pazljivo-pratimo-sta-se-desava-u-republici-srpskoj-i-srbiji-kako-se-situacija-ne-bi-pretvorila-u-regionalni-sukob","status":"publish","type":"post","link":"https:\/\/veritasinfo.org\/?p=10444&lang=sr","title":{"rendered":"Ambasador SAD pri NATO-u: Pa\u017eljivo pratimo \u0161ta se de\u0161ava u Republici Srpskoj i Srbiji kako se situacija ne bi pretvorila u regionalni sukob"},"content":{"rendered":"<p><strong>Bled, 2 septembar 2025<\/strong><\/p>\n<p>Jedan od panela Bledskog strate\u0161kog foruma, ambasador SAD pri NATO-u, Metju G. Vitaker, izjavio je da Sjedinjene Dr\u017eave pa\u017eljivo prate de\u0161avanja u Srbiji i entitetu Republika Srpska (RS), isti\u010duc\u0301i da je glavni prioritet spre\u010davanje bilo kakvog scenarija koji bi mogao eskalirati u regionalni sukob.<\/p>\n<p>\u201eVeoma pa\u017eljivo pratimo sve \u0161to se de\u0161ava i u Republici Srpskoj i u Srbiji. Trenutno smo fokusirani na to da osiguramo da se situacija ne pogor\u0161a u potencijalni regionalni sukob\u201c, rekao je Vitaker, prenosi Klix.ba.<\/p>\n<p>Naglasio je da odr\u017eavanje stabilnosti na Zapadnom Balkanu ostaje va\u017ean cilj, ne samo za Sjedinjene Dr\u017eave, vec\u0301 i za evropske saveznike unutar NATO-a, koji imaju obavezu da deluju zajedno u vremenima krize.<\/p>\n<p>Ameri\u010dki ambasador je tako\u0111e dodao da je NATO spreman da obezbedi i bezbednosne snage i politi\u010dki pritisak kako bi se osigurao mir i stabilnost u regionu.<\/p>\n<p>Na pitanje o moguc\u0301nosti sastanka izme\u0111u predsednika SAD Donalda Trampa i predsednika Srbije Aleksandra Vu\u010dic\u0301a ili lidera Republike srpske Milorada Dodika, Vitaker je odgovorio da trenutno nema najava takvog sastanka.<\/p>\n<p>\u201eAko bi se takav sastanak odr\u017eao, njegov cilj bi bio unapre\u0111enje mira i stabilnosti \u2013 a ne ja\u010danje politi\u010dke pozicije bilo kog lidera. Predsednik Tramp to ne radi\u201c, rekao je ambasador.<\/p>\n<p>Opisao je Trampa kao \u201edilera i mirotvorca\u201c, fokusiranog na rezultate i stvaranje moguc\u0301nosti za napredak.<\/p>\n<p>\u201eAko postoji prilika za unapre\u0111enje ameri\u010dkih vrednosti i interesa \u2013 onda bi sastanak mogao da se dogodi. Ali nisam ovde da najavljujem bilo kakav sastanak sa liderima Srbije ili Republike srpske\u201c, zaklju\u010dio je Vitaker.sit e Serbis\u00eb apo t\u00eb Republik\u00ebs Srpska,\u201d p\u00ebrfundoi Whitaker.<\/p>\n","protected":false},"excerpt":{"rendered":"<p>Bled, 2 septembar 2025 Jedan od panela Bledskog strate\u0161kog foruma, ambasador SAD pri NATO-u, Metju G. Vitaker, izjavio je da Sjedinjene Dr\u017eave pa\u017eljivo prate de\u0161avanja<\/p>\n","protected":false},"author":2,"featured_media":10442,"comment_status":"open","ping_status":"open","sticky":false,"template":"","format":"standard","meta":{"footnotes":""},"categories":[24],"tags":[],"class_list":["post-10444","post","type-post","status-publish","format-standard","has-post-thumbnail","hentry","category-uncategorized-sr"],"yoast_head":"<!-- This site is optimized with the Yoast SEO plugin v25.3.1 - https:\/\/yoast.com\/wordpress\/plugins\/seo\/ -->\n<title>Ambasador SAD pri NATO-u: Pa\u017eljivo pratimo \u0161ta se de\u0161ava u Republici Srpskoj i Srbiji kako se situacija ne bi pretvorila u regionalni sukob -<\/title>\n<meta name=\"robots\" content=\"index, follow, max-snippet:-1, max-image-preview:large, max-video-preview:-1\" \/>\n<link rel=\"canonical\" href=\"https:\/\/veritasinfo.org\/?p=10444&lang=sr\" \/>\n<meta property=\"og:locale\" content=\"en_US\" \/>\n<meta property=\"og:type\" content=\"article\" \/>\n<meta property=\"og:title\" content=\"Ambasador SAD pri NATO-u: Pa\u017eljivo pratimo \u0161ta se de\u0161ava u Republici Srpskoj i Srbiji kako se situacija ne bi pretvorila u regionalni sukob -\" \/>\n<meta property=\"og:description\" content=\"Bled, 2 septembar 2025 Jedan od panela Bledskog strate\u0161kog foruma, ambasador SAD pri NATO-u, Metju G. Vitaker, izjavio je da Sjedinjene Dr\u017eave pa\u017eljivo prate de\u0161avanja\" \/>\n<meta property=\"og:url\" content=\"https:\/\/veritasinfo.org\/?p=10444&amp;lang=sr\" \/>\n<meta property=\"article:published_time\" content=\"2025-09-02T09:22:12+00:00\" \/>\n<meta property=\"og:image\" content=\"https:\/\/veritasinfo.org\/wp-content\/uploads\/2025\/09\/Whitaker.jpg\" \/>\n\t<meta property=\"og:image:width\" content=\"1024\" \/>\n\t<meta property=\"og:image:height\" content=\"683\" \/>\n\t<meta property=\"og:image:type\" content=\"image\/jpeg\" \/>\n<meta name=\"author\" content=\"US1\" \/>\n<meta name=\"twitter:card\" content=\"summary_large_image\" \/>\n<meta name=\"twitter:label1\" content=\"Written by\" \/>\n\t<meta name=\"twitter:data1\" content=\"US1\" \/>\n\t<meta name=\"twitter:label2\" content=\"Est. reading time\" \/>\n\t<meta name=\"twitter:data2\" content=\"2 minutes\" \/>\n<script type=\"application\/ld+json\" class=\"yoast-schema-graph\">{\"@context\":\"https:\/\/schema.org\",\"@graph\":[{\"@type\":\"WebPage\",\"@id\":\"https:\/\/veritasinfo.org\/?p=10444&lang=sr\",\"url\":\"https:\/\/veritasinfo.org\/?p=10444&lang=sr\",\"name\":\"Ambasador SAD pri NATO-u: Pa\u017eljivo pratimo \u0161ta se de\u0161ava u Republici Srpskoj i Srbiji kako se situacija ne bi pretvorila u regionalni sukob -\",\"isPartOf\":{\"@id\":\"https:\/\/veritasinfo.org\/#website\"},\"primaryImageOfPage\":{\"@id\":\"https:\/\/veritasinfo.org\/?p=10444&lang=sr#primaryimage\"},\"image\":{\"@id\":\"https:\/\/veritasinfo.org\/?p=10444&lang=sr#primaryimage\"},\"thumbnailUrl\":\"https:\/\/veritasinfo.org\/wp-content\/uploads\/2025\/09\/Whitaker.jpg\",\"datePublished\":\"2025-09-02T09:22:12+00:00\",\"author\":{\"@id\":\"https:\/\/veritasinfo.org\/#\/schema\/person\/c2b8be262ea994d0995addca692c5e98\"},\"breadcrumb\":{\"@id\":\"https:\/\/veritasinfo.org\/?p=10444&lang=sr#breadcrumb\"},\"inLanguage\":\"en-US\",\"potentialAction\":[{\"@type\":\"ReadAction\",\"target\":[\"https:\/\/veritasinfo.org\/?p=10444&lang=sr\"]}]},{\"@type\":\"ImageObject\",\"inLanguage\":\"en-US\",\"@id\":\"https:\/\/veritasinfo.org\/?p=10444&lang=sr#primaryimage\",\"url\":\"https:\/\/veritasinfo.org\/wp-content\/uploads\/2025\/09\/Whitaker.jpg\",\"contentUrl\":\"https:\/\/veritasinfo.org\/wp-content\/uploads\/2025\/09\/Whitaker.jpg\",\"width\":1024,\"height\":683,\"caption\":\"FILE PHOTO: Acting Attorney General Matthew Whitaker speaks to state and local law enforcement on efforts to combat violent crime and the opioid crisis in Des Moines, Iowa, U.S., November 14, 2018. REUTERS\/Scott Morgan\/File Photo - RC1C847A0850\"},{\"@type\":\"BreadcrumbList\",\"@id\":\"https:\/\/veritasinfo.org\/?p=10444&lang=sr#breadcrumb\",\"itemListElement\":[{\"@type\":\"ListItem\",\"position\":1,\"name\":\"Home\",\"item\":\"https:\/\/veritasinfo.org\/\"},{\"@type\":\"ListItem\",\"position\":2,\"name\":\"Ambasador SAD pri NATO-u: Pa\u017eljivo pratimo \u0161ta se de\u0161ava u Republici Srpskoj i Srbiji kako se situacija ne bi pretvorila u regionalni sukob\"}]},{\"@type\":\"WebSite\",\"@id\":\"https:\/\/veritasinfo.org\/#website\",\"url\":\"https:\/\/veritasinfo.org\/\",\"name\":\"\",\"description\":\"\",\"potentialAction\":[{\"@type\":\"SearchAction\",\"target\":{\"@type\":\"EntryPoint\",\"urlTemplate\":\"https:\/\/veritasinfo.org\/?s={search_term_string}\"},\"query-input\":{\"@type\":\"PropertyValueSpecification\",\"valueRequired\":true,\"valueName\":\"search_term_string\"}}],\"inLanguage\":\"en-US\"},{\"@type\":\"Person\",\"@id\":\"https:\/\/veritasinfo.org\/#\/schema\/person\/c2b8be262ea994d0995addca692c5e98\",\"name\":\"US1\",\"image\":{\"@type\":\"ImageObject\",\"inLanguage\":\"en-US\",\"@id\":\"https:\/\/veritasinfo.org\/#\/schema\/person\/image\/\",\"url\":\"https:\/\/secure.gravatar.com\/avatar\/4e96a59bd256abf9956eb9963ac891a47461ffb364d47b0e9aab113328fdb75b?s=96&d=mm&r=g\",\"contentUrl\":\"https:\/\/secure.gravatar.com\/avatar\/4e96a59bd256abf9956eb9963ac891a47461ffb364d47b0e9aab113328fdb75b?s=96&d=mm&r=g\",\"caption\":\"US1\"},\"url\":\"https:\/\/veritasinfo.org\/?author=2\"}]}<\/script>\n<!-- \/ Yoast SEO plugin. -->","yoast_head_json":{"title":"Ambasador SAD pri NATO-u: Pa\u017eljivo pratimo \u0161ta se de\u0161ava u Republici Srpskoj i Srbiji kako se situacija ne bi pretvorila u regionalni sukob -","robots":{"index":"index","follow":"follow","max-snippet":"max-snippet:-1","max-image-preview":"max-image-preview:large","max-video-preview":"max-video-preview:-1"},"canonical":"https:\/\/veritasinfo.org\/?p=10444&lang=sr","og_locale":"en_US","og_type":"article","og_title":"Ambasador SAD pri NATO-u: Pa\u017eljivo pratimo \u0161ta se de\u0161ava u Republici Srpskoj i Srbiji kako se situacija ne bi pretvorila u regionalni sukob -","og_description":"Bled, 2 septembar 2025 Jedan od panela Bledskog strate\u0161kog foruma, ambasador SAD pri NATO-u, Metju G. Vitaker, izjavio je da Sjedinjene Dr\u017eave pa\u017eljivo prate de\u0161avanja","og_url":"https:\/\/veritasinfo.org\/?p=10444&lang=sr","article_published_time":"2025-09-02T09:22:12+00:00","og_image":[{"width":1024,"height":683,"url":"https:\/\/veritasinfo.org\/wp-content\/uploads\/2025\/09\/Whitaker.jpg","type":"image\/jpeg"}],"author":"US1","twitter_card":"summary_large_image","twitter_misc":{"Written by":"US1","Est. reading time":"2 minutes"},"schema":{"@context":"https:\/\/schema.org","@graph":[{"@type":"WebPage","@id":"https:\/\/veritasinfo.org\/?p=10444&lang=sr","url":"https:\/\/veritasinfo.org\/?p=10444&lang=sr","name":"Ambasador SAD pri NATO-u: Pa\u017eljivo pratimo \u0161ta se de\u0161ava u Republici Srpskoj i Srbiji kako se situacija ne bi pretvorila u regionalni sukob -","isPartOf":{"@id":"https:\/\/veritasinfo.org\/#website"},"primaryImageOfPage":{"@id":"https:\/\/veritasinfo.org\/?p=10444&lang=sr#primaryimage"},"image":{"@id":"https:\/\/veritasinfo.org\/?p=10444&lang=sr#primaryimage"},"thumbnailUrl":"https:\/\/veritasinfo.org\/wp-content\/uploads\/2025\/09\/Whitaker.jpg","datePublished":"2025-09-02T09:22:12+00:00","author":{"@id":"https:\/\/veritasinfo.org\/#\/schema\/person\/c2b8be262ea994d0995addca692c5e98"},"breadcrumb":{"@id":"https:\/\/veritasinfo.org\/?p=10444&lang=sr#breadcrumb"},"inLanguage":"en-US","potentialAction":[{"@type":"ReadAction","target":["https:\/\/veritasinfo.org\/?p=10444&lang=sr"]}]},{"@type":"ImageObject","inLanguage":"en-US","@id":"https:\/\/veritasinfo.org\/?p=10444&lang=sr#primaryimage","url":"https:\/\/veritasinfo.org\/wp-content\/uploads\/2025\/09\/Whitaker.jpg","contentUrl":"https:\/\/veritasinfo.org\/wp-content\/uploads\/2025\/09\/Whitaker.jpg","width":1024,"height":683,"caption":"FILE PHOTO: Acting Attorney General Matthew Whitaker speaks to state and local law enforcement on efforts to combat violent crime and the opioid crisis in Des Moines, Iowa, U.S., November 14, 2018. REUTERS\/Scott Morgan\/File Photo - RC1C847A0850"},{"@type":"BreadcrumbList","@id":"https:\/\/veritasinfo.org\/?p=10444&lang=sr#breadcrumb","itemListElement":[{"@type":"ListItem","position":1,"name":"Home","item":"https:\/\/veritasinfo.org\/"},{"@type":"ListItem","position":2,"name":"Ambasador SAD pri NATO-u: Pa\u017eljivo pratimo \u0161ta se de\u0161ava u Republici Srpskoj i Srbiji kako se situacija ne bi pretvorila u regionalni sukob"}]},{"@type":"WebSite","@id":"https:\/\/veritasinfo.org\/#website","url":"https:\/\/veritasinfo.org\/","name":"","description":"","potentialAction":[{"@type":"SearchAction","target":{"@type":"EntryPoint","urlTemplate":"https:\/\/veritasinfo.org\/?s={search_term_string}"},"query-input":{"@type":"PropertyValueSpecification","valueRequired":true,"valueName":"search_term_string"}}],"inLanguage":"en-US"},{"@type":"Person","@id":"https:\/\/veritasinfo.org\/#\/schema\/person\/c2b8be262ea994d0995addca692c5e98","name":"US1","image":{"@type":"ImageObject","inLanguage":"en-US","@id":"https:\/\/veritasinfo.org\/#\/schema\/person\/image\/","url":"https:\/\/secure.gravatar.com\/avatar\/4e96a59bd256abf9956eb9963ac891a47461ffb364d47b0e9aab113328fdb75b?s=96&d=mm&r=g","contentUrl":"https:\/\/secure.gravatar.com\/avatar\/4e96a59bd256abf9956eb9963ac891a47461ffb364d47b0e9aab113328fdb75b?s=96&d=mm&r=g","caption":"US1"},"url":"https:\/\/veritasinfo.org\/?author=2"}]}},"featured_image_urls":{"full":["https:\/\/veritasinfo.org\/wp-content\/uploads\/2025\/09\/Whitaker.jpg",1024,683,false],"thumbnail":["https:\/\/veritasinfo.org\/wp-content\/uploads\/2025\/09\/Whitaker-150x150.jpg",150,150,true],"medium":["https:\/\/veritasinfo.org\/wp-content\/uploads\/2025\/09\/Whitaker-300x200.jpg",300,200,true],"medium_large":["https:\/\/veritasinfo.org\/wp-content\/uploads\/2025\/09\/Whitaker-768x512.jpg",640,427,true],"large":["https:\/\/veritasinfo.org\/wp-content\/uploads\/2025\/09\/Whitaker.jpg",640,427,false],"1536x1536":["https:\/\/veritasinfo.org\/wp-content\/uploads\/2025\/09\/Whitaker.jpg",1024,683,false],"2048x2048":["https:\/\/veritasinfo.org\/wp-content\/uploads\/2025\/09\/Whitaker.jpg",1024,683,false],"kreeti-slider-full":["https:\/\/veritasinfo.org\/wp-content\/uploads\/2025\/09\/Whitaker.jpg",1024,683,false],"kreeti-featured":["https:\/\/veritasinfo.org\/wp-content\/uploads\/2025\/09\/Whitaker.jpg",1024,683,false],"kreeti-medium":["https:\/\/veritasinfo.org\/wp-content\/uploads\/2025\/09\/Whitaker.jpg",720,480,false],"kreeti-medium-square":["https:\/\/veritasinfo.org\/wp-content\/uploads\/2025\/09\/Whitaker.jpg",350,233,false]},"author_info":{"info":["US1"]},"category_info":"<a href=\"https:\/\/veritasinfo.org\/?cat=24&#038;lang=sr\" rel=\"category\">Uncategorized<\/a>","tag_info":"Uncategorized","comment_count":"0","_links":{"self":[{"href":"https:\/\/veritasinfo.org\/index.php?rest_route=\/wp\/v2\/posts\/10444","targetHints":{"allow":["GET"]}}],"collection":[{"href":"https:\/\/veritasinfo.org\/index.php?rest_route=\/wp\/v2\/posts"}],"about":[{"href":"https:\/\/veritasinfo.org\/index.php?rest_route=\/wp\/v2\/types\/post"}],"author":[{"embeddable":true,"href":"https:\/\/veritasinfo.org\/index.php?rest_route=\/wp\/v2\/users\/2"}],"replies":[{"embeddable":true,"href":"https:\/\/veritasinfo.org\/index.php?rest_route=%2Fwp%2Fv2%2Fcomments&post=10444"}],"version-history":[{"count":1,"href":"https:\/\/veritasinfo.org\/index.php?rest_route=\/wp\/v2\/posts\/10444\/revisions"}],"predecessor-version":[{"id":10445,"href":"https:\/\/veritasinfo.org\/index.php?rest_route=\/wp\/v2\/posts\/10444\/revisions\/10445"}],"wp:featuredmedia":[{"embeddable":true,"href":"https:\/\/veritasinfo.org\/index.php?rest_route=\/wp\/v2\/media\/10442"}],"wp:attachment":[{"href":"https:\/\/veritasinfo.org\/index.php?rest_route=%2Fwp%2Fv2%2Fmedia&parent=10444"}],"wp:term":[{"taxonomy":"category","embeddable":true,"href":"https:\/\/veritasinfo.org\/index.php?rest_route=%2Fwp%2Fv2%2Fcategories&post=10444"},{"taxonomy":"post_tag","embeddable":true,"href":"https:\/\/veritasinfo.org\/index.php?rest_route=%2Fwp%2Fv2%2Ftags&post=10444"}],"curies":[{"name":"wp","href":"https:\/\/api.w.org\/{rel}","templated":true}]}}