{"id":10420,"date":"2025-09-02T08:20:55","date_gmt":"2025-09-02T06:20:55","guid":{"rendered":"https:\/\/veritasinfo.org\/?p=10420"},"modified":"2025-09-02T08:20:55","modified_gmt":"2025-09-02T06:20:55","slug":"franca-urdheron-spitalet-te-jene-gati-per-lufte-deri-vitin-e-ardhshem","status":"publish","type":"post","link":"https:\/\/veritasinfo.org\/?p=10420","title":{"rendered":"Franca urdh\u00ebron spitalet t\u00eb jen\u00eb gati p\u00ebr luft\u00eb deri vitin e ardhsh\u00ebm"},"content":{"rendered":"<p><strong>Paris 02 shtator 2025<\/strong><\/p>\n<p>Spitalet franceze jan\u00eb urdh\u00ebruar t\u00eb b\u00ebjn\u00eb p\u00ebrgatitje p\u00ebr nj\u00eb luft\u00eb t\u00eb af\u00ebrt n\u00eb Evrop\u00eb, nd\u00ebrsa Gjermania thot\u00eb se \u00ebsht\u00eb n\u00eb gatishm\u00ebri p\u00ebr st\u00ebrvitjet ushtarake t\u00eb Rusis\u00eb, shkruan Daily Mail.<\/p>\n<p>Ministria e Sh\u00ebndet\u00ebsis\u00eb e Franc\u00ebs u ka th\u00ebn\u00eb organeve sh\u00ebndet\u00ebsore n\u00eb t\u00eb gjith\u00eb vendin t\u00eb p\u00ebrgatiten p\u00ebr nj\u00eb \u2018angazhim t\u00eb madh\u2019 t\u00eb mundsh\u00ebm deri n\u00eb mars t\u00eb vitit 2026, sipas dokumenteve t\u00eb siguruara nga Le Canard Encha\u00een\u00e9.<\/p>\n<p>Qeveria franceze po parashikon nj\u00eb skenar ku kombi do t\u00eb b\u00ebhet nj\u00eb shtet mb\u00ebshtet\u00ebs, q\u00eb ka kapacitetin p\u00ebr t\u00eb marr\u00eb nj\u00eb num\u00ebr t\u00eb madh ushtar\u00ebsh t\u00eb plagosur nga Franca dhe vende t\u00eb tjera evropiane.<\/p>\n<p>Urdhri synon t\u00eb \u2018parashikoj\u00eb, p\u00ebrgatitet dhe p\u00ebrgjigjet ndaj nevojave sh\u00ebndet\u00ebsore t\u00eb popullsis\u00eb, duke integruar nevojat specifike t\u00eb mbrojtjes n\u00eb fush\u00ebn e sh\u00ebndet\u00ebsis\u00eb\u2019.<\/p>\n<p>Kjo vjen pasi shefi i mbrojtjes i Gjermanis\u00eb, Carsten Breuer, tha se NATO dhe forcat e vendit t\u00eb tij do t\u00eb jen\u00eb n\u00eb gatishm\u00ebri p\u00ebrpara st\u00ebrvitjeve ushtarake ruse.<\/p>\n<p>Breuer tha se megjith\u00ebse nuk pret q\u00eb forcat e Vladimir Putinit t\u00eb sulmojn\u00eb territorin e NATO-s, nd\u00ebrsa Rusia kryen st\u00ebrvitje ushtarake n\u00eb Bjellorusi me st\u00ebrvitjen Zapad 2025, kombi i tij do t\u00eb jet\u00eb \u201cn\u00eb gatishm\u00ebri\u201d.<\/p>\n","protected":false},"excerpt":{"rendered":"<p>Paris 02 shtator 2025 Spitalet franceze jan\u00eb urdh\u00ebruar t\u00eb b\u00ebjn\u00eb p\u00ebrgatitje p\u00ebr nj\u00eb luft\u00eb t\u00eb af\u00ebrt n\u00eb Evrop\u00eb, nd\u00ebrsa Gjermania thot\u00eb se \u00ebsht\u00eb n\u00eb gatishm\u00ebri<\/p>\n","protected":false},"author":2,"featured_media":10421,"comment_status":"open","ping_status":"open","sticky":false,"template":"","format":"standard","meta":{"footnotes":""},"categories":[72],"tags":[],"class_list":["post-10420","post","type-post","status-publish","format-standard","has-post-thumbnail","hentry","category-bota"],"yoast_head":"<!-- This site is optimized with the Yoast SEO plugin v25.3.1 - https:\/\/yoast.com\/wordpress\/plugins\/seo\/ -->\n<title>Franca urdh\u00ebron spitalet t\u00eb jen\u00eb gati p\u00ebr luft\u00eb deri vitin e ardhsh\u00ebm -<\/title>\n<meta name=\"robots\" content=\"index, follow, max-snippet:-1, max-image-preview:large, max-video-preview:-1\" \/>\n<link rel=\"canonical\" href=\"https:\/\/veritasinfo.org\/?p=10420\" \/>\n<meta property=\"og:locale\" content=\"en_US\" \/>\n<meta property=\"og:type\" content=\"article\" \/>\n<meta property=\"og:title\" content=\"Franca urdh\u00ebron spitalet t\u00eb jen\u00eb gati p\u00ebr luft\u00eb deri vitin e ardhsh\u00ebm -\" \/>\n<meta property=\"og:description\" content=\"Paris 02 shtator 2025 Spitalet franceze jan\u00eb urdh\u00ebruar t\u00eb b\u00ebjn\u00eb p\u00ebrgatitje p\u00ebr nj\u00eb luft\u00eb t\u00eb af\u00ebrt n\u00eb Evrop\u00eb, nd\u00ebrsa Gjermania thot\u00eb se \u00ebsht\u00eb n\u00eb gatishm\u00ebri\" \/>\n<meta property=\"og:url\" content=\"https:\/\/veritasinfo.org\/?p=10420\" \/>\n<meta property=\"article:published_time\" content=\"2025-09-02T06:20:55+00:00\" \/>\n<meta property=\"og:image\" content=\"https:\/\/veritasinfo.org\/wp-content\/uploads\/2025\/09\/franca.webp\" \/>\n\t<meta property=\"og:image:width\" content=\"600\" \/>\n\t<meta property=\"og:image:height\" content=\"400\" \/>\n\t<meta property=\"og:image:type\" content=\"image\/webp\" \/>\n<meta name=\"author\" content=\"US1\" \/>\n<meta name=\"twitter:card\" content=\"summary_large_image\" \/>\n<meta name=\"twitter:label1\" content=\"Written by\" \/>\n\t<meta name=\"twitter:data1\" content=\"US1\" \/>\n\t<meta name=\"twitter:label2\" content=\"Est. reading time\" \/>\n\t<meta name=\"twitter:data2\" content=\"1 minute\" \/>\n<script type=\"application\/ld+json\" class=\"yoast-schema-graph\">{\"@context\":\"https:\/\/schema.org\",\"@graph\":[{\"@type\":\"WebPage\",\"@id\":\"https:\/\/veritasinfo.org\/?p=10420\",\"url\":\"https:\/\/veritasinfo.org\/?p=10420\",\"name\":\"Franca urdh\u00ebron spitalet t\u00eb jen\u00eb gati p\u00ebr luft\u00eb deri vitin e ardhsh\u00ebm -\",\"isPartOf\":{\"@id\":\"https:\/\/veritasinfo.org\/#website\"},\"primaryImageOfPage\":{\"@id\":\"https:\/\/veritasinfo.org\/?p=10420#primaryimage\"},\"image\":{\"@id\":\"https:\/\/veritasinfo.org\/?p=10420#primaryimage\"},\"thumbnailUrl\":\"https:\/\/veritasinfo.org\/wp-content\/uploads\/2025\/09\/franca.webp\",\"datePublished\":\"2025-09-02T06:20:55+00:00\",\"author\":{\"@id\":\"https:\/\/veritasinfo.org\/#\/schema\/person\/c2b8be262ea994d0995addca692c5e98\"},\"breadcrumb\":{\"@id\":\"https:\/\/veritasinfo.org\/?p=10420#breadcrumb\"},\"inLanguage\":\"en-US\",\"potentialAction\":[{\"@type\":\"ReadAction\",\"target\":[\"https:\/\/veritasinfo.org\/?p=10420\"]}]},{\"@type\":\"ImageObject\",\"inLanguage\":\"en-US\",\"@id\":\"https:\/\/veritasinfo.org\/?p=10420#primaryimage\",\"url\":\"https:\/\/veritasinfo.org\/wp-content\/uploads\/2025\/09\/franca.webp\",\"contentUrl\":\"https:\/\/veritasinfo.org\/wp-content\/uploads\/2025\/09\/franca.webp\",\"width\":600,\"height\":400},{\"@type\":\"BreadcrumbList\",\"@id\":\"https:\/\/veritasinfo.org\/?p=10420#breadcrumb\",\"itemListElement\":[{\"@type\":\"ListItem\",\"position\":1,\"name\":\"Home\",\"item\":\"https:\/\/veritasinfo.org\/\"},{\"@type\":\"ListItem\",\"position\":2,\"name\":\"Franca urdh\u00ebron spitalet t\u00eb jen\u00eb gati p\u00ebr luft\u00eb deri vitin e ardhsh\u00ebm\"}]},{\"@type\":\"WebSite\",\"@id\":\"https:\/\/veritasinfo.org\/#website\",\"url\":\"https:\/\/veritasinfo.org\/\",\"name\":\"\",\"description\":\"\",\"potentialAction\":[{\"@type\":\"SearchAction\",\"target\":{\"@type\":\"EntryPoint\",\"urlTemplate\":\"https:\/\/veritasinfo.org\/?s={search_term_string}\"},\"query-input\":{\"@type\":\"PropertyValueSpecification\",\"valueRequired\":true,\"valueName\":\"search_term_string\"}}],\"inLanguage\":\"en-US\"},{\"@type\":\"Person\",\"@id\":\"https:\/\/veritasinfo.org\/#\/schema\/person\/c2b8be262ea994d0995addca692c5e98\",\"name\":\"US1\",\"image\":{\"@type\":\"ImageObject\",\"inLanguage\":\"en-US\",\"@id\":\"https:\/\/veritasinfo.org\/#\/schema\/person\/image\/\",\"url\":\"https:\/\/secure.gravatar.com\/avatar\/4e96a59bd256abf9956eb9963ac891a47461ffb364d47b0e9aab113328fdb75b?s=96&d=mm&r=g\",\"contentUrl\":\"https:\/\/secure.gravatar.com\/avatar\/4e96a59bd256abf9956eb9963ac891a47461ffb364d47b0e9aab113328fdb75b?s=96&d=mm&r=g\",\"caption\":\"US1\"},\"url\":\"https:\/\/veritasinfo.org\/?author=2\"}]}<\/script>\n<!-- \/ Yoast SEO plugin. -->","yoast_head_json":{"title":"Franca urdh\u00ebron spitalet t\u00eb jen\u00eb gati p\u00ebr luft\u00eb deri vitin e ardhsh\u00ebm -","robots":{"index":"index","follow":"follow","max-snippet":"max-snippet:-1","max-image-preview":"max-image-preview:large","max-video-preview":"max-video-preview:-1"},"canonical":"https:\/\/veritasinfo.org\/?p=10420","og_locale":"en_US","og_type":"article","og_title":"Franca urdh\u00ebron spitalet t\u00eb jen\u00eb gati p\u00ebr luft\u00eb deri vitin e ardhsh\u00ebm -","og_description":"Paris 02 shtator 2025 Spitalet franceze jan\u00eb urdh\u00ebruar t\u00eb b\u00ebjn\u00eb p\u00ebrgatitje p\u00ebr nj\u00eb luft\u00eb t\u00eb af\u00ebrt n\u00eb Evrop\u00eb, nd\u00ebrsa Gjermania thot\u00eb se \u00ebsht\u00eb n\u00eb gatishm\u00ebri","og_url":"https:\/\/veritasinfo.org\/?p=10420","article_published_time":"2025-09-02T06:20:55+00:00","og_image":[{"width":600,"height":400,"url":"https:\/\/veritasinfo.org\/wp-content\/uploads\/2025\/09\/franca.webp","type":"image\/webp"}],"author":"US1","twitter_card":"summary_large_image","twitter_misc":{"Written by":"US1","Est. reading time":"1 minute"},"schema":{"@context":"https:\/\/schema.org","@graph":[{"@type":"WebPage","@id":"https:\/\/veritasinfo.org\/?p=10420","url":"https:\/\/veritasinfo.org\/?p=10420","name":"Franca urdh\u00ebron spitalet t\u00eb jen\u00eb gati p\u00ebr luft\u00eb deri vitin e ardhsh\u00ebm -","isPartOf":{"@id":"https:\/\/veritasinfo.org\/#website"},"primaryImageOfPage":{"@id":"https:\/\/veritasinfo.org\/?p=10420#primaryimage"},"image":{"@id":"https:\/\/veritasinfo.org\/?p=10420#primaryimage"},"thumbnailUrl":"https:\/\/veritasinfo.org\/wp-content\/uploads\/2025\/09\/franca.webp","datePublished":"2025-09-02T06:20:55+00:00","author":{"@id":"https:\/\/veritasinfo.org\/#\/schema\/person\/c2b8be262ea994d0995addca692c5e98"},"breadcrumb":{"@id":"https:\/\/veritasinfo.org\/?p=10420#breadcrumb"},"inLanguage":"en-US","potentialAction":[{"@type":"ReadAction","target":["https:\/\/veritasinfo.org\/?p=10420"]}]},{"@type":"ImageObject","inLanguage":"en-US","@id":"https:\/\/veritasinfo.org\/?p=10420#primaryimage","url":"https:\/\/veritasinfo.org\/wp-content\/uploads\/2025\/09\/franca.webp","contentUrl":"https:\/\/veritasinfo.org\/wp-content\/uploads\/2025\/09\/franca.webp","width":600,"height":400},{"@type":"BreadcrumbList","@id":"https:\/\/veritasinfo.org\/?p=10420#breadcrumb","itemListElement":[{"@type":"ListItem","position":1,"name":"Home","item":"https:\/\/veritasinfo.org\/"},{"@type":"ListItem","position":2,"name":"Franca urdh\u00ebron spitalet t\u00eb jen\u00eb gati p\u00ebr luft\u00eb deri vitin e ardhsh\u00ebm"}]},{"@type":"WebSite","@id":"https:\/\/veritasinfo.org\/#website","url":"https:\/\/veritasinfo.org\/","name":"","description":"","potentialAction":[{"@type":"SearchAction","target":{"@type":"EntryPoint","urlTemplate":"https:\/\/veritasinfo.org\/?s={search_term_string}"},"query-input":{"@type":"PropertyValueSpecification","valueRequired":true,"valueName":"search_term_string"}}],"inLanguage":"en-US"},{"@type":"Person","@id":"https:\/\/veritasinfo.org\/#\/schema\/person\/c2b8be262ea994d0995addca692c5e98","name":"US1","image":{"@type":"ImageObject","inLanguage":"en-US","@id":"https:\/\/veritasinfo.org\/#\/schema\/person\/image\/","url":"https:\/\/secure.gravatar.com\/avatar\/4e96a59bd256abf9956eb9963ac891a47461ffb364d47b0e9aab113328fdb75b?s=96&d=mm&r=g","contentUrl":"https:\/\/secure.gravatar.com\/avatar\/4e96a59bd256abf9956eb9963ac891a47461ffb364d47b0e9aab113328fdb75b?s=96&d=mm&r=g","caption":"US1"},"url":"https:\/\/veritasinfo.org\/?author=2"}]}},"featured_image_urls":{"full":["https:\/\/veritasinfo.org\/wp-content\/uploads\/2025\/09\/franca.webp",600,400,false],"thumbnail":["https:\/\/veritasinfo.org\/wp-content\/uploads\/2025\/09\/franca-150x150.webp",150,150,true],"medium":["https:\/\/veritasinfo.org\/wp-content\/uploads\/2025\/09\/franca-300x200.webp",300,200,true],"medium_large":["https:\/\/veritasinfo.org\/wp-content\/uploads\/2025\/09\/franca.webp",600,400,false],"large":["https:\/\/veritasinfo.org\/wp-content\/uploads\/2025\/09\/franca.webp",600,400,false],"1536x1536":["https:\/\/veritasinfo.org\/wp-content\/uploads\/2025\/09\/franca.webp",600,400,false],"2048x2048":["https:\/\/veritasinfo.org\/wp-content\/uploads\/2025\/09\/franca.webp",600,400,false],"kreeti-slider-full":["https:\/\/veritasinfo.org\/wp-content\/uploads\/2025\/09\/franca.webp",600,400,false],"kreeti-featured":["https:\/\/veritasinfo.org\/wp-content\/uploads\/2025\/09\/franca.webp",600,400,false],"kreeti-medium":["https:\/\/veritasinfo.org\/wp-content\/uploads\/2025\/09\/franca.webp",600,400,false],"kreeti-medium-square":["https:\/\/veritasinfo.org\/wp-content\/uploads\/2025\/09\/franca.webp",350,233,false]},"author_info":{"info":["US1"]},"category_info":"<a href=\"https:\/\/veritasinfo.org\/?cat=72\" rel=\"category\">Bota<\/a>","tag_info":"Bota","comment_count":"0","_links":{"self":[{"href":"https:\/\/veritasinfo.org\/index.php?rest_route=\/wp\/v2\/posts\/10420","targetHints":{"allow":["GET"]}}],"collection":[{"href":"https:\/\/veritasinfo.org\/index.php?rest_route=\/wp\/v2\/posts"}],"about":[{"href":"https:\/\/veritasinfo.org\/index.php?rest_route=\/wp\/v2\/types\/post"}],"author":[{"embeddable":true,"href":"https:\/\/veritasinfo.org\/index.php?rest_route=\/wp\/v2\/users\/2"}],"replies":[{"embeddable":true,"href":"https:\/\/veritasinfo.org\/index.php?rest_route=%2Fwp%2Fv2%2Fcomments&post=10420"}],"version-history":[{"count":1,"href":"https:\/\/veritasinfo.org\/index.php?rest_route=\/wp\/v2\/posts\/10420\/revisions"}],"predecessor-version":[{"id":10422,"href":"https:\/\/veritasinfo.org\/index.php?rest_route=\/wp\/v2\/posts\/10420\/revisions\/10422"}],"wp:featuredmedia":[{"embeddable":true,"href":"https:\/\/veritasinfo.org\/index.php?rest_route=\/wp\/v2\/media\/10421"}],"wp:attachment":[{"href":"https:\/\/veritasinfo.org\/index.php?rest_route=%2Fwp%2Fv2%2Fmedia&parent=10420"}],"wp:term":[{"taxonomy":"category","embeddable":true,"href":"https:\/\/veritasinfo.org\/index.php?rest_route=%2Fwp%2Fv2%2Fcategories&post=10420"},{"taxonomy":"post_tag","embeddable":true,"href":"https:\/\/veritasinfo.org\/index.php?rest_route=%2Fwp%2Fv2%2Ftags&post=10420"}],"curies":[{"name":"wp","href":"https:\/\/api.w.org\/{rel}","templated":true}]}}