{"id":10410,"date":"2025-09-02T07:56:09","date_gmt":"2025-09-02T05:56:09","guid":{"rendered":"https:\/\/veritasinfo.org\/?p=10410"},"modified":"2025-09-02T07:56:09","modified_gmt":"2025-09-02T05:56:09","slug":"marta-kos-shqiperia-ka-shanse-reale-per-tu-bere-pjese-e-be-se-brenda-vitit-2029","status":"publish","type":"post","link":"https:\/\/veritasinfo.org\/?p=10410","title":{"rendered":"Marta Kos: Shqip\u00ebria ka shanse reale p\u00ebr t\u2019u b\u00ebr\u00eb pjes\u00eb e BE-s\u00eb brenda vitit 2029"},"content":{"rendered":"<p><strong>Bled, 02 shtator 2025<\/strong><\/p>\n<p>Gjat\u00eb Forumit t\u00eb Bledit n\u00eb Slloveni, Komisionerja p\u00ebr Zgjerimin, Marta Kos, u shpreh me optimiz\u00ebm p\u00ebr rrug\u00ebn europiane t\u00eb Shqip\u00ebris\u00eb. Ajo vler\u00ebsoi p\u00ebrparimin e reformave dhe theksoi se, n\u00ebse qeveria shqiptare vazhdon me t\u00eb nj\u00ebjtin rit\u00ebm, an\u00ebtar\u00ebsimi n\u00eb Bashkimin Europian mund t\u00eb b\u00ebhet realitet brenda vitit 2029.<\/p>\n<p>\u201cKemi \u00e7elur dy grupkapituj t\u00eb tjer\u00eb me Shqip\u00ebrin\u00eb dhe kemi r\u00ebn\u00eb dakord me Edin q\u00eb do t\u00eb festojm\u00eb, s\u00eb pari n\u00eb Bruksel dhe s\u00eb dyti vitin tjet\u00ebr me ndeshjen e futbollit mes vendeve an\u00ebtar\u00eb dhe vendeve kandidate n\u00eb Tiran\u00eb dhe ku kuptohet q\u00eb Presidenti i UEFA-s do t\u00eb luaj\u00eb me ne, e po k\u00ebshtu ca t\u00eb tjer\u00eb. N\u00eb 2028-\u00ebn mund, t\u00eb kemi 28 an\u00ebtar\u00eb. Dhe n\u00ebse Edi vazhdon t\u00eb b\u00ebj\u00eb at\u00eb q\u00eb po b\u00ebn n\u00eb m\u00ebnyr\u00eb t\u00eb shk\u00eblqyer, at\u00ebher\u00eb n\u00eb 2029-n mund t\u00eb kemi 29 an\u00ebtar\u00eb. Megjithat\u00eb, un\u00eb nuk kam shum\u00eb koh\u00eb, kam vet\u00ebm kat\u00ebr vjet, k\u00ebshtu q\u00eb shpejtoni.<\/p>\n<p>Me Malin e Zi po ecim p\u00ebrpara dhe \u00ebsht\u00eb e mundur n\u00eb qoft\u00eb se p\u00ebrfundojm\u00eb n\u00eb 2026 n\u00eb aspektin teknik t\u00eb bisedimeve, n\u00eb 2028 mund t\u00eb kemi 28 an\u00ebtar\u00eb t\u00eb BE. Dhe n\u00eb qoft\u00eb se Edi vazhdon t\u00eb b\u00ebj\u00eb at\u00eb q\u00eb po b\u00ebn n\u00eb m\u00ebnyr\u00eb t\u00eb shk\u00eblqyer, at\u00ebher\u00eb n\u00eb 2029 mund t\u00eb kemi 29 an\u00ebtar\u00eb. K\u00ebshtu q\u00eb shpejtoni\u201d, tha Kos.<\/p>\n","protected":false},"excerpt":{"rendered":"<p>Bled, 02 shtator 2025 Gjat\u00eb Forumit t\u00eb Bledit n\u00eb Slloveni, Komisionerja p\u00ebr Zgjerimin, Marta Kos, u shpreh me optimiz\u00ebm p\u00ebr rrug\u00ebn europiane t\u00eb Shqip\u00ebris\u00eb. Ajo<\/p>\n","protected":false},"author":2,"featured_media":10411,"comment_status":"open","ping_status":"open","sticky":false,"template":"","format":"standard","meta":{"footnotes":""},"categories":[72],"tags":[],"class_list":["post-10410","post","type-post","status-publish","format-standard","has-post-thumbnail","hentry","category-bota"],"yoast_head":"<!-- This site is optimized with the Yoast SEO plugin v25.3.1 - https:\/\/yoast.com\/wordpress\/plugins\/seo\/ -->\n<title>Marta Kos: Shqip\u00ebria ka shanse reale p\u00ebr t\u2019u b\u00ebr\u00eb pjes\u00eb e BE-s\u00eb brenda vitit 2029 -<\/title>\n<meta name=\"robots\" content=\"index, follow, max-snippet:-1, max-image-preview:large, max-video-preview:-1\" \/>\n<link rel=\"canonical\" href=\"https:\/\/veritasinfo.org\/?p=10410\" \/>\n<meta property=\"og:locale\" content=\"en_US\" \/>\n<meta property=\"og:type\" content=\"article\" \/>\n<meta property=\"og:title\" content=\"Marta Kos: Shqip\u00ebria ka shanse reale p\u00ebr t\u2019u b\u00ebr\u00eb pjes\u00eb e BE-s\u00eb brenda vitit 2029 -\" \/>\n<meta property=\"og:description\" content=\"Bled, 02 shtator 2025 Gjat\u00eb Forumit t\u00eb Bledit n\u00eb Slloveni, Komisionerja p\u00ebr Zgjerimin, Marta Kos, u shpreh me optimiz\u00ebm p\u00ebr rrug\u00ebn europiane t\u00eb Shqip\u00ebris\u00eb. Ajo\" \/>\n<meta property=\"og:url\" content=\"https:\/\/veritasinfo.org\/?p=10410\" \/>\n<meta property=\"article:published_time\" content=\"2025-09-02T05:56:09+00:00\" \/>\n<meta property=\"og:image\" content=\"https:\/\/veritasinfo.org\/wp-content\/uploads\/2025\/09\/Marta-Kos.jpg\" \/>\n\t<meta property=\"og:image:width\" content=\"767\" \/>\n\t<meta property=\"og:image:height\" content=\"511\" \/>\n\t<meta property=\"og:image:type\" content=\"image\/jpeg\" \/>\n<meta name=\"author\" content=\"US1\" \/>\n<meta name=\"twitter:card\" content=\"summary_large_image\" \/>\n<meta name=\"twitter:label1\" content=\"Written by\" \/>\n\t<meta name=\"twitter:data1\" content=\"US1\" \/>\n\t<meta name=\"twitter:label2\" content=\"Est. reading time\" \/>\n\t<meta name=\"twitter:data2\" content=\"1 minute\" \/>\n<script type=\"application\/ld+json\" class=\"yoast-schema-graph\">{\"@context\":\"https:\/\/schema.org\",\"@graph\":[{\"@type\":\"WebPage\",\"@id\":\"https:\/\/veritasinfo.org\/?p=10410\",\"url\":\"https:\/\/veritasinfo.org\/?p=10410\",\"name\":\"Marta Kos: Shqip\u00ebria ka shanse reale p\u00ebr t\u2019u b\u00ebr\u00eb pjes\u00eb e BE-s\u00eb brenda vitit 2029 -\",\"isPartOf\":{\"@id\":\"https:\/\/veritasinfo.org\/#website\"},\"primaryImageOfPage\":{\"@id\":\"https:\/\/veritasinfo.org\/?p=10410#primaryimage\"},\"image\":{\"@id\":\"https:\/\/veritasinfo.org\/?p=10410#primaryimage\"},\"thumbnailUrl\":\"https:\/\/veritasinfo.org\/wp-content\/uploads\/2025\/09\/Marta-Kos.jpg\",\"datePublished\":\"2025-09-02T05:56:09+00:00\",\"author\":{\"@id\":\"https:\/\/veritasinfo.org\/#\/schema\/person\/c2b8be262ea994d0995addca692c5e98\"},\"breadcrumb\":{\"@id\":\"https:\/\/veritasinfo.org\/?p=10410#breadcrumb\"},\"inLanguage\":\"en-US\",\"potentialAction\":[{\"@type\":\"ReadAction\",\"target\":[\"https:\/\/veritasinfo.org\/?p=10410\"]}]},{\"@type\":\"ImageObject\",\"inLanguage\":\"en-US\",\"@id\":\"https:\/\/veritasinfo.org\/?p=10410#primaryimage\",\"url\":\"https:\/\/veritasinfo.org\/wp-content\/uploads\/2025\/09\/Marta-Kos.jpg\",\"contentUrl\":\"https:\/\/veritasinfo.org\/wp-content\/uploads\/2025\/09\/Marta-Kos.jpg\",\"width\":767,\"height\":511,\"caption\":\"AFET - Exchange of views with Marta Kos, Commissioner for Enlargement\"},{\"@type\":\"BreadcrumbList\",\"@id\":\"https:\/\/veritasinfo.org\/?p=10410#breadcrumb\",\"itemListElement\":[{\"@type\":\"ListItem\",\"position\":1,\"name\":\"Home\",\"item\":\"https:\/\/veritasinfo.org\/\"},{\"@type\":\"ListItem\",\"position\":2,\"name\":\"Marta Kos: Shqip\u00ebria ka shanse reale p\u00ebr t\u2019u b\u00ebr\u00eb pjes\u00eb e BE-s\u00eb brenda vitit 2029\"}]},{\"@type\":\"WebSite\",\"@id\":\"https:\/\/veritasinfo.org\/#website\",\"url\":\"https:\/\/veritasinfo.org\/\",\"name\":\"\",\"description\":\"\",\"potentialAction\":[{\"@type\":\"SearchAction\",\"target\":{\"@type\":\"EntryPoint\",\"urlTemplate\":\"https:\/\/veritasinfo.org\/?s={search_term_string}\"},\"query-input\":{\"@type\":\"PropertyValueSpecification\",\"valueRequired\":true,\"valueName\":\"search_term_string\"}}],\"inLanguage\":\"en-US\"},{\"@type\":\"Person\",\"@id\":\"https:\/\/veritasinfo.org\/#\/schema\/person\/c2b8be262ea994d0995addca692c5e98\",\"name\":\"US1\",\"image\":{\"@type\":\"ImageObject\",\"inLanguage\":\"en-US\",\"@id\":\"https:\/\/veritasinfo.org\/#\/schema\/person\/image\/\",\"url\":\"https:\/\/secure.gravatar.com\/avatar\/4e96a59bd256abf9956eb9963ac891a47461ffb364d47b0e9aab113328fdb75b?s=96&d=mm&r=g\",\"contentUrl\":\"https:\/\/secure.gravatar.com\/avatar\/4e96a59bd256abf9956eb9963ac891a47461ffb364d47b0e9aab113328fdb75b?s=96&d=mm&r=g\",\"caption\":\"US1\"},\"url\":\"https:\/\/veritasinfo.org\/?author=2\"}]}<\/script>\n<!-- \/ Yoast SEO plugin. -->","yoast_head_json":{"title":"Marta Kos: Shqip\u00ebria ka shanse reale p\u00ebr t\u2019u b\u00ebr\u00eb pjes\u00eb e BE-s\u00eb brenda vitit 2029 -","robots":{"index":"index","follow":"follow","max-snippet":"max-snippet:-1","max-image-preview":"max-image-preview:large","max-video-preview":"max-video-preview:-1"},"canonical":"https:\/\/veritasinfo.org\/?p=10410","og_locale":"en_US","og_type":"article","og_title":"Marta Kos: Shqip\u00ebria ka shanse reale p\u00ebr t\u2019u b\u00ebr\u00eb pjes\u00eb e BE-s\u00eb brenda vitit 2029 -","og_description":"Bled, 02 shtator 2025 Gjat\u00eb Forumit t\u00eb Bledit n\u00eb Slloveni, Komisionerja p\u00ebr Zgjerimin, Marta Kos, u shpreh me optimiz\u00ebm p\u00ebr rrug\u00ebn europiane t\u00eb Shqip\u00ebris\u00eb. Ajo","og_url":"https:\/\/veritasinfo.org\/?p=10410","article_published_time":"2025-09-02T05:56:09+00:00","og_image":[{"width":767,"height":511,"url":"https:\/\/veritasinfo.org\/wp-content\/uploads\/2025\/09\/Marta-Kos.jpg","type":"image\/jpeg"}],"author":"US1","twitter_card":"summary_large_image","twitter_misc":{"Written by":"US1","Est. reading time":"1 minute"},"schema":{"@context":"https:\/\/schema.org","@graph":[{"@type":"WebPage","@id":"https:\/\/veritasinfo.org\/?p=10410","url":"https:\/\/veritasinfo.org\/?p=10410","name":"Marta Kos: Shqip\u00ebria ka shanse reale p\u00ebr t\u2019u b\u00ebr\u00eb pjes\u00eb e BE-s\u00eb brenda vitit 2029 -","isPartOf":{"@id":"https:\/\/veritasinfo.org\/#website"},"primaryImageOfPage":{"@id":"https:\/\/veritasinfo.org\/?p=10410#primaryimage"},"image":{"@id":"https:\/\/veritasinfo.org\/?p=10410#primaryimage"},"thumbnailUrl":"https:\/\/veritasinfo.org\/wp-content\/uploads\/2025\/09\/Marta-Kos.jpg","datePublished":"2025-09-02T05:56:09+00:00","author":{"@id":"https:\/\/veritasinfo.org\/#\/schema\/person\/c2b8be262ea994d0995addca692c5e98"},"breadcrumb":{"@id":"https:\/\/veritasinfo.org\/?p=10410#breadcrumb"},"inLanguage":"en-US","potentialAction":[{"@type":"ReadAction","target":["https:\/\/veritasinfo.org\/?p=10410"]}]},{"@type":"ImageObject","inLanguage":"en-US","@id":"https:\/\/veritasinfo.org\/?p=10410#primaryimage","url":"https:\/\/veritasinfo.org\/wp-content\/uploads\/2025\/09\/Marta-Kos.jpg","contentUrl":"https:\/\/veritasinfo.org\/wp-content\/uploads\/2025\/09\/Marta-Kos.jpg","width":767,"height":511,"caption":"AFET - Exchange of views with Marta Kos, Commissioner for Enlargement"},{"@type":"BreadcrumbList","@id":"https:\/\/veritasinfo.org\/?p=10410#breadcrumb","itemListElement":[{"@type":"ListItem","position":1,"name":"Home","item":"https:\/\/veritasinfo.org\/"},{"@type":"ListItem","position":2,"name":"Marta Kos: Shqip\u00ebria ka shanse reale p\u00ebr t\u2019u b\u00ebr\u00eb pjes\u00eb e BE-s\u00eb brenda vitit 2029"}]},{"@type":"WebSite","@id":"https:\/\/veritasinfo.org\/#website","url":"https:\/\/veritasinfo.org\/","name":"","description":"","potentialAction":[{"@type":"SearchAction","target":{"@type":"EntryPoint","urlTemplate":"https:\/\/veritasinfo.org\/?s={search_term_string}"},"query-input":{"@type":"PropertyValueSpecification","valueRequired":true,"valueName":"search_term_string"}}],"inLanguage":"en-US"},{"@type":"Person","@id":"https:\/\/veritasinfo.org\/#\/schema\/person\/c2b8be262ea994d0995addca692c5e98","name":"US1","image":{"@type":"ImageObject","inLanguage":"en-US","@id":"https:\/\/veritasinfo.org\/#\/schema\/person\/image\/","url":"https:\/\/secure.gravatar.com\/avatar\/4e96a59bd256abf9956eb9963ac891a47461ffb364d47b0e9aab113328fdb75b?s=96&d=mm&r=g","contentUrl":"https:\/\/secure.gravatar.com\/avatar\/4e96a59bd256abf9956eb9963ac891a47461ffb364d47b0e9aab113328fdb75b?s=96&d=mm&r=g","caption":"US1"},"url":"https:\/\/veritasinfo.org\/?author=2"}]}},"featured_image_urls":{"full":["https:\/\/veritasinfo.org\/wp-content\/uploads\/2025\/09\/Marta-Kos.jpg",767,511,false],"thumbnail":["https:\/\/veritasinfo.org\/wp-content\/uploads\/2025\/09\/Marta-Kos-150x150.jpg",150,150,true],"medium":["https:\/\/veritasinfo.org\/wp-content\/uploads\/2025\/09\/Marta-Kos-300x200.jpg",300,200,true],"medium_large":["https:\/\/veritasinfo.org\/wp-content\/uploads\/2025\/09\/Marta-Kos.jpg",640,426,false],"large":["https:\/\/veritasinfo.org\/wp-content\/uploads\/2025\/09\/Marta-Kos.jpg",640,426,false],"1536x1536":["https:\/\/veritasinfo.org\/wp-content\/uploads\/2025\/09\/Marta-Kos.jpg",767,511,false],"2048x2048":["https:\/\/veritasinfo.org\/wp-content\/uploads\/2025\/09\/Marta-Kos.jpg",767,511,false],"kreeti-slider-full":["https:\/\/veritasinfo.org\/wp-content\/uploads\/2025\/09\/Marta-Kos.jpg",767,511,false],"kreeti-featured":["https:\/\/veritasinfo.org\/wp-content\/uploads\/2025\/09\/Marta-Kos.jpg",767,511,false],"kreeti-medium":["https:\/\/veritasinfo.org\/wp-content\/uploads\/2025\/09\/Marta-Kos.jpg",720,480,false],"kreeti-medium-square":["https:\/\/veritasinfo.org\/wp-content\/uploads\/2025\/09\/Marta-Kos.jpg",350,233,false]},"author_info":{"info":["US1"]},"category_info":"<a href=\"https:\/\/veritasinfo.org\/?cat=72\" rel=\"category\">Bota<\/a>","tag_info":"Bota","comment_count":"0","_links":{"self":[{"href":"https:\/\/veritasinfo.org\/index.php?rest_route=\/wp\/v2\/posts\/10410","targetHints":{"allow":["GET"]}}],"collection":[{"href":"https:\/\/veritasinfo.org\/index.php?rest_route=\/wp\/v2\/posts"}],"about":[{"href":"https:\/\/veritasinfo.org\/index.php?rest_route=\/wp\/v2\/types\/post"}],"author":[{"embeddable":true,"href":"https:\/\/veritasinfo.org\/index.php?rest_route=\/wp\/v2\/users\/2"}],"replies":[{"embeddable":true,"href":"https:\/\/veritasinfo.org\/index.php?rest_route=%2Fwp%2Fv2%2Fcomments&post=10410"}],"version-history":[{"count":1,"href":"https:\/\/veritasinfo.org\/index.php?rest_route=\/wp\/v2\/posts\/10410\/revisions"}],"predecessor-version":[{"id":10412,"href":"https:\/\/veritasinfo.org\/index.php?rest_route=\/wp\/v2\/posts\/10410\/revisions\/10412"}],"wp:featuredmedia":[{"embeddable":true,"href":"https:\/\/veritasinfo.org\/index.php?rest_route=\/wp\/v2\/media\/10411"}],"wp:attachment":[{"href":"https:\/\/veritasinfo.org\/index.php?rest_route=%2Fwp%2Fv2%2Fmedia&parent=10410"}],"wp:term":[{"taxonomy":"category","embeddable":true,"href":"https:\/\/veritasinfo.org\/index.php?rest_route=%2Fwp%2Fv2%2Fcategories&post=10410"},{"taxonomy":"post_tag","embeddable":true,"href":"https:\/\/veritasinfo.org\/index.php?rest_route=%2Fwp%2Fv2%2Ftags&post=10410"}],"curies":[{"name":"wp","href":"https:\/\/api.w.org\/{rel}","templated":true}]}}