{"id":10385,"date":"2025-09-01T22:03:06","date_gmt":"2025-09-01T20:03:06","guid":{"rendered":"https:\/\/veritasinfo.org\/?p=10385"},"modified":"2025-09-01T22:03:06","modified_gmt":"2025-09-01T20:03:06","slug":"komandanti-i-kfor-it-takon-osmanin-uron-zgjidhje-te-ngercit-parlamentar","status":"publish","type":"post","link":"https:\/\/veritasinfo.org\/?p=10385","title":{"rendered":"Komandanti i KFOR-it takon Osmanin, uron zgjidhje t\u00eb &#8220;ng\u00ebr\u00e7it parlamentar&#8221;"},"content":{"rendered":"<p><strong>Prishtin\u00eb, 01 shtaor 2025<\/strong><\/p>\n<p>Komandanti i KFOR-it, Gjenerali Enrico Barduani, priti sot presidenten Vjosa Osmani n\u00eb Shtabin e KFOR n\u00eb Prishtin\u00eb, ku diskutuan p\u00ebr situat\u00ebn e siguris\u00eb, stabilitetin rajonal dhe bashk\u00ebpunimin me institucionet e Kosov\u00ebs.<\/p>\n<p>Komandanti i misionit t\u00eb NATO-s n\u00eb Kosov\u00eb, Gjenerali Enrico Barduani, priti sot n\u00eb takim presidenten Vjosa Osmani n\u00eb Shtabin e KFOR n\u00eb Camp Film City, Prishtin\u00eb.<\/p>\n<p>Gjat\u00eb takimit, si\u00e7 njofton KFOR, u diskutua p\u00ebr situat\u00ebn e siguris\u00eb, stabilitetin rajonal dhe bashk\u00ebpunimin nd\u00ebrmjet KFOR dhe institucioneve t\u00eb Kosov\u00ebs.<\/p>\n<p>&#8220;Gjenerali Barduani uroi nj\u00eb zgjidhje t\u00eb shpejt\u00eb t\u00eb ng\u00ebr\u00e7it parlamentar dhe ritheksoi r\u00ebnd\u00ebsin\u00eb e koordinationit t\u00eb rregullt dhe komunikimit t\u00eb q\u00ebndruesh\u00ebm nd\u00ebrmjet KFOR dhe organizatave t\u00eb siguris\u00eb s\u00eb Kosov\u00ebs&#8221;, thuhet n\u00eb njoftim.<\/p>\n<p>KFOR theksoi se vazhdon t\u00eb zbatoj\u00eb mandatin e tij bazuar n\u00eb Rezolut\u00ebn e OKB-s\u00eb, p\u00ebr t\u00eb kontribuar n\u00eb nj\u00eb mjedis t\u00eb sigurt dhe t\u00eb q\u00ebndruesh\u00ebm p\u00ebr t\u00eb gjith\u00eb komunitetet n\u00eb Kosov\u00eb, duke punuar n\u00eb koordinim me Policin\u00eb e Kosov\u00ebs dhe EULEX-in.<\/p>\n","protected":false},"excerpt":{"rendered":"<p>Prishtin\u00eb, 01 shtaor 2025 Komandanti i KFOR-it, Gjenerali Enrico Barduani, priti sot presidenten Vjosa Osmani n\u00eb Shtabin e KFOR n\u00eb Prishtin\u00eb, ku diskutuan p\u00ebr situat\u00ebn<\/p>\n","protected":false},"author":2,"featured_media":10386,"comment_status":"open","ping_status":"open","sticky":false,"template":"","format":"standard","meta":{"footnotes":""},"categories":[58],"tags":[],"class_list":["post-10385","post","type-post","status-publish","format-standard","has-post-thumbnail","hentry","category-politike-sq"],"yoast_head":"<!-- This site is optimized with the Yoast SEO plugin v25.3.1 - https:\/\/yoast.com\/wordpress\/plugins\/seo\/ -->\n<title>Komandanti i KFOR-it takon Osmanin, uron zgjidhje t\u00eb &quot;ng\u00ebr\u00e7it parlamentar&quot; -<\/title>\n<meta name=\"robots\" content=\"index, follow, max-snippet:-1, max-image-preview:large, max-video-preview:-1\" \/>\n<link rel=\"canonical\" href=\"https:\/\/veritasinfo.org\/?p=10385\" \/>\n<meta property=\"og:locale\" content=\"en_US\" \/>\n<meta property=\"og:type\" content=\"article\" \/>\n<meta property=\"og:title\" content=\"Komandanti i KFOR-it takon Osmanin, uron zgjidhje t\u00eb &quot;ng\u00ebr\u00e7it parlamentar&quot; -\" \/>\n<meta property=\"og:description\" content=\"Prishtin\u00eb, 01 shtaor 2025 Komandanti i KFOR-it, Gjenerali Enrico Barduani, priti sot presidenten Vjosa Osmani n\u00eb Shtabin e KFOR n\u00eb Prishtin\u00eb, ku diskutuan p\u00ebr situat\u00ebn\" \/>\n<meta property=\"og:url\" content=\"https:\/\/veritasinfo.org\/?p=10385\" \/>\n<meta property=\"article:published_time\" content=\"2025-09-01T20:03:06+00:00\" \/>\n<meta property=\"og:image\" content=\"https:\/\/veritasinfo.org\/wp-content\/uploads\/2025\/09\/osmani.jpg\" \/>\n\t<meta property=\"og:image:width\" content=\"780\" \/>\n\t<meta property=\"og:image:height\" content=\"500\" \/>\n\t<meta property=\"og:image:type\" content=\"image\/jpeg\" \/>\n<meta name=\"author\" content=\"US1\" \/>\n<meta name=\"twitter:card\" content=\"summary_large_image\" \/>\n<meta name=\"twitter:label1\" content=\"Written by\" \/>\n\t<meta name=\"twitter:data1\" content=\"US1\" \/>\n\t<meta name=\"twitter:label2\" content=\"Est. reading time\" \/>\n\t<meta name=\"twitter:data2\" content=\"1 minute\" \/>\n<script type=\"application\/ld+json\" class=\"yoast-schema-graph\">{\"@context\":\"https:\/\/schema.org\",\"@graph\":[{\"@type\":\"WebPage\",\"@id\":\"https:\/\/veritasinfo.org\/?p=10385\",\"url\":\"https:\/\/veritasinfo.org\/?p=10385\",\"name\":\"Komandanti i KFOR-it takon Osmanin, uron zgjidhje t\u00eb \\\"ng\u00ebr\u00e7it parlamentar\\\" -\",\"isPartOf\":{\"@id\":\"https:\/\/veritasinfo.org\/#website\"},\"primaryImageOfPage\":{\"@id\":\"https:\/\/veritasinfo.org\/?p=10385#primaryimage\"},\"image\":{\"@id\":\"https:\/\/veritasinfo.org\/?p=10385#primaryimage\"},\"thumbnailUrl\":\"https:\/\/veritasinfo.org\/wp-content\/uploads\/2025\/09\/osmani.jpg\",\"datePublished\":\"2025-09-01T20:03:06+00:00\",\"author\":{\"@id\":\"https:\/\/veritasinfo.org\/#\/schema\/person\/c2b8be262ea994d0995addca692c5e98\"},\"breadcrumb\":{\"@id\":\"https:\/\/veritasinfo.org\/?p=10385#breadcrumb\"},\"inLanguage\":\"en-US\",\"potentialAction\":[{\"@type\":\"ReadAction\",\"target\":[\"https:\/\/veritasinfo.org\/?p=10385\"]}]},{\"@type\":\"ImageObject\",\"inLanguage\":\"en-US\",\"@id\":\"https:\/\/veritasinfo.org\/?p=10385#primaryimage\",\"url\":\"https:\/\/veritasinfo.org\/wp-content\/uploads\/2025\/09\/osmani.jpg\",\"contentUrl\":\"https:\/\/veritasinfo.org\/wp-content\/uploads\/2025\/09\/osmani.jpg\",\"width\":780,\"height\":500},{\"@type\":\"BreadcrumbList\",\"@id\":\"https:\/\/veritasinfo.org\/?p=10385#breadcrumb\",\"itemListElement\":[{\"@type\":\"ListItem\",\"position\":1,\"name\":\"Home\",\"item\":\"https:\/\/veritasinfo.org\/\"},{\"@type\":\"ListItem\",\"position\":2,\"name\":\"Komandanti i KFOR-it takon Osmanin, uron zgjidhje t\u00eb &#8220;ng\u00ebr\u00e7it parlamentar&#8221;\"}]},{\"@type\":\"WebSite\",\"@id\":\"https:\/\/veritasinfo.org\/#website\",\"url\":\"https:\/\/veritasinfo.org\/\",\"name\":\"\",\"description\":\"\",\"potentialAction\":[{\"@type\":\"SearchAction\",\"target\":{\"@type\":\"EntryPoint\",\"urlTemplate\":\"https:\/\/veritasinfo.org\/?s={search_term_string}\"},\"query-input\":{\"@type\":\"PropertyValueSpecification\",\"valueRequired\":true,\"valueName\":\"search_term_string\"}}],\"inLanguage\":\"en-US\"},{\"@type\":\"Person\",\"@id\":\"https:\/\/veritasinfo.org\/#\/schema\/person\/c2b8be262ea994d0995addca692c5e98\",\"name\":\"US1\",\"image\":{\"@type\":\"ImageObject\",\"inLanguage\":\"en-US\",\"@id\":\"https:\/\/veritasinfo.org\/#\/schema\/person\/image\/\",\"url\":\"https:\/\/secure.gravatar.com\/avatar\/4e96a59bd256abf9956eb9963ac891a47461ffb364d47b0e9aab113328fdb75b?s=96&d=mm&r=g\",\"contentUrl\":\"https:\/\/secure.gravatar.com\/avatar\/4e96a59bd256abf9956eb9963ac891a47461ffb364d47b0e9aab113328fdb75b?s=96&d=mm&r=g\",\"caption\":\"US1\"},\"url\":\"https:\/\/veritasinfo.org\/?author=2\"}]}<\/script>\n<!-- \/ Yoast SEO plugin. -->","yoast_head_json":{"title":"Komandanti i KFOR-it takon Osmanin, uron zgjidhje t\u00eb \"ng\u00ebr\u00e7it parlamentar\" -","robots":{"index":"index","follow":"follow","max-snippet":"max-snippet:-1","max-image-preview":"max-image-preview:large","max-video-preview":"max-video-preview:-1"},"canonical":"https:\/\/veritasinfo.org\/?p=10385","og_locale":"en_US","og_type":"article","og_title":"Komandanti i KFOR-it takon Osmanin, uron zgjidhje t\u00eb \"ng\u00ebr\u00e7it parlamentar\" -","og_description":"Prishtin\u00eb, 01 shtaor 2025 Komandanti i KFOR-it, Gjenerali Enrico Barduani, priti sot presidenten Vjosa Osmani n\u00eb Shtabin e KFOR n\u00eb Prishtin\u00eb, ku diskutuan p\u00ebr situat\u00ebn","og_url":"https:\/\/veritasinfo.org\/?p=10385","article_published_time":"2025-09-01T20:03:06+00:00","og_image":[{"width":780,"height":500,"url":"https:\/\/veritasinfo.org\/wp-content\/uploads\/2025\/09\/osmani.jpg","type":"image\/jpeg"}],"author":"US1","twitter_card":"summary_large_image","twitter_misc":{"Written by":"US1","Est. reading time":"1 minute"},"schema":{"@context":"https:\/\/schema.org","@graph":[{"@type":"WebPage","@id":"https:\/\/veritasinfo.org\/?p=10385","url":"https:\/\/veritasinfo.org\/?p=10385","name":"Komandanti i KFOR-it takon Osmanin, uron zgjidhje t\u00eb \"ng\u00ebr\u00e7it parlamentar\" -","isPartOf":{"@id":"https:\/\/veritasinfo.org\/#website"},"primaryImageOfPage":{"@id":"https:\/\/veritasinfo.org\/?p=10385#primaryimage"},"image":{"@id":"https:\/\/veritasinfo.org\/?p=10385#primaryimage"},"thumbnailUrl":"https:\/\/veritasinfo.org\/wp-content\/uploads\/2025\/09\/osmani.jpg","datePublished":"2025-09-01T20:03:06+00:00","author":{"@id":"https:\/\/veritasinfo.org\/#\/schema\/person\/c2b8be262ea994d0995addca692c5e98"},"breadcrumb":{"@id":"https:\/\/veritasinfo.org\/?p=10385#breadcrumb"},"inLanguage":"en-US","potentialAction":[{"@type":"ReadAction","target":["https:\/\/veritasinfo.org\/?p=10385"]}]},{"@type":"ImageObject","inLanguage":"en-US","@id":"https:\/\/veritasinfo.org\/?p=10385#primaryimage","url":"https:\/\/veritasinfo.org\/wp-content\/uploads\/2025\/09\/osmani.jpg","contentUrl":"https:\/\/veritasinfo.org\/wp-content\/uploads\/2025\/09\/osmani.jpg","width":780,"height":500},{"@type":"BreadcrumbList","@id":"https:\/\/veritasinfo.org\/?p=10385#breadcrumb","itemListElement":[{"@type":"ListItem","position":1,"name":"Home","item":"https:\/\/veritasinfo.org\/"},{"@type":"ListItem","position":2,"name":"Komandanti i KFOR-it takon Osmanin, uron zgjidhje t\u00eb &#8220;ng\u00ebr\u00e7it parlamentar&#8221;"}]},{"@type":"WebSite","@id":"https:\/\/veritasinfo.org\/#website","url":"https:\/\/veritasinfo.org\/","name":"","description":"","potentialAction":[{"@type":"SearchAction","target":{"@type":"EntryPoint","urlTemplate":"https:\/\/veritasinfo.org\/?s={search_term_string}"},"query-input":{"@type":"PropertyValueSpecification","valueRequired":true,"valueName":"search_term_string"}}],"inLanguage":"en-US"},{"@type":"Person","@id":"https:\/\/veritasinfo.org\/#\/schema\/person\/c2b8be262ea994d0995addca692c5e98","name":"US1","image":{"@type":"ImageObject","inLanguage":"en-US","@id":"https:\/\/veritasinfo.org\/#\/schema\/person\/image\/","url":"https:\/\/secure.gravatar.com\/avatar\/4e96a59bd256abf9956eb9963ac891a47461ffb364d47b0e9aab113328fdb75b?s=96&d=mm&r=g","contentUrl":"https:\/\/secure.gravatar.com\/avatar\/4e96a59bd256abf9956eb9963ac891a47461ffb364d47b0e9aab113328fdb75b?s=96&d=mm&r=g","caption":"US1"},"url":"https:\/\/veritasinfo.org\/?author=2"}]}},"featured_image_urls":{"full":["https:\/\/veritasinfo.org\/wp-content\/uploads\/2025\/09\/osmani.jpg",780,500,false],"thumbnail":["https:\/\/veritasinfo.org\/wp-content\/uploads\/2025\/09\/osmani-150x150.jpg",150,150,true],"medium":["https:\/\/veritasinfo.org\/wp-content\/uploads\/2025\/09\/osmani-300x192.jpg",300,192,true],"medium_large":["https:\/\/veritasinfo.org\/wp-content\/uploads\/2025\/09\/osmani-768x492.jpg",640,410,true],"large":["https:\/\/veritasinfo.org\/wp-content\/uploads\/2025\/09\/osmani.jpg",640,410,false],"1536x1536":["https:\/\/veritasinfo.org\/wp-content\/uploads\/2025\/09\/osmani.jpg",780,500,false],"2048x2048":["https:\/\/veritasinfo.org\/wp-content\/uploads\/2025\/09\/osmani.jpg",780,500,false],"kreeti-slider-full":["https:\/\/veritasinfo.org\/wp-content\/uploads\/2025\/09\/osmani.jpg",780,500,false],"kreeti-featured":["https:\/\/veritasinfo.org\/wp-content\/uploads\/2025\/09\/osmani.jpg",780,500,false],"kreeti-medium":["https:\/\/veritasinfo.org\/wp-content\/uploads\/2025\/09\/osmani.jpg",720,462,false],"kreeti-medium-square":["https:\/\/veritasinfo.org\/wp-content\/uploads\/2025\/09\/osmani.jpg",350,224,false]},"author_info":{"info":["US1"]},"category_info":"<a href=\"https:\/\/veritasinfo.org\/?cat=58\" rel=\"category\">Politik\u00eb<\/a>","tag_info":"Politik\u00eb","comment_count":"0","_links":{"self":[{"href":"https:\/\/veritasinfo.org\/index.php?rest_route=\/wp\/v2\/posts\/10385","targetHints":{"allow":["GET"]}}],"collection":[{"href":"https:\/\/veritasinfo.org\/index.php?rest_route=\/wp\/v2\/posts"}],"about":[{"href":"https:\/\/veritasinfo.org\/index.php?rest_route=\/wp\/v2\/types\/post"}],"author":[{"embeddable":true,"href":"https:\/\/veritasinfo.org\/index.php?rest_route=\/wp\/v2\/users\/2"}],"replies":[{"embeddable":true,"href":"https:\/\/veritasinfo.org\/index.php?rest_route=%2Fwp%2Fv2%2Fcomments&post=10385"}],"version-history":[{"count":1,"href":"https:\/\/veritasinfo.org\/index.php?rest_route=\/wp\/v2\/posts\/10385\/revisions"}],"predecessor-version":[{"id":10387,"href":"https:\/\/veritasinfo.org\/index.php?rest_route=\/wp\/v2\/posts\/10385\/revisions\/10387"}],"wp:featuredmedia":[{"embeddable":true,"href":"https:\/\/veritasinfo.org\/index.php?rest_route=\/wp\/v2\/media\/10386"}],"wp:attachment":[{"href":"https:\/\/veritasinfo.org\/index.php?rest_route=%2Fwp%2Fv2%2Fmedia&parent=10385"}],"wp:term":[{"taxonomy":"category","embeddable":true,"href":"https:\/\/veritasinfo.org\/index.php?rest_route=%2Fwp%2Fv2%2Fcategories&post=10385"},{"taxonomy":"post_tag","embeddable":true,"href":"https:\/\/veritasinfo.org\/index.php?rest_route=%2Fwp%2Fv2%2Ftags&post=10385"}],"curies":[{"name":"wp","href":"https:\/\/api.w.org\/{rel}","templated":true}]}}