{"id":10350,"date":"2025-09-01T17:49:11","date_gmt":"2025-09-01T15:49:11","guid":{"rendered":"https:\/\/veritasinfo.org\/?p=10350"},"modified":"2025-09-01T17:49:11","modified_gmt":"2025-09-01T15:49:11","slug":"lista-serbe-dhe-demokracia-serbe-certifikohen-per-zgjedhjet-lokale","status":"publish","type":"post","link":"https:\/\/veritasinfo.org\/?p=10350","title":{"rendered":"Lista Serbe dhe Demokracia Serbe certifikohen p\u00ebr zgjedhjet lokale"},"content":{"rendered":"<p><strong>Prishtin\u00eb,01 shtator 2025<\/strong><\/p>\n<p>Kreu i Komisionit Qendror t\u00eb Zgjedhjeve, Kreshnik Radoniqi, ka njoftuar t\u00eb h\u00ebn\u00ebn p\u00ebr zbatimin e vendimeve t\u00eb Panelit Zgjedhor p\u00ebr Ankesa dhe Parashtresave (PZAP), duke certifikuar k\u00ebshtu List\u00ebn Serbe dhe Demokracin\u00eb serbe t\u00eb Aleksandar Arsenijeviqit.<\/p>\n<p>\u201cLidhur me zbatimin e vendimeve t\u00eb PZAP-s\u00eb, kemi dy vendime tanim\u00eb t\u00eb plotfuqishme nga PZAP-ja. Nj\u00ebra A3\/25 lidhur me urdh\u00ebrimin p\u00ebr certifikimin e List\u00ebs Serbe dhe nj\u00ebra A6\/25 p\u00ebr certifikimin e Demokracis\u00eb Serbe. Dy vendimet jan\u00eb b\u00ebr\u00eb t\u00eb plotfuqishme, kemi konfirmim edhe nga Gjykata Supreme se nuk ka ndonj\u00eb \u00e7\u00ebshtje p\u00ebr t\u00eb trajtuar sipas ankes\u00ebs. Lidhur me k\u00ebto, pasi kemi urdh\u00ebr t\u00eb prer\u00eb p\u00ebr t\u2019i zbatuar, d t\u00eb l\u00ebshohet vendim p\u00ebr zbatimin e k\u00ebtyre dy vendimeve\u201d, tha Radoniqi.<\/p>\n","protected":false},"excerpt":{"rendered":"<p>Prishtin\u00eb,01 shtator 2025 Kreu i Komisionit Qendror t\u00eb Zgjedhjeve, Kreshnik Radoniqi, ka njoftuar t\u00eb h\u00ebn\u00ebn p\u00ebr zbatimin e vendimeve t\u00eb Panelit Zgjedhor p\u00ebr Ankesa dhe<\/p>\n","protected":false},"author":2,"featured_media":10351,"comment_status":"open","ping_status":"open","sticky":false,"template":"","format":"standard","meta":{"footnotes":""},"categories":[58],"tags":[],"class_list":["post-10350","post","type-post","status-publish","format-standard","has-post-thumbnail","hentry","category-politike-sq"],"yoast_head":"<!-- This site is optimized with the Yoast SEO plugin v25.3.1 - https:\/\/yoast.com\/wordpress\/plugins\/seo\/ -->\n<title>Lista Serbe dhe Demokracia Serbe certifikohen p\u00ebr zgjedhjet lokale -<\/title>\n<meta name=\"robots\" content=\"index, follow, max-snippet:-1, max-image-preview:large, max-video-preview:-1\" \/>\n<link rel=\"canonical\" href=\"https:\/\/veritasinfo.org\/?p=10350\" \/>\n<meta property=\"og:locale\" content=\"en_US\" \/>\n<meta property=\"og:type\" content=\"article\" \/>\n<meta property=\"og:title\" content=\"Lista Serbe dhe Demokracia Serbe certifikohen p\u00ebr zgjedhjet lokale -\" \/>\n<meta property=\"og:description\" content=\"Prishtin\u00eb,01 shtator 2025 Kreu i Komisionit Qendror t\u00eb Zgjedhjeve, Kreshnik Radoniqi, ka njoftuar t\u00eb h\u00ebn\u00ebn p\u00ebr zbatimin e vendimeve t\u00eb Panelit Zgjedhor p\u00ebr Ankesa dhe\" \/>\n<meta property=\"og:url\" content=\"https:\/\/veritasinfo.org\/?p=10350\" \/>\n<meta property=\"article:published_time\" content=\"2025-09-01T15:49:11+00:00\" \/>\n<meta property=\"og:image\" content=\"https:\/\/veritasinfo.org\/wp-content\/uploads\/2025\/09\/zgjedhjet.webp\" \/>\n\t<meta property=\"og:image:width\" content=\"1200\" \/>\n\t<meta property=\"og:image:height\" content=\"709\" \/>\n\t<meta property=\"og:image:type\" content=\"image\/webp\" \/>\n<meta name=\"author\" content=\"US1\" \/>\n<meta name=\"twitter:card\" content=\"summary_large_image\" \/>\n<meta name=\"twitter:label1\" content=\"Written by\" \/>\n\t<meta name=\"twitter:data1\" content=\"US1\" \/>\n\t<meta name=\"twitter:label2\" content=\"Est. reading time\" \/>\n\t<meta name=\"twitter:data2\" content=\"1 minute\" \/>\n<script type=\"application\/ld+json\" class=\"yoast-schema-graph\">{\"@context\":\"https:\/\/schema.org\",\"@graph\":[{\"@type\":\"WebPage\",\"@id\":\"https:\/\/veritasinfo.org\/?p=10350\",\"url\":\"https:\/\/veritasinfo.org\/?p=10350\",\"name\":\"Lista Serbe dhe Demokracia Serbe certifikohen p\u00ebr zgjedhjet lokale -\",\"isPartOf\":{\"@id\":\"https:\/\/veritasinfo.org\/#website\"},\"primaryImageOfPage\":{\"@id\":\"https:\/\/veritasinfo.org\/?p=10350#primaryimage\"},\"image\":{\"@id\":\"https:\/\/veritasinfo.org\/?p=10350#primaryimage\"},\"thumbnailUrl\":\"https:\/\/veritasinfo.org\/wp-content\/uploads\/2025\/09\/zgjedhjet.webp\",\"datePublished\":\"2025-09-01T15:49:11+00:00\",\"author\":{\"@id\":\"https:\/\/veritasinfo.org\/#\/schema\/person\/c2b8be262ea994d0995addca692c5e98\"},\"breadcrumb\":{\"@id\":\"https:\/\/veritasinfo.org\/?p=10350#breadcrumb\"},\"inLanguage\":\"en-US\",\"potentialAction\":[{\"@type\":\"ReadAction\",\"target\":[\"https:\/\/veritasinfo.org\/?p=10350\"]}]},{\"@type\":\"ImageObject\",\"inLanguage\":\"en-US\",\"@id\":\"https:\/\/veritasinfo.org\/?p=10350#primaryimage\",\"url\":\"https:\/\/veritasinfo.org\/wp-content\/uploads\/2025\/09\/zgjedhjet.webp\",\"contentUrl\":\"https:\/\/veritasinfo.org\/wp-content\/uploads\/2025\/09\/zgjedhjet.webp\",\"width\":1200,\"height\":709},{\"@type\":\"BreadcrumbList\",\"@id\":\"https:\/\/veritasinfo.org\/?p=10350#breadcrumb\",\"itemListElement\":[{\"@type\":\"ListItem\",\"position\":1,\"name\":\"Home\",\"item\":\"https:\/\/veritasinfo.org\/\"},{\"@type\":\"ListItem\",\"position\":2,\"name\":\"Lista Serbe dhe Demokracia Serbe certifikohen p\u00ebr zgjedhjet lokale\"}]},{\"@type\":\"WebSite\",\"@id\":\"https:\/\/veritasinfo.org\/#website\",\"url\":\"https:\/\/veritasinfo.org\/\",\"name\":\"\",\"description\":\"\",\"potentialAction\":[{\"@type\":\"SearchAction\",\"target\":{\"@type\":\"EntryPoint\",\"urlTemplate\":\"https:\/\/veritasinfo.org\/?s={search_term_string}\"},\"query-input\":{\"@type\":\"PropertyValueSpecification\",\"valueRequired\":true,\"valueName\":\"search_term_string\"}}],\"inLanguage\":\"en-US\"},{\"@type\":\"Person\",\"@id\":\"https:\/\/veritasinfo.org\/#\/schema\/person\/c2b8be262ea994d0995addca692c5e98\",\"name\":\"US1\",\"image\":{\"@type\":\"ImageObject\",\"inLanguage\":\"en-US\",\"@id\":\"https:\/\/veritasinfo.org\/#\/schema\/person\/image\/\",\"url\":\"https:\/\/secure.gravatar.com\/avatar\/4e96a59bd256abf9956eb9963ac891a47461ffb364d47b0e9aab113328fdb75b?s=96&d=mm&r=g\",\"contentUrl\":\"https:\/\/secure.gravatar.com\/avatar\/4e96a59bd256abf9956eb9963ac891a47461ffb364d47b0e9aab113328fdb75b?s=96&d=mm&r=g\",\"caption\":\"US1\"},\"url\":\"https:\/\/veritasinfo.org\/?author=2\"}]}<\/script>\n<!-- \/ Yoast SEO plugin. -->","yoast_head_json":{"title":"Lista Serbe dhe Demokracia Serbe certifikohen p\u00ebr zgjedhjet lokale -","robots":{"index":"index","follow":"follow","max-snippet":"max-snippet:-1","max-image-preview":"max-image-preview:large","max-video-preview":"max-video-preview:-1"},"canonical":"https:\/\/veritasinfo.org\/?p=10350","og_locale":"en_US","og_type":"article","og_title":"Lista Serbe dhe Demokracia Serbe certifikohen p\u00ebr zgjedhjet lokale -","og_description":"Prishtin\u00eb,01 shtator 2025 Kreu i Komisionit Qendror t\u00eb Zgjedhjeve, Kreshnik Radoniqi, ka njoftuar t\u00eb h\u00ebn\u00ebn p\u00ebr zbatimin e vendimeve t\u00eb Panelit Zgjedhor p\u00ebr Ankesa dhe","og_url":"https:\/\/veritasinfo.org\/?p=10350","article_published_time":"2025-09-01T15:49:11+00:00","og_image":[{"width":1200,"height":709,"url":"https:\/\/veritasinfo.org\/wp-content\/uploads\/2025\/09\/zgjedhjet.webp","type":"image\/webp"}],"author":"US1","twitter_card":"summary_large_image","twitter_misc":{"Written by":"US1","Est. reading time":"1 minute"},"schema":{"@context":"https:\/\/schema.org","@graph":[{"@type":"WebPage","@id":"https:\/\/veritasinfo.org\/?p=10350","url":"https:\/\/veritasinfo.org\/?p=10350","name":"Lista Serbe dhe Demokracia Serbe certifikohen p\u00ebr zgjedhjet lokale -","isPartOf":{"@id":"https:\/\/veritasinfo.org\/#website"},"primaryImageOfPage":{"@id":"https:\/\/veritasinfo.org\/?p=10350#primaryimage"},"image":{"@id":"https:\/\/veritasinfo.org\/?p=10350#primaryimage"},"thumbnailUrl":"https:\/\/veritasinfo.org\/wp-content\/uploads\/2025\/09\/zgjedhjet.webp","datePublished":"2025-09-01T15:49:11+00:00","author":{"@id":"https:\/\/veritasinfo.org\/#\/schema\/person\/c2b8be262ea994d0995addca692c5e98"},"breadcrumb":{"@id":"https:\/\/veritasinfo.org\/?p=10350#breadcrumb"},"inLanguage":"en-US","potentialAction":[{"@type":"ReadAction","target":["https:\/\/veritasinfo.org\/?p=10350"]}]},{"@type":"ImageObject","inLanguage":"en-US","@id":"https:\/\/veritasinfo.org\/?p=10350#primaryimage","url":"https:\/\/veritasinfo.org\/wp-content\/uploads\/2025\/09\/zgjedhjet.webp","contentUrl":"https:\/\/veritasinfo.org\/wp-content\/uploads\/2025\/09\/zgjedhjet.webp","width":1200,"height":709},{"@type":"BreadcrumbList","@id":"https:\/\/veritasinfo.org\/?p=10350#breadcrumb","itemListElement":[{"@type":"ListItem","position":1,"name":"Home","item":"https:\/\/veritasinfo.org\/"},{"@type":"ListItem","position":2,"name":"Lista Serbe dhe Demokracia Serbe certifikohen p\u00ebr zgjedhjet lokale"}]},{"@type":"WebSite","@id":"https:\/\/veritasinfo.org\/#website","url":"https:\/\/veritasinfo.org\/","name":"","description":"","potentialAction":[{"@type":"SearchAction","target":{"@type":"EntryPoint","urlTemplate":"https:\/\/veritasinfo.org\/?s={search_term_string}"},"query-input":{"@type":"PropertyValueSpecification","valueRequired":true,"valueName":"search_term_string"}}],"inLanguage":"en-US"},{"@type":"Person","@id":"https:\/\/veritasinfo.org\/#\/schema\/person\/c2b8be262ea994d0995addca692c5e98","name":"US1","image":{"@type":"ImageObject","inLanguage":"en-US","@id":"https:\/\/veritasinfo.org\/#\/schema\/person\/image\/","url":"https:\/\/secure.gravatar.com\/avatar\/4e96a59bd256abf9956eb9963ac891a47461ffb364d47b0e9aab113328fdb75b?s=96&d=mm&r=g","contentUrl":"https:\/\/secure.gravatar.com\/avatar\/4e96a59bd256abf9956eb9963ac891a47461ffb364d47b0e9aab113328fdb75b?s=96&d=mm&r=g","caption":"US1"},"url":"https:\/\/veritasinfo.org\/?author=2"}]}},"featured_image_urls":{"full":["https:\/\/veritasinfo.org\/wp-content\/uploads\/2025\/09\/zgjedhjet.webp",1200,709,false],"thumbnail":["https:\/\/veritasinfo.org\/wp-content\/uploads\/2025\/09\/zgjedhjet-150x150.webp",150,150,true],"medium":["https:\/\/veritasinfo.org\/wp-content\/uploads\/2025\/09\/zgjedhjet-300x177.webp",300,177,true],"medium_large":["https:\/\/veritasinfo.org\/wp-content\/uploads\/2025\/09\/zgjedhjet-768x454.webp",640,378,true],"large":["https:\/\/veritasinfo.org\/wp-content\/uploads\/2025\/09\/zgjedhjet-1024x605.webp",640,378,true],"1536x1536":["https:\/\/veritasinfo.org\/wp-content\/uploads\/2025\/09\/zgjedhjet.webp",1200,709,false],"2048x2048":["https:\/\/veritasinfo.org\/wp-content\/uploads\/2025\/09\/zgjedhjet.webp",1200,709,false],"kreeti-slider-full":["https:\/\/veritasinfo.org\/wp-content\/uploads\/2025\/09\/zgjedhjet.webp",1200,709,false],"kreeti-featured":["https:\/\/veritasinfo.org\/wp-content\/uploads\/2025\/09\/zgjedhjet.webp",1024,605,false],"kreeti-medium":["https:\/\/veritasinfo.org\/wp-content\/uploads\/2025\/09\/zgjedhjet.webp",720,425,false],"kreeti-medium-square":["https:\/\/veritasinfo.org\/wp-content\/uploads\/2025\/09\/zgjedhjet.webp",350,207,false]},"author_info":{"info":["US1"]},"category_info":"<a href=\"https:\/\/veritasinfo.org\/?cat=58\" rel=\"category\">Politik\u00eb<\/a>","tag_info":"Politik\u00eb","comment_count":"0","_links":{"self":[{"href":"https:\/\/veritasinfo.org\/index.php?rest_route=\/wp\/v2\/posts\/10350","targetHints":{"allow":["GET"]}}],"collection":[{"href":"https:\/\/veritasinfo.org\/index.php?rest_route=\/wp\/v2\/posts"}],"about":[{"href":"https:\/\/veritasinfo.org\/index.php?rest_route=\/wp\/v2\/types\/post"}],"author":[{"embeddable":true,"href":"https:\/\/veritasinfo.org\/index.php?rest_route=\/wp\/v2\/users\/2"}],"replies":[{"embeddable":true,"href":"https:\/\/veritasinfo.org\/index.php?rest_route=%2Fwp%2Fv2%2Fcomments&post=10350"}],"version-history":[{"count":1,"href":"https:\/\/veritasinfo.org\/index.php?rest_route=\/wp\/v2\/posts\/10350\/revisions"}],"predecessor-version":[{"id":10352,"href":"https:\/\/veritasinfo.org\/index.php?rest_route=\/wp\/v2\/posts\/10350\/revisions\/10352"}],"wp:featuredmedia":[{"embeddable":true,"href":"https:\/\/veritasinfo.org\/index.php?rest_route=\/wp\/v2\/media\/10351"}],"wp:attachment":[{"href":"https:\/\/veritasinfo.org\/index.php?rest_route=%2Fwp%2Fv2%2Fmedia&parent=10350"}],"wp:term":[{"taxonomy":"category","embeddable":true,"href":"https:\/\/veritasinfo.org\/index.php?rest_route=%2Fwp%2Fv2%2Fcategories&post=10350"},{"taxonomy":"post_tag","embeddable":true,"href":"https:\/\/veritasinfo.org\/index.php?rest_route=%2Fwp%2Fv2%2Ftags&post=10350"}],"curies":[{"name":"wp","href":"https:\/\/api.w.org\/{rel}","templated":true}]}}