{"id":10340,"date":"2025-09-01T16:26:59","date_gmt":"2025-09-01T14:26:59","guid":{"rendered":"https:\/\/veritasinfo.org\/?p=10340"},"modified":"2025-09-01T16:26:59","modified_gmt":"2025-09-01T14:26:59","slug":"canaj-nese-lista-serbe-futet-ne-gare-per-zgjedhjet-ne-mitrovice-te-veriut-kthehemi-ne-piken-zero","status":"publish","type":"post","link":"https:\/\/veritasinfo.org\/?p=10340","title":{"rendered":"Canaj: N\u00ebse Lista Serbe futet n\u00eb gar\u00eb p\u00ebr zgjedhjet n\u00eb Mitrovic\u00eb t\u00eb Veriut, kthehemi n\u00eb pik\u00ebn zero"},"content":{"rendered":"<p><strong>Prishtin\u00eb, 01\u00a0 shtaor 2025<\/strong><\/p>\n<p>Ish-ambasadori i Kosov\u00ebs, Blerim Canaj, ka deklaruar se pjes\u00ebmarrja e List\u00ebs Serbe n\u00eb zgjedhjet n\u00eb Mitrovic\u00ebn e Veriut do t\u00eb p\u00ebrb\u00ebnte nj\u00eb hap prapa p\u00ebr zhvillimet politike dhe institucionale n\u00eb at\u00eb pjes\u00eb t\u00eb vendit.<\/p>\n<p>I ftuar n\u00eb emisionin \u201cKosova Today\u201d n\u00eb Klan Kosova, Canaj u shpreh se n\u00ebse Lista Serbe hyn n\u00eb gar\u00eb dhe siguron mb\u00ebshtetjen e komunitetit serb, at\u00ebher\u00eb do t\u00eb krijohet nj\u00eb realitet i ri politik q\u00eb sfidon arritjet e deritashme t\u00eb sovranitetit t\u00eb Kosov\u00ebs n\u00eb veri.<\/p>\n<p>\u201cN\u00ebse Lista Serbe futet n\u00eb gar\u00eb n\u00eb Mitrovic\u00ebn e Veriut, ne kthehemi n\u00eb pik\u00ebn zero. Do t\u00eb kemi nj\u00eb realitet tjet\u00ebr. N\u00ebse merr pjes\u00eb komuniteti serb dhe fiton Lista Serbe, at\u00ebher\u00eb a po i bie se ne edhe para se me ardhur Albin Kurti kemi pasur sovranitet&#8221;?, u shpreh Canaj.<\/p>\n","protected":false},"excerpt":{"rendered":"<p>Prishtin\u00eb, 01\u00a0 shtaor 2025 Ish-ambasadori i Kosov\u00ebs, Blerim Canaj, ka deklaruar se pjes\u00ebmarrja e List\u00ebs Serbe n\u00eb zgjedhjet n\u00eb Mitrovic\u00ebn e Veriut do t\u00eb p\u00ebrb\u00ebnte<\/p>\n","protected":false},"author":2,"featured_media":10341,"comment_status":"open","ping_status":"open","sticky":false,"template":"","format":"standard","meta":{"footnotes":""},"categories":[58],"tags":[],"class_list":["post-10340","post","type-post","status-publish","format-standard","has-post-thumbnail","hentry","category-politike-sq"],"yoast_head":"<!-- This site is optimized with the Yoast SEO plugin v25.3.1 - https:\/\/yoast.com\/wordpress\/plugins\/seo\/ -->\n<title>Canaj: N\u00ebse Lista Serbe futet n\u00eb gar\u00eb p\u00ebr zgjedhjet n\u00eb Mitrovic\u00eb t\u00eb Veriut, kthehemi n\u00eb pik\u00ebn zero -<\/title>\n<meta name=\"robots\" content=\"index, follow, max-snippet:-1, max-image-preview:large, max-video-preview:-1\" \/>\n<link rel=\"canonical\" href=\"https:\/\/veritasinfo.org\/?p=10340\" \/>\n<meta property=\"og:locale\" content=\"en_US\" \/>\n<meta property=\"og:type\" content=\"article\" \/>\n<meta property=\"og:title\" content=\"Canaj: N\u00ebse Lista Serbe futet n\u00eb gar\u00eb p\u00ebr zgjedhjet n\u00eb Mitrovic\u00eb t\u00eb Veriut, kthehemi n\u00eb pik\u00ebn zero -\" \/>\n<meta property=\"og:description\" content=\"Prishtin\u00eb, 01\u00a0 shtaor 2025 Ish-ambasadori i Kosov\u00ebs, Blerim Canaj, ka deklaruar se pjes\u00ebmarrja e List\u00ebs Serbe n\u00eb zgjedhjet n\u00eb Mitrovic\u00ebn e Veriut do t\u00eb p\u00ebrb\u00ebnte\" \/>\n<meta property=\"og:url\" content=\"https:\/\/veritasinfo.org\/?p=10340\" \/>\n<meta property=\"article:published_time\" content=\"2025-09-01T14:26:59+00:00\" \/>\n<meta property=\"og:image\" content=\"https:\/\/veritasinfo.org\/wp-content\/uploads\/2025\/09\/canaj.jpg\" \/>\n\t<meta property=\"og:image:width\" content=\"988\" \/>\n\t<meta property=\"og:image:height\" content=\"551\" \/>\n\t<meta property=\"og:image:type\" content=\"image\/jpeg\" \/>\n<meta name=\"author\" content=\"US1\" \/>\n<meta name=\"twitter:card\" content=\"summary_large_image\" \/>\n<meta name=\"twitter:label1\" content=\"Written by\" \/>\n\t<meta name=\"twitter:data1\" content=\"US1\" \/>\n\t<meta name=\"twitter:label2\" content=\"Est. reading time\" \/>\n\t<meta name=\"twitter:data2\" content=\"1 minute\" \/>\n<script type=\"application\/ld+json\" class=\"yoast-schema-graph\">{\"@context\":\"https:\/\/schema.org\",\"@graph\":[{\"@type\":\"WebPage\",\"@id\":\"https:\/\/veritasinfo.org\/?p=10340\",\"url\":\"https:\/\/veritasinfo.org\/?p=10340\",\"name\":\"Canaj: N\u00ebse Lista Serbe futet n\u00eb gar\u00eb p\u00ebr zgjedhjet n\u00eb Mitrovic\u00eb t\u00eb Veriut, kthehemi n\u00eb pik\u00ebn zero -\",\"isPartOf\":{\"@id\":\"https:\/\/veritasinfo.org\/#website\"},\"primaryImageOfPage\":{\"@id\":\"https:\/\/veritasinfo.org\/?p=10340#primaryimage\"},\"image\":{\"@id\":\"https:\/\/veritasinfo.org\/?p=10340#primaryimage\"},\"thumbnailUrl\":\"https:\/\/veritasinfo.org\/wp-content\/uploads\/2025\/09\/canaj.jpg\",\"datePublished\":\"2025-09-01T14:26:59+00:00\",\"author\":{\"@id\":\"https:\/\/veritasinfo.org\/#\/schema\/person\/c2b8be262ea994d0995addca692c5e98\"},\"breadcrumb\":{\"@id\":\"https:\/\/veritasinfo.org\/?p=10340#breadcrumb\"},\"inLanguage\":\"en-US\",\"potentialAction\":[{\"@type\":\"ReadAction\",\"target\":[\"https:\/\/veritasinfo.org\/?p=10340\"]}]},{\"@type\":\"ImageObject\",\"inLanguage\":\"en-US\",\"@id\":\"https:\/\/veritasinfo.org\/?p=10340#primaryimage\",\"url\":\"https:\/\/veritasinfo.org\/wp-content\/uploads\/2025\/09\/canaj.jpg\",\"contentUrl\":\"https:\/\/veritasinfo.org\/wp-content\/uploads\/2025\/09\/canaj.jpg\",\"width\":988,\"height\":551},{\"@type\":\"BreadcrumbList\",\"@id\":\"https:\/\/veritasinfo.org\/?p=10340#breadcrumb\",\"itemListElement\":[{\"@type\":\"ListItem\",\"position\":1,\"name\":\"Home\",\"item\":\"https:\/\/veritasinfo.org\/\"},{\"@type\":\"ListItem\",\"position\":2,\"name\":\"Canaj: N\u00ebse Lista Serbe futet n\u00eb gar\u00eb p\u00ebr zgjedhjet n\u00eb Mitrovic\u00eb t\u00eb Veriut, kthehemi n\u00eb pik\u00ebn zero\"}]},{\"@type\":\"WebSite\",\"@id\":\"https:\/\/veritasinfo.org\/#website\",\"url\":\"https:\/\/veritasinfo.org\/\",\"name\":\"\",\"description\":\"\",\"potentialAction\":[{\"@type\":\"SearchAction\",\"target\":{\"@type\":\"EntryPoint\",\"urlTemplate\":\"https:\/\/veritasinfo.org\/?s={search_term_string}\"},\"query-input\":{\"@type\":\"PropertyValueSpecification\",\"valueRequired\":true,\"valueName\":\"search_term_string\"}}],\"inLanguage\":\"en-US\"},{\"@type\":\"Person\",\"@id\":\"https:\/\/veritasinfo.org\/#\/schema\/person\/c2b8be262ea994d0995addca692c5e98\",\"name\":\"US1\",\"image\":{\"@type\":\"ImageObject\",\"inLanguage\":\"en-US\",\"@id\":\"https:\/\/veritasinfo.org\/#\/schema\/person\/image\/\",\"url\":\"https:\/\/secure.gravatar.com\/avatar\/4e96a59bd256abf9956eb9963ac891a47461ffb364d47b0e9aab113328fdb75b?s=96&d=mm&r=g\",\"contentUrl\":\"https:\/\/secure.gravatar.com\/avatar\/4e96a59bd256abf9956eb9963ac891a47461ffb364d47b0e9aab113328fdb75b?s=96&d=mm&r=g\",\"caption\":\"US1\"},\"url\":\"https:\/\/veritasinfo.org\/?author=2\"}]}<\/script>\n<!-- \/ Yoast SEO plugin. -->","yoast_head_json":{"title":"Canaj: N\u00ebse Lista Serbe futet n\u00eb gar\u00eb p\u00ebr zgjedhjet n\u00eb Mitrovic\u00eb t\u00eb Veriut, kthehemi n\u00eb pik\u00ebn zero -","robots":{"index":"index","follow":"follow","max-snippet":"max-snippet:-1","max-image-preview":"max-image-preview:large","max-video-preview":"max-video-preview:-1"},"canonical":"https:\/\/veritasinfo.org\/?p=10340","og_locale":"en_US","og_type":"article","og_title":"Canaj: N\u00ebse Lista Serbe futet n\u00eb gar\u00eb p\u00ebr zgjedhjet n\u00eb Mitrovic\u00eb t\u00eb Veriut, kthehemi n\u00eb pik\u00ebn zero -","og_description":"Prishtin\u00eb, 01\u00a0 shtaor 2025 Ish-ambasadori i Kosov\u00ebs, Blerim Canaj, ka deklaruar se pjes\u00ebmarrja e List\u00ebs Serbe n\u00eb zgjedhjet n\u00eb Mitrovic\u00ebn e Veriut do t\u00eb p\u00ebrb\u00ebnte","og_url":"https:\/\/veritasinfo.org\/?p=10340","article_published_time":"2025-09-01T14:26:59+00:00","og_image":[{"width":988,"height":551,"url":"https:\/\/veritasinfo.org\/wp-content\/uploads\/2025\/09\/canaj.jpg","type":"image\/jpeg"}],"author":"US1","twitter_card":"summary_large_image","twitter_misc":{"Written by":"US1","Est. reading time":"1 minute"},"schema":{"@context":"https:\/\/schema.org","@graph":[{"@type":"WebPage","@id":"https:\/\/veritasinfo.org\/?p=10340","url":"https:\/\/veritasinfo.org\/?p=10340","name":"Canaj: N\u00ebse Lista Serbe futet n\u00eb gar\u00eb p\u00ebr zgjedhjet n\u00eb Mitrovic\u00eb t\u00eb Veriut, kthehemi n\u00eb pik\u00ebn zero -","isPartOf":{"@id":"https:\/\/veritasinfo.org\/#website"},"primaryImageOfPage":{"@id":"https:\/\/veritasinfo.org\/?p=10340#primaryimage"},"image":{"@id":"https:\/\/veritasinfo.org\/?p=10340#primaryimage"},"thumbnailUrl":"https:\/\/veritasinfo.org\/wp-content\/uploads\/2025\/09\/canaj.jpg","datePublished":"2025-09-01T14:26:59+00:00","author":{"@id":"https:\/\/veritasinfo.org\/#\/schema\/person\/c2b8be262ea994d0995addca692c5e98"},"breadcrumb":{"@id":"https:\/\/veritasinfo.org\/?p=10340#breadcrumb"},"inLanguage":"en-US","potentialAction":[{"@type":"ReadAction","target":["https:\/\/veritasinfo.org\/?p=10340"]}]},{"@type":"ImageObject","inLanguage":"en-US","@id":"https:\/\/veritasinfo.org\/?p=10340#primaryimage","url":"https:\/\/veritasinfo.org\/wp-content\/uploads\/2025\/09\/canaj.jpg","contentUrl":"https:\/\/veritasinfo.org\/wp-content\/uploads\/2025\/09\/canaj.jpg","width":988,"height":551},{"@type":"BreadcrumbList","@id":"https:\/\/veritasinfo.org\/?p=10340#breadcrumb","itemListElement":[{"@type":"ListItem","position":1,"name":"Home","item":"https:\/\/veritasinfo.org\/"},{"@type":"ListItem","position":2,"name":"Canaj: N\u00ebse Lista Serbe futet n\u00eb gar\u00eb p\u00ebr zgjedhjet n\u00eb Mitrovic\u00eb t\u00eb Veriut, kthehemi n\u00eb pik\u00ebn zero"}]},{"@type":"WebSite","@id":"https:\/\/veritasinfo.org\/#website","url":"https:\/\/veritasinfo.org\/","name":"","description":"","potentialAction":[{"@type":"SearchAction","target":{"@type":"EntryPoint","urlTemplate":"https:\/\/veritasinfo.org\/?s={search_term_string}"},"query-input":{"@type":"PropertyValueSpecification","valueRequired":true,"valueName":"search_term_string"}}],"inLanguage":"en-US"},{"@type":"Person","@id":"https:\/\/veritasinfo.org\/#\/schema\/person\/c2b8be262ea994d0995addca692c5e98","name":"US1","image":{"@type":"ImageObject","inLanguage":"en-US","@id":"https:\/\/veritasinfo.org\/#\/schema\/person\/image\/","url":"https:\/\/secure.gravatar.com\/avatar\/4e96a59bd256abf9956eb9963ac891a47461ffb364d47b0e9aab113328fdb75b?s=96&d=mm&r=g","contentUrl":"https:\/\/secure.gravatar.com\/avatar\/4e96a59bd256abf9956eb9963ac891a47461ffb364d47b0e9aab113328fdb75b?s=96&d=mm&r=g","caption":"US1"},"url":"https:\/\/veritasinfo.org\/?author=2"}]}},"featured_image_urls":{"full":["https:\/\/veritasinfo.org\/wp-content\/uploads\/2025\/09\/canaj.jpg",988,551,false],"thumbnail":["https:\/\/veritasinfo.org\/wp-content\/uploads\/2025\/09\/canaj-150x150.jpg",150,150,true],"medium":["https:\/\/veritasinfo.org\/wp-content\/uploads\/2025\/09\/canaj-300x167.jpg",300,167,true],"medium_large":["https:\/\/veritasinfo.org\/wp-content\/uploads\/2025\/09\/canaj-768x428.jpg",640,357,true],"large":["https:\/\/veritasinfo.org\/wp-content\/uploads\/2025\/09\/canaj.jpg",640,357,false],"1536x1536":["https:\/\/veritasinfo.org\/wp-content\/uploads\/2025\/09\/canaj.jpg",988,551,false],"2048x2048":["https:\/\/veritasinfo.org\/wp-content\/uploads\/2025\/09\/canaj.jpg",988,551,false],"kreeti-slider-full":["https:\/\/veritasinfo.org\/wp-content\/uploads\/2025\/09\/canaj.jpg",988,551,false],"kreeti-featured":["https:\/\/veritasinfo.org\/wp-content\/uploads\/2025\/09\/canaj.jpg",988,551,false],"kreeti-medium":["https:\/\/veritasinfo.org\/wp-content\/uploads\/2025\/09\/canaj.jpg",720,402,false],"kreeti-medium-square":["https:\/\/veritasinfo.org\/wp-content\/uploads\/2025\/09\/canaj.jpg",350,195,false]},"author_info":{"info":["US1"]},"category_info":"<a href=\"https:\/\/veritasinfo.org\/?cat=58\" rel=\"category\">Politik\u00eb<\/a>","tag_info":"Politik\u00eb","comment_count":"0","_links":{"self":[{"href":"https:\/\/veritasinfo.org\/index.php?rest_route=\/wp\/v2\/posts\/10340","targetHints":{"allow":["GET"]}}],"collection":[{"href":"https:\/\/veritasinfo.org\/index.php?rest_route=\/wp\/v2\/posts"}],"about":[{"href":"https:\/\/veritasinfo.org\/index.php?rest_route=\/wp\/v2\/types\/post"}],"author":[{"embeddable":true,"href":"https:\/\/veritasinfo.org\/index.php?rest_route=\/wp\/v2\/users\/2"}],"replies":[{"embeddable":true,"href":"https:\/\/veritasinfo.org\/index.php?rest_route=%2Fwp%2Fv2%2Fcomments&post=10340"}],"version-history":[{"count":1,"href":"https:\/\/veritasinfo.org\/index.php?rest_route=\/wp\/v2\/posts\/10340\/revisions"}],"predecessor-version":[{"id":10342,"href":"https:\/\/veritasinfo.org\/index.php?rest_route=\/wp\/v2\/posts\/10340\/revisions\/10342"}],"wp:featuredmedia":[{"embeddable":true,"href":"https:\/\/veritasinfo.org\/index.php?rest_route=\/wp\/v2\/media\/10341"}],"wp:attachment":[{"href":"https:\/\/veritasinfo.org\/index.php?rest_route=%2Fwp%2Fv2%2Fmedia&parent=10340"}],"wp:term":[{"taxonomy":"category","embeddable":true,"href":"https:\/\/veritasinfo.org\/index.php?rest_route=%2Fwp%2Fv2%2Fcategories&post=10340"},{"taxonomy":"post_tag","embeddable":true,"href":"https:\/\/veritasinfo.org\/index.php?rest_route=%2Fwp%2Fv2%2Ftags&post=10340"}],"curies":[{"name":"wp","href":"https:\/\/api.w.org\/{rel}","templated":true}]}}