{"id":10335,"date":"2025-09-01T16:20:49","date_gmt":"2025-09-01T14:20:49","guid":{"rendered":"https:\/\/veritasinfo.org\/?p=10335"},"modified":"2025-09-01T16:20:49","modified_gmt":"2025-09-01T14:20:49","slug":"liturgjia-ne-manastirin-e-decanit-sherbehet-edhe-ne-gjuhen-shqipe","status":"publish","type":"post","link":"https:\/\/veritasinfo.org\/?p=10335","title":{"rendered":"Liturgjia n\u00eb manastirin e De\u00e7anit sh\u00ebrbehet edhe n\u00eb gjuh\u00ebn shqipe"},"content":{"rendered":"<p><strong>De\u00e7an, 1 shtator 2025<\/strong><\/p>\n<p>Fundjav\u00ebn e kaluar, n\u00eb manastirin e De\u00e7anit u mbajt nj\u00eb liturgji, e cila, p\u00ebrve\u00e7 serbishtes, u sh\u00ebrbeu edhe n\u00eb gjuh\u00ebn shqipe p\u00ebr her\u00eb t\u00eb par\u00eb. Ky gjest mori v\u00ebmendje nga besimtar\u00ebt dhe publiku i gjer\u00eb, pasi p\u00ebrfaq\u00ebson nj\u00eb hap t\u00eb r\u00ebnd\u00ebsish\u00ebm n\u00eb afrimin e spiritualitetit ortodoks me t\u00eb gjith\u00eb popujt q\u00eb jetojn\u00eb n\u00eb Kosov\u00eb.<\/p>\n<p>Liturgjia n\u00eb gjuh\u00ebn shqipe u k\u00ebndua nga kori &#8220;Sveti Jovan Kukuzelj&#8221; nga Tirana, nj\u00eb nga koret m\u00eb t\u00eb mira bizantine n\u00eb bot\u00eb.<\/p>\n<p>Kleri i manastirit theksoi se sh\u00ebrbimi n\u00eb gjuh\u00ebn shqipe \u00ebsht\u00eb nj\u00eb shenj\u00eb hapjeje dhe respekti p\u00ebr besimtar\u00ebt, gjuha amtare e t\u00eb cil\u00ebve \u00ebsht\u00eb ajo gjuh\u00eb, si dhe se mesazhi i krishter\u00eb \u00ebsht\u00eb universal dhe nuk njeh barriera gjuh\u00ebsore.<\/p>\n<p>Besimtar\u00ebt e pranish\u00ebm e mir\u00ebprit\u00ebn k\u00ebt\u00eb veprim, duke theksuar se \u00ebsht\u00eb nj\u00eb shembull se si besimi dhe spiritualiteti mund t\u00eb nd\u00ebrtojn\u00eb ura midis komuniteteve. Kjo praktik\u00eb n\u00eb manastirin e De\u00e7anit tregon se tradita dhe moderniteti mund t\u00eb shkojn\u00eb dor\u00eb p\u00ebr dore dhe se vlerat universale t\u00eb Krishterimit mund t\u00eb jen\u00eb t\u00eb arritshme p\u00ebr t\u00eb gjith\u00eb, pavar\u00ebsisht nga gjuha dhe komb\u00ebsia.<\/p>\n","protected":false},"excerpt":{"rendered":"<p>De\u00e7an, 1 shtator 2025 Fundjav\u00ebn e kaluar, n\u00eb manastirin e De\u00e7anit u mbajt nj\u00eb liturgji, e cila, p\u00ebrve\u00e7 serbishtes, u sh\u00ebrbeu edhe n\u00eb gjuh\u00ebn shqipe<\/p>\n","protected":false},"author":2,"featured_media":10336,"comment_status":"open","ping_status":"open","sticky":false,"template":"","format":"standard","meta":{"footnotes":""},"categories":[60],"tags":[],"class_list":["post-10335","post","type-post","status-publish","format-standard","has-post-thumbnail","hentry","category-shoqerore-sq"],"yoast_head":"<!-- This site is optimized with the Yoast SEO plugin v25.3.1 - https:\/\/yoast.com\/wordpress\/plugins\/seo\/ -->\n<title>Liturgjia n\u00eb manastirin e De\u00e7anit sh\u00ebrbehet edhe n\u00eb gjuh\u00ebn shqipe -<\/title>\n<meta name=\"robots\" content=\"index, follow, max-snippet:-1, max-image-preview:large, max-video-preview:-1\" \/>\n<link rel=\"canonical\" href=\"https:\/\/veritasinfo.org\/?p=10335\" \/>\n<meta property=\"og:locale\" content=\"en_US\" \/>\n<meta property=\"og:type\" content=\"article\" \/>\n<meta property=\"og:title\" content=\"Liturgjia n\u00eb manastirin e De\u00e7anit sh\u00ebrbehet edhe n\u00eb gjuh\u00ebn shqipe -\" \/>\n<meta property=\"og:description\" content=\"De\u00e7an, 1 shtator 2025 Fundjav\u00ebn e kaluar, n\u00eb manastirin e De\u00e7anit u mbajt nj\u00eb liturgji, e cila, p\u00ebrve\u00e7 serbishtes, u sh\u00ebrbeu edhe n\u00eb gjuh\u00ebn shqipe\" \/>\n<meta property=\"og:url\" content=\"https:\/\/veritasinfo.org\/?p=10335\" \/>\n<meta property=\"article:published_time\" content=\"2025-09-01T14:20:49+00:00\" \/>\n<meta property=\"og:image\" content=\"https:\/\/veritasinfo.org\/wp-content\/uploads\/2025\/09\/man-i-dec.jpeg\" \/>\n\t<meta property=\"og:image:width\" content=\"300\" \/>\n\t<meta property=\"og:image:height\" content=\"168\" \/>\n\t<meta property=\"og:image:type\" content=\"image\/jpeg\" \/>\n<meta name=\"author\" content=\"US1\" \/>\n<meta name=\"twitter:card\" content=\"summary_large_image\" \/>\n<meta name=\"twitter:label1\" content=\"Written by\" \/>\n\t<meta name=\"twitter:data1\" content=\"US1\" \/>\n\t<meta name=\"twitter:label2\" content=\"Est. reading time\" \/>\n\t<meta name=\"twitter:data2\" content=\"1 minute\" \/>\n<script type=\"application\/ld+json\" class=\"yoast-schema-graph\">{\"@context\":\"https:\/\/schema.org\",\"@graph\":[{\"@type\":\"WebPage\",\"@id\":\"https:\/\/veritasinfo.org\/?p=10335\",\"url\":\"https:\/\/veritasinfo.org\/?p=10335\",\"name\":\"Liturgjia n\u00eb manastirin e De\u00e7anit sh\u00ebrbehet edhe n\u00eb gjuh\u00ebn shqipe -\",\"isPartOf\":{\"@id\":\"https:\/\/veritasinfo.org\/#website\"},\"primaryImageOfPage\":{\"@id\":\"https:\/\/veritasinfo.org\/?p=10335#primaryimage\"},\"image\":{\"@id\":\"https:\/\/veritasinfo.org\/?p=10335#primaryimage\"},\"thumbnailUrl\":\"https:\/\/veritasinfo.org\/wp-content\/uploads\/2025\/09\/man-i-dec.jpeg\",\"datePublished\":\"2025-09-01T14:20:49+00:00\",\"author\":{\"@id\":\"https:\/\/veritasinfo.org\/#\/schema\/person\/c2b8be262ea994d0995addca692c5e98\"},\"breadcrumb\":{\"@id\":\"https:\/\/veritasinfo.org\/?p=10335#breadcrumb\"},\"inLanguage\":\"en-US\",\"potentialAction\":[{\"@type\":\"ReadAction\",\"target\":[\"https:\/\/veritasinfo.org\/?p=10335\"]}]},{\"@type\":\"ImageObject\",\"inLanguage\":\"en-US\",\"@id\":\"https:\/\/veritasinfo.org\/?p=10335#primaryimage\",\"url\":\"https:\/\/veritasinfo.org\/wp-content\/uploads\/2025\/09\/man-i-dec.jpeg\",\"contentUrl\":\"https:\/\/veritasinfo.org\/wp-content\/uploads\/2025\/09\/man-i-dec.jpeg\",\"width\":300,\"height\":168},{\"@type\":\"BreadcrumbList\",\"@id\":\"https:\/\/veritasinfo.org\/?p=10335#breadcrumb\",\"itemListElement\":[{\"@type\":\"ListItem\",\"position\":1,\"name\":\"Home\",\"item\":\"https:\/\/veritasinfo.org\/\"},{\"@type\":\"ListItem\",\"position\":2,\"name\":\"Liturgjia n\u00eb manastirin e De\u00e7anit sh\u00ebrbehet edhe n\u00eb gjuh\u00ebn shqipe\"}]},{\"@type\":\"WebSite\",\"@id\":\"https:\/\/veritasinfo.org\/#website\",\"url\":\"https:\/\/veritasinfo.org\/\",\"name\":\"\",\"description\":\"\",\"potentialAction\":[{\"@type\":\"SearchAction\",\"target\":{\"@type\":\"EntryPoint\",\"urlTemplate\":\"https:\/\/veritasinfo.org\/?s={search_term_string}\"},\"query-input\":{\"@type\":\"PropertyValueSpecification\",\"valueRequired\":true,\"valueName\":\"search_term_string\"}}],\"inLanguage\":\"en-US\"},{\"@type\":\"Person\",\"@id\":\"https:\/\/veritasinfo.org\/#\/schema\/person\/c2b8be262ea994d0995addca692c5e98\",\"name\":\"US1\",\"image\":{\"@type\":\"ImageObject\",\"inLanguage\":\"en-US\",\"@id\":\"https:\/\/veritasinfo.org\/#\/schema\/person\/image\/\",\"url\":\"https:\/\/secure.gravatar.com\/avatar\/4e96a59bd256abf9956eb9963ac891a47461ffb364d47b0e9aab113328fdb75b?s=96&d=mm&r=g\",\"contentUrl\":\"https:\/\/secure.gravatar.com\/avatar\/4e96a59bd256abf9956eb9963ac891a47461ffb364d47b0e9aab113328fdb75b?s=96&d=mm&r=g\",\"caption\":\"US1\"},\"url\":\"https:\/\/veritasinfo.org\/?author=2\"}]}<\/script>\n<!-- \/ Yoast SEO plugin. -->","yoast_head_json":{"title":"Liturgjia n\u00eb manastirin e De\u00e7anit sh\u00ebrbehet edhe n\u00eb gjuh\u00ebn shqipe -","robots":{"index":"index","follow":"follow","max-snippet":"max-snippet:-1","max-image-preview":"max-image-preview:large","max-video-preview":"max-video-preview:-1"},"canonical":"https:\/\/veritasinfo.org\/?p=10335","og_locale":"en_US","og_type":"article","og_title":"Liturgjia n\u00eb manastirin e De\u00e7anit sh\u00ebrbehet edhe n\u00eb gjuh\u00ebn shqipe -","og_description":"De\u00e7an, 1 shtator 2025 Fundjav\u00ebn e kaluar, n\u00eb manastirin e De\u00e7anit u mbajt nj\u00eb liturgji, e cila, p\u00ebrve\u00e7 serbishtes, u sh\u00ebrbeu edhe n\u00eb gjuh\u00ebn shqipe","og_url":"https:\/\/veritasinfo.org\/?p=10335","article_published_time":"2025-09-01T14:20:49+00:00","og_image":[{"width":300,"height":168,"url":"https:\/\/veritasinfo.org\/wp-content\/uploads\/2025\/09\/man-i-dec.jpeg","type":"image\/jpeg"}],"author":"US1","twitter_card":"summary_large_image","twitter_misc":{"Written by":"US1","Est. reading time":"1 minute"},"schema":{"@context":"https:\/\/schema.org","@graph":[{"@type":"WebPage","@id":"https:\/\/veritasinfo.org\/?p=10335","url":"https:\/\/veritasinfo.org\/?p=10335","name":"Liturgjia n\u00eb manastirin e De\u00e7anit sh\u00ebrbehet edhe n\u00eb gjuh\u00ebn shqipe -","isPartOf":{"@id":"https:\/\/veritasinfo.org\/#website"},"primaryImageOfPage":{"@id":"https:\/\/veritasinfo.org\/?p=10335#primaryimage"},"image":{"@id":"https:\/\/veritasinfo.org\/?p=10335#primaryimage"},"thumbnailUrl":"https:\/\/veritasinfo.org\/wp-content\/uploads\/2025\/09\/man-i-dec.jpeg","datePublished":"2025-09-01T14:20:49+00:00","author":{"@id":"https:\/\/veritasinfo.org\/#\/schema\/person\/c2b8be262ea994d0995addca692c5e98"},"breadcrumb":{"@id":"https:\/\/veritasinfo.org\/?p=10335#breadcrumb"},"inLanguage":"en-US","potentialAction":[{"@type":"ReadAction","target":["https:\/\/veritasinfo.org\/?p=10335"]}]},{"@type":"ImageObject","inLanguage":"en-US","@id":"https:\/\/veritasinfo.org\/?p=10335#primaryimage","url":"https:\/\/veritasinfo.org\/wp-content\/uploads\/2025\/09\/man-i-dec.jpeg","contentUrl":"https:\/\/veritasinfo.org\/wp-content\/uploads\/2025\/09\/man-i-dec.jpeg","width":300,"height":168},{"@type":"BreadcrumbList","@id":"https:\/\/veritasinfo.org\/?p=10335#breadcrumb","itemListElement":[{"@type":"ListItem","position":1,"name":"Home","item":"https:\/\/veritasinfo.org\/"},{"@type":"ListItem","position":2,"name":"Liturgjia n\u00eb manastirin e De\u00e7anit sh\u00ebrbehet edhe n\u00eb gjuh\u00ebn shqipe"}]},{"@type":"WebSite","@id":"https:\/\/veritasinfo.org\/#website","url":"https:\/\/veritasinfo.org\/","name":"","description":"","potentialAction":[{"@type":"SearchAction","target":{"@type":"EntryPoint","urlTemplate":"https:\/\/veritasinfo.org\/?s={search_term_string}"},"query-input":{"@type":"PropertyValueSpecification","valueRequired":true,"valueName":"search_term_string"}}],"inLanguage":"en-US"},{"@type":"Person","@id":"https:\/\/veritasinfo.org\/#\/schema\/person\/c2b8be262ea994d0995addca692c5e98","name":"US1","image":{"@type":"ImageObject","inLanguage":"en-US","@id":"https:\/\/veritasinfo.org\/#\/schema\/person\/image\/","url":"https:\/\/secure.gravatar.com\/avatar\/4e96a59bd256abf9956eb9963ac891a47461ffb364d47b0e9aab113328fdb75b?s=96&d=mm&r=g","contentUrl":"https:\/\/secure.gravatar.com\/avatar\/4e96a59bd256abf9956eb9963ac891a47461ffb364d47b0e9aab113328fdb75b?s=96&d=mm&r=g","caption":"US1"},"url":"https:\/\/veritasinfo.org\/?author=2"}]}},"featured_image_urls":{"full":["https:\/\/veritasinfo.org\/wp-content\/uploads\/2025\/09\/man-i-dec.jpeg",300,168,false],"thumbnail":["https:\/\/veritasinfo.org\/wp-content\/uploads\/2025\/09\/man-i-dec-150x150.jpeg",150,150,true],"medium":["https:\/\/veritasinfo.org\/wp-content\/uploads\/2025\/09\/man-i-dec.jpeg",300,168,false],"medium_large":["https:\/\/veritasinfo.org\/wp-content\/uploads\/2025\/09\/man-i-dec.jpeg",300,168,false],"large":["https:\/\/veritasinfo.org\/wp-content\/uploads\/2025\/09\/man-i-dec.jpeg",300,168,false],"1536x1536":["https:\/\/veritasinfo.org\/wp-content\/uploads\/2025\/09\/man-i-dec.jpeg",300,168,false],"2048x2048":["https:\/\/veritasinfo.org\/wp-content\/uploads\/2025\/09\/man-i-dec.jpeg",300,168,false],"kreeti-slider-full":["https:\/\/veritasinfo.org\/wp-content\/uploads\/2025\/09\/man-i-dec.jpeg",300,168,false],"kreeti-featured":["https:\/\/veritasinfo.org\/wp-content\/uploads\/2025\/09\/man-i-dec.jpeg",300,168,false],"kreeti-medium":["https:\/\/veritasinfo.org\/wp-content\/uploads\/2025\/09\/man-i-dec.jpeg",300,168,false],"kreeti-medium-square":["https:\/\/veritasinfo.org\/wp-content\/uploads\/2025\/09\/man-i-dec.jpeg",300,168,false]},"author_info":{"info":["US1"]},"category_info":"<a href=\"https:\/\/veritasinfo.org\/?cat=60\" rel=\"category\">Shoq\u00ebrore<\/a>","tag_info":"Shoq\u00ebrore","comment_count":"0","_links":{"self":[{"href":"https:\/\/veritasinfo.org\/index.php?rest_route=\/wp\/v2\/posts\/10335","targetHints":{"allow":["GET"]}}],"collection":[{"href":"https:\/\/veritasinfo.org\/index.php?rest_route=\/wp\/v2\/posts"}],"about":[{"href":"https:\/\/veritasinfo.org\/index.php?rest_route=\/wp\/v2\/types\/post"}],"author":[{"embeddable":true,"href":"https:\/\/veritasinfo.org\/index.php?rest_route=\/wp\/v2\/users\/2"}],"replies":[{"embeddable":true,"href":"https:\/\/veritasinfo.org\/index.php?rest_route=%2Fwp%2Fv2%2Fcomments&post=10335"}],"version-history":[{"count":1,"href":"https:\/\/veritasinfo.org\/index.php?rest_route=\/wp\/v2\/posts\/10335\/revisions"}],"predecessor-version":[{"id":10337,"href":"https:\/\/veritasinfo.org\/index.php?rest_route=\/wp\/v2\/posts\/10335\/revisions\/10337"}],"wp:featuredmedia":[{"embeddable":true,"href":"https:\/\/veritasinfo.org\/index.php?rest_route=\/wp\/v2\/media\/10336"}],"wp:attachment":[{"href":"https:\/\/veritasinfo.org\/index.php?rest_route=%2Fwp%2Fv2%2Fmedia&parent=10335"}],"wp:term":[{"taxonomy":"category","embeddable":true,"href":"https:\/\/veritasinfo.org\/index.php?rest_route=%2Fwp%2Fv2%2Fcategories&post=10335"},{"taxonomy":"post_tag","embeddable":true,"href":"https:\/\/veritasinfo.org\/index.php?rest_route=%2Fwp%2Fv2%2Ftags&post=10335"}],"curies":[{"name":"wp","href":"https:\/\/api.w.org\/{rel}","templated":true}]}}