{"id":10319,"date":"2025-09-01T14:11:41","date_gmt":"2025-09-01T12:11:41","guid":{"rendered":"https:\/\/veritasinfo.org\/?p=10319"},"modified":"2025-09-01T14:11:41","modified_gmt":"2025-09-01T12:11:41","slug":"basha-per-artikullin-kunder-uck-se-kam-kerkuar-qe-emri-im-te-hiqet-nga-punimi","status":"publish","type":"post","link":"https:\/\/veritasinfo.org\/?p=10319","title":{"rendered":"Basha p\u00ebr artikullin kund\u00ebr U\u00c7K-s\u00eb: Kam k\u00ebrkuar q\u00eb emri im t\u00eb hiqet nga punimi"},"content":{"rendered":"<p><strong>Prishtin\u00eb, 01 shtator 2025<\/strong><\/p>\n<p>Kryetari i Kuvendit, Dimal Basha ka folur s\u00ebrish p\u00ebr artikullin kund\u00ebr U\u00c7K-s\u00eb.<\/p>\n<p>Ai ka k\u00ebrkuar falje p\u00ebr si\u00e7 ka th\u00ebn\u00eb \u201cpakujdesin\u00eb\u201d e tij duke shtuar se ka k\u00ebrkuar t\u00eb hiqet kapitulli i punuar nga ai n\u00eb at\u00eb punim, e po ashtu edhe emri i tij.<\/p>\n<p>\u201cK\u00ebrkoj falje p\u00ebr pakujdesin\u00eb time. Duhet ta pranoj q\u00eb kam qen\u00eb i pakujdessh\u00ebm dhe i pav\u00ebmendsh\u00ebm. Un\u00eb kam k\u00ebrkuar q\u00eb t\u00eb t\u00ebrhiqet kapitulli dhe emri im nga punimi. Un\u00eb nuk kam t\u00eb b\u00ebj\u00eb asgj\u00eb me k\u00ebt\u00eb. Un\u00eb k\u00ebrkoj falje p\u00ebr pav\u00ebmendjen time, por askush nuk mund ta v\u00eb n\u00eb dilem\u00eb atdhetarizmin tim\u201d, ka th\u00ebn\u00eb ai.<\/p>\n<p>Kryetari i Kuvendit, Dimal Basha, \u00ebsht\u00eb kritikuar si bashkautor i nj\u00eb teksti n\u00eb t\u00eb cilin shkruhej nd\u00ebr t\u00eb tjera se U\u00c7K-ja u financua nga trafikant\u00ebt e drog\u00ebs. Ndon\u00ebse nuk \u00ebsht\u00eb fare i ndar\u00eb n\u00eb kapituj, Basha deklaroi se pjes\u00ebn ku pretendohet nj\u00eb gj\u00eb e till\u00eb e ka shkruar bashkautorja Jana Arsovska. Pas kritikave t\u00eb shumta q\u00eb i mori n\u00eb publik p\u00ebr artikullin, Basha pati th\u00ebn\u00eb se e vetmja pjes\u00eb q\u00eb e ka shkruar ai \u00ebsht\u00eb kapitulli mbi fundamentalizmin islamik.<\/p>\n","protected":false},"excerpt":{"rendered":"<p>Prishtin\u00eb, 01 shtator 2025 Kryetari i Kuvendit, Dimal Basha ka folur s\u00ebrish p\u00ebr artikullin kund\u00ebr U\u00c7K-s\u00eb. Ai ka k\u00ebrkuar falje p\u00ebr si\u00e7 ka th\u00ebn\u00eb \u201cpakujdesin\u00eb\u201d<\/p>\n","protected":false},"author":2,"featured_media":10321,"comment_status":"open","ping_status":"open","sticky":false,"template":"","format":"standard","meta":{"footnotes":""},"categories":[58],"tags":[],"class_list":["post-10319","post","type-post","status-publish","format-standard","has-post-thumbnail","hentry","category-politike-sq"],"yoast_head":"<!-- This site is optimized with the Yoast SEO plugin v25.3.1 - https:\/\/yoast.com\/wordpress\/plugins\/seo\/ -->\n<title>Basha p\u00ebr artikullin kund\u00ebr U\u00c7K-s\u00eb: Kam k\u00ebrkuar q\u00eb emri im t\u00eb hiqet nga punimi -<\/title>\n<meta name=\"robots\" content=\"index, follow, max-snippet:-1, max-image-preview:large, max-video-preview:-1\" \/>\n<link rel=\"canonical\" href=\"https:\/\/veritasinfo.org\/?p=10319\" \/>\n<meta property=\"og:locale\" content=\"en_US\" \/>\n<meta property=\"og:type\" content=\"article\" \/>\n<meta property=\"og:title\" content=\"Basha p\u00ebr artikullin kund\u00ebr U\u00c7K-s\u00eb: Kam k\u00ebrkuar q\u00eb emri im t\u00eb hiqet nga punimi -\" \/>\n<meta property=\"og:description\" content=\"Prishtin\u00eb, 01 shtator 2025 Kryetari i Kuvendit, Dimal Basha ka folur s\u00ebrish p\u00ebr artikullin kund\u00ebr U\u00c7K-s\u00eb. Ai ka k\u00ebrkuar falje p\u00ebr si\u00e7 ka th\u00ebn\u00eb \u201cpakujdesin\u00eb\u201d\" \/>\n<meta property=\"og:url\" content=\"https:\/\/veritasinfo.org\/?p=10319\" \/>\n<meta property=\"article:published_time\" content=\"2025-09-01T12:11:41+00:00\" \/>\n<meta property=\"og:image\" content=\"https:\/\/veritasinfo.org\/wp-content\/uploads\/2025\/09\/Basha-dimal.jpg\" \/>\n\t<meta property=\"og:image:width\" content=\"1039\" \/>\n\t<meta property=\"og:image:height\" content=\"673\" \/>\n\t<meta property=\"og:image:type\" content=\"image\/jpeg\" \/>\n<meta name=\"author\" content=\"US1\" \/>\n<meta name=\"twitter:card\" content=\"summary_large_image\" \/>\n<meta name=\"twitter:label1\" content=\"Written by\" \/>\n\t<meta name=\"twitter:data1\" content=\"US1\" \/>\n\t<meta name=\"twitter:label2\" content=\"Est. reading time\" \/>\n\t<meta name=\"twitter:data2\" content=\"1 minute\" \/>\n<script type=\"application\/ld+json\" class=\"yoast-schema-graph\">{\"@context\":\"https:\/\/schema.org\",\"@graph\":[{\"@type\":\"WebPage\",\"@id\":\"https:\/\/veritasinfo.org\/?p=10319\",\"url\":\"https:\/\/veritasinfo.org\/?p=10319\",\"name\":\"Basha p\u00ebr artikullin kund\u00ebr U\u00c7K-s\u00eb: Kam k\u00ebrkuar q\u00eb emri im t\u00eb hiqet nga punimi -\",\"isPartOf\":{\"@id\":\"https:\/\/veritasinfo.org\/#website\"},\"primaryImageOfPage\":{\"@id\":\"https:\/\/veritasinfo.org\/?p=10319#primaryimage\"},\"image\":{\"@id\":\"https:\/\/veritasinfo.org\/?p=10319#primaryimage\"},\"thumbnailUrl\":\"https:\/\/veritasinfo.org\/wp-content\/uploads\/2025\/09\/Basha-dimal.jpg\",\"datePublished\":\"2025-09-01T12:11:41+00:00\",\"author\":{\"@id\":\"https:\/\/veritasinfo.org\/#\/schema\/person\/c2b8be262ea994d0995addca692c5e98\"},\"breadcrumb\":{\"@id\":\"https:\/\/veritasinfo.org\/?p=10319#breadcrumb\"},\"inLanguage\":\"en-US\",\"potentialAction\":[{\"@type\":\"ReadAction\",\"target\":[\"https:\/\/veritasinfo.org\/?p=10319\"]}]},{\"@type\":\"ImageObject\",\"inLanguage\":\"en-US\",\"@id\":\"https:\/\/veritasinfo.org\/?p=10319#primaryimage\",\"url\":\"https:\/\/veritasinfo.org\/wp-content\/uploads\/2025\/09\/Basha-dimal.jpg\",\"contentUrl\":\"https:\/\/veritasinfo.org\/wp-content\/uploads\/2025\/09\/Basha-dimal.jpg\",\"width\":1039,\"height\":673},{\"@type\":\"BreadcrumbList\",\"@id\":\"https:\/\/veritasinfo.org\/?p=10319#breadcrumb\",\"itemListElement\":[{\"@type\":\"ListItem\",\"position\":1,\"name\":\"Home\",\"item\":\"https:\/\/veritasinfo.org\/\"},{\"@type\":\"ListItem\",\"position\":2,\"name\":\"Basha p\u00ebr artikullin kund\u00ebr U\u00c7K-s\u00eb: Kam k\u00ebrkuar q\u00eb emri im t\u00eb hiqet nga punimi\"}]},{\"@type\":\"WebSite\",\"@id\":\"https:\/\/veritasinfo.org\/#website\",\"url\":\"https:\/\/veritasinfo.org\/\",\"name\":\"\",\"description\":\"\",\"potentialAction\":[{\"@type\":\"SearchAction\",\"target\":{\"@type\":\"EntryPoint\",\"urlTemplate\":\"https:\/\/veritasinfo.org\/?s={search_term_string}\"},\"query-input\":{\"@type\":\"PropertyValueSpecification\",\"valueRequired\":true,\"valueName\":\"search_term_string\"}}],\"inLanguage\":\"en-US\"},{\"@type\":\"Person\",\"@id\":\"https:\/\/veritasinfo.org\/#\/schema\/person\/c2b8be262ea994d0995addca692c5e98\",\"name\":\"US1\",\"image\":{\"@type\":\"ImageObject\",\"inLanguage\":\"en-US\",\"@id\":\"https:\/\/veritasinfo.org\/#\/schema\/person\/image\/\",\"url\":\"https:\/\/secure.gravatar.com\/avatar\/4e96a59bd256abf9956eb9963ac891a47461ffb364d47b0e9aab113328fdb75b?s=96&d=mm&r=g\",\"contentUrl\":\"https:\/\/secure.gravatar.com\/avatar\/4e96a59bd256abf9956eb9963ac891a47461ffb364d47b0e9aab113328fdb75b?s=96&d=mm&r=g\",\"caption\":\"US1\"},\"url\":\"https:\/\/veritasinfo.org\/?author=2\"}]}<\/script>\n<!-- \/ Yoast SEO plugin. -->","yoast_head_json":{"title":"Basha p\u00ebr artikullin kund\u00ebr U\u00c7K-s\u00eb: Kam k\u00ebrkuar q\u00eb emri im t\u00eb hiqet nga punimi -","robots":{"index":"index","follow":"follow","max-snippet":"max-snippet:-1","max-image-preview":"max-image-preview:large","max-video-preview":"max-video-preview:-1"},"canonical":"https:\/\/veritasinfo.org\/?p=10319","og_locale":"en_US","og_type":"article","og_title":"Basha p\u00ebr artikullin kund\u00ebr U\u00c7K-s\u00eb: Kam k\u00ebrkuar q\u00eb emri im t\u00eb hiqet nga punimi -","og_description":"Prishtin\u00eb, 01 shtator 2025 Kryetari i Kuvendit, Dimal Basha ka folur s\u00ebrish p\u00ebr artikullin kund\u00ebr U\u00c7K-s\u00eb. Ai ka k\u00ebrkuar falje p\u00ebr si\u00e7 ka th\u00ebn\u00eb \u201cpakujdesin\u00eb\u201d","og_url":"https:\/\/veritasinfo.org\/?p=10319","article_published_time":"2025-09-01T12:11:41+00:00","og_image":[{"width":1039,"height":673,"url":"https:\/\/veritasinfo.org\/wp-content\/uploads\/2025\/09\/Basha-dimal.jpg","type":"image\/jpeg"}],"author":"US1","twitter_card":"summary_large_image","twitter_misc":{"Written by":"US1","Est. reading time":"1 minute"},"schema":{"@context":"https:\/\/schema.org","@graph":[{"@type":"WebPage","@id":"https:\/\/veritasinfo.org\/?p=10319","url":"https:\/\/veritasinfo.org\/?p=10319","name":"Basha p\u00ebr artikullin kund\u00ebr U\u00c7K-s\u00eb: Kam k\u00ebrkuar q\u00eb emri im t\u00eb hiqet nga punimi -","isPartOf":{"@id":"https:\/\/veritasinfo.org\/#website"},"primaryImageOfPage":{"@id":"https:\/\/veritasinfo.org\/?p=10319#primaryimage"},"image":{"@id":"https:\/\/veritasinfo.org\/?p=10319#primaryimage"},"thumbnailUrl":"https:\/\/veritasinfo.org\/wp-content\/uploads\/2025\/09\/Basha-dimal.jpg","datePublished":"2025-09-01T12:11:41+00:00","author":{"@id":"https:\/\/veritasinfo.org\/#\/schema\/person\/c2b8be262ea994d0995addca692c5e98"},"breadcrumb":{"@id":"https:\/\/veritasinfo.org\/?p=10319#breadcrumb"},"inLanguage":"en-US","potentialAction":[{"@type":"ReadAction","target":["https:\/\/veritasinfo.org\/?p=10319"]}]},{"@type":"ImageObject","inLanguage":"en-US","@id":"https:\/\/veritasinfo.org\/?p=10319#primaryimage","url":"https:\/\/veritasinfo.org\/wp-content\/uploads\/2025\/09\/Basha-dimal.jpg","contentUrl":"https:\/\/veritasinfo.org\/wp-content\/uploads\/2025\/09\/Basha-dimal.jpg","width":1039,"height":673},{"@type":"BreadcrumbList","@id":"https:\/\/veritasinfo.org\/?p=10319#breadcrumb","itemListElement":[{"@type":"ListItem","position":1,"name":"Home","item":"https:\/\/veritasinfo.org\/"},{"@type":"ListItem","position":2,"name":"Basha p\u00ebr artikullin kund\u00ebr U\u00c7K-s\u00eb: Kam k\u00ebrkuar q\u00eb emri im t\u00eb hiqet nga punimi"}]},{"@type":"WebSite","@id":"https:\/\/veritasinfo.org\/#website","url":"https:\/\/veritasinfo.org\/","name":"","description":"","potentialAction":[{"@type":"SearchAction","target":{"@type":"EntryPoint","urlTemplate":"https:\/\/veritasinfo.org\/?s={search_term_string}"},"query-input":{"@type":"PropertyValueSpecification","valueRequired":true,"valueName":"search_term_string"}}],"inLanguage":"en-US"},{"@type":"Person","@id":"https:\/\/veritasinfo.org\/#\/schema\/person\/c2b8be262ea994d0995addca692c5e98","name":"US1","image":{"@type":"ImageObject","inLanguage":"en-US","@id":"https:\/\/veritasinfo.org\/#\/schema\/person\/image\/","url":"https:\/\/secure.gravatar.com\/avatar\/4e96a59bd256abf9956eb9963ac891a47461ffb364d47b0e9aab113328fdb75b?s=96&d=mm&r=g","contentUrl":"https:\/\/secure.gravatar.com\/avatar\/4e96a59bd256abf9956eb9963ac891a47461ffb364d47b0e9aab113328fdb75b?s=96&d=mm&r=g","caption":"US1"},"url":"https:\/\/veritasinfo.org\/?author=2"}]}},"featured_image_urls":{"full":["https:\/\/veritasinfo.org\/wp-content\/uploads\/2025\/09\/Basha-dimal.jpg",1039,673,false],"thumbnail":["https:\/\/veritasinfo.org\/wp-content\/uploads\/2025\/09\/Basha-dimal-150x150.jpg",150,150,true],"medium":["https:\/\/veritasinfo.org\/wp-content\/uploads\/2025\/09\/Basha-dimal-300x194.jpg",300,194,true],"medium_large":["https:\/\/veritasinfo.org\/wp-content\/uploads\/2025\/09\/Basha-dimal-768x497.jpg",640,414,true],"large":["https:\/\/veritasinfo.org\/wp-content\/uploads\/2025\/09\/Basha-dimal-1024x663.jpg",640,414,true],"1536x1536":["https:\/\/veritasinfo.org\/wp-content\/uploads\/2025\/09\/Basha-dimal.jpg",1039,673,false],"2048x2048":["https:\/\/veritasinfo.org\/wp-content\/uploads\/2025\/09\/Basha-dimal.jpg",1039,673,false],"kreeti-slider-full":["https:\/\/veritasinfo.org\/wp-content\/uploads\/2025\/09\/Basha-dimal.jpg",1039,673,false],"kreeti-featured":["https:\/\/veritasinfo.org\/wp-content\/uploads\/2025\/09\/Basha-dimal.jpg",1024,663,false],"kreeti-medium":["https:\/\/veritasinfo.org\/wp-content\/uploads\/2025\/09\/Basha-dimal.jpg",720,466,false],"kreeti-medium-square":["https:\/\/veritasinfo.org\/wp-content\/uploads\/2025\/09\/Basha-dimal.jpg",350,227,false]},"author_info":{"info":["US1"]},"category_info":"<a href=\"https:\/\/veritasinfo.org\/?cat=58\" rel=\"category\">Politik\u00eb<\/a>","tag_info":"Politik\u00eb","comment_count":"0","_links":{"self":[{"href":"https:\/\/veritasinfo.org\/index.php?rest_route=\/wp\/v2\/posts\/10319","targetHints":{"allow":["GET"]}}],"collection":[{"href":"https:\/\/veritasinfo.org\/index.php?rest_route=\/wp\/v2\/posts"}],"about":[{"href":"https:\/\/veritasinfo.org\/index.php?rest_route=\/wp\/v2\/types\/post"}],"author":[{"embeddable":true,"href":"https:\/\/veritasinfo.org\/index.php?rest_route=\/wp\/v2\/users\/2"}],"replies":[{"embeddable":true,"href":"https:\/\/veritasinfo.org\/index.php?rest_route=%2Fwp%2Fv2%2Fcomments&post=10319"}],"version-history":[{"count":1,"href":"https:\/\/veritasinfo.org\/index.php?rest_route=\/wp\/v2\/posts\/10319\/revisions"}],"predecessor-version":[{"id":10322,"href":"https:\/\/veritasinfo.org\/index.php?rest_route=\/wp\/v2\/posts\/10319\/revisions\/10322"}],"wp:featuredmedia":[{"embeddable":true,"href":"https:\/\/veritasinfo.org\/index.php?rest_route=\/wp\/v2\/media\/10321"}],"wp:attachment":[{"href":"https:\/\/veritasinfo.org\/index.php?rest_route=%2Fwp%2Fv2%2Fmedia&parent=10319"}],"wp:term":[{"taxonomy":"category","embeddable":true,"href":"https:\/\/veritasinfo.org\/index.php?rest_route=%2Fwp%2Fv2%2Fcategories&post=10319"},{"taxonomy":"post_tag","embeddable":true,"href":"https:\/\/veritasinfo.org\/index.php?rest_route=%2Fwp%2Fv2%2Ftags&post=10319"}],"curies":[{"name":"wp","href":"https:\/\/api.w.org\/{rel}","templated":true}]}}