{"id":10314,"date":"2025-09-01T14:03:40","date_gmt":"2025-09-01T12:03:40","guid":{"rendered":"https:\/\/veritasinfo.org\/?p=10314"},"modified":"2025-09-01T14:03:40","modified_gmt":"2025-09-01T12:03:40","slug":"foda-e-njohim-zvicren-mund-te-marrim-rezultat-pozitiv","status":"publish","type":"post","link":"https:\/\/veritasinfo.org\/?p=10314","title":{"rendered":"Foda: E njohim Zvicr\u00ebn, mund t\u00eb marrim rezultat pozitiv"},"content":{"rendered":"<p><strong>Prishtin\u00eb, 01 shtator 2025<\/strong><\/p>\n<p>P\u00ebrzgjedh\u00ebsi i Komb\u00ebtares s\u00eb Kosov\u00ebs, Franco Foda, t\u00eb h\u00ebn\u00ebn n\u00eb konferenc\u00ebn e par\u00eb para ndeshjeve t\u00eb shtatorit, ka th\u00ebn\u00eb se duelet kund\u00ebr Zvicr\u00ebs dhe Suedis\u00eb, jan\u00eb ndeshje t\u00eb v\u00ebshtira, por ai \u00ebsht\u00eb shprehur i bindur se Dardan\u00ebt do t\u00eb japin m\u00eb mir\u00ebn k\u00ebto dy ndeshje.<\/p>\n<p>Kosova m\u00eb 5 shtator luan kund\u00ebr Zvicr\u00ebs n\u00eb Bazel, derisa tri dit\u00eb m\u00eb von\u00eb n\u00eb \u2018Fadil Vokrri\u2019 do t\u00eb p\u00ebrballet me Suedin\u00eb, sfida k\u00ebto q\u00eb do t\u00eb luhen n\u00eb kuad\u00ebr t\u00eb kualifikueseve p\u00ebr Kup\u00ebn e Bot\u00ebs 2026\u2019.<\/p>\n<p>Strategu gjerman i komb\u00ebtares son\u00eb, fillimisht tregoi se Edon Zhegrova p\u00ebr shkak t\u00eb procedurave t\u00eb transferimit t\u00eb tij n\u00eb Juventus, nuk do t\u00eb mund t\u00eb grumbullohet p\u00ebr k\u00ebto dy ndeshje.<\/p>\n<p>Ai thot\u00eb se n\u00ebse Kosova luan si ekip i bashkuar, do t\u00eb marr rezultat pozitiv n\u00eb duel me Zvicr\u00ebn. Sipas tij, Kosova e njeh mir\u00eb skuadr\u00ebn zvicerane.<\/p>\n<p>\u201cSe a do t\u00eb fitojm\u00eb apo jo do t\u00eb shihet t\u00eb premten. Nuk jam parashikues. Por kemi besim, kemi treguar kualitet n\u00eb ndeshjet e kaluara. E njohim mir\u00eb Zvicr\u00ebn, i njohim mir\u00eb pikat e forta dhe t\u00eb dob\u00ebta t\u00eb saj. N\u00ebse paraqitemi si ekip, t\u00eb bashkuar, dhe n\u00ebse i zbatojm\u00eb t\u00eb gjitha n\u00eb fush\u00eb mund t\u00eb arrijm\u00eb fitore apo t\u00eb pakt\u00ebn barazim\u201d, ka theksuar Foda.<\/p>\n<p>Kosova sot n\u00eb Kampin Nacional n\u00eb Hajvali, do t\u00eb zhvilloj\u00eb seanc\u00ebn e par\u00eb para dueleve t\u00eb shtatorit.<\/p>\n","protected":false},"excerpt":{"rendered":"<p>Prishtin\u00eb, 01 shtator 2025 P\u00ebrzgjedh\u00ebsi i Komb\u00ebtares s\u00eb Kosov\u00ebs, Franco Foda, t\u00eb h\u00ebn\u00ebn n\u00eb konferenc\u00ebn e par\u00eb para ndeshjeve t\u00eb shtatorit, ka th\u00ebn\u00eb se duelet<\/p>\n","protected":false},"author":2,"featured_media":10315,"comment_status":"open","ping_status":"open","sticky":false,"template":"","format":"standard","meta":{"footnotes":""},"categories":[5],"tags":[],"class_list":["post-10314","post","type-post","status-publish","format-standard","has-post-thumbnail","hentry","category-sport-sq"],"yoast_head":"<!-- This site is optimized with the Yoast SEO plugin v25.3.1 - https:\/\/yoast.com\/wordpress\/plugins\/seo\/ -->\n<title>Foda: E njohim Zvicr\u00ebn, mund t\u00eb marrim rezultat pozitiv -<\/title>\n<meta name=\"robots\" content=\"index, follow, max-snippet:-1, max-image-preview:large, max-video-preview:-1\" \/>\n<link rel=\"canonical\" href=\"https:\/\/veritasinfo.org\/?p=10314\" \/>\n<meta property=\"og:locale\" content=\"en_US\" \/>\n<meta property=\"og:type\" content=\"article\" \/>\n<meta property=\"og:title\" content=\"Foda: E njohim Zvicr\u00ebn, mund t\u00eb marrim rezultat pozitiv -\" \/>\n<meta property=\"og:description\" content=\"Prishtin\u00eb, 01 shtator 2025 P\u00ebrzgjedh\u00ebsi i Komb\u00ebtares s\u00eb Kosov\u00ebs, Franco Foda, t\u00eb h\u00ebn\u00ebn n\u00eb konferenc\u00ebn e par\u00eb para ndeshjeve t\u00eb shtatorit, ka th\u00ebn\u00eb se duelet\" \/>\n<meta property=\"og:url\" content=\"https:\/\/veritasinfo.org\/?p=10314\" \/>\n<meta property=\"article:published_time\" content=\"2025-09-01T12:03:40+00:00\" \/>\n<meta property=\"og:image\" content=\"https:\/\/veritasinfo.org\/wp-content\/uploads\/2025\/09\/foda.webp\" \/>\n\t<meta property=\"og:image:width\" content=\"860\" \/>\n\t<meta property=\"og:image:height\" content=\"550\" \/>\n\t<meta property=\"og:image:type\" content=\"image\/webp\" \/>\n<meta name=\"author\" content=\"US1\" \/>\n<meta name=\"twitter:card\" content=\"summary_large_image\" \/>\n<meta name=\"twitter:label1\" content=\"Written by\" \/>\n\t<meta name=\"twitter:data1\" content=\"US1\" \/>\n\t<meta name=\"twitter:label2\" content=\"Est. reading time\" \/>\n\t<meta name=\"twitter:data2\" content=\"1 minute\" \/>\n<script type=\"application\/ld+json\" class=\"yoast-schema-graph\">{\"@context\":\"https:\/\/schema.org\",\"@graph\":[{\"@type\":\"WebPage\",\"@id\":\"https:\/\/veritasinfo.org\/?p=10314\",\"url\":\"https:\/\/veritasinfo.org\/?p=10314\",\"name\":\"Foda: E njohim Zvicr\u00ebn, mund t\u00eb marrim rezultat pozitiv -\",\"isPartOf\":{\"@id\":\"https:\/\/veritasinfo.org\/#website\"},\"primaryImageOfPage\":{\"@id\":\"https:\/\/veritasinfo.org\/?p=10314#primaryimage\"},\"image\":{\"@id\":\"https:\/\/veritasinfo.org\/?p=10314#primaryimage\"},\"thumbnailUrl\":\"https:\/\/veritasinfo.org\/wp-content\/uploads\/2025\/09\/foda.webp\",\"datePublished\":\"2025-09-01T12:03:40+00:00\",\"author\":{\"@id\":\"https:\/\/veritasinfo.org\/#\/schema\/person\/c2b8be262ea994d0995addca692c5e98\"},\"breadcrumb\":{\"@id\":\"https:\/\/veritasinfo.org\/?p=10314#breadcrumb\"},\"inLanguage\":\"en-US\",\"potentialAction\":[{\"@type\":\"ReadAction\",\"target\":[\"https:\/\/veritasinfo.org\/?p=10314\"]}]},{\"@type\":\"ImageObject\",\"inLanguage\":\"en-US\",\"@id\":\"https:\/\/veritasinfo.org\/?p=10314#primaryimage\",\"url\":\"https:\/\/veritasinfo.org\/wp-content\/uploads\/2025\/09\/foda.webp\",\"contentUrl\":\"https:\/\/veritasinfo.org\/wp-content\/uploads\/2025\/09\/foda.webp\",\"width\":860,\"height\":550},{\"@type\":\"BreadcrumbList\",\"@id\":\"https:\/\/veritasinfo.org\/?p=10314#breadcrumb\",\"itemListElement\":[{\"@type\":\"ListItem\",\"position\":1,\"name\":\"Home\",\"item\":\"https:\/\/veritasinfo.org\/\"},{\"@type\":\"ListItem\",\"position\":2,\"name\":\"Foda: E njohim Zvicr\u00ebn, mund t\u00eb marrim rezultat pozitiv\"}]},{\"@type\":\"WebSite\",\"@id\":\"https:\/\/veritasinfo.org\/#website\",\"url\":\"https:\/\/veritasinfo.org\/\",\"name\":\"\",\"description\":\"\",\"potentialAction\":[{\"@type\":\"SearchAction\",\"target\":{\"@type\":\"EntryPoint\",\"urlTemplate\":\"https:\/\/veritasinfo.org\/?s={search_term_string}\"},\"query-input\":{\"@type\":\"PropertyValueSpecification\",\"valueRequired\":true,\"valueName\":\"search_term_string\"}}],\"inLanguage\":\"en-US\"},{\"@type\":\"Person\",\"@id\":\"https:\/\/veritasinfo.org\/#\/schema\/person\/c2b8be262ea994d0995addca692c5e98\",\"name\":\"US1\",\"image\":{\"@type\":\"ImageObject\",\"inLanguage\":\"en-US\",\"@id\":\"https:\/\/veritasinfo.org\/#\/schema\/person\/image\/\",\"url\":\"https:\/\/secure.gravatar.com\/avatar\/4e96a59bd256abf9956eb9963ac891a47461ffb364d47b0e9aab113328fdb75b?s=96&d=mm&r=g\",\"contentUrl\":\"https:\/\/secure.gravatar.com\/avatar\/4e96a59bd256abf9956eb9963ac891a47461ffb364d47b0e9aab113328fdb75b?s=96&d=mm&r=g\",\"caption\":\"US1\"},\"url\":\"https:\/\/veritasinfo.org\/?author=2\"}]}<\/script>\n<!-- \/ Yoast SEO plugin. -->","yoast_head_json":{"title":"Foda: E njohim Zvicr\u00ebn, mund t\u00eb marrim rezultat pozitiv -","robots":{"index":"index","follow":"follow","max-snippet":"max-snippet:-1","max-image-preview":"max-image-preview:large","max-video-preview":"max-video-preview:-1"},"canonical":"https:\/\/veritasinfo.org\/?p=10314","og_locale":"en_US","og_type":"article","og_title":"Foda: E njohim Zvicr\u00ebn, mund t\u00eb marrim rezultat pozitiv -","og_description":"Prishtin\u00eb, 01 shtator 2025 P\u00ebrzgjedh\u00ebsi i Komb\u00ebtares s\u00eb Kosov\u00ebs, Franco Foda, t\u00eb h\u00ebn\u00ebn n\u00eb konferenc\u00ebn e par\u00eb para ndeshjeve t\u00eb shtatorit, ka th\u00ebn\u00eb se duelet","og_url":"https:\/\/veritasinfo.org\/?p=10314","article_published_time":"2025-09-01T12:03:40+00:00","og_image":[{"width":860,"height":550,"url":"https:\/\/veritasinfo.org\/wp-content\/uploads\/2025\/09\/foda.webp","type":"image\/webp"}],"author":"US1","twitter_card":"summary_large_image","twitter_misc":{"Written by":"US1","Est. reading time":"1 minute"},"schema":{"@context":"https:\/\/schema.org","@graph":[{"@type":"WebPage","@id":"https:\/\/veritasinfo.org\/?p=10314","url":"https:\/\/veritasinfo.org\/?p=10314","name":"Foda: E njohim Zvicr\u00ebn, mund t\u00eb marrim rezultat pozitiv -","isPartOf":{"@id":"https:\/\/veritasinfo.org\/#website"},"primaryImageOfPage":{"@id":"https:\/\/veritasinfo.org\/?p=10314#primaryimage"},"image":{"@id":"https:\/\/veritasinfo.org\/?p=10314#primaryimage"},"thumbnailUrl":"https:\/\/veritasinfo.org\/wp-content\/uploads\/2025\/09\/foda.webp","datePublished":"2025-09-01T12:03:40+00:00","author":{"@id":"https:\/\/veritasinfo.org\/#\/schema\/person\/c2b8be262ea994d0995addca692c5e98"},"breadcrumb":{"@id":"https:\/\/veritasinfo.org\/?p=10314#breadcrumb"},"inLanguage":"en-US","potentialAction":[{"@type":"ReadAction","target":["https:\/\/veritasinfo.org\/?p=10314"]}]},{"@type":"ImageObject","inLanguage":"en-US","@id":"https:\/\/veritasinfo.org\/?p=10314#primaryimage","url":"https:\/\/veritasinfo.org\/wp-content\/uploads\/2025\/09\/foda.webp","contentUrl":"https:\/\/veritasinfo.org\/wp-content\/uploads\/2025\/09\/foda.webp","width":860,"height":550},{"@type":"BreadcrumbList","@id":"https:\/\/veritasinfo.org\/?p=10314#breadcrumb","itemListElement":[{"@type":"ListItem","position":1,"name":"Home","item":"https:\/\/veritasinfo.org\/"},{"@type":"ListItem","position":2,"name":"Foda: E njohim Zvicr\u00ebn, mund t\u00eb marrim rezultat pozitiv"}]},{"@type":"WebSite","@id":"https:\/\/veritasinfo.org\/#website","url":"https:\/\/veritasinfo.org\/","name":"","description":"","potentialAction":[{"@type":"SearchAction","target":{"@type":"EntryPoint","urlTemplate":"https:\/\/veritasinfo.org\/?s={search_term_string}"},"query-input":{"@type":"PropertyValueSpecification","valueRequired":true,"valueName":"search_term_string"}}],"inLanguage":"en-US"},{"@type":"Person","@id":"https:\/\/veritasinfo.org\/#\/schema\/person\/c2b8be262ea994d0995addca692c5e98","name":"US1","image":{"@type":"ImageObject","inLanguage":"en-US","@id":"https:\/\/veritasinfo.org\/#\/schema\/person\/image\/","url":"https:\/\/secure.gravatar.com\/avatar\/4e96a59bd256abf9956eb9963ac891a47461ffb364d47b0e9aab113328fdb75b?s=96&d=mm&r=g","contentUrl":"https:\/\/secure.gravatar.com\/avatar\/4e96a59bd256abf9956eb9963ac891a47461ffb364d47b0e9aab113328fdb75b?s=96&d=mm&r=g","caption":"US1"},"url":"https:\/\/veritasinfo.org\/?author=2"}]}},"featured_image_urls":{"full":["https:\/\/veritasinfo.org\/wp-content\/uploads\/2025\/09\/foda.webp",860,550,false],"thumbnail":["https:\/\/veritasinfo.org\/wp-content\/uploads\/2025\/09\/foda-150x150.webp",150,150,true],"medium":["https:\/\/veritasinfo.org\/wp-content\/uploads\/2025\/09\/foda-300x192.webp",300,192,true],"medium_large":["https:\/\/veritasinfo.org\/wp-content\/uploads\/2025\/09\/foda-768x491.webp",640,409,true],"large":["https:\/\/veritasinfo.org\/wp-content\/uploads\/2025\/09\/foda.webp",640,409,false],"1536x1536":["https:\/\/veritasinfo.org\/wp-content\/uploads\/2025\/09\/foda.webp",860,550,false],"2048x2048":["https:\/\/veritasinfo.org\/wp-content\/uploads\/2025\/09\/foda.webp",860,550,false],"kreeti-slider-full":["https:\/\/veritasinfo.org\/wp-content\/uploads\/2025\/09\/foda.webp",860,550,false],"kreeti-featured":["https:\/\/veritasinfo.org\/wp-content\/uploads\/2025\/09\/foda.webp",860,550,false],"kreeti-medium":["https:\/\/veritasinfo.org\/wp-content\/uploads\/2025\/09\/foda.webp",720,460,false],"kreeti-medium-square":["https:\/\/veritasinfo.org\/wp-content\/uploads\/2025\/09\/foda.webp",350,224,false]},"author_info":{"info":["US1"]},"category_info":"<a href=\"https:\/\/veritasinfo.org\/?cat=5\" rel=\"category\">Sport<\/a>","tag_info":"Sport","comment_count":"0","_links":{"self":[{"href":"https:\/\/veritasinfo.org\/index.php?rest_route=\/wp\/v2\/posts\/10314","targetHints":{"allow":["GET"]}}],"collection":[{"href":"https:\/\/veritasinfo.org\/index.php?rest_route=\/wp\/v2\/posts"}],"about":[{"href":"https:\/\/veritasinfo.org\/index.php?rest_route=\/wp\/v2\/types\/post"}],"author":[{"embeddable":true,"href":"https:\/\/veritasinfo.org\/index.php?rest_route=\/wp\/v2\/users\/2"}],"replies":[{"embeddable":true,"href":"https:\/\/veritasinfo.org\/index.php?rest_route=%2Fwp%2Fv2%2Fcomments&post=10314"}],"version-history":[{"count":1,"href":"https:\/\/veritasinfo.org\/index.php?rest_route=\/wp\/v2\/posts\/10314\/revisions"}],"predecessor-version":[{"id":10316,"href":"https:\/\/veritasinfo.org\/index.php?rest_route=\/wp\/v2\/posts\/10314\/revisions\/10316"}],"wp:featuredmedia":[{"embeddable":true,"href":"https:\/\/veritasinfo.org\/index.php?rest_route=\/wp\/v2\/media\/10315"}],"wp:attachment":[{"href":"https:\/\/veritasinfo.org\/index.php?rest_route=%2Fwp%2Fv2%2Fmedia&parent=10314"}],"wp:term":[{"taxonomy":"category","embeddable":true,"href":"https:\/\/veritasinfo.org\/index.php?rest_route=%2Fwp%2Fv2%2Fcategories&post=10314"},{"taxonomy":"post_tag","embeddable":true,"href":"https:\/\/veritasinfo.org\/index.php?rest_route=%2Fwp%2Fv2%2Ftags&post=10314"}],"curies":[{"name":"wp","href":"https:\/\/api.w.org\/{rel}","templated":true}]}}