{"id":10309,"date":"2025-09-01T13:05:44","date_gmt":"2025-09-01T11:05:44","guid":{"rendered":"https:\/\/veritasinfo.org\/?p=10309"},"modified":"2025-09-01T13:05:44","modified_gmt":"2025-09-01T11:05:44","slug":"basha-zhvilloi-takim-konsultativ-me-presidenten","status":"publish","type":"post","link":"https:\/\/veritasinfo.org\/?p=10309","title":{"rendered":"Basha zhvilloi takim konsultativ me presidenten"},"content":{"rendered":"<p><strong>Prishtin\u00eb, 01 shtator 2025<\/strong><\/p>\n<p>Kryetari i Kuvendit t\u00eb Kosov\u00ebs, Dimal Basha, ka zhvilluar takim konsultativ dhe njoftues me presidenten Vjosa Osmani.<\/p>\n<p>Sipas nj\u00eb njoftimi nga ana e Kuvendit, takimi \u00ebsht\u00eb mbajtur pas konstituimit t\u00eb Kuvendit t\u00eb Kosov\u00ebs, ku Basha e ka informuar Osmanin lidhur me p\u00ebrfundimin e seanc\u00ebs konstituive dhe bart\u00ebsit institucional\u00eb kan\u00eb diskituar p\u00ebr hapat e nevojsh\u00ebm p\u00ebr t\u2019u nd\u00ebrmarr\u00eb m\u00eb tej.<\/p>\n<p>\u201cKryetari Basha dhe Presidentja Osmani kan\u00eb biseduar p\u00ebr domosdoshm\u00ebrin\u00eb q\u00eb proceset kushtetuese dhe ligjore t\u00eb ecin me dinamik\u00ebn e parapar\u00eb kohore, n\u00eb m\u00ebnyr\u00eb q\u00eb t\u00eb mund\u00ebsohet zgjedhja sa m\u00eb e shpejt\u00eb e Qeveris\u00eb s\u00eb re t\u00eb vendit, si p\u00ebrgjegj\u00ebsi e Kuvendit t\u00eb Republik\u00ebs s\u00eb Kosov\u00ebs\u201d, thuhet tutje n\u00eb njoftim.<\/p>\n<p>\u201cKrer\u00ebt e institucioneve e theksuan r\u00ebnd\u00ebsin\u00eb e funksionalitetit t\u00eb institucioneve dhe t\u00eb stabilitetit politik p\u00ebrball\u00eb sfidave t\u00eb brendshme dhe atyre nd\u00ebrkomb\u00ebtare, duke n\u00ebnvizuar se qytetar\u00ebt e Republik\u00ebs s\u00eb Kosov\u00ebs presin efikasitet dhe p\u00ebrgjegj\u00ebsi nga udh\u00ebheq\u00ebsit e tyre. Kryetari i Kuvendit, z. Dimal Basha, rikonfirmoi p\u00ebrkushtimin e tij q\u00eb Kuvendi i Kosov\u00ebs t\u00eb ushtroj\u00eb rolin e vet t\u00eb plot\u00eb kushtetues pas konstituimit, nd\u00ebrsa Presidentja Osmani ritheksoi gatishm\u00ebrin\u00eb p\u00ebr t\u00eb bashk\u00ebpunuar ngusht\u00eb me t\u00eb gjitha institucionet e vendit n\u00eb t\u00eb mir\u00eb t\u00eb qytetar\u00ebve t\u00eb Kosov\u00ebs\u201d.<\/p>\n","protected":false},"excerpt":{"rendered":"<p>Prishtin\u00eb, 01 shtator 2025 Kryetari i Kuvendit t\u00eb Kosov\u00ebs, Dimal Basha, ka zhvilluar takim konsultativ dhe njoftues me presidenten Vjosa Osmani. Sipas nj\u00eb njoftimi nga<\/p>\n","protected":false},"author":2,"featured_media":10310,"comment_status":"open","ping_status":"open","sticky":false,"template":"","format":"standard","meta":{"footnotes":""},"categories":[58],"tags":[],"class_list":["post-10309","post","type-post","status-publish","format-standard","has-post-thumbnail","hentry","category-politike-sq"],"yoast_head":"<!-- This site is optimized with the Yoast SEO plugin v25.3.1 - https:\/\/yoast.com\/wordpress\/plugins\/seo\/ -->\n<title>Basha zhvilloi takim konsultativ me presidenten -<\/title>\n<meta name=\"robots\" content=\"index, follow, max-snippet:-1, max-image-preview:large, max-video-preview:-1\" \/>\n<link rel=\"canonical\" href=\"https:\/\/veritasinfo.org\/?p=10309\" \/>\n<meta property=\"og:locale\" content=\"en_US\" \/>\n<meta property=\"og:type\" content=\"article\" \/>\n<meta property=\"og:title\" content=\"Basha zhvilloi takim konsultativ me presidenten -\" \/>\n<meta property=\"og:description\" content=\"Prishtin\u00eb, 01 shtator 2025 Kryetari i Kuvendit t\u00eb Kosov\u00ebs, Dimal Basha, ka zhvilluar takim konsultativ dhe njoftues me presidenten Vjosa Osmani. Sipas nj\u00eb njoftimi nga\" \/>\n<meta property=\"og:url\" content=\"https:\/\/veritasinfo.org\/?p=10309\" \/>\n<meta property=\"article:published_time\" content=\"2025-09-01T11:05:44+00:00\" \/>\n<meta property=\"og:image\" content=\"https:\/\/veritasinfo.org\/wp-content\/uploads\/2025\/09\/basha-osmani.webp\" \/>\n\t<meta property=\"og:image:width\" content=\"1360\" \/>\n\t<meta property=\"og:image:height\" content=\"704\" \/>\n\t<meta property=\"og:image:type\" content=\"image\/webp\" \/>\n<meta name=\"author\" content=\"US1\" \/>\n<meta name=\"twitter:card\" content=\"summary_large_image\" \/>\n<meta name=\"twitter:label1\" content=\"Written by\" \/>\n\t<meta name=\"twitter:data1\" content=\"US1\" \/>\n\t<meta name=\"twitter:label2\" content=\"Est. reading time\" \/>\n\t<meta name=\"twitter:data2\" content=\"1 minute\" \/>\n<script type=\"application\/ld+json\" class=\"yoast-schema-graph\">{\"@context\":\"https:\/\/schema.org\",\"@graph\":[{\"@type\":\"WebPage\",\"@id\":\"https:\/\/veritasinfo.org\/?p=10309\",\"url\":\"https:\/\/veritasinfo.org\/?p=10309\",\"name\":\"Basha zhvilloi takim konsultativ me presidenten -\",\"isPartOf\":{\"@id\":\"https:\/\/veritasinfo.org\/#website\"},\"primaryImageOfPage\":{\"@id\":\"https:\/\/veritasinfo.org\/?p=10309#primaryimage\"},\"image\":{\"@id\":\"https:\/\/veritasinfo.org\/?p=10309#primaryimage\"},\"thumbnailUrl\":\"https:\/\/veritasinfo.org\/wp-content\/uploads\/2025\/09\/basha-osmani.webp\",\"datePublished\":\"2025-09-01T11:05:44+00:00\",\"author\":{\"@id\":\"https:\/\/veritasinfo.org\/#\/schema\/person\/c2b8be262ea994d0995addca692c5e98\"},\"breadcrumb\":{\"@id\":\"https:\/\/veritasinfo.org\/?p=10309#breadcrumb\"},\"inLanguage\":\"en-US\",\"potentialAction\":[{\"@type\":\"ReadAction\",\"target\":[\"https:\/\/veritasinfo.org\/?p=10309\"]}]},{\"@type\":\"ImageObject\",\"inLanguage\":\"en-US\",\"@id\":\"https:\/\/veritasinfo.org\/?p=10309#primaryimage\",\"url\":\"https:\/\/veritasinfo.org\/wp-content\/uploads\/2025\/09\/basha-osmani.webp\",\"contentUrl\":\"https:\/\/veritasinfo.org\/wp-content\/uploads\/2025\/09\/basha-osmani.webp\",\"width\":1360,\"height\":704},{\"@type\":\"BreadcrumbList\",\"@id\":\"https:\/\/veritasinfo.org\/?p=10309#breadcrumb\",\"itemListElement\":[{\"@type\":\"ListItem\",\"position\":1,\"name\":\"Home\",\"item\":\"https:\/\/veritasinfo.org\/\"},{\"@type\":\"ListItem\",\"position\":2,\"name\":\"Basha zhvilloi takim konsultativ me presidenten\"}]},{\"@type\":\"WebSite\",\"@id\":\"https:\/\/veritasinfo.org\/#website\",\"url\":\"https:\/\/veritasinfo.org\/\",\"name\":\"\",\"description\":\"\",\"potentialAction\":[{\"@type\":\"SearchAction\",\"target\":{\"@type\":\"EntryPoint\",\"urlTemplate\":\"https:\/\/veritasinfo.org\/?s={search_term_string}\"},\"query-input\":{\"@type\":\"PropertyValueSpecification\",\"valueRequired\":true,\"valueName\":\"search_term_string\"}}],\"inLanguage\":\"en-US\"},{\"@type\":\"Person\",\"@id\":\"https:\/\/veritasinfo.org\/#\/schema\/person\/c2b8be262ea994d0995addca692c5e98\",\"name\":\"US1\",\"image\":{\"@type\":\"ImageObject\",\"inLanguage\":\"en-US\",\"@id\":\"https:\/\/veritasinfo.org\/#\/schema\/person\/image\/\",\"url\":\"https:\/\/secure.gravatar.com\/avatar\/4e96a59bd256abf9956eb9963ac891a47461ffb364d47b0e9aab113328fdb75b?s=96&d=mm&r=g\",\"contentUrl\":\"https:\/\/secure.gravatar.com\/avatar\/4e96a59bd256abf9956eb9963ac891a47461ffb364d47b0e9aab113328fdb75b?s=96&d=mm&r=g\",\"caption\":\"US1\"},\"url\":\"https:\/\/veritasinfo.org\/?author=2\"}]}<\/script>\n<!-- \/ Yoast SEO plugin. -->","yoast_head_json":{"title":"Basha zhvilloi takim konsultativ me presidenten -","robots":{"index":"index","follow":"follow","max-snippet":"max-snippet:-1","max-image-preview":"max-image-preview:large","max-video-preview":"max-video-preview:-1"},"canonical":"https:\/\/veritasinfo.org\/?p=10309","og_locale":"en_US","og_type":"article","og_title":"Basha zhvilloi takim konsultativ me presidenten -","og_description":"Prishtin\u00eb, 01 shtator 2025 Kryetari i Kuvendit t\u00eb Kosov\u00ebs, Dimal Basha, ka zhvilluar takim konsultativ dhe njoftues me presidenten Vjosa Osmani. Sipas nj\u00eb njoftimi nga","og_url":"https:\/\/veritasinfo.org\/?p=10309","article_published_time":"2025-09-01T11:05:44+00:00","og_image":[{"width":1360,"height":704,"url":"https:\/\/veritasinfo.org\/wp-content\/uploads\/2025\/09\/basha-osmani.webp","type":"image\/webp"}],"author":"US1","twitter_card":"summary_large_image","twitter_misc":{"Written by":"US1","Est. reading time":"1 minute"},"schema":{"@context":"https:\/\/schema.org","@graph":[{"@type":"WebPage","@id":"https:\/\/veritasinfo.org\/?p=10309","url":"https:\/\/veritasinfo.org\/?p=10309","name":"Basha zhvilloi takim konsultativ me presidenten -","isPartOf":{"@id":"https:\/\/veritasinfo.org\/#website"},"primaryImageOfPage":{"@id":"https:\/\/veritasinfo.org\/?p=10309#primaryimage"},"image":{"@id":"https:\/\/veritasinfo.org\/?p=10309#primaryimage"},"thumbnailUrl":"https:\/\/veritasinfo.org\/wp-content\/uploads\/2025\/09\/basha-osmani.webp","datePublished":"2025-09-01T11:05:44+00:00","author":{"@id":"https:\/\/veritasinfo.org\/#\/schema\/person\/c2b8be262ea994d0995addca692c5e98"},"breadcrumb":{"@id":"https:\/\/veritasinfo.org\/?p=10309#breadcrumb"},"inLanguage":"en-US","potentialAction":[{"@type":"ReadAction","target":["https:\/\/veritasinfo.org\/?p=10309"]}]},{"@type":"ImageObject","inLanguage":"en-US","@id":"https:\/\/veritasinfo.org\/?p=10309#primaryimage","url":"https:\/\/veritasinfo.org\/wp-content\/uploads\/2025\/09\/basha-osmani.webp","contentUrl":"https:\/\/veritasinfo.org\/wp-content\/uploads\/2025\/09\/basha-osmani.webp","width":1360,"height":704},{"@type":"BreadcrumbList","@id":"https:\/\/veritasinfo.org\/?p=10309#breadcrumb","itemListElement":[{"@type":"ListItem","position":1,"name":"Home","item":"https:\/\/veritasinfo.org\/"},{"@type":"ListItem","position":2,"name":"Basha zhvilloi takim konsultativ me presidenten"}]},{"@type":"WebSite","@id":"https:\/\/veritasinfo.org\/#website","url":"https:\/\/veritasinfo.org\/","name":"","description":"","potentialAction":[{"@type":"SearchAction","target":{"@type":"EntryPoint","urlTemplate":"https:\/\/veritasinfo.org\/?s={search_term_string}"},"query-input":{"@type":"PropertyValueSpecification","valueRequired":true,"valueName":"search_term_string"}}],"inLanguage":"en-US"},{"@type":"Person","@id":"https:\/\/veritasinfo.org\/#\/schema\/person\/c2b8be262ea994d0995addca692c5e98","name":"US1","image":{"@type":"ImageObject","inLanguage":"en-US","@id":"https:\/\/veritasinfo.org\/#\/schema\/person\/image\/","url":"https:\/\/secure.gravatar.com\/avatar\/4e96a59bd256abf9956eb9963ac891a47461ffb364d47b0e9aab113328fdb75b?s=96&d=mm&r=g","contentUrl":"https:\/\/secure.gravatar.com\/avatar\/4e96a59bd256abf9956eb9963ac891a47461ffb364d47b0e9aab113328fdb75b?s=96&d=mm&r=g","caption":"US1"},"url":"https:\/\/veritasinfo.org\/?author=2"}]}},"featured_image_urls":{"full":["https:\/\/veritasinfo.org\/wp-content\/uploads\/2025\/09\/basha-osmani.webp",1360,704,false],"thumbnail":["https:\/\/veritasinfo.org\/wp-content\/uploads\/2025\/09\/basha-osmani-150x150.webp",150,150,true],"medium":["https:\/\/veritasinfo.org\/wp-content\/uploads\/2025\/09\/basha-osmani-300x155.webp",300,155,true],"medium_large":["https:\/\/veritasinfo.org\/wp-content\/uploads\/2025\/09\/basha-osmani-768x398.webp",640,332,true],"large":["https:\/\/veritasinfo.org\/wp-content\/uploads\/2025\/09\/basha-osmani-1024x530.webp",640,331,true],"1536x1536":["https:\/\/veritasinfo.org\/wp-content\/uploads\/2025\/09\/basha-osmani.webp",1360,704,false],"2048x2048":["https:\/\/veritasinfo.org\/wp-content\/uploads\/2025\/09\/basha-osmani.webp",1360,704,false],"kreeti-slider-full":["https:\/\/veritasinfo.org\/wp-content\/uploads\/2025\/09\/basha-osmani.webp",1280,663,false],"kreeti-featured":["https:\/\/veritasinfo.org\/wp-content\/uploads\/2025\/09\/basha-osmani.webp",1024,530,false],"kreeti-medium":["https:\/\/veritasinfo.org\/wp-content\/uploads\/2025\/09\/basha-osmani.webp",720,373,false],"kreeti-medium-square":["https:\/\/veritasinfo.org\/wp-content\/uploads\/2025\/09\/basha-osmani.webp",350,181,false]},"author_info":{"info":["US1"]},"category_info":"<a href=\"https:\/\/veritasinfo.org\/?cat=58\" rel=\"category\">Politik\u00eb<\/a>","tag_info":"Politik\u00eb","comment_count":"0","_links":{"self":[{"href":"https:\/\/veritasinfo.org\/index.php?rest_route=\/wp\/v2\/posts\/10309","targetHints":{"allow":["GET"]}}],"collection":[{"href":"https:\/\/veritasinfo.org\/index.php?rest_route=\/wp\/v2\/posts"}],"about":[{"href":"https:\/\/veritasinfo.org\/index.php?rest_route=\/wp\/v2\/types\/post"}],"author":[{"embeddable":true,"href":"https:\/\/veritasinfo.org\/index.php?rest_route=\/wp\/v2\/users\/2"}],"replies":[{"embeddable":true,"href":"https:\/\/veritasinfo.org\/index.php?rest_route=%2Fwp%2Fv2%2Fcomments&post=10309"}],"version-history":[{"count":1,"href":"https:\/\/veritasinfo.org\/index.php?rest_route=\/wp\/v2\/posts\/10309\/revisions"}],"predecessor-version":[{"id":10311,"href":"https:\/\/veritasinfo.org\/index.php?rest_route=\/wp\/v2\/posts\/10309\/revisions\/10311"}],"wp:featuredmedia":[{"embeddable":true,"href":"https:\/\/veritasinfo.org\/index.php?rest_route=\/wp\/v2\/media\/10310"}],"wp:attachment":[{"href":"https:\/\/veritasinfo.org\/index.php?rest_route=%2Fwp%2Fv2%2Fmedia&parent=10309"}],"wp:term":[{"taxonomy":"category","embeddable":true,"href":"https:\/\/veritasinfo.org\/index.php?rest_route=%2Fwp%2Fv2%2Fcategories&post=10309"},{"taxonomy":"post_tag","embeddable":true,"href":"https:\/\/veritasinfo.org\/index.php?rest_route=%2Fwp%2Fv2%2Ftags&post=10309"}],"curies":[{"name":"wp","href":"https:\/\/api.w.org\/{rel}","templated":true}]}}