{"id":10304,"date":"2025-09-01T11:51:16","date_gmt":"2025-09-01T09:51:16","guid":{"rendered":"https:\/\/veritasinfo.org\/?p=10304"},"modified":"2025-09-01T11:51:16","modified_gmt":"2025-09-01T09:51:16","slug":"deshmite-speciale-mbreteria-e-bashkuar-ia-konfirmon-lejen-mbrojtjes-se-thacit-per-nje-deshmitar-ne-gjykaten-speciale","status":"publish","type":"post","link":"https:\/\/veritasinfo.org\/?p=10304","title":{"rendered":"D\u00ebshmit\u00eb speciale: Mbret\u00ebria e Bashkuar ia konfirmon lejen mbrojtjes s\u00eb Tha\u00e7it p\u00ebr nj\u00eb d\u00ebshmitar n\u00eb Gjykat\u00ebn Speciale"},"content":{"rendered":"<p><strong>Hag\u00eb, 01 shtator 2025<\/strong><\/p>\n<p>D\u00ebshmit\u00eb speciale n\u00eb Hag\u00eb, pritet t\u00eb kthehen n\u00eb qend\u00ebr t\u00eb v\u00ebmendjes q\u00eb nga 15 shtatori.<\/p>\n<p>Pas marrjes s\u00eb lejeve p\u00ebr disa d\u00ebshmitar\u00eb amerikan\u00eb, jozyrtarisht diplomat\u00eb t\u00eb njohur, mbrojtjes s\u00eb Tha\u00e7it ia ka dh\u00ebn\u00eb konfirmimin edhe Mbret\u00ebria e Bashkuar. Britania ia ka konfirmuar lejen avokat\u00ebve p\u00ebr nj\u00eb d\u00ebshmitar.<\/p>\n<p>\u201cKjo k\u00ebrkes\u00eb \u00ebsht\u00eb n\u00eb koh\u00ebn e duhur. Po b\u00ebhet sa m\u00eb shpejt t\u00eb jet\u00eb e mundur pasi Zyra e Jashtme, e Komonuelthit dhe Zhvillimit e Mbret\u00ebris\u00eb s\u00eb Bashkuar (\u201cUK FCDO\u201d), nj\u00eb ofrues i Rregullit 107, i dha leje Mbrojtjes p\u00ebr t\u00eb zbuluar Deklarat\u00ebn e 1DW-006 dhe q\u00eb ajo t\u00eb p\u00ebrdoret n\u00eb gjyq. Si\u00e7 u p\u00ebrmend m\u00eb par\u00eb, Mbrojtja nuk mundi ta p\u00ebrfshinte Deklarat\u00ebn n\u00eb List\u00ebn e Provave t\u00eb paraqitur m\u00eb 15 gusht 2025, pasi nuk ishte lejuar ta b\u00ebnte k\u00ebt\u00eb nga Ofruesi i Rregullit 107, me t\u00eb cilin ka qen\u00eb n\u00eb nj\u00eb proces p\u00ebr ca koh\u00eb p\u00ebr t\u00eb marr\u00eb leje q\u00eb 1DW-006 t\u00eb d\u00ebshmoj\u00eb dhe t\u00eb finalizoj\u00eb dhe zbuloj\u00eb deklarat\u00ebn e tij. Leja zyrtare nga ofruesi i Rregullit 107 u mor m\u00eb 22 gusht 2025, si\u00e7 u parashikua nga Mbrojtja n\u00eb Konferenc\u00ebn e P\u00ebrgatitjes s\u00eb Mbrojtjes. 8 UK FCDO autorizoi 1DW-006 t\u00eb paraqitej si d\u00ebshmitar n\u00eb k\u00ebto procedura, dhe q\u00eb deklarata e tij me shkrim t\u00eb p\u00ebrdoret n\u00eb gjyq si baz\u00eb p\u00ebr provat e tij m\u00eb t\u00eb gjera, n\u00eb var\u00ebsi t\u00eb kushteve t\u00eb caktuara. Pas marrjes s\u00eb k\u00ebtij autorizimi, Mbrojtja e ftoi menj\u00ebher\u00eb 1DW-006 t\u00eb n\u00ebnshkruante deklarat\u00ebn e tij. Mbrojtja e mori Deklarat\u00ebn e tij t\u00eb n\u00ebnshkruar m\u00eb 24 gusht 2025 dhe ua zbuloi t\u00eb gjitha pal\u00ebve dhe pjes\u00ebmarr\u00ebsve dit\u00ebn tjet\u00ebr t\u00eb pun\u00ebs, m\u00eb 25 gusht 2025\u201d, thuhet n\u00eb parashtres\u00eb.<\/p>\n","protected":false},"excerpt":{"rendered":"<p>Hag\u00eb, 01 shtator 2025 D\u00ebshmit\u00eb speciale n\u00eb Hag\u00eb, pritet t\u00eb kthehen n\u00eb qend\u00ebr t\u00eb v\u00ebmendjes q\u00eb nga 15 shtatori. Pas marrjes s\u00eb lejeve p\u00ebr disa<\/p>\n","protected":false},"author":2,"featured_media":10305,"comment_status":"open","ping_status":"open","sticky":false,"template":"","format":"standard","meta":{"footnotes":""},"categories":[60],"tags":[],"class_list":["post-10304","post","type-post","status-publish","format-standard","has-post-thumbnail","hentry","category-shoqerore-sq"],"yoast_head":"<!-- This site is optimized with the Yoast SEO plugin v25.3.1 - https:\/\/yoast.com\/wordpress\/plugins\/seo\/ -->\n<title>D\u00ebshmit\u00eb speciale: Mbret\u00ebria e Bashkuar ia konfirmon lejen mbrojtjes s\u00eb Tha\u00e7it p\u00ebr nj\u00eb d\u00ebshmitar n\u00eb Gjykat\u00ebn Speciale -<\/title>\n<meta name=\"robots\" content=\"index, follow, max-snippet:-1, max-image-preview:large, max-video-preview:-1\" \/>\n<link rel=\"canonical\" href=\"https:\/\/veritasinfo.org\/?p=10304\" \/>\n<meta property=\"og:locale\" content=\"en_US\" \/>\n<meta property=\"og:type\" content=\"article\" \/>\n<meta property=\"og:title\" content=\"D\u00ebshmit\u00eb speciale: Mbret\u00ebria e Bashkuar ia konfirmon lejen mbrojtjes s\u00eb Tha\u00e7it p\u00ebr nj\u00eb d\u00ebshmitar n\u00eb Gjykat\u00ebn Speciale -\" \/>\n<meta property=\"og:description\" content=\"Hag\u00eb, 01 shtator 2025 D\u00ebshmit\u00eb speciale n\u00eb Hag\u00eb, pritet t\u00eb kthehen n\u00eb qend\u00ebr t\u00eb v\u00ebmendjes q\u00eb nga 15 shtatori. Pas marrjes s\u00eb lejeve p\u00ebr disa\" \/>\n<meta property=\"og:url\" content=\"https:\/\/veritasinfo.org\/?p=10304\" \/>\n<meta property=\"article:published_time\" content=\"2025-09-01T09:51:16+00:00\" \/>\n<meta property=\"og:image\" content=\"https:\/\/veritasinfo.org\/wp-content\/uploads\/2025\/09\/gjykata.jpg\" \/>\n\t<meta property=\"og:image:width\" content=\"1913\" \/>\n\t<meta property=\"og:image:height\" content=\"1079\" \/>\n\t<meta property=\"og:image:type\" content=\"image\/jpeg\" \/>\n<meta name=\"author\" content=\"US1\" \/>\n<meta name=\"twitter:card\" content=\"summary_large_image\" \/>\n<meta name=\"twitter:label1\" content=\"Written by\" \/>\n\t<meta name=\"twitter:data1\" content=\"US1\" \/>\n\t<meta name=\"twitter:label2\" content=\"Est. reading time\" \/>\n\t<meta name=\"twitter:data2\" content=\"2 minutes\" \/>\n<script type=\"application\/ld+json\" class=\"yoast-schema-graph\">{\"@context\":\"https:\/\/schema.org\",\"@graph\":[{\"@type\":\"WebPage\",\"@id\":\"https:\/\/veritasinfo.org\/?p=10304\",\"url\":\"https:\/\/veritasinfo.org\/?p=10304\",\"name\":\"D\u00ebshmit\u00eb speciale: Mbret\u00ebria e Bashkuar ia konfirmon lejen mbrojtjes s\u00eb Tha\u00e7it p\u00ebr nj\u00eb d\u00ebshmitar n\u00eb Gjykat\u00ebn Speciale -\",\"isPartOf\":{\"@id\":\"https:\/\/veritasinfo.org\/#website\"},\"primaryImageOfPage\":{\"@id\":\"https:\/\/veritasinfo.org\/?p=10304#primaryimage\"},\"image\":{\"@id\":\"https:\/\/veritasinfo.org\/?p=10304#primaryimage\"},\"thumbnailUrl\":\"https:\/\/veritasinfo.org\/wp-content\/uploads\/2025\/09\/gjykata.jpg\",\"datePublished\":\"2025-09-01T09:51:16+00:00\",\"author\":{\"@id\":\"https:\/\/veritasinfo.org\/#\/schema\/person\/c2b8be262ea994d0995addca692c5e98\"},\"breadcrumb\":{\"@id\":\"https:\/\/veritasinfo.org\/?p=10304#breadcrumb\"},\"inLanguage\":\"en-US\",\"potentialAction\":[{\"@type\":\"ReadAction\",\"target\":[\"https:\/\/veritasinfo.org\/?p=10304\"]}]},{\"@type\":\"ImageObject\",\"inLanguage\":\"en-US\",\"@id\":\"https:\/\/veritasinfo.org\/?p=10304#primaryimage\",\"url\":\"https:\/\/veritasinfo.org\/wp-content\/uploads\/2025\/09\/gjykata.jpg\",\"contentUrl\":\"https:\/\/veritasinfo.org\/wp-content\/uploads\/2025\/09\/gjykata.jpg\",\"width\":1913,\"height\":1079},{\"@type\":\"BreadcrumbList\",\"@id\":\"https:\/\/veritasinfo.org\/?p=10304#breadcrumb\",\"itemListElement\":[{\"@type\":\"ListItem\",\"position\":1,\"name\":\"Home\",\"item\":\"https:\/\/veritasinfo.org\/\"},{\"@type\":\"ListItem\",\"position\":2,\"name\":\"D\u00ebshmit\u00eb speciale: Mbret\u00ebria e Bashkuar ia konfirmon lejen mbrojtjes s\u00eb Tha\u00e7it p\u00ebr nj\u00eb d\u00ebshmitar n\u00eb Gjykat\u00ebn Speciale\"}]},{\"@type\":\"WebSite\",\"@id\":\"https:\/\/veritasinfo.org\/#website\",\"url\":\"https:\/\/veritasinfo.org\/\",\"name\":\"\",\"description\":\"\",\"potentialAction\":[{\"@type\":\"SearchAction\",\"target\":{\"@type\":\"EntryPoint\",\"urlTemplate\":\"https:\/\/veritasinfo.org\/?s={search_term_string}\"},\"query-input\":{\"@type\":\"PropertyValueSpecification\",\"valueRequired\":true,\"valueName\":\"search_term_string\"}}],\"inLanguage\":\"en-US\"},{\"@type\":\"Person\",\"@id\":\"https:\/\/veritasinfo.org\/#\/schema\/person\/c2b8be262ea994d0995addca692c5e98\",\"name\":\"US1\",\"image\":{\"@type\":\"ImageObject\",\"inLanguage\":\"en-US\",\"@id\":\"https:\/\/veritasinfo.org\/#\/schema\/person\/image\/\",\"url\":\"https:\/\/secure.gravatar.com\/avatar\/4e96a59bd256abf9956eb9963ac891a47461ffb364d47b0e9aab113328fdb75b?s=96&d=mm&r=g\",\"contentUrl\":\"https:\/\/secure.gravatar.com\/avatar\/4e96a59bd256abf9956eb9963ac891a47461ffb364d47b0e9aab113328fdb75b?s=96&d=mm&r=g\",\"caption\":\"US1\"},\"url\":\"https:\/\/veritasinfo.org\/?author=2\"}]}<\/script>\n<!-- \/ Yoast SEO plugin. -->","yoast_head_json":{"title":"D\u00ebshmit\u00eb speciale: Mbret\u00ebria e Bashkuar ia konfirmon lejen mbrojtjes s\u00eb Tha\u00e7it p\u00ebr nj\u00eb d\u00ebshmitar n\u00eb Gjykat\u00ebn Speciale -","robots":{"index":"index","follow":"follow","max-snippet":"max-snippet:-1","max-image-preview":"max-image-preview:large","max-video-preview":"max-video-preview:-1"},"canonical":"https:\/\/veritasinfo.org\/?p=10304","og_locale":"en_US","og_type":"article","og_title":"D\u00ebshmit\u00eb speciale: Mbret\u00ebria e Bashkuar ia konfirmon lejen mbrojtjes s\u00eb Tha\u00e7it p\u00ebr nj\u00eb d\u00ebshmitar n\u00eb Gjykat\u00ebn Speciale -","og_description":"Hag\u00eb, 01 shtator 2025 D\u00ebshmit\u00eb speciale n\u00eb Hag\u00eb, pritet t\u00eb kthehen n\u00eb qend\u00ebr t\u00eb v\u00ebmendjes q\u00eb nga 15 shtatori. Pas marrjes s\u00eb lejeve p\u00ebr disa","og_url":"https:\/\/veritasinfo.org\/?p=10304","article_published_time":"2025-09-01T09:51:16+00:00","og_image":[{"width":1913,"height":1079,"url":"https:\/\/veritasinfo.org\/wp-content\/uploads\/2025\/09\/gjykata.jpg","type":"image\/jpeg"}],"author":"US1","twitter_card":"summary_large_image","twitter_misc":{"Written by":"US1","Est. reading time":"2 minutes"},"schema":{"@context":"https:\/\/schema.org","@graph":[{"@type":"WebPage","@id":"https:\/\/veritasinfo.org\/?p=10304","url":"https:\/\/veritasinfo.org\/?p=10304","name":"D\u00ebshmit\u00eb speciale: Mbret\u00ebria e Bashkuar ia konfirmon lejen mbrojtjes s\u00eb Tha\u00e7it p\u00ebr nj\u00eb d\u00ebshmitar n\u00eb Gjykat\u00ebn Speciale -","isPartOf":{"@id":"https:\/\/veritasinfo.org\/#website"},"primaryImageOfPage":{"@id":"https:\/\/veritasinfo.org\/?p=10304#primaryimage"},"image":{"@id":"https:\/\/veritasinfo.org\/?p=10304#primaryimage"},"thumbnailUrl":"https:\/\/veritasinfo.org\/wp-content\/uploads\/2025\/09\/gjykata.jpg","datePublished":"2025-09-01T09:51:16+00:00","author":{"@id":"https:\/\/veritasinfo.org\/#\/schema\/person\/c2b8be262ea994d0995addca692c5e98"},"breadcrumb":{"@id":"https:\/\/veritasinfo.org\/?p=10304#breadcrumb"},"inLanguage":"en-US","potentialAction":[{"@type":"ReadAction","target":["https:\/\/veritasinfo.org\/?p=10304"]}]},{"@type":"ImageObject","inLanguage":"en-US","@id":"https:\/\/veritasinfo.org\/?p=10304#primaryimage","url":"https:\/\/veritasinfo.org\/wp-content\/uploads\/2025\/09\/gjykata.jpg","contentUrl":"https:\/\/veritasinfo.org\/wp-content\/uploads\/2025\/09\/gjykata.jpg","width":1913,"height":1079},{"@type":"BreadcrumbList","@id":"https:\/\/veritasinfo.org\/?p=10304#breadcrumb","itemListElement":[{"@type":"ListItem","position":1,"name":"Home","item":"https:\/\/veritasinfo.org\/"},{"@type":"ListItem","position":2,"name":"D\u00ebshmit\u00eb speciale: Mbret\u00ebria e Bashkuar ia konfirmon lejen mbrojtjes s\u00eb Tha\u00e7it p\u00ebr nj\u00eb d\u00ebshmitar n\u00eb Gjykat\u00ebn Speciale"}]},{"@type":"WebSite","@id":"https:\/\/veritasinfo.org\/#website","url":"https:\/\/veritasinfo.org\/","name":"","description":"","potentialAction":[{"@type":"SearchAction","target":{"@type":"EntryPoint","urlTemplate":"https:\/\/veritasinfo.org\/?s={search_term_string}"},"query-input":{"@type":"PropertyValueSpecification","valueRequired":true,"valueName":"search_term_string"}}],"inLanguage":"en-US"},{"@type":"Person","@id":"https:\/\/veritasinfo.org\/#\/schema\/person\/c2b8be262ea994d0995addca692c5e98","name":"US1","image":{"@type":"ImageObject","inLanguage":"en-US","@id":"https:\/\/veritasinfo.org\/#\/schema\/person\/image\/","url":"https:\/\/secure.gravatar.com\/avatar\/4e96a59bd256abf9956eb9963ac891a47461ffb364d47b0e9aab113328fdb75b?s=96&d=mm&r=g","contentUrl":"https:\/\/secure.gravatar.com\/avatar\/4e96a59bd256abf9956eb9963ac891a47461ffb364d47b0e9aab113328fdb75b?s=96&d=mm&r=g","caption":"US1"},"url":"https:\/\/veritasinfo.org\/?author=2"}]}},"featured_image_urls":{"full":["https:\/\/veritasinfo.org\/wp-content\/uploads\/2025\/09\/gjykata.jpg",1913,1079,false],"thumbnail":["https:\/\/veritasinfo.org\/wp-content\/uploads\/2025\/09\/gjykata-150x150.jpg",150,150,true],"medium":["https:\/\/veritasinfo.org\/wp-content\/uploads\/2025\/09\/gjykata-300x169.jpg",300,169,true],"medium_large":["https:\/\/veritasinfo.org\/wp-content\/uploads\/2025\/09\/gjykata-768x433.jpg",640,361,true],"large":["https:\/\/veritasinfo.org\/wp-content\/uploads\/2025\/09\/gjykata-1024x578.jpg",640,361,true],"1536x1536":["https:\/\/veritasinfo.org\/wp-content\/uploads\/2025\/09\/gjykata-1536x866.jpg",1536,866,true],"2048x2048":["https:\/\/veritasinfo.org\/wp-content\/uploads\/2025\/09\/gjykata.jpg",1913,1079,false],"kreeti-slider-full":["https:\/\/veritasinfo.org\/wp-content\/uploads\/2025\/09\/gjykata.jpg",1277,720,false],"kreeti-featured":["https:\/\/veritasinfo.org\/wp-content\/uploads\/2025\/09\/gjykata.jpg",1024,578,false],"kreeti-medium":["https:\/\/veritasinfo.org\/wp-content\/uploads\/2025\/09\/gjykata.jpg",720,406,false],"kreeti-medium-square":["https:\/\/veritasinfo.org\/wp-content\/uploads\/2025\/09\/gjykata.jpg",350,197,false]},"author_info":{"info":["US1"]},"category_info":"<a href=\"https:\/\/veritasinfo.org\/?cat=60\" rel=\"category\">Shoq\u00ebrore<\/a>","tag_info":"Shoq\u00ebrore","comment_count":"0","_links":{"self":[{"href":"https:\/\/veritasinfo.org\/index.php?rest_route=\/wp\/v2\/posts\/10304","targetHints":{"allow":["GET"]}}],"collection":[{"href":"https:\/\/veritasinfo.org\/index.php?rest_route=\/wp\/v2\/posts"}],"about":[{"href":"https:\/\/veritasinfo.org\/index.php?rest_route=\/wp\/v2\/types\/post"}],"author":[{"embeddable":true,"href":"https:\/\/veritasinfo.org\/index.php?rest_route=\/wp\/v2\/users\/2"}],"replies":[{"embeddable":true,"href":"https:\/\/veritasinfo.org\/index.php?rest_route=%2Fwp%2Fv2%2Fcomments&post=10304"}],"version-history":[{"count":1,"href":"https:\/\/veritasinfo.org\/index.php?rest_route=\/wp\/v2\/posts\/10304\/revisions"}],"predecessor-version":[{"id":10306,"href":"https:\/\/veritasinfo.org\/index.php?rest_route=\/wp\/v2\/posts\/10304\/revisions\/10306"}],"wp:featuredmedia":[{"embeddable":true,"href":"https:\/\/veritasinfo.org\/index.php?rest_route=\/wp\/v2\/media\/10305"}],"wp:attachment":[{"href":"https:\/\/veritasinfo.org\/index.php?rest_route=%2Fwp%2Fv2%2Fmedia&parent=10304"}],"wp:term":[{"taxonomy":"category","embeddable":true,"href":"https:\/\/veritasinfo.org\/index.php?rest_route=%2Fwp%2Fv2%2Fcategories&post=10304"},{"taxonomy":"post_tag","embeddable":true,"href":"https:\/\/veritasinfo.org\/index.php?rest_route=%2Fwp%2Fv2%2Ftags&post=10304"}],"curies":[{"name":"wp","href":"https:\/\/api.w.org\/{rel}","templated":true}]}}