{"id":10270,"date":"2025-09-01T08:24:28","date_gmt":"2025-09-01T06:24:28","guid":{"rendered":"https:\/\/veritasinfo.org\/?p=10270"},"modified":"2025-09-01T08:40:24","modified_gmt":"2025-09-01T06:40:24","slug":"termet-i-fuqishem-ne-afganistan-mbi-250-te-vdekur","status":"publish","type":"post","link":"https:\/\/veritasinfo.org\/?p=10270","title":{"rendered":"T\u00ebrmet i fuqish\u00ebm n\u00eb Afganistan, mbi 600 t\u00eb vdekur"},"content":{"rendered":"<p><strong>Kabul, 01 shtator 2025<\/strong><\/p>\n<p>Nj\u00eb t\u00ebrmet\u00a0 i fuqish\u00ebm ka goditur pjes\u00ebn lindore t\u00eb Afganistanit pran\u00eb kufirit me Pakistanin, duke l\u00ebn\u00eb t\u00eb pakt\u00ebn 600 persona t\u00eb vdekur. Nga t\u00ebrmeti raportohet se jan\u00eb shkat\u00ebrruar dhjet\u00ebra fshatra. Zyrtar\u00ebt lokal\u00eb b\u00ebjn\u00eb t\u00eb ditur se mbi 500 persona jan\u00eb plagosur. Shifrat pritet t\u00eb rriten teksa ekipet e k\u00ebrkim-shp\u00ebtimit arrijn\u00eb n\u00eb zonat e prekura.<\/p>\n<p>T\u00ebrmeti goditi t\u00eb diel\u00ebn von\u00eb nj\u00eb varg qytetesh n\u00eb provinc\u00ebn Kunar, pran\u00eb qytetit Jalalabad n\u00eb provinc\u00ebn fqinje Nangarhar. Sipas Sh\u00ebrbimit Gjeologjik t\u00eb SHBA-s\u00eb (USGS), t\u00ebrmeti me magnitud\u00eb 6.0 ndodhi n\u00eb or\u00ebn 23:47 me or\u00ebn lokale dhe kishte epiqendr\u00ebn rreth 27 kilometra n\u00eb verilindje t\u00eb Jalalabadit, n\u00eb nj\u00eb thell\u00ebsi prej vet\u00ebm 8 kilometrash \u2013 gj\u00eb q\u00eb rrit ndjesh\u00ebm potencialin p\u00ebr d\u00ebme.<\/p>\n<p>Autoriteti p\u00ebr Menaxhimin e Fatkeq\u00ebsive n\u00eb Kunar njoftoi se viktimat jan\u00eb regjistruar n\u00eb distriktet Nur Gul, Soki, Watpur, Manogi dhe Chapadare.<\/p>\n<p>\u201cOperacionet e shp\u00ebtimit jan\u00eb ende n\u00eb vazhdim, nd\u00ebrsa disa fshatra jan\u00eb shkat\u00ebrruar plot\u00ebsisht. Numri i t\u00eb vdekurve dhe t\u00eb l\u00ebnduarve po ndryshon vazhdimisht. Ekipe mjek\u00ebsore nga Kunar, Nangarhar dhe kryeqyteti Kabul kan\u00eb mb\u00ebrritur tashm\u00eb n\u00eb terren\u201d, tha Sharafat Zaman, z\u00ebdh\u00ebn\u00ebs i Ministris\u00eb s\u00eb Sh\u00ebndet\u00ebsis\u00eb Publike.<\/p>\n","protected":false},"excerpt":{"rendered":"<p>Kabul, 01 shtator 2025 Nj\u00eb t\u00ebrmet\u00a0 i fuqish\u00ebm ka goditur pjes\u00ebn lindore t\u00eb Afganistanit pran\u00eb kufirit me Pakistanin, duke l\u00ebn\u00eb t\u00eb pakt\u00ebn 600 persona t\u00eb<\/p>\n","protected":false},"author":2,"featured_media":10271,"comment_status":"open","ping_status":"open","sticky":false,"template":"","format":"standard","meta":{"footnotes":""},"categories":[72],"tags":[],"class_list":["post-10270","post","type-post","status-publish","format-standard","has-post-thumbnail","hentry","category-bota"],"yoast_head":"<!-- This site is optimized with the Yoast SEO plugin v25.3.1 - https:\/\/yoast.com\/wordpress\/plugins\/seo\/ -->\n<title>T\u00ebrmet i fuqish\u00ebm n\u00eb Afganistan, mbi 600 t\u00eb vdekur -<\/title>\n<meta name=\"robots\" content=\"index, follow, max-snippet:-1, max-image-preview:large, max-video-preview:-1\" \/>\n<link rel=\"canonical\" href=\"https:\/\/veritasinfo.org\/?p=10270\" \/>\n<meta property=\"og:locale\" content=\"en_US\" \/>\n<meta property=\"og:type\" content=\"article\" \/>\n<meta property=\"og:title\" content=\"T\u00ebrmet i fuqish\u00ebm n\u00eb Afganistan, mbi 600 t\u00eb vdekur -\" \/>\n<meta property=\"og:description\" content=\"Kabul, 01 shtator 2025 Nj\u00eb t\u00ebrmet\u00a0 i fuqish\u00ebm ka goditur pjes\u00ebn lindore t\u00eb Afganistanit pran\u00eb kufirit me Pakistanin, duke l\u00ebn\u00eb t\u00eb pakt\u00ebn 600 persona t\u00eb\" \/>\n<meta property=\"og:url\" content=\"https:\/\/veritasinfo.org\/?p=10270\" \/>\n<meta property=\"article:published_time\" content=\"2025-09-01T06:24:28+00:00\" \/>\n<meta property=\"article:modified_time\" content=\"2025-09-01T06:40:24+00:00\" \/>\n<meta property=\"og:image\" content=\"https:\/\/veritasinfo.org\/wp-content\/uploads\/2025\/09\/harta-afg.jpg\" \/>\n\t<meta property=\"og:image:width\" content=\"850\" \/>\n\t<meta property=\"og:image:height\" content=\"481\" \/>\n\t<meta property=\"og:image:type\" content=\"image\/jpeg\" \/>\n<meta name=\"author\" content=\"US1\" \/>\n<meta name=\"twitter:card\" content=\"summary_large_image\" \/>\n<meta name=\"twitter:label1\" content=\"Written by\" \/>\n\t<meta name=\"twitter:data1\" content=\"US1\" \/>\n\t<meta name=\"twitter:label2\" content=\"Est. reading time\" \/>\n\t<meta name=\"twitter:data2\" content=\"2 minutes\" \/>\n<script type=\"application\/ld+json\" class=\"yoast-schema-graph\">{\"@context\":\"https:\/\/schema.org\",\"@graph\":[{\"@type\":\"WebPage\",\"@id\":\"https:\/\/veritasinfo.org\/?p=10270\",\"url\":\"https:\/\/veritasinfo.org\/?p=10270\",\"name\":\"T\u00ebrmet i fuqish\u00ebm n\u00eb Afganistan, mbi 600 t\u00eb vdekur -\",\"isPartOf\":{\"@id\":\"https:\/\/veritasinfo.org\/#website\"},\"primaryImageOfPage\":{\"@id\":\"https:\/\/veritasinfo.org\/?p=10270#primaryimage\"},\"image\":{\"@id\":\"https:\/\/veritasinfo.org\/?p=10270#primaryimage\"},\"thumbnailUrl\":\"https:\/\/veritasinfo.org\/wp-content\/uploads\/2025\/09\/harta-afg.jpg\",\"datePublished\":\"2025-09-01T06:24:28+00:00\",\"dateModified\":\"2025-09-01T06:40:24+00:00\",\"author\":{\"@id\":\"https:\/\/veritasinfo.org\/#\/schema\/person\/c2b8be262ea994d0995addca692c5e98\"},\"breadcrumb\":{\"@id\":\"https:\/\/veritasinfo.org\/?p=10270#breadcrumb\"},\"inLanguage\":\"en-US\",\"potentialAction\":[{\"@type\":\"ReadAction\",\"target\":[\"https:\/\/veritasinfo.org\/?p=10270\"]}]},{\"@type\":\"ImageObject\",\"inLanguage\":\"en-US\",\"@id\":\"https:\/\/veritasinfo.org\/?p=10270#primaryimage\",\"url\":\"https:\/\/veritasinfo.org\/wp-content\/uploads\/2025\/09\/harta-afg.jpg\",\"contentUrl\":\"https:\/\/veritasinfo.org\/wp-content\/uploads\/2025\/09\/harta-afg.jpg\",\"width\":850,\"height\":481},{\"@type\":\"BreadcrumbList\",\"@id\":\"https:\/\/veritasinfo.org\/?p=10270#breadcrumb\",\"itemListElement\":[{\"@type\":\"ListItem\",\"position\":1,\"name\":\"Home\",\"item\":\"https:\/\/veritasinfo.org\/\"},{\"@type\":\"ListItem\",\"position\":2,\"name\":\"T\u00ebrmet i fuqish\u00ebm n\u00eb Afganistan, mbi 600 t\u00eb vdekur\"}]},{\"@type\":\"WebSite\",\"@id\":\"https:\/\/veritasinfo.org\/#website\",\"url\":\"https:\/\/veritasinfo.org\/\",\"name\":\"\",\"description\":\"\",\"potentialAction\":[{\"@type\":\"SearchAction\",\"target\":{\"@type\":\"EntryPoint\",\"urlTemplate\":\"https:\/\/veritasinfo.org\/?s={search_term_string}\"},\"query-input\":{\"@type\":\"PropertyValueSpecification\",\"valueRequired\":true,\"valueName\":\"search_term_string\"}}],\"inLanguage\":\"en-US\"},{\"@type\":\"Person\",\"@id\":\"https:\/\/veritasinfo.org\/#\/schema\/person\/c2b8be262ea994d0995addca692c5e98\",\"name\":\"US1\",\"image\":{\"@type\":\"ImageObject\",\"inLanguage\":\"en-US\",\"@id\":\"https:\/\/veritasinfo.org\/#\/schema\/person\/image\/\",\"url\":\"https:\/\/secure.gravatar.com\/avatar\/4e96a59bd256abf9956eb9963ac891a47461ffb364d47b0e9aab113328fdb75b?s=96&d=mm&r=g\",\"contentUrl\":\"https:\/\/secure.gravatar.com\/avatar\/4e96a59bd256abf9956eb9963ac891a47461ffb364d47b0e9aab113328fdb75b?s=96&d=mm&r=g\",\"caption\":\"US1\"},\"url\":\"https:\/\/veritasinfo.org\/?author=2\"}]}<\/script>\n<!-- \/ Yoast SEO plugin. -->","yoast_head_json":{"title":"T\u00ebrmet i fuqish\u00ebm n\u00eb Afganistan, mbi 600 t\u00eb vdekur -","robots":{"index":"index","follow":"follow","max-snippet":"max-snippet:-1","max-image-preview":"max-image-preview:large","max-video-preview":"max-video-preview:-1"},"canonical":"https:\/\/veritasinfo.org\/?p=10270","og_locale":"en_US","og_type":"article","og_title":"T\u00ebrmet i fuqish\u00ebm n\u00eb Afganistan, mbi 600 t\u00eb vdekur -","og_description":"Kabul, 01 shtator 2025 Nj\u00eb t\u00ebrmet\u00a0 i fuqish\u00ebm ka goditur pjes\u00ebn lindore t\u00eb Afganistanit pran\u00eb kufirit me Pakistanin, duke l\u00ebn\u00eb t\u00eb pakt\u00ebn 600 persona t\u00eb","og_url":"https:\/\/veritasinfo.org\/?p=10270","article_published_time":"2025-09-01T06:24:28+00:00","article_modified_time":"2025-09-01T06:40:24+00:00","og_image":[{"width":850,"height":481,"url":"https:\/\/veritasinfo.org\/wp-content\/uploads\/2025\/09\/harta-afg.jpg","type":"image\/jpeg"}],"author":"US1","twitter_card":"summary_large_image","twitter_misc":{"Written by":"US1","Est. reading time":"2 minutes"},"schema":{"@context":"https:\/\/schema.org","@graph":[{"@type":"WebPage","@id":"https:\/\/veritasinfo.org\/?p=10270","url":"https:\/\/veritasinfo.org\/?p=10270","name":"T\u00ebrmet i fuqish\u00ebm n\u00eb Afganistan, mbi 600 t\u00eb vdekur -","isPartOf":{"@id":"https:\/\/veritasinfo.org\/#website"},"primaryImageOfPage":{"@id":"https:\/\/veritasinfo.org\/?p=10270#primaryimage"},"image":{"@id":"https:\/\/veritasinfo.org\/?p=10270#primaryimage"},"thumbnailUrl":"https:\/\/veritasinfo.org\/wp-content\/uploads\/2025\/09\/harta-afg.jpg","datePublished":"2025-09-01T06:24:28+00:00","dateModified":"2025-09-01T06:40:24+00:00","author":{"@id":"https:\/\/veritasinfo.org\/#\/schema\/person\/c2b8be262ea994d0995addca692c5e98"},"breadcrumb":{"@id":"https:\/\/veritasinfo.org\/?p=10270#breadcrumb"},"inLanguage":"en-US","potentialAction":[{"@type":"ReadAction","target":["https:\/\/veritasinfo.org\/?p=10270"]}]},{"@type":"ImageObject","inLanguage":"en-US","@id":"https:\/\/veritasinfo.org\/?p=10270#primaryimage","url":"https:\/\/veritasinfo.org\/wp-content\/uploads\/2025\/09\/harta-afg.jpg","contentUrl":"https:\/\/veritasinfo.org\/wp-content\/uploads\/2025\/09\/harta-afg.jpg","width":850,"height":481},{"@type":"BreadcrumbList","@id":"https:\/\/veritasinfo.org\/?p=10270#breadcrumb","itemListElement":[{"@type":"ListItem","position":1,"name":"Home","item":"https:\/\/veritasinfo.org\/"},{"@type":"ListItem","position":2,"name":"T\u00ebrmet i fuqish\u00ebm n\u00eb Afganistan, mbi 600 t\u00eb vdekur"}]},{"@type":"WebSite","@id":"https:\/\/veritasinfo.org\/#website","url":"https:\/\/veritasinfo.org\/","name":"","description":"","potentialAction":[{"@type":"SearchAction","target":{"@type":"EntryPoint","urlTemplate":"https:\/\/veritasinfo.org\/?s={search_term_string}"},"query-input":{"@type":"PropertyValueSpecification","valueRequired":true,"valueName":"search_term_string"}}],"inLanguage":"en-US"},{"@type":"Person","@id":"https:\/\/veritasinfo.org\/#\/schema\/person\/c2b8be262ea994d0995addca692c5e98","name":"US1","image":{"@type":"ImageObject","inLanguage":"en-US","@id":"https:\/\/veritasinfo.org\/#\/schema\/person\/image\/","url":"https:\/\/secure.gravatar.com\/avatar\/4e96a59bd256abf9956eb9963ac891a47461ffb364d47b0e9aab113328fdb75b?s=96&d=mm&r=g","contentUrl":"https:\/\/secure.gravatar.com\/avatar\/4e96a59bd256abf9956eb9963ac891a47461ffb364d47b0e9aab113328fdb75b?s=96&d=mm&r=g","caption":"US1"},"url":"https:\/\/veritasinfo.org\/?author=2"}]}},"featured_image_urls":{"full":["https:\/\/veritasinfo.org\/wp-content\/uploads\/2025\/09\/harta-afg.jpg",850,481,false],"thumbnail":["https:\/\/veritasinfo.org\/wp-content\/uploads\/2025\/09\/harta-afg-150x150.jpg",150,150,true],"medium":["https:\/\/veritasinfo.org\/wp-content\/uploads\/2025\/09\/harta-afg-300x170.jpg",300,170,true],"medium_large":["https:\/\/veritasinfo.org\/wp-content\/uploads\/2025\/09\/harta-afg-768x435.jpg",640,363,true],"large":["https:\/\/veritasinfo.org\/wp-content\/uploads\/2025\/09\/harta-afg.jpg",640,362,false],"1536x1536":["https:\/\/veritasinfo.org\/wp-content\/uploads\/2025\/09\/harta-afg.jpg",850,481,false],"2048x2048":["https:\/\/veritasinfo.org\/wp-content\/uploads\/2025\/09\/harta-afg.jpg",850,481,false],"kreeti-slider-full":["https:\/\/veritasinfo.org\/wp-content\/uploads\/2025\/09\/harta-afg.jpg",850,481,false],"kreeti-featured":["https:\/\/veritasinfo.org\/wp-content\/uploads\/2025\/09\/harta-afg.jpg",850,481,false],"kreeti-medium":["https:\/\/veritasinfo.org\/wp-content\/uploads\/2025\/09\/harta-afg.jpg",720,407,false],"kreeti-medium-square":["https:\/\/veritasinfo.org\/wp-content\/uploads\/2025\/09\/harta-afg.jpg",350,198,false]},"author_info":{"info":["US1"]},"category_info":"<a href=\"https:\/\/veritasinfo.org\/?cat=72\" rel=\"category\">Bota<\/a>","tag_info":"Bota","comment_count":"0","_links":{"self":[{"href":"https:\/\/veritasinfo.org\/index.php?rest_route=\/wp\/v2\/posts\/10270","targetHints":{"allow":["GET"]}}],"collection":[{"href":"https:\/\/veritasinfo.org\/index.php?rest_route=\/wp\/v2\/posts"}],"about":[{"href":"https:\/\/veritasinfo.org\/index.php?rest_route=\/wp\/v2\/types\/post"}],"author":[{"embeddable":true,"href":"https:\/\/veritasinfo.org\/index.php?rest_route=\/wp\/v2\/users\/2"}],"replies":[{"embeddable":true,"href":"https:\/\/veritasinfo.org\/index.php?rest_route=%2Fwp%2Fv2%2Fcomments&post=10270"}],"version-history":[{"count":3,"href":"https:\/\/veritasinfo.org\/index.php?rest_route=\/wp\/v2\/posts\/10270\/revisions"}],"predecessor-version":[{"id":10282,"href":"https:\/\/veritasinfo.org\/index.php?rest_route=\/wp\/v2\/posts\/10270\/revisions\/10282"}],"wp:featuredmedia":[{"embeddable":true,"href":"https:\/\/veritasinfo.org\/index.php?rest_route=\/wp\/v2\/media\/10271"}],"wp:attachment":[{"href":"https:\/\/veritasinfo.org\/index.php?rest_route=%2Fwp%2Fv2%2Fmedia&parent=10270"}],"wp:term":[{"taxonomy":"category","embeddable":true,"href":"https:\/\/veritasinfo.org\/index.php?rest_route=%2Fwp%2Fv2%2Fcategories&post=10270"},{"taxonomy":"post_tag","embeddable":true,"href":"https:\/\/veritasinfo.org\/index.php?rest_route=%2Fwp%2Fv2%2Ftags&post=10270"}],"curies":[{"name":"wp","href":"https:\/\/api.w.org\/{rel}","templated":true}]}}