{"id":10259,"date":"2025-09-01T07:26:47","date_gmt":"2025-09-01T05:26:47","guid":{"rendered":"https:\/\/veritasinfo.org\/?p=10259"},"modified":"2025-09-01T07:26:47","modified_gmt":"2025-09-01T05:26:47","slug":"sot-fillon-viti-i-ri-shkollor-2025-2026","status":"publish","type":"post","link":"https:\/\/veritasinfo.org\/?p=10259","title":{"rendered":"Sot fillon viti i ri shkollor 2025\/2026"},"content":{"rendered":"<p>Prishtin\u00eb, 01 Shtator 2025<\/p>\n<p><strong>Sot n\u00eb t\u00eb gjitha institucionet publike dhe private t\u00eb arsimit parauniversitar do t\u00eb filloj\u00eb procesi m\u00ebsimor 2025\/2026. Nd\u00ebrkoh\u00eb ka vazhduar procesi p\u00ebr subvencionimin e teksteve shkollore dhe materialeve m\u00ebsimore p\u00ebrmes platform\u00ebs e-Kosova.<\/strong><\/p>\n<p>Ministria e Arsimit ka b\u00ebr\u00eb t\u00eb ditur se procesi i aplikimit mbetet i hapur, me q\u00ebllim q\u00eb t\u00eb sigurohet p\u00ebrfshirja e t\u00eb gjith\u00eb nx\u00ebn\u00ebsve.<\/p>\n<p>Ministrja n\u00eb detyr\u00eb e Arsimit, Arb\u00ebrie Nagavci ka b\u00ebr\u00eb t\u00eb ditur se gjith\u00e7ka \u00ebsht\u00eb gati p\u00ebr nj\u00eb proces t\u00eb mbar\u00eb m\u00ebsimor.<\/p>\n<p>\u201cSi Ministri e Arsimit i kemi b\u00ebr\u00eb t\u00eb gjitha p\u00ebrgatitjet e nevojshme p\u00ebr fillimin e mbar\u00eb t\u00eb vitit shkollor, dhe raportimet nga komunat tregojn\u00eb se pun\u00ebt po ecin mir\u00eb\u201d, tha ajo.<\/p>\n<p>Ministrja Nagavci shtoi se tashm\u00eb jan\u00eb kryer edhe pagesat e para p\u00ebr subvencionimin e teksteve shkollore.<\/p>\n<p>\u201cSa i p\u00ebrket furnizimit me tekste dhe mjete m\u00ebsimore, jan\u00eb mbi 180 mij\u00eb prind\u00ebr apo kujdestar\u00eb t\u00eb cil\u00ebt kan\u00eb aplikuar. Deri tani \u00ebsht\u00eb realizuar pagesa e mbi 70% t\u00eb tyre, apo m\u00eb shum\u00eb se 9 milion\u00eb euro\u201d, tha ajo.<\/p>\n","protected":false},"excerpt":{"rendered":"<p>Prishtin\u00eb, 01 Shtator 2025 Sot n\u00eb t\u00eb gjitha institucionet publike dhe private t\u00eb arsimit parauniversitar do t\u00eb filloj\u00eb procesi m\u00ebsimor 2025\/2026. Nd\u00ebrkoh\u00eb ka vazhduar procesi<\/p>\n","protected":false},"author":1,"featured_media":10260,"comment_status":"open","ping_status":"open","sticky":false,"template":"","format":"standard","meta":{"footnotes":""},"categories":[60],"tags":[],"class_list":["post-10259","post","type-post","status-publish","format-standard","has-post-thumbnail","hentry","category-shoqerore-sq"],"yoast_head":"<!-- This site is optimized with the Yoast SEO plugin v25.3.1 - https:\/\/yoast.com\/wordpress\/plugins\/seo\/ -->\n<title>Sot fillon viti i ri shkollor 2025\/2026 -<\/title>\n<meta name=\"robots\" content=\"index, follow, max-snippet:-1, max-image-preview:large, max-video-preview:-1\" \/>\n<link rel=\"canonical\" href=\"https:\/\/veritasinfo.org\/?p=10259\" \/>\n<meta property=\"og:locale\" content=\"en_US\" \/>\n<meta property=\"og:type\" content=\"article\" \/>\n<meta property=\"og:title\" content=\"Sot fillon viti i ri shkollor 2025\/2026 -\" \/>\n<meta property=\"og:description\" content=\"Prishtin\u00eb, 01 Shtator 2025 Sot n\u00eb t\u00eb gjitha institucionet publike dhe private t\u00eb arsimit parauniversitar do t\u00eb filloj\u00eb procesi m\u00ebsimor 2025\/2026. Nd\u00ebrkoh\u00eb ka vazhduar procesi\" \/>\n<meta property=\"og:url\" content=\"https:\/\/veritasinfo.org\/?p=10259\" \/>\n<meta property=\"article:published_time\" content=\"2025-09-01T05:26:47+00:00\" \/>\n<meta property=\"og:image\" content=\"https:\/\/veritasinfo.org\/wp-content\/uploads\/2025\/09\/IMG_2876.jpeg\" \/>\n\t<meta property=\"og:image:width\" content=\"2000\" \/>\n\t<meta property=\"og:image:height\" content=\"1124\" \/>\n\t<meta property=\"og:image:type\" content=\"image\/jpeg\" \/>\n<meta name=\"author\" content=\"admin\" \/>\n<meta name=\"twitter:card\" content=\"summary_large_image\" \/>\n<meta name=\"twitter:label1\" content=\"Written by\" \/>\n\t<meta name=\"twitter:data1\" content=\"admin\" \/>\n\t<meta name=\"twitter:label2\" content=\"Est. reading time\" \/>\n\t<meta name=\"twitter:data2\" content=\"1 minute\" \/>\n<script type=\"application\/ld+json\" class=\"yoast-schema-graph\">{\"@context\":\"https:\/\/schema.org\",\"@graph\":[{\"@type\":\"WebPage\",\"@id\":\"https:\/\/veritasinfo.org\/?p=10259\",\"url\":\"https:\/\/veritasinfo.org\/?p=10259\",\"name\":\"Sot fillon viti i ri shkollor 2025\/2026 -\",\"isPartOf\":{\"@id\":\"https:\/\/veritasinfo.org\/#website\"},\"primaryImageOfPage\":{\"@id\":\"https:\/\/veritasinfo.org\/?p=10259#primaryimage\"},\"image\":{\"@id\":\"https:\/\/veritasinfo.org\/?p=10259#primaryimage\"},\"thumbnailUrl\":\"https:\/\/veritasinfo.org\/wp-content\/uploads\/2025\/09\/IMG_2876.jpeg\",\"datePublished\":\"2025-09-01T05:26:47+00:00\",\"author\":{\"@id\":\"https:\/\/veritasinfo.org\/#\/schema\/person\/7701f8c088bece422266b100a712374f\"},\"breadcrumb\":{\"@id\":\"https:\/\/veritasinfo.org\/?p=10259#breadcrumb\"},\"inLanguage\":\"en-US\",\"potentialAction\":[{\"@type\":\"ReadAction\",\"target\":[\"https:\/\/veritasinfo.org\/?p=10259\"]}]},{\"@type\":\"ImageObject\",\"inLanguage\":\"en-US\",\"@id\":\"https:\/\/veritasinfo.org\/?p=10259#primaryimage\",\"url\":\"https:\/\/veritasinfo.org\/wp-content\/uploads\/2025\/09\/IMG_2876.jpeg\",\"contentUrl\":\"https:\/\/veritasinfo.org\/wp-content\/uploads\/2025\/09\/IMG_2876.jpeg\",\"width\":2000,\"height\":1124},{\"@type\":\"BreadcrumbList\",\"@id\":\"https:\/\/veritasinfo.org\/?p=10259#breadcrumb\",\"itemListElement\":[{\"@type\":\"ListItem\",\"position\":1,\"name\":\"Home\",\"item\":\"https:\/\/veritasinfo.org\/\"},{\"@type\":\"ListItem\",\"position\":2,\"name\":\"Sot fillon viti i ri shkollor 2025\/2026\"}]},{\"@type\":\"WebSite\",\"@id\":\"https:\/\/veritasinfo.org\/#website\",\"url\":\"https:\/\/veritasinfo.org\/\",\"name\":\"\",\"description\":\"\",\"potentialAction\":[{\"@type\":\"SearchAction\",\"target\":{\"@type\":\"EntryPoint\",\"urlTemplate\":\"https:\/\/veritasinfo.org\/?s={search_term_string}\"},\"query-input\":{\"@type\":\"PropertyValueSpecification\",\"valueRequired\":true,\"valueName\":\"search_term_string\"}}],\"inLanguage\":\"en-US\"},{\"@type\":\"Person\",\"@id\":\"https:\/\/veritasinfo.org\/#\/schema\/person\/7701f8c088bece422266b100a712374f\",\"name\":\"admin\",\"image\":{\"@type\":\"ImageObject\",\"inLanguage\":\"en-US\",\"@id\":\"https:\/\/veritasinfo.org\/#\/schema\/person\/image\/\",\"url\":\"https:\/\/secure.gravatar.com\/avatar\/ea53aa3bf6c9a12d5fde8ce4deff43fef3885ae33cf60184161a50d6987cfd2f?s=96&d=mm&r=g\",\"contentUrl\":\"https:\/\/secure.gravatar.com\/avatar\/ea53aa3bf6c9a12d5fde8ce4deff43fef3885ae33cf60184161a50d6987cfd2f?s=96&d=mm&r=g\",\"caption\":\"admin\"},\"sameAs\":[\"https:\/\/veritasinfo.org\"],\"url\":\"https:\/\/veritasinfo.org\/?author=1\"}]}<\/script>\n<!-- \/ Yoast SEO plugin. -->","yoast_head_json":{"title":"Sot fillon viti i ri shkollor 2025\/2026 -","robots":{"index":"index","follow":"follow","max-snippet":"max-snippet:-1","max-image-preview":"max-image-preview:large","max-video-preview":"max-video-preview:-1"},"canonical":"https:\/\/veritasinfo.org\/?p=10259","og_locale":"en_US","og_type":"article","og_title":"Sot fillon viti i ri shkollor 2025\/2026 -","og_description":"Prishtin\u00eb, 01 Shtator 2025 Sot n\u00eb t\u00eb gjitha institucionet publike dhe private t\u00eb arsimit parauniversitar do t\u00eb filloj\u00eb procesi m\u00ebsimor 2025\/2026. Nd\u00ebrkoh\u00eb ka vazhduar procesi","og_url":"https:\/\/veritasinfo.org\/?p=10259","article_published_time":"2025-09-01T05:26:47+00:00","og_image":[{"width":2000,"height":1124,"url":"https:\/\/veritasinfo.org\/wp-content\/uploads\/2025\/09\/IMG_2876.jpeg","type":"image\/jpeg"}],"author":"admin","twitter_card":"summary_large_image","twitter_misc":{"Written by":"admin","Est. reading time":"1 minute"},"schema":{"@context":"https:\/\/schema.org","@graph":[{"@type":"WebPage","@id":"https:\/\/veritasinfo.org\/?p=10259","url":"https:\/\/veritasinfo.org\/?p=10259","name":"Sot fillon viti i ri shkollor 2025\/2026 -","isPartOf":{"@id":"https:\/\/veritasinfo.org\/#website"},"primaryImageOfPage":{"@id":"https:\/\/veritasinfo.org\/?p=10259#primaryimage"},"image":{"@id":"https:\/\/veritasinfo.org\/?p=10259#primaryimage"},"thumbnailUrl":"https:\/\/veritasinfo.org\/wp-content\/uploads\/2025\/09\/IMG_2876.jpeg","datePublished":"2025-09-01T05:26:47+00:00","author":{"@id":"https:\/\/veritasinfo.org\/#\/schema\/person\/7701f8c088bece422266b100a712374f"},"breadcrumb":{"@id":"https:\/\/veritasinfo.org\/?p=10259#breadcrumb"},"inLanguage":"en-US","potentialAction":[{"@type":"ReadAction","target":["https:\/\/veritasinfo.org\/?p=10259"]}]},{"@type":"ImageObject","inLanguage":"en-US","@id":"https:\/\/veritasinfo.org\/?p=10259#primaryimage","url":"https:\/\/veritasinfo.org\/wp-content\/uploads\/2025\/09\/IMG_2876.jpeg","contentUrl":"https:\/\/veritasinfo.org\/wp-content\/uploads\/2025\/09\/IMG_2876.jpeg","width":2000,"height":1124},{"@type":"BreadcrumbList","@id":"https:\/\/veritasinfo.org\/?p=10259#breadcrumb","itemListElement":[{"@type":"ListItem","position":1,"name":"Home","item":"https:\/\/veritasinfo.org\/"},{"@type":"ListItem","position":2,"name":"Sot fillon viti i ri shkollor 2025\/2026"}]},{"@type":"WebSite","@id":"https:\/\/veritasinfo.org\/#website","url":"https:\/\/veritasinfo.org\/","name":"","description":"","potentialAction":[{"@type":"SearchAction","target":{"@type":"EntryPoint","urlTemplate":"https:\/\/veritasinfo.org\/?s={search_term_string}"},"query-input":{"@type":"PropertyValueSpecification","valueRequired":true,"valueName":"search_term_string"}}],"inLanguage":"en-US"},{"@type":"Person","@id":"https:\/\/veritasinfo.org\/#\/schema\/person\/7701f8c088bece422266b100a712374f","name":"admin","image":{"@type":"ImageObject","inLanguage":"en-US","@id":"https:\/\/veritasinfo.org\/#\/schema\/person\/image\/","url":"https:\/\/secure.gravatar.com\/avatar\/ea53aa3bf6c9a12d5fde8ce4deff43fef3885ae33cf60184161a50d6987cfd2f?s=96&d=mm&r=g","contentUrl":"https:\/\/secure.gravatar.com\/avatar\/ea53aa3bf6c9a12d5fde8ce4deff43fef3885ae33cf60184161a50d6987cfd2f?s=96&d=mm&r=g","caption":"admin"},"sameAs":["https:\/\/veritasinfo.org"],"url":"https:\/\/veritasinfo.org\/?author=1"}]}},"featured_image_urls":{"full":["https:\/\/veritasinfo.org\/wp-content\/uploads\/2025\/09\/IMG_2876.jpeg",2000,1124,false],"thumbnail":["https:\/\/veritasinfo.org\/wp-content\/uploads\/2025\/09\/IMG_2876-150x150.jpeg",150,150,true],"medium":["https:\/\/veritasinfo.org\/wp-content\/uploads\/2025\/09\/IMG_2876-300x169.jpeg",300,169,true],"medium_large":["https:\/\/veritasinfo.org\/wp-content\/uploads\/2025\/09\/IMG_2876-768x432.jpeg",640,360,true],"large":["https:\/\/veritasinfo.org\/wp-content\/uploads\/2025\/09\/IMG_2876-1024x575.jpeg",640,359,true],"1536x1536":["https:\/\/veritasinfo.org\/wp-content\/uploads\/2025\/09\/IMG_2876-1536x863.jpeg",1536,863,true],"2048x2048":["https:\/\/veritasinfo.org\/wp-content\/uploads\/2025\/09\/IMG_2876.jpeg",2000,1124,false],"kreeti-slider-full":["https:\/\/veritasinfo.org\/wp-content\/uploads\/2025\/09\/IMG_2876.jpeg",1280,720,false],"kreeti-featured":["https:\/\/veritasinfo.org\/wp-content\/uploads\/2025\/09\/IMG_2876.jpeg",1024,575,false],"kreeti-medium":["https:\/\/veritasinfo.org\/wp-content\/uploads\/2025\/09\/IMG_2876.jpeg",720,405,false],"kreeti-medium-square":["https:\/\/veritasinfo.org\/wp-content\/uploads\/2025\/09\/IMG_2876.jpeg",350,197,false]},"author_info":{"info":["admin"]},"category_info":"<a href=\"https:\/\/veritasinfo.org\/?cat=60\" rel=\"category\">Shoq\u00ebrore<\/a>","tag_info":"Shoq\u00ebrore","comment_count":"0","_links":{"self":[{"href":"https:\/\/veritasinfo.org\/index.php?rest_route=\/wp\/v2\/posts\/10259","targetHints":{"allow":["GET"]}}],"collection":[{"href":"https:\/\/veritasinfo.org\/index.php?rest_route=\/wp\/v2\/posts"}],"about":[{"href":"https:\/\/veritasinfo.org\/index.php?rest_route=\/wp\/v2\/types\/post"}],"author":[{"embeddable":true,"href":"https:\/\/veritasinfo.org\/index.php?rest_route=\/wp\/v2\/users\/1"}],"replies":[{"embeddable":true,"href":"https:\/\/veritasinfo.org\/index.php?rest_route=%2Fwp%2Fv2%2Fcomments&post=10259"}],"version-history":[{"count":1,"href":"https:\/\/veritasinfo.org\/index.php?rest_route=\/wp\/v2\/posts\/10259\/revisions"}],"predecessor-version":[{"id":10261,"href":"https:\/\/veritasinfo.org\/index.php?rest_route=\/wp\/v2\/posts\/10259\/revisions\/10261"}],"wp:featuredmedia":[{"embeddable":true,"href":"https:\/\/veritasinfo.org\/index.php?rest_route=\/wp\/v2\/media\/10260"}],"wp:attachment":[{"href":"https:\/\/veritasinfo.org\/index.php?rest_route=%2Fwp%2Fv2%2Fmedia&parent=10259"}],"wp:term":[{"taxonomy":"category","embeddable":true,"href":"https:\/\/veritasinfo.org\/index.php?rest_route=%2Fwp%2Fv2%2Fcategories&post=10259"},{"taxonomy":"post_tag","embeddable":true,"href":"https:\/\/veritasinfo.org\/index.php?rest_route=%2Fwp%2Fv2%2Ftags&post=10259"}],"curies":[{"name":"wp","href":"https:\/\/api.w.org\/{rel}","templated":true}]}}