{"id":10239,"date":"2025-08-31T21:10:46","date_gmt":"2025-08-31T19:10:46","guid":{"rendered":"https:\/\/veritasinfo.org\/?p=10239"},"modified":"2025-08-31T21:10:46","modified_gmt":"2025-08-31T19:10:46","slug":"the-guardian-e-tall-vuciqin-editorialin-ia-trajton-si-leter-te-zakonshme","status":"publish","type":"post","link":"https:\/\/veritasinfo.org\/?p=10239","title":{"rendered":"\u201cThe Guardian\u201d e tall Vu\u00e7iqin, editorialin ia trajton si let\u00ebr t\u00eb zakonshme"},"content":{"rendered":"<p>Lond\u00ebr, 31 Gusht 2025<br \/>\nThe Guardian e ka tallur Aleksandar Vu\u00e7iqin, duke e trajtuar nj\u00eb reagim t\u00eb tij ndaj kritikave si nj\u00eb let\u00ebr t\u00eb zakonshme lexuesi, e jo si opinion zyrtar i nj\u00eb presidenti.<\/p>\n<p>Edhe pse Vu\u00e7iq kishte p\u00ebrgatitur nj\u00eb tekst t\u00eb strukturuar si editorial, duke mbrojtur qeverin\u00eb e tij, duke theksuar lidhjet me BE-n\u00eb dhe duke mohuar akuzat p\u00ebr autoritariz\u00ebm, britanikja zgjodhi ta publikoj\u00eb n\u00eb seksionin \u201cLetrat e lexuesve\u201d, aty ku zakonisht vendosen reagime t\u00eb thjeshta qytetare, jo q\u00ebndrime t\u00eb krer\u00ebve t\u00eb shteteve.<\/p>\n<p>N\u00eb t\u00eb, Vu\u00e7iq p\u00ebrpiqej t\u00eb paraqes\u00eb Serbin\u00eb si nj\u00eb vend demokratik n\u00eb zhvillim, duke th\u00ebn\u00eb se \u201dSerbia \u00ebsht\u00eb thell\u00ebsisht e angazhuar me Evrop\u00ebn\u2026 nj\u00eb nivel i till\u00eb bashk\u00ebpunimi nuk p\u00ebrputhet me iden\u00eb e nj\u00eb shteti autoritar apo keqdash\u00ebs\u201d.<\/p>\n<p>Ai p\u00ebrmendte madje protestat atje, duke pretenduar n\u00eb p\u00ebrmbajtjen e policis\u00eb dhe p\u00ebrkushtimin ndaj reformave:<\/p>\n<p>\u201dAjo q\u00eb Serbia nuk mund t\u00eb pranoj\u00eb \u00ebsht\u00eb dhuna e maskuar si aktiviz\u00ebm, q\u00eb minon institucionet e nd\u00ebrtuara me p\u00ebrkushtim\u201d.<\/p>\n<p>Megjithat\u00eb, duke e vendosur k\u00ebt\u00eb shkrim n\u00eb nj\u00eb hap\u00ebsir\u00eb kaq t\u00eb margjinalizuar, The Guardian e rr\u00ebzon pretendimin p\u00ebr legjitimitet t\u00eb plot\u00eb dhe distancohet nga narrativa e Vu\u00e7iqit.<\/p>\n<p>Ajo e ekspozoi at\u00eb ndaj leximit ironik, si nj\u00eb mesazh t\u00eb qart\u00eb q\u00eb opinioni i tij nuk ka pesh\u00ebn q\u00eb ai d\u00ebshiron t\u00eb ket\u00eb n\u00eb aren\u00ebn nd\u00ebrkomb\u00ebtare.<\/p>\n","protected":false},"excerpt":{"rendered":"<p>Lond\u00ebr, 31 Gusht 2025 The Guardian e ka tallur Aleksandar Vu\u00e7iqin, duke e trajtuar nj\u00eb reagim t\u00eb tij ndaj kritikave si nj\u00eb let\u00ebr t\u00eb zakonshme<\/p>\n","protected":false},"author":1,"featured_media":10240,"comment_status":"open","ping_status":"open","sticky":false,"template":"","format":"standard","meta":{"footnotes":""},"categories":[72],"tags":[],"class_list":["post-10239","post","type-post","status-publish","format-standard","has-post-thumbnail","hentry","category-bota"],"yoast_head":"<!-- This site is optimized with the Yoast SEO plugin v25.3.1 - https:\/\/yoast.com\/wordpress\/plugins\/seo\/ -->\n<title>\u201cThe Guardian\u201d e tall Vu\u00e7iqin, editorialin ia trajton si let\u00ebr t\u00eb zakonshme -<\/title>\n<meta name=\"robots\" content=\"index, follow, max-snippet:-1, max-image-preview:large, max-video-preview:-1\" \/>\n<link rel=\"canonical\" href=\"https:\/\/veritasinfo.org\/?p=10239\" \/>\n<meta property=\"og:locale\" content=\"en_US\" \/>\n<meta property=\"og:type\" content=\"article\" \/>\n<meta property=\"og:title\" content=\"\u201cThe Guardian\u201d e tall Vu\u00e7iqin, editorialin ia trajton si let\u00ebr t\u00eb zakonshme -\" \/>\n<meta property=\"og:description\" content=\"Lond\u00ebr, 31 Gusht 2025 The Guardian e ka tallur Aleksandar Vu\u00e7iqin, duke e trajtuar nj\u00eb reagim t\u00eb tij ndaj kritikave si nj\u00eb let\u00ebr t\u00eb zakonshme\" \/>\n<meta property=\"og:url\" content=\"https:\/\/veritasinfo.org\/?p=10239\" \/>\n<meta property=\"article:published_time\" content=\"2025-08-31T19:10:46+00:00\" \/>\n<meta property=\"og:image\" content=\"https:\/\/veritasinfo.org\/wp-content\/uploads\/2025\/08\/IMG_3537.png\" \/>\n\t<meta property=\"og:image:width\" content=\"940\" \/>\n\t<meta property=\"og:image:height\" content=\"686\" \/>\n\t<meta property=\"og:image:type\" content=\"image\/png\" \/>\n<meta name=\"author\" content=\"admin\" \/>\n<meta name=\"twitter:card\" content=\"summary_large_image\" \/>\n<meta name=\"twitter:label1\" content=\"Written by\" \/>\n\t<meta name=\"twitter:data1\" content=\"admin\" \/>\n\t<meta name=\"twitter:label2\" content=\"Est. reading time\" \/>\n\t<meta name=\"twitter:data2\" content=\"1 minute\" \/>\n<script type=\"application\/ld+json\" class=\"yoast-schema-graph\">{\"@context\":\"https:\/\/schema.org\",\"@graph\":[{\"@type\":\"WebPage\",\"@id\":\"https:\/\/veritasinfo.org\/?p=10239\",\"url\":\"https:\/\/veritasinfo.org\/?p=10239\",\"name\":\"\u201cThe Guardian\u201d e tall Vu\u00e7iqin, editorialin ia trajton si let\u00ebr t\u00eb zakonshme -\",\"isPartOf\":{\"@id\":\"https:\/\/veritasinfo.org\/#website\"},\"primaryImageOfPage\":{\"@id\":\"https:\/\/veritasinfo.org\/?p=10239#primaryimage\"},\"image\":{\"@id\":\"https:\/\/veritasinfo.org\/?p=10239#primaryimage\"},\"thumbnailUrl\":\"https:\/\/veritasinfo.org\/wp-content\/uploads\/2025\/08\/IMG_3537.png\",\"datePublished\":\"2025-08-31T19:10:46+00:00\",\"author\":{\"@id\":\"https:\/\/veritasinfo.org\/#\/schema\/person\/7701f8c088bece422266b100a712374f\"},\"breadcrumb\":{\"@id\":\"https:\/\/veritasinfo.org\/?p=10239#breadcrumb\"},\"inLanguage\":\"en-US\",\"potentialAction\":[{\"@type\":\"ReadAction\",\"target\":[\"https:\/\/veritasinfo.org\/?p=10239\"]}]},{\"@type\":\"ImageObject\",\"inLanguage\":\"en-US\",\"@id\":\"https:\/\/veritasinfo.org\/?p=10239#primaryimage\",\"url\":\"https:\/\/veritasinfo.org\/wp-content\/uploads\/2025\/08\/IMG_3537.png\",\"contentUrl\":\"https:\/\/veritasinfo.org\/wp-content\/uploads\/2025\/08\/IMG_3537.png\",\"width\":940,\"height\":686},{\"@type\":\"BreadcrumbList\",\"@id\":\"https:\/\/veritasinfo.org\/?p=10239#breadcrumb\",\"itemListElement\":[{\"@type\":\"ListItem\",\"position\":1,\"name\":\"Home\",\"item\":\"https:\/\/veritasinfo.org\/\"},{\"@type\":\"ListItem\",\"position\":2,\"name\":\"\u201cThe Guardian\u201d e tall Vu\u00e7iqin, editorialin ia trajton si let\u00ebr t\u00eb zakonshme\"}]},{\"@type\":\"WebSite\",\"@id\":\"https:\/\/veritasinfo.org\/#website\",\"url\":\"https:\/\/veritasinfo.org\/\",\"name\":\"\",\"description\":\"\",\"potentialAction\":[{\"@type\":\"SearchAction\",\"target\":{\"@type\":\"EntryPoint\",\"urlTemplate\":\"https:\/\/veritasinfo.org\/?s={search_term_string}\"},\"query-input\":{\"@type\":\"PropertyValueSpecification\",\"valueRequired\":true,\"valueName\":\"search_term_string\"}}],\"inLanguage\":\"en-US\"},{\"@type\":\"Person\",\"@id\":\"https:\/\/veritasinfo.org\/#\/schema\/person\/7701f8c088bece422266b100a712374f\",\"name\":\"admin\",\"image\":{\"@type\":\"ImageObject\",\"inLanguage\":\"en-US\",\"@id\":\"https:\/\/veritasinfo.org\/#\/schema\/person\/image\/\",\"url\":\"https:\/\/secure.gravatar.com\/avatar\/ea53aa3bf6c9a12d5fde8ce4deff43fef3885ae33cf60184161a50d6987cfd2f?s=96&d=mm&r=g\",\"contentUrl\":\"https:\/\/secure.gravatar.com\/avatar\/ea53aa3bf6c9a12d5fde8ce4deff43fef3885ae33cf60184161a50d6987cfd2f?s=96&d=mm&r=g\",\"caption\":\"admin\"},\"sameAs\":[\"https:\/\/veritasinfo.org\"],\"url\":\"https:\/\/veritasinfo.org\/?author=1\"}]}<\/script>\n<!-- \/ Yoast SEO plugin. -->","yoast_head_json":{"title":"\u201cThe Guardian\u201d e tall Vu\u00e7iqin, editorialin ia trajton si let\u00ebr t\u00eb zakonshme -","robots":{"index":"index","follow":"follow","max-snippet":"max-snippet:-1","max-image-preview":"max-image-preview:large","max-video-preview":"max-video-preview:-1"},"canonical":"https:\/\/veritasinfo.org\/?p=10239","og_locale":"en_US","og_type":"article","og_title":"\u201cThe Guardian\u201d e tall Vu\u00e7iqin, editorialin ia trajton si let\u00ebr t\u00eb zakonshme -","og_description":"Lond\u00ebr, 31 Gusht 2025 The Guardian e ka tallur Aleksandar Vu\u00e7iqin, duke e trajtuar nj\u00eb reagim t\u00eb tij ndaj kritikave si nj\u00eb let\u00ebr t\u00eb zakonshme","og_url":"https:\/\/veritasinfo.org\/?p=10239","article_published_time":"2025-08-31T19:10:46+00:00","og_image":[{"width":940,"height":686,"url":"https:\/\/veritasinfo.org\/wp-content\/uploads\/2025\/08\/IMG_3537.png","type":"image\/png"}],"author":"admin","twitter_card":"summary_large_image","twitter_misc":{"Written by":"admin","Est. reading time":"1 minute"},"schema":{"@context":"https:\/\/schema.org","@graph":[{"@type":"WebPage","@id":"https:\/\/veritasinfo.org\/?p=10239","url":"https:\/\/veritasinfo.org\/?p=10239","name":"\u201cThe Guardian\u201d e tall Vu\u00e7iqin, editorialin ia trajton si let\u00ebr t\u00eb zakonshme -","isPartOf":{"@id":"https:\/\/veritasinfo.org\/#website"},"primaryImageOfPage":{"@id":"https:\/\/veritasinfo.org\/?p=10239#primaryimage"},"image":{"@id":"https:\/\/veritasinfo.org\/?p=10239#primaryimage"},"thumbnailUrl":"https:\/\/veritasinfo.org\/wp-content\/uploads\/2025\/08\/IMG_3537.png","datePublished":"2025-08-31T19:10:46+00:00","author":{"@id":"https:\/\/veritasinfo.org\/#\/schema\/person\/7701f8c088bece422266b100a712374f"},"breadcrumb":{"@id":"https:\/\/veritasinfo.org\/?p=10239#breadcrumb"},"inLanguage":"en-US","potentialAction":[{"@type":"ReadAction","target":["https:\/\/veritasinfo.org\/?p=10239"]}]},{"@type":"ImageObject","inLanguage":"en-US","@id":"https:\/\/veritasinfo.org\/?p=10239#primaryimage","url":"https:\/\/veritasinfo.org\/wp-content\/uploads\/2025\/08\/IMG_3537.png","contentUrl":"https:\/\/veritasinfo.org\/wp-content\/uploads\/2025\/08\/IMG_3537.png","width":940,"height":686},{"@type":"BreadcrumbList","@id":"https:\/\/veritasinfo.org\/?p=10239#breadcrumb","itemListElement":[{"@type":"ListItem","position":1,"name":"Home","item":"https:\/\/veritasinfo.org\/"},{"@type":"ListItem","position":2,"name":"\u201cThe Guardian\u201d e tall Vu\u00e7iqin, editorialin ia trajton si let\u00ebr t\u00eb zakonshme"}]},{"@type":"WebSite","@id":"https:\/\/veritasinfo.org\/#website","url":"https:\/\/veritasinfo.org\/","name":"","description":"","potentialAction":[{"@type":"SearchAction","target":{"@type":"EntryPoint","urlTemplate":"https:\/\/veritasinfo.org\/?s={search_term_string}"},"query-input":{"@type":"PropertyValueSpecification","valueRequired":true,"valueName":"search_term_string"}}],"inLanguage":"en-US"},{"@type":"Person","@id":"https:\/\/veritasinfo.org\/#\/schema\/person\/7701f8c088bece422266b100a712374f","name":"admin","image":{"@type":"ImageObject","inLanguage":"en-US","@id":"https:\/\/veritasinfo.org\/#\/schema\/person\/image\/","url":"https:\/\/secure.gravatar.com\/avatar\/ea53aa3bf6c9a12d5fde8ce4deff43fef3885ae33cf60184161a50d6987cfd2f?s=96&d=mm&r=g","contentUrl":"https:\/\/secure.gravatar.com\/avatar\/ea53aa3bf6c9a12d5fde8ce4deff43fef3885ae33cf60184161a50d6987cfd2f?s=96&d=mm&r=g","caption":"admin"},"sameAs":["https:\/\/veritasinfo.org"],"url":"https:\/\/veritasinfo.org\/?author=1"}]}},"featured_image_urls":{"full":["https:\/\/veritasinfo.org\/wp-content\/uploads\/2025\/08\/IMG_3537.png",940,686,false],"thumbnail":["https:\/\/veritasinfo.org\/wp-content\/uploads\/2025\/08\/IMG_3537-150x150.png",150,150,true],"medium":["https:\/\/veritasinfo.org\/wp-content\/uploads\/2025\/08\/IMG_3537-300x219.png",300,219,true],"medium_large":["https:\/\/veritasinfo.org\/wp-content\/uploads\/2025\/08\/IMG_3537-768x560.png",640,467,true],"large":["https:\/\/veritasinfo.org\/wp-content\/uploads\/2025\/08\/IMG_3537.png",640,467,false],"1536x1536":["https:\/\/veritasinfo.org\/wp-content\/uploads\/2025\/08\/IMG_3537.png",940,686,false],"2048x2048":["https:\/\/veritasinfo.org\/wp-content\/uploads\/2025\/08\/IMG_3537.png",940,686,false],"kreeti-slider-full":["https:\/\/veritasinfo.org\/wp-content\/uploads\/2025\/08\/IMG_3537.png",940,686,false],"kreeti-featured":["https:\/\/veritasinfo.org\/wp-content\/uploads\/2025\/08\/IMG_3537.png",940,686,false],"kreeti-medium":["https:\/\/veritasinfo.org\/wp-content\/uploads\/2025\/08\/IMG_3537.png",720,525,false],"kreeti-medium-square":["https:\/\/veritasinfo.org\/wp-content\/uploads\/2025\/08\/IMG_3537.png",350,255,false]},"author_info":{"info":["admin"]},"category_info":"<a href=\"https:\/\/veritasinfo.org\/?cat=72\" rel=\"category\">Bota<\/a>","tag_info":"Bota","comment_count":"0","_links":{"self":[{"href":"https:\/\/veritasinfo.org\/index.php?rest_route=\/wp\/v2\/posts\/10239","targetHints":{"allow":["GET"]}}],"collection":[{"href":"https:\/\/veritasinfo.org\/index.php?rest_route=\/wp\/v2\/posts"}],"about":[{"href":"https:\/\/veritasinfo.org\/index.php?rest_route=\/wp\/v2\/types\/post"}],"author":[{"embeddable":true,"href":"https:\/\/veritasinfo.org\/index.php?rest_route=\/wp\/v2\/users\/1"}],"replies":[{"embeddable":true,"href":"https:\/\/veritasinfo.org\/index.php?rest_route=%2Fwp%2Fv2%2Fcomments&post=10239"}],"version-history":[{"count":1,"href":"https:\/\/veritasinfo.org\/index.php?rest_route=\/wp\/v2\/posts\/10239\/revisions"}],"predecessor-version":[{"id":10241,"href":"https:\/\/veritasinfo.org\/index.php?rest_route=\/wp\/v2\/posts\/10239\/revisions\/10241"}],"wp:featuredmedia":[{"embeddable":true,"href":"https:\/\/veritasinfo.org\/index.php?rest_route=\/wp\/v2\/media\/10240"}],"wp:attachment":[{"href":"https:\/\/veritasinfo.org\/index.php?rest_route=%2Fwp%2Fv2%2Fmedia&parent=10239"}],"wp:term":[{"taxonomy":"category","embeddable":true,"href":"https:\/\/veritasinfo.org\/index.php?rest_route=%2Fwp%2Fv2%2Fcategories&post=10239"},{"taxonomy":"post_tag","embeddable":true,"href":"https:\/\/veritasinfo.org\/index.php?rest_route=%2Fwp%2Fv2%2Ftags&post=10239"}],"curies":[{"name":"wp","href":"https:\/\/api.w.org\/{rel}","templated":true}]}}