{"id":10229,"date":"2025-08-31T19:15:38","date_gmt":"2025-08-31T17:15:38","guid":{"rendered":"https:\/\/veritasinfo.org\/?p=10229"},"modified":"2025-08-31T19:15:38","modified_gmt":"2025-08-31T17:15:38","slug":"ish-gjyqtarja-e-kushtetueses-vlereson-se-kuvendi-mund-ta-vazhdoje-punen","status":"publish","type":"post","link":"https:\/\/veritasinfo.org\/?p=10229","title":{"rendered":"Ish-gjyqtarja e Kushtetueses vler\u00ebson se Kuvendi mund ta vazhdoj\u00eb pun\u00ebn"},"content":{"rendered":"<p>Prishtin\u00eb, 31 Gusht 2025<\/p>\n<p>Ish-an\u00ebtarja e Gjykat\u00ebs Kushtetuese, Gjyljeta Mushkolaj, ka vler\u00ebsuar se puna e Kuvendit nuk duhet t\u00eb bllokohet nga mungesa e n\u00ebnkryetarit serb. Edhe pse n\u00eb Gjykat\u00eb Kushtetuese \u00ebsht\u00eb ankuar Lista Serbe, Mushkolaj thot\u00eb se presidentja n\u00ebse do t\u00eb em\u00ebroj\u00eb mandatarin p\u00ebr formimin e Qeveris\u00eb nuk do t\u00eb b\u00ebnte shkelje kushtetuese, meq\u00eb e ka p\u00ebr detyr\u00eb garantimin e funksionimit t\u00eb institucioneve<\/p>\n<div class=\"instream-video\">\n<div data-id=\"2kQm8Ze4251g\">\n<div class=\"orp-player-wrapper orp-aspectRateFixed orp-tiny-size orp-player-ipm orp-player-ipm-hidden orp-force-hide-player\">Kuvendi mund t\u00eb vazhdoj\u00eb pun\u00ebn dhe shteti nuk duhet t\u00eb bllokohet, ka vler\u00ebsuar ish-an\u00ebtarja e Gjykat\u00ebs Kushtetuese, Gjyljeta Mushkolaj.<\/div>\n<\/div>\n<\/div>\n<p>Profesoresha e Fakultetit Juridik n\u00eb Universitetin e Prishtin\u00ebs ka vler\u00ebsuar t\u00eb diel\u00ebn se partit\u00eb deri tash n\u00eb opozit\u00eb e kan\u00eb pasur mund\u00ebsin\u00eb q\u00eb ta zgjedhin Nenad Rashiqin n\u00ebnkryetar.<\/p>\n<p>\u201cAskund n\u00eb Kushtetut\u00eb nuk k\u00ebrkohet q\u00eb kandidati p\u00ebr n\u00ebnkryetar nga radh\u00ebt e deputet\u00ebve t\u00eb Kuvendit, q\u00eb mbajn\u00eb vendet e garantuara t\u00eb komunitetit serb, t\u00eb p\u00eblqehet nga Vu\u00e7iqi. K\u00ebrkohen votat e shumic\u00ebs s\u00eb t\u00eb gjith\u00eb deputet\u00ebve t\u00eb Kuvendit t\u00eb Kosov\u00ebs. Pra, sot n\u00eb Kosov\u00eb, nga 100 deputet\u00eb shqiptar\u00eb nuk u b\u00ebn\u00eb bashk\u00eb 61 deputet\u00eb, p\u00ebr ta shporrur regjimin e Vu\u00e7iqit nga institucionet tona\u201d, ka th\u00ebn\u00eb Mushkolaj.<\/p>\n<p>Mushkolaj ka deklaruar se me logjik\u00ebn q\u00eb duhet t\u00eb zgjidhet gjithsesi kandidati q\u00eb ka mb\u00ebshtetjen e shumic\u00ebs s\u00eb deputet\u00ebve serb\u00eb, shteti mund t\u00eb bllokohet.<\/p>\n<p>Nj\u00eb gj\u00eb t\u00eb till\u00eb, sipas saj, nuk e ka parapar\u00eb as Pakoja e Ahtisaarit \u2013 nj\u00eb nga kompromiset ligjore mbi t\u00eb cilat u vendos\u00ebn strukturat kushtetuese t\u00eb Kosov\u00ebs.<\/p>\n<p>\u201c\u00cbsht\u00eb e r\u00ebnd\u00ebsishme se funksionet kushtetuese, si p\u00ebrfaq\u00ebsimi i Kuvendit, p\u00ebrcaktimi i rendit t\u00eb dit\u00ebs, thirrjet dhe kryesimi i seancave; n\u00ebnshkrimi i akteve t\u00eb miratuara nga Kuvendi etj. i kryen, bazuar n\u00eb Kushtetut\u00eb, kryetari i Kuvendit dhe ai \u00ebsht\u00eb zgjedhur m\u00eb n\u00eb fund. Kryesia e Kuvendit ushtron vet\u00ebm funksione administrative, k\u00ebshtu q\u00eb Kuvendi mund t\u00eb vazhdoj\u00eb ushtrimin e funksionit. Ahtisari nuk e ka parapar\u00eb q\u00eb p\u00ebr k\u00ebto \u00e7\u00ebshtje t\u00eb bllokohet shteti\u201d, ka th\u00ebn\u00eb ajo.<\/p>\n<p>P\u00ebr moszgjedhjen e t\u00eb propozuarit p\u00ebr n\u00ebnkryetar nga Lista Serbe, ky subjekt i \u00ebsht\u00eb drejtuar Gjykat\u00ebs Kushtetuese.<\/p>\n<p>Votat e mjaftueshme p\u00ebr n\u00ebnkryetar nga komuniteti serb nuk i ka marr\u00eb asnj\u00eb nga 9 deputet\u00ebt e List\u00ebs Serbe, e as deputeti tjet\u00ebr serb Nenad Rashiq.<\/p>\n<p>Mushkolaj ka vler\u00ebsuar se presidentja n\u00ebse do t\u00eb em\u00ebroj\u00eb mandatarin p\u00ebr formimin e Qeveris\u00eb nuk do t\u00eb b\u00ebnte shkelje kushtetuese.<\/p>\n<div id=\"__ads-300x250in-10\" class=\"__ads-300x250-inarticle\" data-google-query-id=\"CJiWttLFtY8DFXBgHgIdMGsxhQ\">\n<div id=\"google_ads_iframe_\/23130410871\/inarticle1_3__container__\">E avokati Ardian Bajraktari ka th\u00ebn\u00eb p\u00ebr Kosovapressin se presidentja e cakton mandatarin fillimisht duke u konsultuar me partin\u00eb fituese.<\/div>\n<\/div>\n<p>\u201cRrjedha e afatit fillon kur vihet n\u00eb veprim presidentja e vendit, e cila n\u00eb konsultim me partin\u00eb fituese, n\u00eb k\u00ebt\u00eb rast L\u00ebvizjen Vet\u00ebvendosje, kjo e fundit e d\u00ebrgon propozimin p\u00ebr t\u00eb marr\u00eb mandatin p\u00ebr t\u00eb formuar qeverin\u00eb. Nga momenti i marrjes s\u00eb mandatit, ka afat 15 dit\u00eb ta formoj\u00eb Qeverin\u00eb dhe konsiderohet i zgjedhur n\u00ebse i merr 61 vota. N\u00eb rast q\u00eb jo, vjen n\u00eb konsiderat\u00eb diskrecioni i presidentit. Sipas aktgjykimit t\u00eb Gjykat\u00ebs Kushtetuese, kjo e fundit mund t\u00eb mandatoj\u00eb k\u00ebdo q\u00eb arrin t\u00eb bind\u00eb presidenten q\u00eb ka arritur t\u00eb siguroj\u00eb 61 vota. N\u00ebse pas tentativ\u00ebs s\u00eb dyt\u00eb vendi realisht duhet t\u00eb shkoj\u00eb n\u00eb zgjedhje\u201d, ka th\u00ebn\u00eb Bajraktari.<\/p>\n<p>Nd\u00ebrkaq analistja politike Magbule Shkodra \u00ebsht\u00eb shprehur pesimiste sa i p\u00ebrket formimit t\u00eb Qeveris\u00eb s\u00eb re.<\/p>\n<div id=\"__ads-300x250in-13\" class=\"__ads-300x250-inarticle\" data-google-query-id=\"CP6RttLFtY8DFY9zHgIdF8wBjg\">\n<div id=\"google_ads_iframe_\/23130410871\/inarticle1_4__container__\">\u201cNuk besoj se zoti Kurti i ka votat p\u00ebr shumic\u00eb parlamentare, 61 numra. Votimi i Dimal Bash\u00ebs u b\u00eb me ndihm\u00ebn e PDK-s\u00eb p\u00ebr shkak t\u00eb nj\u00eb premtimi publik dhe i q\u00ebndruan besnik. Nuk besoj se zoti Kurti do t\u00eb arrij\u00eb t\u00eb ket\u00eb nj\u00eb marr\u00ebveshje p\u00ebr t\u00eb formuar qeverin\u00eb n\u00eb k\u00ebto rrethana\u201d, ka th\u00ebn\u00eb Shkodra.<\/div>\n<\/div>\n<p>P\u00ebr t\u00eb h\u00ebn\u00ebn \u00ebsht\u00eb paralajm\u00ebruar edhe mbledhja e Kryesis\u00eb s\u00eb Kuvendit, por vet\u00ebm dy nga n\u00ebnkryetar\u00ebt e zgjedhur pritet t\u00eb marrin pjes\u00eb \u2013 pasi PDK-ja e LDK-ja konsiderojn\u00eb se Kuvendi nuk mund t\u00eb llogaritet si i konstituuar n\u00eb munges\u00eb t\u00eb n\u00ebnkryetarit serb.<\/p>\n<p>Derisa nuk \u00ebsht\u00eb publikuar ndonj\u00eb agjend\u00eb, kryetari i Kuvendit, Dimal Basha, ka paralajm\u00ebruar se n\u00eb k\u00ebt\u00eb mbledhje do t\u00eb diskutohet se si t\u00eb veprohet tutje me pun\u00ebn e Kuvendit.<\/p>\n<p>&nbsp;<\/p>\n<p>&nbsp;<\/p>\n","protected":false},"excerpt":{"rendered":"<p>Prishtin\u00eb, 31 Gusht 2025 Ish-an\u00ebtarja e Gjykat\u00ebs Kushtetuese, Gjyljeta Mushkolaj, ka vler\u00ebsuar se puna e Kuvendit nuk duhet t\u00eb bllokohet nga mungesa e n\u00ebnkryetarit serb.<\/p>\n","protected":false},"author":1,"featured_media":10230,"comment_status":"open","ping_status":"open","sticky":false,"template":"","format":"standard","meta":{"footnotes":""},"categories":[58],"tags":[],"class_list":["post-10229","post","type-post","status-publish","format-standard","has-post-thumbnail","hentry","category-politike-sq"],"yoast_head":"<!-- This site is optimized with the Yoast SEO plugin v25.3.1 - https:\/\/yoast.com\/wordpress\/plugins\/seo\/ -->\n<title>Ish-gjyqtarja e Kushtetueses vler\u00ebson se Kuvendi mund ta vazhdoj\u00eb pun\u00ebn -<\/title>\n<meta name=\"robots\" content=\"index, follow, max-snippet:-1, max-image-preview:large, max-video-preview:-1\" \/>\n<link rel=\"canonical\" href=\"https:\/\/veritasinfo.org\/?p=10229\" \/>\n<meta property=\"og:locale\" content=\"en_US\" \/>\n<meta property=\"og:type\" content=\"article\" \/>\n<meta property=\"og:title\" content=\"Ish-gjyqtarja e Kushtetueses vler\u00ebson se Kuvendi mund ta vazhdoj\u00eb pun\u00ebn -\" \/>\n<meta property=\"og:description\" content=\"Prishtin\u00eb, 31 Gusht 2025 Ish-an\u00ebtarja e Gjykat\u00ebs Kushtetuese, Gjyljeta Mushkolaj, ka vler\u00ebsuar se puna e Kuvendit nuk duhet t\u00eb bllokohet nga mungesa e n\u00ebnkryetarit serb.\" \/>\n<meta property=\"og:url\" content=\"https:\/\/veritasinfo.org\/?p=10229\" \/>\n<meta property=\"article:published_time\" content=\"2025-08-31T17:15:38+00:00\" \/>\n<meta property=\"og:image\" content=\"https:\/\/veritasinfo.org\/wp-content\/uploads\/2025\/08\/IMG_3535.png\" \/>\n\t<meta property=\"og:image:width\" content=\"1024\" \/>\n\t<meta property=\"og:image:height\" content=\"703\" \/>\n\t<meta property=\"og:image:type\" content=\"image\/png\" \/>\n<meta name=\"author\" content=\"admin\" \/>\n<meta name=\"twitter:card\" content=\"summary_large_image\" \/>\n<meta name=\"twitter:label1\" content=\"Written by\" \/>\n\t<meta name=\"twitter:data1\" content=\"admin\" \/>\n\t<meta name=\"twitter:label2\" content=\"Est. reading time\" \/>\n\t<meta name=\"twitter:data2\" content=\"3 minutes\" \/>\n<script type=\"application\/ld+json\" class=\"yoast-schema-graph\">{\"@context\":\"https:\/\/schema.org\",\"@graph\":[{\"@type\":\"WebPage\",\"@id\":\"https:\/\/veritasinfo.org\/?p=10229\",\"url\":\"https:\/\/veritasinfo.org\/?p=10229\",\"name\":\"Ish-gjyqtarja e Kushtetueses vler\u00ebson se Kuvendi mund ta vazhdoj\u00eb pun\u00ebn -\",\"isPartOf\":{\"@id\":\"https:\/\/veritasinfo.org\/#website\"},\"primaryImageOfPage\":{\"@id\":\"https:\/\/veritasinfo.org\/?p=10229#primaryimage\"},\"image\":{\"@id\":\"https:\/\/veritasinfo.org\/?p=10229#primaryimage\"},\"thumbnailUrl\":\"https:\/\/veritasinfo.org\/wp-content\/uploads\/2025\/08\/IMG_3535.png\",\"datePublished\":\"2025-08-31T17:15:38+00:00\",\"author\":{\"@id\":\"https:\/\/veritasinfo.org\/#\/schema\/person\/7701f8c088bece422266b100a712374f\"},\"breadcrumb\":{\"@id\":\"https:\/\/veritasinfo.org\/?p=10229#breadcrumb\"},\"inLanguage\":\"en-US\",\"potentialAction\":[{\"@type\":\"ReadAction\",\"target\":[\"https:\/\/veritasinfo.org\/?p=10229\"]}]},{\"@type\":\"ImageObject\",\"inLanguage\":\"en-US\",\"@id\":\"https:\/\/veritasinfo.org\/?p=10229#primaryimage\",\"url\":\"https:\/\/veritasinfo.org\/wp-content\/uploads\/2025\/08\/IMG_3535.png\",\"contentUrl\":\"https:\/\/veritasinfo.org\/wp-content\/uploads\/2025\/08\/IMG_3535.png\",\"width\":1024,\"height\":703},{\"@type\":\"BreadcrumbList\",\"@id\":\"https:\/\/veritasinfo.org\/?p=10229#breadcrumb\",\"itemListElement\":[{\"@type\":\"ListItem\",\"position\":1,\"name\":\"Home\",\"item\":\"https:\/\/veritasinfo.org\/\"},{\"@type\":\"ListItem\",\"position\":2,\"name\":\"Ish-gjyqtarja e Kushtetueses vler\u00ebson se Kuvendi mund ta vazhdoj\u00eb pun\u00ebn\"}]},{\"@type\":\"WebSite\",\"@id\":\"https:\/\/veritasinfo.org\/#website\",\"url\":\"https:\/\/veritasinfo.org\/\",\"name\":\"\",\"description\":\"\",\"potentialAction\":[{\"@type\":\"SearchAction\",\"target\":{\"@type\":\"EntryPoint\",\"urlTemplate\":\"https:\/\/veritasinfo.org\/?s={search_term_string}\"},\"query-input\":{\"@type\":\"PropertyValueSpecification\",\"valueRequired\":true,\"valueName\":\"search_term_string\"}}],\"inLanguage\":\"en-US\"},{\"@type\":\"Person\",\"@id\":\"https:\/\/veritasinfo.org\/#\/schema\/person\/7701f8c088bece422266b100a712374f\",\"name\":\"admin\",\"image\":{\"@type\":\"ImageObject\",\"inLanguage\":\"en-US\",\"@id\":\"https:\/\/veritasinfo.org\/#\/schema\/person\/image\/\",\"url\":\"https:\/\/secure.gravatar.com\/avatar\/ea53aa3bf6c9a12d5fde8ce4deff43fef3885ae33cf60184161a50d6987cfd2f?s=96&d=mm&r=g\",\"contentUrl\":\"https:\/\/secure.gravatar.com\/avatar\/ea53aa3bf6c9a12d5fde8ce4deff43fef3885ae33cf60184161a50d6987cfd2f?s=96&d=mm&r=g\",\"caption\":\"admin\"},\"sameAs\":[\"https:\/\/veritasinfo.org\"],\"url\":\"https:\/\/veritasinfo.org\/?author=1\"}]}<\/script>\n<!-- \/ Yoast SEO plugin. -->","yoast_head_json":{"title":"Ish-gjyqtarja e Kushtetueses vler\u00ebson se Kuvendi mund ta vazhdoj\u00eb pun\u00ebn -","robots":{"index":"index","follow":"follow","max-snippet":"max-snippet:-1","max-image-preview":"max-image-preview:large","max-video-preview":"max-video-preview:-1"},"canonical":"https:\/\/veritasinfo.org\/?p=10229","og_locale":"en_US","og_type":"article","og_title":"Ish-gjyqtarja e Kushtetueses vler\u00ebson se Kuvendi mund ta vazhdoj\u00eb pun\u00ebn -","og_description":"Prishtin\u00eb, 31 Gusht 2025 Ish-an\u00ebtarja e Gjykat\u00ebs Kushtetuese, Gjyljeta Mushkolaj, ka vler\u00ebsuar se puna e Kuvendit nuk duhet t\u00eb bllokohet nga mungesa e n\u00ebnkryetarit serb.","og_url":"https:\/\/veritasinfo.org\/?p=10229","article_published_time":"2025-08-31T17:15:38+00:00","og_image":[{"width":1024,"height":703,"url":"https:\/\/veritasinfo.org\/wp-content\/uploads\/2025\/08\/IMG_3535.png","type":"image\/png"}],"author":"admin","twitter_card":"summary_large_image","twitter_misc":{"Written by":"admin","Est. reading time":"3 minutes"},"schema":{"@context":"https:\/\/schema.org","@graph":[{"@type":"WebPage","@id":"https:\/\/veritasinfo.org\/?p=10229","url":"https:\/\/veritasinfo.org\/?p=10229","name":"Ish-gjyqtarja e Kushtetueses vler\u00ebson se Kuvendi mund ta vazhdoj\u00eb pun\u00ebn -","isPartOf":{"@id":"https:\/\/veritasinfo.org\/#website"},"primaryImageOfPage":{"@id":"https:\/\/veritasinfo.org\/?p=10229#primaryimage"},"image":{"@id":"https:\/\/veritasinfo.org\/?p=10229#primaryimage"},"thumbnailUrl":"https:\/\/veritasinfo.org\/wp-content\/uploads\/2025\/08\/IMG_3535.png","datePublished":"2025-08-31T17:15:38+00:00","author":{"@id":"https:\/\/veritasinfo.org\/#\/schema\/person\/7701f8c088bece422266b100a712374f"},"breadcrumb":{"@id":"https:\/\/veritasinfo.org\/?p=10229#breadcrumb"},"inLanguage":"en-US","potentialAction":[{"@type":"ReadAction","target":["https:\/\/veritasinfo.org\/?p=10229"]}]},{"@type":"ImageObject","inLanguage":"en-US","@id":"https:\/\/veritasinfo.org\/?p=10229#primaryimage","url":"https:\/\/veritasinfo.org\/wp-content\/uploads\/2025\/08\/IMG_3535.png","contentUrl":"https:\/\/veritasinfo.org\/wp-content\/uploads\/2025\/08\/IMG_3535.png","width":1024,"height":703},{"@type":"BreadcrumbList","@id":"https:\/\/veritasinfo.org\/?p=10229#breadcrumb","itemListElement":[{"@type":"ListItem","position":1,"name":"Home","item":"https:\/\/veritasinfo.org\/"},{"@type":"ListItem","position":2,"name":"Ish-gjyqtarja e Kushtetueses vler\u00ebson se Kuvendi mund ta vazhdoj\u00eb pun\u00ebn"}]},{"@type":"WebSite","@id":"https:\/\/veritasinfo.org\/#website","url":"https:\/\/veritasinfo.org\/","name":"","description":"","potentialAction":[{"@type":"SearchAction","target":{"@type":"EntryPoint","urlTemplate":"https:\/\/veritasinfo.org\/?s={search_term_string}"},"query-input":{"@type":"PropertyValueSpecification","valueRequired":true,"valueName":"search_term_string"}}],"inLanguage":"en-US"},{"@type":"Person","@id":"https:\/\/veritasinfo.org\/#\/schema\/person\/7701f8c088bece422266b100a712374f","name":"admin","image":{"@type":"ImageObject","inLanguage":"en-US","@id":"https:\/\/veritasinfo.org\/#\/schema\/person\/image\/","url":"https:\/\/secure.gravatar.com\/avatar\/ea53aa3bf6c9a12d5fde8ce4deff43fef3885ae33cf60184161a50d6987cfd2f?s=96&d=mm&r=g","contentUrl":"https:\/\/secure.gravatar.com\/avatar\/ea53aa3bf6c9a12d5fde8ce4deff43fef3885ae33cf60184161a50d6987cfd2f?s=96&d=mm&r=g","caption":"admin"},"sameAs":["https:\/\/veritasinfo.org"],"url":"https:\/\/veritasinfo.org\/?author=1"}]}},"featured_image_urls":{"full":["https:\/\/veritasinfo.org\/wp-content\/uploads\/2025\/08\/IMG_3535.png",1024,703,false],"thumbnail":["https:\/\/veritasinfo.org\/wp-content\/uploads\/2025\/08\/IMG_3535-150x150.png",150,150,true],"medium":["https:\/\/veritasinfo.org\/wp-content\/uploads\/2025\/08\/IMG_3535-300x206.png",300,206,true],"medium_large":["https:\/\/veritasinfo.org\/wp-content\/uploads\/2025\/08\/IMG_3535-768x527.png",640,439,true],"large":["https:\/\/veritasinfo.org\/wp-content\/uploads\/2025\/08\/IMG_3535.png",640,439,false],"1536x1536":["https:\/\/veritasinfo.org\/wp-content\/uploads\/2025\/08\/IMG_3535.png",1024,703,false],"2048x2048":["https:\/\/veritasinfo.org\/wp-content\/uploads\/2025\/08\/IMG_3535.png",1024,703,false],"kreeti-slider-full":["https:\/\/veritasinfo.org\/wp-content\/uploads\/2025\/08\/IMG_3535.png",1024,703,false],"kreeti-featured":["https:\/\/veritasinfo.org\/wp-content\/uploads\/2025\/08\/IMG_3535.png",1024,703,false],"kreeti-medium":["https:\/\/veritasinfo.org\/wp-content\/uploads\/2025\/08\/IMG_3535.png",720,494,false],"kreeti-medium-square":["https:\/\/veritasinfo.org\/wp-content\/uploads\/2025\/08\/IMG_3535.png",350,240,false]},"author_info":{"info":["admin"]},"category_info":"<a href=\"https:\/\/veritasinfo.org\/?cat=58\" rel=\"category\">Politik\u00eb<\/a>","tag_info":"Politik\u00eb","comment_count":"0","_links":{"self":[{"href":"https:\/\/veritasinfo.org\/index.php?rest_route=\/wp\/v2\/posts\/10229","targetHints":{"allow":["GET"]}}],"collection":[{"href":"https:\/\/veritasinfo.org\/index.php?rest_route=\/wp\/v2\/posts"}],"about":[{"href":"https:\/\/veritasinfo.org\/index.php?rest_route=\/wp\/v2\/types\/post"}],"author":[{"embeddable":true,"href":"https:\/\/veritasinfo.org\/index.php?rest_route=\/wp\/v2\/users\/1"}],"replies":[{"embeddable":true,"href":"https:\/\/veritasinfo.org\/index.php?rest_route=%2Fwp%2Fv2%2Fcomments&post=10229"}],"version-history":[{"count":1,"href":"https:\/\/veritasinfo.org\/index.php?rest_route=\/wp\/v2\/posts\/10229\/revisions"}],"predecessor-version":[{"id":10231,"href":"https:\/\/veritasinfo.org\/index.php?rest_route=\/wp\/v2\/posts\/10229\/revisions\/10231"}],"wp:featuredmedia":[{"embeddable":true,"href":"https:\/\/veritasinfo.org\/index.php?rest_route=\/wp\/v2\/media\/10230"}],"wp:attachment":[{"href":"https:\/\/veritasinfo.org\/index.php?rest_route=%2Fwp%2Fv2%2Fmedia&parent=10229"}],"wp:term":[{"taxonomy":"category","embeddable":true,"href":"https:\/\/veritasinfo.org\/index.php?rest_route=%2Fwp%2Fv2%2Fcategories&post=10229"},{"taxonomy":"post_tag","embeddable":true,"href":"https:\/\/veritasinfo.org\/index.php?rest_route=%2Fwp%2Fv2%2Ftags&post=10229"}],"curies":[{"name":"wp","href":"https:\/\/api.w.org\/{rel}","templated":true}]}}