{"id":10168,"date":"2025-08-31T12:00:27","date_gmt":"2025-08-31T10:00:27","guid":{"rendered":"https:\/\/veritasinfo.org\/?p=10168"},"modified":"2025-08-31T12:00:27","modified_gmt":"2025-08-31T10:00:27","slug":"plakata-provokuese-serbe-ne-prag-te-vitit-shkollor-ne-veri-te-mitrovices","status":"publish","type":"post","link":"https:\/\/veritasinfo.org\/?p=10168","title":{"rendered":"Plakata provokuese serbe n\u00eb prag t\u00eb vitit shkollor n\u00eb veri t\u00eb Mitrovic\u00ebs"},"content":{"rendered":"<p>Mitrovic\u00eb Veriore, 31 gusht 2025<\/p>\n<p>Nj\u00eb dit\u00eb para fillimit t\u00eb vitit t\u00eb ri shkollor, n\u00eb disa objekte n\u00eb veri t\u00eb Mitrovic\u00ebs jan\u00eb shfaqur s\u00ebrish simbole dhe mesazhe me ngjyrat e flamurit serb. Plakatat me mbishkrime si \u201cHo\u0107emo da u\u010dimo\u201d (Duam t\u00eb m\u00ebsojm\u00eb), \u201cHo\u0107u mir!\u201d (Dua paqe), \u201cNe damo Srbiju!\u201d (Nuk e japim Serbin\u00eb) dhe \u201cHo\u0107u normalan \u017eivot\u201d (Dua jet\u00eb normale) u vendos\u00ebn n\u00eb hyrje t\u00eb Shkoll\u00ebs Teknike dhe n\u00eb nj\u00eb garazh pran\u00eb Rektoratit.<\/p>\n<p>Ky veprim vjen vet\u00ebm disa dit\u00eb pasi institucionet e Kosov\u00ebs nd\u00ebrmor\u00ebn aksionin e prefarbimit t\u00eb mural\u00ebve dhe grafiteve me simbole nacionaliste serbe, duke p\u00ebrfshir\u00eb edhe ato q\u00eb i glorifikonin strukturat ilegale n\u00eb veri. Disa nga plakatat e sotme jan\u00eb vendosur pik\u00ebrisht mbi muret e lyera rishtazi nga autoritetet.<\/p>\n<p>Kjo dukuri shihet si vazhdim\u00ebsi e praktik\u00ebs s\u00eb viteve t\u00eb fundit, kur p\u00ebrmes flamujve, grafiteve dhe plakatave, Lista Serbe dhe strukturat e lidhura me Beogradin kan\u00eb tentuar t\u00eb imponojn\u00eb agjend\u00ebn nacionaliste, duke krijuar tension para \u00e7do ngjarjeje t\u00eb r\u00ebnd\u00ebsishme publike. Edhe jav\u00ebn e kaluar, n\u00eb disa hyrje banesash u shp\u00ebrndan\u00eb fletushka me logon \u201cOtpor\u201d, ku qytetar\u00ebt serb\u00eb ftoheshin t\u00eb rezistonin dhe t\u00eb vendosnin kudo flamuj t\u00eb Serbis\u00eb.<\/p>\n<p>P\u00ebrkund\u00ebr k\u00ebsaj, n\u00eb rrug\u00ebt e veriut sot mbesin vet\u00ebm copa t\u00eb grisura flamujsh t\u00eb Serbis\u00eb, nd\u00ebrsa institucionet e Kosov\u00ebs i kan\u00eb z\u00ebvend\u00ebsuar ato me simbole shtet\u00ebrore t\u00eb Republik\u00ebs s\u00eb Kosov\u00ebs. Ky fakt d\u00ebshmon qart\u00eb se ndikimi i List\u00ebs Serbe \u00ebsht\u00eb zbehur, nd\u00ebrsa p\u00ebrpjekjet p\u00ebr t\u00eb rikthyer simbolet e Beogradit mbeten t\u00eb izoluara dhe pa mb\u00ebshtetje masive.<\/p>\n","protected":false},"excerpt":{"rendered":"<p>Mitrovic\u00eb Veriore, 31 gusht 2025 Nj\u00eb dit\u00eb para fillimit t\u00eb vitit t\u00eb ri shkollor, n\u00eb disa objekte n\u00eb veri t\u00eb Mitrovic\u00ebs jan\u00eb shfaqur s\u00ebrish simbole<\/p>\n","protected":false},"author":1,"featured_media":10169,"comment_status":"open","ping_status":"open","sticky":false,"template":"","format":"standard","meta":{"footnotes":""},"categories":[52],"tags":[],"class_list":["post-10168","post","type-post","status-publish","format-standard","has-post-thumbnail","hentry","category-komunat-sq"],"yoast_head":"<!-- This site is optimized with the Yoast SEO plugin v25.3.1 - https:\/\/yoast.com\/wordpress\/plugins\/seo\/ -->\n<title>Plakata provokuese serbe n\u00eb prag t\u00eb vitit shkollor n\u00eb veri t\u00eb Mitrovic\u00ebs -<\/title>\n<meta name=\"robots\" content=\"index, follow, max-snippet:-1, max-image-preview:large, max-video-preview:-1\" \/>\n<link rel=\"canonical\" href=\"https:\/\/veritasinfo.org\/?p=10168\" \/>\n<meta property=\"og:locale\" content=\"en_US\" \/>\n<meta property=\"og:type\" content=\"article\" \/>\n<meta property=\"og:title\" content=\"Plakata provokuese serbe n\u00eb prag t\u00eb vitit shkollor n\u00eb veri t\u00eb Mitrovic\u00ebs -\" \/>\n<meta property=\"og:description\" content=\"Mitrovic\u00eb Veriore, 31 gusht 2025 Nj\u00eb dit\u00eb para fillimit t\u00eb vitit t\u00eb ri shkollor, n\u00eb disa objekte n\u00eb veri t\u00eb Mitrovic\u00ebs jan\u00eb shfaqur s\u00ebrish simbole\" \/>\n<meta property=\"og:url\" content=\"https:\/\/veritasinfo.org\/?p=10168\" \/>\n<meta property=\"article:published_time\" content=\"2025-08-31T10:00:27+00:00\" \/>\n<meta property=\"og:image\" content=\"https:\/\/veritasinfo.org\/wp-content\/uploads\/2025\/08\/FB_IMG_1756634185243.jpg\" \/>\n\t<meta property=\"og:image:width\" content=\"1439\" \/>\n\t<meta property=\"og:image:height\" content=\"810\" \/>\n\t<meta property=\"og:image:type\" content=\"image\/jpeg\" \/>\n<meta name=\"author\" content=\"admin\" \/>\n<meta name=\"twitter:card\" content=\"summary_large_image\" \/>\n<meta name=\"twitter:label1\" content=\"Written by\" \/>\n\t<meta name=\"twitter:data1\" content=\"admin\" \/>\n\t<meta name=\"twitter:label2\" content=\"Est. reading time\" \/>\n\t<meta name=\"twitter:data2\" content=\"2 minutes\" \/>\n<script type=\"application\/ld+json\" class=\"yoast-schema-graph\">{\"@context\":\"https:\/\/schema.org\",\"@graph\":[{\"@type\":\"WebPage\",\"@id\":\"https:\/\/veritasinfo.org\/?p=10168\",\"url\":\"https:\/\/veritasinfo.org\/?p=10168\",\"name\":\"Plakata provokuese serbe n\u00eb prag t\u00eb vitit shkollor n\u00eb veri t\u00eb Mitrovic\u00ebs -\",\"isPartOf\":{\"@id\":\"https:\/\/veritasinfo.org\/#website\"},\"primaryImageOfPage\":{\"@id\":\"https:\/\/veritasinfo.org\/?p=10168#primaryimage\"},\"image\":{\"@id\":\"https:\/\/veritasinfo.org\/?p=10168#primaryimage\"},\"thumbnailUrl\":\"https:\/\/veritasinfo.org\/wp-content\/uploads\/2025\/08\/FB_IMG_1756634185243.jpg\",\"datePublished\":\"2025-08-31T10:00:27+00:00\",\"author\":{\"@id\":\"https:\/\/veritasinfo.org\/#\/schema\/person\/7701f8c088bece422266b100a712374f\"},\"breadcrumb\":{\"@id\":\"https:\/\/veritasinfo.org\/?p=10168#breadcrumb\"},\"inLanguage\":\"en-US\",\"potentialAction\":[{\"@type\":\"ReadAction\",\"target\":[\"https:\/\/veritasinfo.org\/?p=10168\"]}]},{\"@type\":\"ImageObject\",\"inLanguage\":\"en-US\",\"@id\":\"https:\/\/veritasinfo.org\/?p=10168#primaryimage\",\"url\":\"https:\/\/veritasinfo.org\/wp-content\/uploads\/2025\/08\/FB_IMG_1756634185243.jpg\",\"contentUrl\":\"https:\/\/veritasinfo.org\/wp-content\/uploads\/2025\/08\/FB_IMG_1756634185243.jpg\",\"width\":1439,\"height\":810},{\"@type\":\"BreadcrumbList\",\"@id\":\"https:\/\/veritasinfo.org\/?p=10168#breadcrumb\",\"itemListElement\":[{\"@type\":\"ListItem\",\"position\":1,\"name\":\"Home\",\"item\":\"https:\/\/veritasinfo.org\/\"},{\"@type\":\"ListItem\",\"position\":2,\"name\":\"Plakata provokuese serbe n\u00eb prag t\u00eb vitit shkollor n\u00eb veri t\u00eb Mitrovic\u00ebs\"}]},{\"@type\":\"WebSite\",\"@id\":\"https:\/\/veritasinfo.org\/#website\",\"url\":\"https:\/\/veritasinfo.org\/\",\"name\":\"\",\"description\":\"\",\"potentialAction\":[{\"@type\":\"SearchAction\",\"target\":{\"@type\":\"EntryPoint\",\"urlTemplate\":\"https:\/\/veritasinfo.org\/?s={search_term_string}\"},\"query-input\":{\"@type\":\"PropertyValueSpecification\",\"valueRequired\":true,\"valueName\":\"search_term_string\"}}],\"inLanguage\":\"en-US\"},{\"@type\":\"Person\",\"@id\":\"https:\/\/veritasinfo.org\/#\/schema\/person\/7701f8c088bece422266b100a712374f\",\"name\":\"admin\",\"image\":{\"@type\":\"ImageObject\",\"inLanguage\":\"en-US\",\"@id\":\"https:\/\/veritasinfo.org\/#\/schema\/person\/image\/\",\"url\":\"https:\/\/secure.gravatar.com\/avatar\/ea53aa3bf6c9a12d5fde8ce4deff43fef3885ae33cf60184161a50d6987cfd2f?s=96&d=mm&r=g\",\"contentUrl\":\"https:\/\/secure.gravatar.com\/avatar\/ea53aa3bf6c9a12d5fde8ce4deff43fef3885ae33cf60184161a50d6987cfd2f?s=96&d=mm&r=g\",\"caption\":\"admin\"},\"sameAs\":[\"https:\/\/veritasinfo.org\"],\"url\":\"https:\/\/veritasinfo.org\/?author=1\"}]}<\/script>\n<!-- \/ Yoast SEO plugin. -->","yoast_head_json":{"title":"Plakata provokuese serbe n\u00eb prag t\u00eb vitit shkollor n\u00eb veri t\u00eb Mitrovic\u00ebs -","robots":{"index":"index","follow":"follow","max-snippet":"max-snippet:-1","max-image-preview":"max-image-preview:large","max-video-preview":"max-video-preview:-1"},"canonical":"https:\/\/veritasinfo.org\/?p=10168","og_locale":"en_US","og_type":"article","og_title":"Plakata provokuese serbe n\u00eb prag t\u00eb vitit shkollor n\u00eb veri t\u00eb Mitrovic\u00ebs -","og_description":"Mitrovic\u00eb Veriore, 31 gusht 2025 Nj\u00eb dit\u00eb para fillimit t\u00eb vitit t\u00eb ri shkollor, n\u00eb disa objekte n\u00eb veri t\u00eb Mitrovic\u00ebs jan\u00eb shfaqur s\u00ebrish simbole","og_url":"https:\/\/veritasinfo.org\/?p=10168","article_published_time":"2025-08-31T10:00:27+00:00","og_image":[{"width":1439,"height":810,"url":"https:\/\/veritasinfo.org\/wp-content\/uploads\/2025\/08\/FB_IMG_1756634185243.jpg","type":"image\/jpeg"}],"author":"admin","twitter_card":"summary_large_image","twitter_misc":{"Written by":"admin","Est. reading time":"2 minutes"},"schema":{"@context":"https:\/\/schema.org","@graph":[{"@type":"WebPage","@id":"https:\/\/veritasinfo.org\/?p=10168","url":"https:\/\/veritasinfo.org\/?p=10168","name":"Plakata provokuese serbe n\u00eb prag t\u00eb vitit shkollor n\u00eb veri t\u00eb Mitrovic\u00ebs -","isPartOf":{"@id":"https:\/\/veritasinfo.org\/#website"},"primaryImageOfPage":{"@id":"https:\/\/veritasinfo.org\/?p=10168#primaryimage"},"image":{"@id":"https:\/\/veritasinfo.org\/?p=10168#primaryimage"},"thumbnailUrl":"https:\/\/veritasinfo.org\/wp-content\/uploads\/2025\/08\/FB_IMG_1756634185243.jpg","datePublished":"2025-08-31T10:00:27+00:00","author":{"@id":"https:\/\/veritasinfo.org\/#\/schema\/person\/7701f8c088bece422266b100a712374f"},"breadcrumb":{"@id":"https:\/\/veritasinfo.org\/?p=10168#breadcrumb"},"inLanguage":"en-US","potentialAction":[{"@type":"ReadAction","target":["https:\/\/veritasinfo.org\/?p=10168"]}]},{"@type":"ImageObject","inLanguage":"en-US","@id":"https:\/\/veritasinfo.org\/?p=10168#primaryimage","url":"https:\/\/veritasinfo.org\/wp-content\/uploads\/2025\/08\/FB_IMG_1756634185243.jpg","contentUrl":"https:\/\/veritasinfo.org\/wp-content\/uploads\/2025\/08\/FB_IMG_1756634185243.jpg","width":1439,"height":810},{"@type":"BreadcrumbList","@id":"https:\/\/veritasinfo.org\/?p=10168#breadcrumb","itemListElement":[{"@type":"ListItem","position":1,"name":"Home","item":"https:\/\/veritasinfo.org\/"},{"@type":"ListItem","position":2,"name":"Plakata provokuese serbe n\u00eb prag t\u00eb vitit shkollor n\u00eb veri t\u00eb Mitrovic\u00ebs"}]},{"@type":"WebSite","@id":"https:\/\/veritasinfo.org\/#website","url":"https:\/\/veritasinfo.org\/","name":"","description":"","potentialAction":[{"@type":"SearchAction","target":{"@type":"EntryPoint","urlTemplate":"https:\/\/veritasinfo.org\/?s={search_term_string}"},"query-input":{"@type":"PropertyValueSpecification","valueRequired":true,"valueName":"search_term_string"}}],"inLanguage":"en-US"},{"@type":"Person","@id":"https:\/\/veritasinfo.org\/#\/schema\/person\/7701f8c088bece422266b100a712374f","name":"admin","image":{"@type":"ImageObject","inLanguage":"en-US","@id":"https:\/\/veritasinfo.org\/#\/schema\/person\/image\/","url":"https:\/\/secure.gravatar.com\/avatar\/ea53aa3bf6c9a12d5fde8ce4deff43fef3885ae33cf60184161a50d6987cfd2f?s=96&d=mm&r=g","contentUrl":"https:\/\/secure.gravatar.com\/avatar\/ea53aa3bf6c9a12d5fde8ce4deff43fef3885ae33cf60184161a50d6987cfd2f?s=96&d=mm&r=g","caption":"admin"},"sameAs":["https:\/\/veritasinfo.org"],"url":"https:\/\/veritasinfo.org\/?author=1"}]}},"featured_image_urls":{"full":["https:\/\/veritasinfo.org\/wp-content\/uploads\/2025\/08\/FB_IMG_1756634185243.jpg",1439,810,false],"thumbnail":["https:\/\/veritasinfo.org\/wp-content\/uploads\/2025\/08\/FB_IMG_1756634185243-150x150.jpg",150,150,true],"medium":["https:\/\/veritasinfo.org\/wp-content\/uploads\/2025\/08\/FB_IMG_1756634185243-300x169.jpg",300,169,true],"medium_large":["https:\/\/veritasinfo.org\/wp-content\/uploads\/2025\/08\/FB_IMG_1756634185243-768x432.jpg",640,360,true],"large":["https:\/\/veritasinfo.org\/wp-content\/uploads\/2025\/08\/FB_IMG_1756634185243-1024x576.jpg",640,360,true],"1536x1536":["https:\/\/veritasinfo.org\/wp-content\/uploads\/2025\/08\/FB_IMG_1756634185243.jpg",1439,810,false],"2048x2048":["https:\/\/veritasinfo.org\/wp-content\/uploads\/2025\/08\/FB_IMG_1756634185243.jpg",1439,810,false],"kreeti-slider-full":["https:\/\/veritasinfo.org\/wp-content\/uploads\/2025\/08\/FB_IMG_1756634185243.jpg",1280,720,false],"kreeti-featured":["https:\/\/veritasinfo.org\/wp-content\/uploads\/2025\/08\/FB_IMG_1756634185243.jpg",1024,576,false],"kreeti-medium":["https:\/\/veritasinfo.org\/wp-content\/uploads\/2025\/08\/FB_IMG_1756634185243.jpg",720,405,false],"kreeti-medium-square":["https:\/\/veritasinfo.org\/wp-content\/uploads\/2025\/08\/FB_IMG_1756634185243.jpg",350,197,false]},"author_info":{"info":["admin"]},"category_info":"<a href=\"https:\/\/veritasinfo.org\/?cat=52\" rel=\"category\">Komunat<\/a>","tag_info":"Komunat","comment_count":"0","_links":{"self":[{"href":"https:\/\/veritasinfo.org\/index.php?rest_route=\/wp\/v2\/posts\/10168","targetHints":{"allow":["GET"]}}],"collection":[{"href":"https:\/\/veritasinfo.org\/index.php?rest_route=\/wp\/v2\/posts"}],"about":[{"href":"https:\/\/veritasinfo.org\/index.php?rest_route=\/wp\/v2\/types\/post"}],"author":[{"embeddable":true,"href":"https:\/\/veritasinfo.org\/index.php?rest_route=\/wp\/v2\/users\/1"}],"replies":[{"embeddable":true,"href":"https:\/\/veritasinfo.org\/index.php?rest_route=%2Fwp%2Fv2%2Fcomments&post=10168"}],"version-history":[{"count":1,"href":"https:\/\/veritasinfo.org\/index.php?rest_route=\/wp\/v2\/posts\/10168\/revisions"}],"predecessor-version":[{"id":10170,"href":"https:\/\/veritasinfo.org\/index.php?rest_route=\/wp\/v2\/posts\/10168\/revisions\/10170"}],"wp:featuredmedia":[{"embeddable":true,"href":"https:\/\/veritasinfo.org\/index.php?rest_route=\/wp\/v2\/media\/10169"}],"wp:attachment":[{"href":"https:\/\/veritasinfo.org\/index.php?rest_route=%2Fwp%2Fv2%2Fmedia&parent=10168"}],"wp:term":[{"taxonomy":"category","embeddable":true,"href":"https:\/\/veritasinfo.org\/index.php?rest_route=%2Fwp%2Fv2%2Fcategories&post=10168"},{"taxonomy":"post_tag","embeddable":true,"href":"https:\/\/veritasinfo.org\/index.php?rest_route=%2Fwp%2Fv2%2Ftags&post=10168"}],"curies":[{"name":"wp","href":"https:\/\/api.w.org\/{rel}","templated":true}]}}