{"id":10160,"date":"2025-08-31T09:33:45","date_gmt":"2025-08-31T07:33:45","guid":{"rendered":"https:\/\/veritasinfo.org\/?p=10160"},"modified":"2025-08-31T09:33:45","modified_gmt":"2025-08-31T07:33:45","slug":"shtime-10-persona-asfiksohen-nga-tymi-i-zjarrit-tre-ne-trajtim-emergjent-ne-ferizaj","status":"publish","type":"post","link":"https:\/\/veritasinfo.org\/?p=10160","title":{"rendered":"Shtime: 10 persona asfiksohen nga tymi i zjarrit, tre n\u00eb trajtim emergjent n\u00eb Ferizaj"},"content":{"rendered":"<p>Shtime, 31 Gusht 2025<\/p>\n<p>Dhjet\u00eb persona kan\u00eb p\u00ebsuar asfiksim si pasoj\u00eb e nj\u00eb zjarri q\u00eb ka shp\u00ebrthyer t\u00eb shtun\u00ebn pasdite n\u00eb Shtime, n\u00eb rrethana ende t\u00eb paqarta. Tre prej t\u00eb prekurve jan\u00eb d\u00ebrguar p\u00ebr trajtim t\u00eb specializuar n\u00eb qendr\u00ebn emergjente n\u00eb Ferizaj.<\/p>\n<p>Sipas Policis\u00eb s\u00eb Kosov\u00ebs, zjarri ka shp\u00ebrthyer rreth or\u00ebs 14:20 n\u00eb rrethana ende t\u00eb panjohura. Dhjet\u00eb persona jan\u00eb asfiksuar si pasoj\u00eb e tymit, nd\u00ebrsa tre prej tyre jan\u00eb d\u00ebrguar p\u00ebr trajtim t\u00eb m\u00ebtejsh\u00ebm n\u00eb qendr\u00ebn emergjente n\u00eb Ferizaj.<\/p>\n<p>P\u00ebrve\u00e7 pasojave n\u00eb njer\u00ebz, jan\u00eb djegur edhe dy vetura dhe disa mjete pune, t\u00eb cilat jan\u00eb pron\u00eb e dy qytetar\u00ebve kosovar\u00eb. D\u00ebmet materiale raportohet t\u00eb jen\u00eb t\u00eb konsiderueshme.<br \/>\nProkurori i shtetit \u00ebsht\u00eb njoftuar lidhur me rastin, nd\u00ebrsa hetimet p\u00ebr zbardhjen e shkaqeve t\u00eb zjarrit jan\u00eb ende n\u00eb zhvillim.<\/p>\n<p>&nbsp;<\/p>\n","protected":false},"excerpt":{"rendered":"<p>Shtime, 31 Gusht 2025 Dhjet\u00eb persona kan\u00eb p\u00ebsuar asfiksim si pasoj\u00eb e nj\u00eb zjarri q\u00eb ka shp\u00ebrthyer t\u00eb shtun\u00ebn pasdite n\u00eb Shtime, n\u00eb rrethana ende<\/p>\n","protected":false},"author":1,"featured_media":10073,"comment_status":"open","ping_status":"open","sticky":false,"template":"","format":"standard","meta":{"footnotes":""},"categories":[60],"tags":[],"class_list":["post-10160","post","type-post","status-publish","format-standard","has-post-thumbnail","hentry","category-shoqerore-sq"],"yoast_head":"<!-- This site is optimized with the Yoast SEO plugin v25.3.1 - https:\/\/yoast.com\/wordpress\/plugins\/seo\/ -->\n<title>Shtime: 10 persona asfiksohen nga tymi i zjarrit, tre n\u00eb trajtim emergjent n\u00eb Ferizaj -<\/title>\n<meta name=\"robots\" content=\"index, follow, max-snippet:-1, max-image-preview:large, max-video-preview:-1\" \/>\n<link rel=\"canonical\" href=\"https:\/\/veritasinfo.org\/?p=10160\" \/>\n<meta property=\"og:locale\" content=\"en_US\" \/>\n<meta property=\"og:type\" content=\"article\" \/>\n<meta property=\"og:title\" content=\"Shtime: 10 persona asfiksohen nga tymi i zjarrit, tre n\u00eb trajtim emergjent n\u00eb Ferizaj -\" \/>\n<meta property=\"og:description\" content=\"Shtime, 31 Gusht 2025 Dhjet\u00eb persona kan\u00eb p\u00ebsuar asfiksim si pasoj\u00eb e nj\u00eb zjarri q\u00eb ka shp\u00ebrthyer t\u00eb shtun\u00ebn pasdite n\u00eb Shtime, n\u00eb rrethana ende\" \/>\n<meta property=\"og:url\" content=\"https:\/\/veritasinfo.org\/?p=10160\" \/>\n<meta property=\"article:published_time\" content=\"2025-08-31T07:33:45+00:00\" \/>\n<meta property=\"og:image\" content=\"https:\/\/veritasinfo.org\/wp-content\/uploads\/2025\/08\/IMG-292db34d428be3e7ac3756cf09876dce-V-4.jpg\" \/>\n\t<meta property=\"og:image:width\" content=\"940\" \/>\n\t<meta property=\"og:image:height\" content=\"788\" \/>\n\t<meta property=\"og:image:type\" content=\"image\/jpeg\" \/>\n<meta name=\"author\" content=\"admin\" \/>\n<meta name=\"twitter:card\" content=\"summary_large_image\" \/>\n<meta name=\"twitter:label1\" content=\"Written by\" \/>\n\t<meta name=\"twitter:data1\" content=\"admin\" \/>\n\t<meta name=\"twitter:label2\" content=\"Est. reading time\" \/>\n\t<meta name=\"twitter:data2\" content=\"1 minute\" \/>\n<script type=\"application\/ld+json\" class=\"yoast-schema-graph\">{\"@context\":\"https:\/\/schema.org\",\"@graph\":[{\"@type\":\"WebPage\",\"@id\":\"https:\/\/veritasinfo.org\/?p=10160\",\"url\":\"https:\/\/veritasinfo.org\/?p=10160\",\"name\":\"Shtime: 10 persona asfiksohen nga tymi i zjarrit, tre n\u00eb trajtim emergjent n\u00eb Ferizaj -\",\"isPartOf\":{\"@id\":\"https:\/\/veritasinfo.org\/#website\"},\"primaryImageOfPage\":{\"@id\":\"https:\/\/veritasinfo.org\/?p=10160#primaryimage\"},\"image\":{\"@id\":\"https:\/\/veritasinfo.org\/?p=10160#primaryimage\"},\"thumbnailUrl\":\"https:\/\/veritasinfo.org\/wp-content\/uploads\/2025\/08\/IMG-292db34d428be3e7ac3756cf09876dce-V-4.jpg\",\"datePublished\":\"2025-08-31T07:33:45+00:00\",\"author\":{\"@id\":\"https:\/\/veritasinfo.org\/#\/schema\/person\/7701f8c088bece422266b100a712374f\"},\"breadcrumb\":{\"@id\":\"https:\/\/veritasinfo.org\/?p=10160#breadcrumb\"},\"inLanguage\":\"en-US\",\"potentialAction\":[{\"@type\":\"ReadAction\",\"target\":[\"https:\/\/veritasinfo.org\/?p=10160\"]}]},{\"@type\":\"ImageObject\",\"inLanguage\":\"en-US\",\"@id\":\"https:\/\/veritasinfo.org\/?p=10160#primaryimage\",\"url\":\"https:\/\/veritasinfo.org\/wp-content\/uploads\/2025\/08\/IMG-292db34d428be3e7ac3756cf09876dce-V-4.jpg\",\"contentUrl\":\"https:\/\/veritasinfo.org\/wp-content\/uploads\/2025\/08\/IMG-292db34d428be3e7ac3756cf09876dce-V-4.jpg\",\"width\":940,\"height\":788},{\"@type\":\"BreadcrumbList\",\"@id\":\"https:\/\/veritasinfo.org\/?p=10160#breadcrumb\",\"itemListElement\":[{\"@type\":\"ListItem\",\"position\":1,\"name\":\"Home\",\"item\":\"https:\/\/veritasinfo.org\/\"},{\"@type\":\"ListItem\",\"position\":2,\"name\":\"Shtime: 10 persona asfiksohen nga tymi i zjarrit, tre n\u00eb trajtim emergjent n\u00eb Ferizaj\"}]},{\"@type\":\"WebSite\",\"@id\":\"https:\/\/veritasinfo.org\/#website\",\"url\":\"https:\/\/veritasinfo.org\/\",\"name\":\"\",\"description\":\"\",\"potentialAction\":[{\"@type\":\"SearchAction\",\"target\":{\"@type\":\"EntryPoint\",\"urlTemplate\":\"https:\/\/veritasinfo.org\/?s={search_term_string}\"},\"query-input\":{\"@type\":\"PropertyValueSpecification\",\"valueRequired\":true,\"valueName\":\"search_term_string\"}}],\"inLanguage\":\"en-US\"},{\"@type\":\"Person\",\"@id\":\"https:\/\/veritasinfo.org\/#\/schema\/person\/7701f8c088bece422266b100a712374f\",\"name\":\"admin\",\"image\":{\"@type\":\"ImageObject\",\"inLanguage\":\"en-US\",\"@id\":\"https:\/\/veritasinfo.org\/#\/schema\/person\/image\/\",\"url\":\"https:\/\/secure.gravatar.com\/avatar\/ea53aa3bf6c9a12d5fde8ce4deff43fef3885ae33cf60184161a50d6987cfd2f?s=96&d=mm&r=g\",\"contentUrl\":\"https:\/\/secure.gravatar.com\/avatar\/ea53aa3bf6c9a12d5fde8ce4deff43fef3885ae33cf60184161a50d6987cfd2f?s=96&d=mm&r=g\",\"caption\":\"admin\"},\"sameAs\":[\"https:\/\/veritasinfo.org\"],\"url\":\"https:\/\/veritasinfo.org\/?author=1\"}]}<\/script>\n<!-- \/ Yoast SEO plugin. -->","yoast_head_json":{"title":"Shtime: 10 persona asfiksohen nga tymi i zjarrit, tre n\u00eb trajtim emergjent n\u00eb Ferizaj -","robots":{"index":"index","follow":"follow","max-snippet":"max-snippet:-1","max-image-preview":"max-image-preview:large","max-video-preview":"max-video-preview:-1"},"canonical":"https:\/\/veritasinfo.org\/?p=10160","og_locale":"en_US","og_type":"article","og_title":"Shtime: 10 persona asfiksohen nga tymi i zjarrit, tre n\u00eb trajtim emergjent n\u00eb Ferizaj -","og_description":"Shtime, 31 Gusht 2025 Dhjet\u00eb persona kan\u00eb p\u00ebsuar asfiksim si pasoj\u00eb e nj\u00eb zjarri q\u00eb ka shp\u00ebrthyer t\u00eb shtun\u00ebn pasdite n\u00eb Shtime, n\u00eb rrethana ende","og_url":"https:\/\/veritasinfo.org\/?p=10160","article_published_time":"2025-08-31T07:33:45+00:00","og_image":[{"width":940,"height":788,"url":"https:\/\/veritasinfo.org\/wp-content\/uploads\/2025\/08\/IMG-292db34d428be3e7ac3756cf09876dce-V-4.jpg","type":"image\/jpeg"}],"author":"admin","twitter_card":"summary_large_image","twitter_misc":{"Written by":"admin","Est. reading time":"1 minute"},"schema":{"@context":"https:\/\/schema.org","@graph":[{"@type":"WebPage","@id":"https:\/\/veritasinfo.org\/?p=10160","url":"https:\/\/veritasinfo.org\/?p=10160","name":"Shtime: 10 persona asfiksohen nga tymi i zjarrit, tre n\u00eb trajtim emergjent n\u00eb Ferizaj -","isPartOf":{"@id":"https:\/\/veritasinfo.org\/#website"},"primaryImageOfPage":{"@id":"https:\/\/veritasinfo.org\/?p=10160#primaryimage"},"image":{"@id":"https:\/\/veritasinfo.org\/?p=10160#primaryimage"},"thumbnailUrl":"https:\/\/veritasinfo.org\/wp-content\/uploads\/2025\/08\/IMG-292db34d428be3e7ac3756cf09876dce-V-4.jpg","datePublished":"2025-08-31T07:33:45+00:00","author":{"@id":"https:\/\/veritasinfo.org\/#\/schema\/person\/7701f8c088bece422266b100a712374f"},"breadcrumb":{"@id":"https:\/\/veritasinfo.org\/?p=10160#breadcrumb"},"inLanguage":"en-US","potentialAction":[{"@type":"ReadAction","target":["https:\/\/veritasinfo.org\/?p=10160"]}]},{"@type":"ImageObject","inLanguage":"en-US","@id":"https:\/\/veritasinfo.org\/?p=10160#primaryimage","url":"https:\/\/veritasinfo.org\/wp-content\/uploads\/2025\/08\/IMG-292db34d428be3e7ac3756cf09876dce-V-4.jpg","contentUrl":"https:\/\/veritasinfo.org\/wp-content\/uploads\/2025\/08\/IMG-292db34d428be3e7ac3756cf09876dce-V-4.jpg","width":940,"height":788},{"@type":"BreadcrumbList","@id":"https:\/\/veritasinfo.org\/?p=10160#breadcrumb","itemListElement":[{"@type":"ListItem","position":1,"name":"Home","item":"https:\/\/veritasinfo.org\/"},{"@type":"ListItem","position":2,"name":"Shtime: 10 persona asfiksohen nga tymi i zjarrit, tre n\u00eb trajtim emergjent n\u00eb Ferizaj"}]},{"@type":"WebSite","@id":"https:\/\/veritasinfo.org\/#website","url":"https:\/\/veritasinfo.org\/","name":"","description":"","potentialAction":[{"@type":"SearchAction","target":{"@type":"EntryPoint","urlTemplate":"https:\/\/veritasinfo.org\/?s={search_term_string}"},"query-input":{"@type":"PropertyValueSpecification","valueRequired":true,"valueName":"search_term_string"}}],"inLanguage":"en-US"},{"@type":"Person","@id":"https:\/\/veritasinfo.org\/#\/schema\/person\/7701f8c088bece422266b100a712374f","name":"admin","image":{"@type":"ImageObject","inLanguage":"en-US","@id":"https:\/\/veritasinfo.org\/#\/schema\/person\/image\/","url":"https:\/\/secure.gravatar.com\/avatar\/ea53aa3bf6c9a12d5fde8ce4deff43fef3885ae33cf60184161a50d6987cfd2f?s=96&d=mm&r=g","contentUrl":"https:\/\/secure.gravatar.com\/avatar\/ea53aa3bf6c9a12d5fde8ce4deff43fef3885ae33cf60184161a50d6987cfd2f?s=96&d=mm&r=g","caption":"admin"},"sameAs":["https:\/\/veritasinfo.org"],"url":"https:\/\/veritasinfo.org\/?author=1"}]}},"featured_image_urls":{"full":["https:\/\/veritasinfo.org\/wp-content\/uploads\/2025\/08\/IMG-292db34d428be3e7ac3756cf09876dce-V-4.jpg",940,788,false],"thumbnail":["https:\/\/veritasinfo.org\/wp-content\/uploads\/2025\/08\/IMG-292db34d428be3e7ac3756cf09876dce-V-4-150x150.jpg",150,150,true],"medium":["https:\/\/veritasinfo.org\/wp-content\/uploads\/2025\/08\/IMG-292db34d428be3e7ac3756cf09876dce-V-4-300x251.jpg",300,251,true],"medium_large":["https:\/\/veritasinfo.org\/wp-content\/uploads\/2025\/08\/IMG-292db34d428be3e7ac3756cf09876dce-V-4-768x644.jpg",640,537,true],"large":["https:\/\/veritasinfo.org\/wp-content\/uploads\/2025\/08\/IMG-292db34d428be3e7ac3756cf09876dce-V-4.jpg",640,537,false],"1536x1536":["https:\/\/veritasinfo.org\/wp-content\/uploads\/2025\/08\/IMG-292db34d428be3e7ac3756cf09876dce-V-4.jpg",940,788,false],"2048x2048":["https:\/\/veritasinfo.org\/wp-content\/uploads\/2025\/08\/IMG-292db34d428be3e7ac3756cf09876dce-V-4.jpg",940,788,false],"kreeti-slider-full":["https:\/\/veritasinfo.org\/wp-content\/uploads\/2025\/08\/IMG-292db34d428be3e7ac3756cf09876dce-V-4.jpg",859,720,false],"kreeti-featured":["https:\/\/veritasinfo.org\/wp-content\/uploads\/2025\/08\/IMG-292db34d428be3e7ac3756cf09876dce-V-4.jpg",940,788,false],"kreeti-medium":["https:\/\/veritasinfo.org\/wp-content\/uploads\/2025\/08\/IMG-292db34d428be3e7ac3756cf09876dce-V-4.jpg",632,530,false],"kreeti-medium-square":["https:\/\/veritasinfo.org\/wp-content\/uploads\/2025\/08\/IMG-292db34d428be3e7ac3756cf09876dce-V-4.jpg",350,293,false]},"author_info":{"info":["admin"]},"category_info":"<a href=\"https:\/\/veritasinfo.org\/?cat=60\" rel=\"category\">Shoq\u00ebrore<\/a>","tag_info":"Shoq\u00ebrore","comment_count":"0","_links":{"self":[{"href":"https:\/\/veritasinfo.org\/index.php?rest_route=\/wp\/v2\/posts\/10160","targetHints":{"allow":["GET"]}}],"collection":[{"href":"https:\/\/veritasinfo.org\/index.php?rest_route=\/wp\/v2\/posts"}],"about":[{"href":"https:\/\/veritasinfo.org\/index.php?rest_route=\/wp\/v2\/types\/post"}],"author":[{"embeddable":true,"href":"https:\/\/veritasinfo.org\/index.php?rest_route=\/wp\/v2\/users\/1"}],"replies":[{"embeddable":true,"href":"https:\/\/veritasinfo.org\/index.php?rest_route=%2Fwp%2Fv2%2Fcomments&post=10160"}],"version-history":[{"count":1,"href":"https:\/\/veritasinfo.org\/index.php?rest_route=\/wp\/v2\/posts\/10160\/revisions"}],"predecessor-version":[{"id":10161,"href":"https:\/\/veritasinfo.org\/index.php?rest_route=\/wp\/v2\/posts\/10160\/revisions\/10161"}],"wp:featuredmedia":[{"embeddable":true,"href":"https:\/\/veritasinfo.org\/index.php?rest_route=\/wp\/v2\/media\/10073"}],"wp:attachment":[{"href":"https:\/\/veritasinfo.org\/index.php?rest_route=%2Fwp%2Fv2%2Fmedia&parent=10160"}],"wp:term":[{"taxonomy":"category","embeddable":true,"href":"https:\/\/veritasinfo.org\/index.php?rest_route=%2Fwp%2Fv2%2Fcategories&post=10160"},{"taxonomy":"post_tag","embeddable":true,"href":"https:\/\/veritasinfo.org\/index.php?rest_route=%2Fwp%2Fv2%2Ftags&post=10160"}],"curies":[{"name":"wp","href":"https:\/\/api.w.org\/{rel}","templated":true}]}}