{"id":1014,"date":"2025-06-19T08:58:33","date_gmt":"2025-06-19T06:58:33","guid":{"rendered":"https:\/\/veritasinfo.org\/?p=1014"},"modified":"2025-06-19T08:58:33","modified_gmt":"2025-06-19T06:58:33","slug":"srpska-lista-osporava-prisustvo-euleksa-i-kfora-cak-ih-optuzujuci-za-pasivnost","status":"publish","type":"post","link":"https:\/\/veritasinfo.org\/?p=1014&lang=sr","title":{"rendered":"Srpska lista osporava prisustvo Euleksa i Kfora, \u010dak ih optu\u017eujuc\u0301i za pasivnost"},"content":{"rendered":"<p><strong>Pri\u0161tina, 19.06.2025 &#8211; <\/strong><\/p>\n<p>Povodom hap\u0161enja i proterivanja sa Kosova pripadnika MUP-a Srbije, Srpska lista je izdala saop\u0161tenje u kojem nije oklevala da optu\u017ei me\u0111unarodne bezbednosne mehanizme na Kosovu poput Euleksa i Kfora.<\/p>\n<p>\u201eSramotno je i zabrinjavajuc\u0301e \u0161to nema reakcije me\u0111unarodne misije i institucije \u2013 EU, Kvinte, UNMIK-a i Kfora \u2013 koje, prema svom moralnom mandatu, treba da spre\u010de bilo kakvu akciju i za\u0161tite osnovna ljudska prava\u201c, izjavili su.<\/p>\n<p>\u010cak tvrde da pasivnost me\u0111unarodne zajednice \u201enije ni\u0161ta vi\u0161e od sau\u010desni\u0161tva u etni\u010dkom \u010di\u0161c\u0301enju srpskog naroda sa njegovih vekovnih ognji\u0161ta u 21. veku na evropskom tlu\u201c.<\/p>\n","protected":false},"excerpt":{"rendered":"<p>Pri\u0161tina, 19.06.2025 &#8211; Povodom hap\u0161enja i proterivanja sa Kosova pripadnika MUP-a Srbije, Srpska lista je izdala saop\u0161tenje u kojem nije oklevala da optu\u017ei me\u0111unarodne bezbednosne<\/p>\n","protected":false},"author":2,"featured_media":1012,"comment_status":"open","ping_status":"open","sticky":false,"template":"","format":"standard","meta":{"footnotes":""},"categories":[28],"tags":[],"class_list":["post-1014","post","type-post","status-publish","format-standard","has-post-thumbnail","hentry","category-politika"],"yoast_head":"<!-- This site is optimized with the Yoast SEO plugin v25.3.1 - https:\/\/yoast.com\/wordpress\/plugins\/seo\/ -->\n<title>Srpska lista osporava prisustvo Euleksa i Kfora, \u010dak ih optu\u017eujuc\u0301i za pasivnost -<\/title>\n<meta name=\"robots\" content=\"index, follow, max-snippet:-1, max-image-preview:large, max-video-preview:-1\" \/>\n<link rel=\"canonical\" href=\"https:\/\/veritasinfo.org\/?p=1014&lang=sr\" \/>\n<meta property=\"og:locale\" content=\"en_US\" \/>\n<meta property=\"og:type\" content=\"article\" \/>\n<meta property=\"og:title\" content=\"Srpska lista osporava prisustvo Euleksa i Kfora, \u010dak ih optu\u017eujuc\u0301i za pasivnost -\" \/>\n<meta property=\"og:description\" content=\"Pri\u0161tina, 19.06.2025 &#8211; Povodom hap\u0161enja i proterivanja sa Kosova pripadnika MUP-a Srbije, Srpska lista je izdala saop\u0161tenje u kojem nije oklevala da optu\u017ei me\u0111unarodne bezbednosne\" \/>\n<meta property=\"og:url\" content=\"https:\/\/veritasinfo.org\/?p=1014&amp;lang=sr\" \/>\n<meta property=\"article:published_time\" content=\"2025-06-19T06:58:33+00:00\" \/>\n<meta property=\"og:image\" content=\"https:\/\/veritasinfo.org\/wp-content\/uploads\/2025\/06\/ls.jpg\" \/>\n\t<meta property=\"og:image:width\" content=\"1100\" \/>\n\t<meta property=\"og:image:height\" content=\"521\" \/>\n\t<meta property=\"og:image:type\" content=\"image\/jpeg\" \/>\n<meta name=\"author\" content=\"US1\" \/>\n<meta name=\"twitter:card\" content=\"summary_large_image\" \/>\n<meta name=\"twitter:label1\" content=\"Written by\" \/>\n\t<meta name=\"twitter:data1\" content=\"US1\" \/>\n\t<meta name=\"twitter:label2\" content=\"Est. reading time\" \/>\n\t<meta name=\"twitter:data2\" content=\"1 minute\" \/>\n<script type=\"application\/ld+json\" class=\"yoast-schema-graph\">{\"@context\":\"https:\/\/schema.org\",\"@graph\":[{\"@type\":\"WebPage\",\"@id\":\"https:\/\/veritasinfo.org\/?p=1014&lang=sr\",\"url\":\"https:\/\/veritasinfo.org\/?p=1014&lang=sr\",\"name\":\"Srpska lista osporava prisustvo Euleksa i Kfora, \u010dak ih optu\u017eujuc\u0301i za pasivnost -\",\"isPartOf\":{\"@id\":\"https:\/\/veritasinfo.org\/#website\"},\"primaryImageOfPage\":{\"@id\":\"https:\/\/veritasinfo.org\/?p=1014&lang=sr#primaryimage\"},\"image\":{\"@id\":\"https:\/\/veritasinfo.org\/?p=1014&lang=sr#primaryimage\"},\"thumbnailUrl\":\"https:\/\/veritasinfo.org\/wp-content\/uploads\/2025\/06\/ls.jpg\",\"datePublished\":\"2025-06-19T06:58:33+00:00\",\"author\":{\"@id\":\"https:\/\/veritasinfo.org\/#\/schema\/person\/c2b8be262ea994d0995addca692c5e98\"},\"breadcrumb\":{\"@id\":\"https:\/\/veritasinfo.org\/?p=1014&lang=sr#breadcrumb\"},\"inLanguage\":\"en-US\",\"potentialAction\":[{\"@type\":\"ReadAction\",\"target\":[\"https:\/\/veritasinfo.org\/?p=1014&lang=sr\"]}]},{\"@type\":\"ImageObject\",\"inLanguage\":\"en-US\",\"@id\":\"https:\/\/veritasinfo.org\/?p=1014&lang=sr#primaryimage\",\"url\":\"https:\/\/veritasinfo.org\/wp-content\/uploads\/2025\/06\/ls.jpg\",\"contentUrl\":\"https:\/\/veritasinfo.org\/wp-content\/uploads\/2025\/06\/ls.jpg\",\"width\":1100,\"height\":521},{\"@type\":\"BreadcrumbList\",\"@id\":\"https:\/\/veritasinfo.org\/?p=1014&lang=sr#breadcrumb\",\"itemListElement\":[{\"@type\":\"ListItem\",\"position\":1,\"name\":\"Home\",\"item\":\"https:\/\/veritasinfo.org\/\"},{\"@type\":\"ListItem\",\"position\":2,\"name\":\"Srpska lista osporava prisustvo Euleksa i Kfora, \u010dak ih optu\u017eujuc\u0301i za pasivnost\"}]},{\"@type\":\"WebSite\",\"@id\":\"https:\/\/veritasinfo.org\/#website\",\"url\":\"https:\/\/veritasinfo.org\/\",\"name\":\"\",\"description\":\"\",\"potentialAction\":[{\"@type\":\"SearchAction\",\"target\":{\"@type\":\"EntryPoint\",\"urlTemplate\":\"https:\/\/veritasinfo.org\/?s={search_term_string}\"},\"query-input\":{\"@type\":\"PropertyValueSpecification\",\"valueRequired\":true,\"valueName\":\"search_term_string\"}}],\"inLanguage\":\"en-US\"},{\"@type\":\"Person\",\"@id\":\"https:\/\/veritasinfo.org\/#\/schema\/person\/c2b8be262ea994d0995addca692c5e98\",\"name\":\"US1\",\"image\":{\"@type\":\"ImageObject\",\"inLanguage\":\"en-US\",\"@id\":\"https:\/\/veritasinfo.org\/#\/schema\/person\/image\/\",\"url\":\"https:\/\/secure.gravatar.com\/avatar\/4e96a59bd256abf9956eb9963ac891a47461ffb364d47b0e9aab113328fdb75b?s=96&d=mm&r=g\",\"contentUrl\":\"https:\/\/secure.gravatar.com\/avatar\/4e96a59bd256abf9956eb9963ac891a47461ffb364d47b0e9aab113328fdb75b?s=96&d=mm&r=g\",\"caption\":\"US1\"},\"url\":\"https:\/\/veritasinfo.org\/?author=2\"}]}<\/script>\n<!-- \/ Yoast SEO plugin. -->","yoast_head_json":{"title":"Srpska lista osporava prisustvo Euleksa i Kfora, \u010dak ih optu\u017eujuc\u0301i za pasivnost -","robots":{"index":"index","follow":"follow","max-snippet":"max-snippet:-1","max-image-preview":"max-image-preview:large","max-video-preview":"max-video-preview:-1"},"canonical":"https:\/\/veritasinfo.org\/?p=1014&lang=sr","og_locale":"en_US","og_type":"article","og_title":"Srpska lista osporava prisustvo Euleksa i Kfora, \u010dak ih optu\u017eujuc\u0301i za pasivnost -","og_description":"Pri\u0161tina, 19.06.2025 &#8211; Povodom hap\u0161enja i proterivanja sa Kosova pripadnika MUP-a Srbije, Srpska lista je izdala saop\u0161tenje u kojem nije oklevala da optu\u017ei me\u0111unarodne bezbednosne","og_url":"https:\/\/veritasinfo.org\/?p=1014&lang=sr","article_published_time":"2025-06-19T06:58:33+00:00","og_image":[{"width":1100,"height":521,"url":"https:\/\/veritasinfo.org\/wp-content\/uploads\/2025\/06\/ls.jpg","type":"image\/jpeg"}],"author":"US1","twitter_card":"summary_large_image","twitter_misc":{"Written by":"US1","Est. reading time":"1 minute"},"schema":{"@context":"https:\/\/schema.org","@graph":[{"@type":"WebPage","@id":"https:\/\/veritasinfo.org\/?p=1014&lang=sr","url":"https:\/\/veritasinfo.org\/?p=1014&lang=sr","name":"Srpska lista osporava prisustvo Euleksa i Kfora, \u010dak ih optu\u017eujuc\u0301i za pasivnost -","isPartOf":{"@id":"https:\/\/veritasinfo.org\/#website"},"primaryImageOfPage":{"@id":"https:\/\/veritasinfo.org\/?p=1014&lang=sr#primaryimage"},"image":{"@id":"https:\/\/veritasinfo.org\/?p=1014&lang=sr#primaryimage"},"thumbnailUrl":"https:\/\/veritasinfo.org\/wp-content\/uploads\/2025\/06\/ls.jpg","datePublished":"2025-06-19T06:58:33+00:00","author":{"@id":"https:\/\/veritasinfo.org\/#\/schema\/person\/c2b8be262ea994d0995addca692c5e98"},"breadcrumb":{"@id":"https:\/\/veritasinfo.org\/?p=1014&lang=sr#breadcrumb"},"inLanguage":"en-US","potentialAction":[{"@type":"ReadAction","target":["https:\/\/veritasinfo.org\/?p=1014&lang=sr"]}]},{"@type":"ImageObject","inLanguage":"en-US","@id":"https:\/\/veritasinfo.org\/?p=1014&lang=sr#primaryimage","url":"https:\/\/veritasinfo.org\/wp-content\/uploads\/2025\/06\/ls.jpg","contentUrl":"https:\/\/veritasinfo.org\/wp-content\/uploads\/2025\/06\/ls.jpg","width":1100,"height":521},{"@type":"BreadcrumbList","@id":"https:\/\/veritasinfo.org\/?p=1014&lang=sr#breadcrumb","itemListElement":[{"@type":"ListItem","position":1,"name":"Home","item":"https:\/\/veritasinfo.org\/"},{"@type":"ListItem","position":2,"name":"Srpska lista osporava prisustvo Euleksa i Kfora, \u010dak ih optu\u017eujuc\u0301i za pasivnost"}]},{"@type":"WebSite","@id":"https:\/\/veritasinfo.org\/#website","url":"https:\/\/veritasinfo.org\/","name":"","description":"","potentialAction":[{"@type":"SearchAction","target":{"@type":"EntryPoint","urlTemplate":"https:\/\/veritasinfo.org\/?s={search_term_string}"},"query-input":{"@type":"PropertyValueSpecification","valueRequired":true,"valueName":"search_term_string"}}],"inLanguage":"en-US"},{"@type":"Person","@id":"https:\/\/veritasinfo.org\/#\/schema\/person\/c2b8be262ea994d0995addca692c5e98","name":"US1","image":{"@type":"ImageObject","inLanguage":"en-US","@id":"https:\/\/veritasinfo.org\/#\/schema\/person\/image\/","url":"https:\/\/secure.gravatar.com\/avatar\/4e96a59bd256abf9956eb9963ac891a47461ffb364d47b0e9aab113328fdb75b?s=96&d=mm&r=g","contentUrl":"https:\/\/secure.gravatar.com\/avatar\/4e96a59bd256abf9956eb9963ac891a47461ffb364d47b0e9aab113328fdb75b?s=96&d=mm&r=g","caption":"US1"},"url":"https:\/\/veritasinfo.org\/?author=2"}]}},"featured_image_urls":{"full":["https:\/\/veritasinfo.org\/wp-content\/uploads\/2025\/06\/ls.jpg",1100,521,false],"thumbnail":["https:\/\/veritasinfo.org\/wp-content\/uploads\/2025\/06\/ls-150x150.jpg",150,150,true],"medium":["https:\/\/veritasinfo.org\/wp-content\/uploads\/2025\/06\/ls-300x142.jpg",300,142,true],"medium_large":["https:\/\/veritasinfo.org\/wp-content\/uploads\/2025\/06\/ls-768x364.jpg",640,303,true],"large":["https:\/\/veritasinfo.org\/wp-content\/uploads\/2025\/06\/ls-1024x485.jpg",640,303,true],"1536x1536":["https:\/\/veritasinfo.org\/wp-content\/uploads\/2025\/06\/ls.jpg",1100,521,false],"2048x2048":["https:\/\/veritasinfo.org\/wp-content\/uploads\/2025\/06\/ls.jpg",1100,521,false],"kreeti-slider-full":["https:\/\/veritasinfo.org\/wp-content\/uploads\/2025\/06\/ls.jpg",1100,521,false],"kreeti-featured":["https:\/\/veritasinfo.org\/wp-content\/uploads\/2025\/06\/ls.jpg",1024,485,false],"kreeti-medium":["https:\/\/veritasinfo.org\/wp-content\/uploads\/2025\/06\/ls.jpg",720,341,false],"kreeti-medium-square":["https:\/\/veritasinfo.org\/wp-content\/uploads\/2025\/06\/ls.jpg",350,166,false]},"author_info":{"info":["US1"]},"category_info":"<a href=\"https:\/\/veritasinfo.org\/?cat=28&#038;lang=sr\" rel=\"category\">Politika<\/a>","tag_info":"Politika","comment_count":"0","_links":{"self":[{"href":"https:\/\/veritasinfo.org\/index.php?rest_route=\/wp\/v2\/posts\/1014","targetHints":{"allow":["GET"]}}],"collection":[{"href":"https:\/\/veritasinfo.org\/index.php?rest_route=\/wp\/v2\/posts"}],"about":[{"href":"https:\/\/veritasinfo.org\/index.php?rest_route=\/wp\/v2\/types\/post"}],"author":[{"embeddable":true,"href":"https:\/\/veritasinfo.org\/index.php?rest_route=\/wp\/v2\/users\/2"}],"replies":[{"embeddable":true,"href":"https:\/\/veritasinfo.org\/index.php?rest_route=%2Fwp%2Fv2%2Fcomments&post=1014"}],"version-history":[{"count":1,"href":"https:\/\/veritasinfo.org\/index.php?rest_route=\/wp\/v2\/posts\/1014\/revisions"}],"predecessor-version":[{"id":1015,"href":"https:\/\/veritasinfo.org\/index.php?rest_route=\/wp\/v2\/posts\/1014\/revisions\/1015"}],"wp:featuredmedia":[{"embeddable":true,"href":"https:\/\/veritasinfo.org\/index.php?rest_route=\/wp\/v2\/media\/1012"}],"wp:attachment":[{"href":"https:\/\/veritasinfo.org\/index.php?rest_route=%2Fwp%2Fv2%2Fmedia&parent=1014"}],"wp:term":[{"taxonomy":"category","embeddable":true,"href":"https:\/\/veritasinfo.org\/index.php?rest_route=%2Fwp%2Fv2%2Fcategories&post=1014"},{"taxonomy":"post_tag","embeddable":true,"href":"https:\/\/veritasinfo.org\/index.php?rest_route=%2Fwp%2Fv2%2Ftags&post=1014"}],"curies":[{"name":"wp","href":"https:\/\/api.w.org\/{rel}","templated":true}]}}