{"id":1011,"date":"2025-06-19T08:57:42","date_gmt":"2025-06-19T06:57:42","guid":{"rendered":"https:\/\/veritasinfo.org\/?p=1011"},"modified":"2025-06-19T08:57:42","modified_gmt":"2025-06-19T06:57:42","slug":"lista-serbe-konteston-pranine-e-eulex-it-dhe-kfor-it-madje-i-akuzon-per-pasivitet","status":"publish","type":"post","link":"https:\/\/veritasinfo.org\/?p=1011","title":{"rendered":"Lista serbe konteston pranin\u00eb e EULEX-it dhe KFOR-it, madje i akuzon p\u00ebr pasivitet"},"content":{"rendered":"<p><strong>Prishtin\u00eb, 19.06.2025<\/strong><\/p>\n<p>Lidhur me arrestimet dhe d\u00ebbimet nga Kosova t\u00eb pjes\u00ebtar\u00ebve t\u00eb MUP-it serb, Lista serbe ka dal\u00eb me nj\u00eb komunikat\u00eb ku nuk ka hezituar t\u2019i akuzoj\u00eb mekanizmat nd\u00ebrkomb\u00ebtar\u00eb t\u00eb siguris\u00eb n\u00eb Kosov\u00eb sic jan\u00eb EULEX dhe KFOR.<\/p>\n<p>\u201c\u00cbsht\u00eb e turpshme dhe shqet\u00ebsuese q\u00eb nuk ka asnj\u00eb reagim nga misioni dhe institucioni nd\u00ebrkomb\u00ebtar \u2013 BE-ja, KUINT-i UNMIK-u dhe KFOR-i \u2013 t\u00eb cil\u00ebt, sipas mandatit t\u00eb tyre moral, duhet t\u00eb parandalojn\u00eb \u00e7do veprim dhe t\u00eb mbrojn\u00eb t\u00eb drejtat themelore t\u00eb njeriut\u201d, deklaruan ata.<\/p>\n<p>Ata madje pretendojn\u00eb se pasiviteti i bashk\u00ebsis\u00eb nd\u00ebrkomb\u00ebtare \u201cnuk \u00ebsht\u00eb gj\u00eb tjet\u00ebr ve\u00e7se bashk\u00ebfaj\u00ebsi n\u00eb spastrimin etnik t\u00eb popullit serb nga sht\u00ebpit\u00eb e tyre shekullore n\u00eb shekullin e 21-t\u00eb n\u00eb tok\u00ebn evropiane\u201d.<\/p>\n","protected":false},"excerpt":{"rendered":"<p>Prishtin\u00eb, 19.06.2025 Lidhur me arrestimet dhe d\u00ebbimet nga Kosova t\u00eb pjes\u00ebtar\u00ebve t\u00eb MUP-it serb, Lista serbe ka dal\u00eb me nj\u00eb komunikat\u00eb ku nuk ka hezituar<\/p>\n","protected":false},"author":2,"featured_media":1012,"comment_status":"open","ping_status":"open","sticky":false,"template":"","format":"standard","meta":{"footnotes":""},"categories":[58],"tags":[],"class_list":["post-1011","post","type-post","status-publish","format-standard","has-post-thumbnail","hentry","category-politike-sq"],"yoast_head":"<!-- This site is optimized with the Yoast SEO plugin v25.3.1 - https:\/\/yoast.com\/wordpress\/plugins\/seo\/ -->\n<title>Lista serbe konteston pranin\u00eb e EULEX-it dhe KFOR-it, madje i akuzon p\u00ebr pasivitet -<\/title>\n<meta name=\"robots\" content=\"index, follow, max-snippet:-1, max-image-preview:large, max-video-preview:-1\" \/>\n<link rel=\"canonical\" href=\"https:\/\/veritasinfo.org\/?p=1011\" \/>\n<meta property=\"og:locale\" content=\"en_US\" \/>\n<meta property=\"og:type\" content=\"article\" \/>\n<meta property=\"og:title\" content=\"Lista serbe konteston pranin\u00eb e EULEX-it dhe KFOR-it, madje i akuzon p\u00ebr pasivitet -\" \/>\n<meta property=\"og:description\" content=\"Prishtin\u00eb, 19.06.2025 Lidhur me arrestimet dhe d\u00ebbimet nga Kosova t\u00eb pjes\u00ebtar\u00ebve t\u00eb MUP-it serb, Lista serbe ka dal\u00eb me nj\u00eb komunikat\u00eb ku nuk ka hezituar\" \/>\n<meta property=\"og:url\" content=\"https:\/\/veritasinfo.org\/?p=1011\" \/>\n<meta property=\"article:published_time\" content=\"2025-06-19T06:57:42+00:00\" \/>\n<meta property=\"og:image\" content=\"https:\/\/veritasinfo.org\/wp-content\/uploads\/2025\/06\/ls.jpg\" \/>\n\t<meta property=\"og:image:width\" content=\"1100\" \/>\n\t<meta property=\"og:image:height\" content=\"521\" \/>\n\t<meta property=\"og:image:type\" content=\"image\/jpeg\" \/>\n<meta name=\"author\" content=\"US1\" \/>\n<meta name=\"twitter:card\" content=\"summary_large_image\" \/>\n<meta name=\"twitter:label1\" content=\"Written by\" \/>\n\t<meta name=\"twitter:data1\" content=\"US1\" \/>\n\t<meta name=\"twitter:label2\" content=\"Est. reading time\" \/>\n\t<meta name=\"twitter:data2\" content=\"1 minute\" \/>\n<script type=\"application\/ld+json\" class=\"yoast-schema-graph\">{\"@context\":\"https:\/\/schema.org\",\"@graph\":[{\"@type\":\"WebPage\",\"@id\":\"https:\/\/veritasinfo.org\/?p=1011\",\"url\":\"https:\/\/veritasinfo.org\/?p=1011\",\"name\":\"Lista serbe konteston pranin\u00eb e EULEX-it dhe KFOR-it, madje i akuzon p\u00ebr pasivitet -\",\"isPartOf\":{\"@id\":\"https:\/\/veritasinfo.org\/#website\"},\"primaryImageOfPage\":{\"@id\":\"https:\/\/veritasinfo.org\/?p=1011#primaryimage\"},\"image\":{\"@id\":\"https:\/\/veritasinfo.org\/?p=1011#primaryimage\"},\"thumbnailUrl\":\"https:\/\/veritasinfo.org\/wp-content\/uploads\/2025\/06\/ls.jpg\",\"datePublished\":\"2025-06-19T06:57:42+00:00\",\"author\":{\"@id\":\"https:\/\/veritasinfo.org\/#\/schema\/person\/c2b8be262ea994d0995addca692c5e98\"},\"breadcrumb\":{\"@id\":\"https:\/\/veritasinfo.org\/?p=1011#breadcrumb\"},\"inLanguage\":\"en-US\",\"potentialAction\":[{\"@type\":\"ReadAction\",\"target\":[\"https:\/\/veritasinfo.org\/?p=1011\"]}]},{\"@type\":\"ImageObject\",\"inLanguage\":\"en-US\",\"@id\":\"https:\/\/veritasinfo.org\/?p=1011#primaryimage\",\"url\":\"https:\/\/veritasinfo.org\/wp-content\/uploads\/2025\/06\/ls.jpg\",\"contentUrl\":\"https:\/\/veritasinfo.org\/wp-content\/uploads\/2025\/06\/ls.jpg\",\"width\":1100,\"height\":521},{\"@type\":\"BreadcrumbList\",\"@id\":\"https:\/\/veritasinfo.org\/?p=1011#breadcrumb\",\"itemListElement\":[{\"@type\":\"ListItem\",\"position\":1,\"name\":\"Home\",\"item\":\"https:\/\/veritasinfo.org\/\"},{\"@type\":\"ListItem\",\"position\":2,\"name\":\"Lista serbe konteston pranin\u00eb e EULEX-it dhe KFOR-it, madje i akuzon p\u00ebr pasivitet\"}]},{\"@type\":\"WebSite\",\"@id\":\"https:\/\/veritasinfo.org\/#website\",\"url\":\"https:\/\/veritasinfo.org\/\",\"name\":\"\",\"description\":\"\",\"potentialAction\":[{\"@type\":\"SearchAction\",\"target\":{\"@type\":\"EntryPoint\",\"urlTemplate\":\"https:\/\/veritasinfo.org\/?s={search_term_string}\"},\"query-input\":{\"@type\":\"PropertyValueSpecification\",\"valueRequired\":true,\"valueName\":\"search_term_string\"}}],\"inLanguage\":\"en-US\"},{\"@type\":\"Person\",\"@id\":\"https:\/\/veritasinfo.org\/#\/schema\/person\/c2b8be262ea994d0995addca692c5e98\",\"name\":\"US1\",\"image\":{\"@type\":\"ImageObject\",\"inLanguage\":\"en-US\",\"@id\":\"https:\/\/veritasinfo.org\/#\/schema\/person\/image\/\",\"url\":\"https:\/\/secure.gravatar.com\/avatar\/4e96a59bd256abf9956eb9963ac891a47461ffb364d47b0e9aab113328fdb75b?s=96&d=mm&r=g\",\"contentUrl\":\"https:\/\/secure.gravatar.com\/avatar\/4e96a59bd256abf9956eb9963ac891a47461ffb364d47b0e9aab113328fdb75b?s=96&d=mm&r=g\",\"caption\":\"US1\"},\"url\":\"https:\/\/veritasinfo.org\/?author=2\"}]}<\/script>\n<!-- \/ Yoast SEO plugin. -->","yoast_head_json":{"title":"Lista serbe konteston pranin\u00eb e EULEX-it dhe KFOR-it, madje i akuzon p\u00ebr pasivitet -","robots":{"index":"index","follow":"follow","max-snippet":"max-snippet:-1","max-image-preview":"max-image-preview:large","max-video-preview":"max-video-preview:-1"},"canonical":"https:\/\/veritasinfo.org\/?p=1011","og_locale":"en_US","og_type":"article","og_title":"Lista serbe konteston pranin\u00eb e EULEX-it dhe KFOR-it, madje i akuzon p\u00ebr pasivitet -","og_description":"Prishtin\u00eb, 19.06.2025 Lidhur me arrestimet dhe d\u00ebbimet nga Kosova t\u00eb pjes\u00ebtar\u00ebve t\u00eb MUP-it serb, Lista serbe ka dal\u00eb me nj\u00eb komunikat\u00eb ku nuk ka hezituar","og_url":"https:\/\/veritasinfo.org\/?p=1011","article_published_time":"2025-06-19T06:57:42+00:00","og_image":[{"width":1100,"height":521,"url":"https:\/\/veritasinfo.org\/wp-content\/uploads\/2025\/06\/ls.jpg","type":"image\/jpeg"}],"author":"US1","twitter_card":"summary_large_image","twitter_misc":{"Written by":"US1","Est. reading time":"1 minute"},"schema":{"@context":"https:\/\/schema.org","@graph":[{"@type":"WebPage","@id":"https:\/\/veritasinfo.org\/?p=1011","url":"https:\/\/veritasinfo.org\/?p=1011","name":"Lista serbe konteston pranin\u00eb e EULEX-it dhe KFOR-it, madje i akuzon p\u00ebr pasivitet -","isPartOf":{"@id":"https:\/\/veritasinfo.org\/#website"},"primaryImageOfPage":{"@id":"https:\/\/veritasinfo.org\/?p=1011#primaryimage"},"image":{"@id":"https:\/\/veritasinfo.org\/?p=1011#primaryimage"},"thumbnailUrl":"https:\/\/veritasinfo.org\/wp-content\/uploads\/2025\/06\/ls.jpg","datePublished":"2025-06-19T06:57:42+00:00","author":{"@id":"https:\/\/veritasinfo.org\/#\/schema\/person\/c2b8be262ea994d0995addca692c5e98"},"breadcrumb":{"@id":"https:\/\/veritasinfo.org\/?p=1011#breadcrumb"},"inLanguage":"en-US","potentialAction":[{"@type":"ReadAction","target":["https:\/\/veritasinfo.org\/?p=1011"]}]},{"@type":"ImageObject","inLanguage":"en-US","@id":"https:\/\/veritasinfo.org\/?p=1011#primaryimage","url":"https:\/\/veritasinfo.org\/wp-content\/uploads\/2025\/06\/ls.jpg","contentUrl":"https:\/\/veritasinfo.org\/wp-content\/uploads\/2025\/06\/ls.jpg","width":1100,"height":521},{"@type":"BreadcrumbList","@id":"https:\/\/veritasinfo.org\/?p=1011#breadcrumb","itemListElement":[{"@type":"ListItem","position":1,"name":"Home","item":"https:\/\/veritasinfo.org\/"},{"@type":"ListItem","position":2,"name":"Lista serbe konteston pranin\u00eb e EULEX-it dhe KFOR-it, madje i akuzon p\u00ebr pasivitet"}]},{"@type":"WebSite","@id":"https:\/\/veritasinfo.org\/#website","url":"https:\/\/veritasinfo.org\/","name":"","description":"","potentialAction":[{"@type":"SearchAction","target":{"@type":"EntryPoint","urlTemplate":"https:\/\/veritasinfo.org\/?s={search_term_string}"},"query-input":{"@type":"PropertyValueSpecification","valueRequired":true,"valueName":"search_term_string"}}],"inLanguage":"en-US"},{"@type":"Person","@id":"https:\/\/veritasinfo.org\/#\/schema\/person\/c2b8be262ea994d0995addca692c5e98","name":"US1","image":{"@type":"ImageObject","inLanguage":"en-US","@id":"https:\/\/veritasinfo.org\/#\/schema\/person\/image\/","url":"https:\/\/secure.gravatar.com\/avatar\/4e96a59bd256abf9956eb9963ac891a47461ffb364d47b0e9aab113328fdb75b?s=96&d=mm&r=g","contentUrl":"https:\/\/secure.gravatar.com\/avatar\/4e96a59bd256abf9956eb9963ac891a47461ffb364d47b0e9aab113328fdb75b?s=96&d=mm&r=g","caption":"US1"},"url":"https:\/\/veritasinfo.org\/?author=2"}]}},"featured_image_urls":{"full":["https:\/\/veritasinfo.org\/wp-content\/uploads\/2025\/06\/ls.jpg",1100,521,false],"thumbnail":["https:\/\/veritasinfo.org\/wp-content\/uploads\/2025\/06\/ls-150x150.jpg",150,150,true],"medium":["https:\/\/veritasinfo.org\/wp-content\/uploads\/2025\/06\/ls-300x142.jpg",300,142,true],"medium_large":["https:\/\/veritasinfo.org\/wp-content\/uploads\/2025\/06\/ls-768x364.jpg",640,303,true],"large":["https:\/\/veritasinfo.org\/wp-content\/uploads\/2025\/06\/ls-1024x485.jpg",640,303,true],"1536x1536":["https:\/\/veritasinfo.org\/wp-content\/uploads\/2025\/06\/ls.jpg",1100,521,false],"2048x2048":["https:\/\/veritasinfo.org\/wp-content\/uploads\/2025\/06\/ls.jpg",1100,521,false],"kreeti-slider-full":["https:\/\/veritasinfo.org\/wp-content\/uploads\/2025\/06\/ls.jpg",1100,521,false],"kreeti-featured":["https:\/\/veritasinfo.org\/wp-content\/uploads\/2025\/06\/ls.jpg",1024,485,false],"kreeti-medium":["https:\/\/veritasinfo.org\/wp-content\/uploads\/2025\/06\/ls.jpg",720,341,false],"kreeti-medium-square":["https:\/\/veritasinfo.org\/wp-content\/uploads\/2025\/06\/ls.jpg",350,166,false]},"author_info":{"info":["US1"]},"category_info":"<a href=\"https:\/\/veritasinfo.org\/?cat=58\" rel=\"category\">Politik\u00eb<\/a>","tag_info":"Politik\u00eb","comment_count":"0","_links":{"self":[{"href":"https:\/\/veritasinfo.org\/index.php?rest_route=\/wp\/v2\/posts\/1011","targetHints":{"allow":["GET"]}}],"collection":[{"href":"https:\/\/veritasinfo.org\/index.php?rest_route=\/wp\/v2\/posts"}],"about":[{"href":"https:\/\/veritasinfo.org\/index.php?rest_route=\/wp\/v2\/types\/post"}],"author":[{"embeddable":true,"href":"https:\/\/veritasinfo.org\/index.php?rest_route=\/wp\/v2\/users\/2"}],"replies":[{"embeddable":true,"href":"https:\/\/veritasinfo.org\/index.php?rest_route=%2Fwp%2Fv2%2Fcomments&post=1011"}],"version-history":[{"count":1,"href":"https:\/\/veritasinfo.org\/index.php?rest_route=\/wp\/v2\/posts\/1011\/revisions"}],"predecessor-version":[{"id":1013,"href":"https:\/\/veritasinfo.org\/index.php?rest_route=\/wp\/v2\/posts\/1011\/revisions\/1013"}],"wp:featuredmedia":[{"embeddable":true,"href":"https:\/\/veritasinfo.org\/index.php?rest_route=\/wp\/v2\/media\/1012"}],"wp:attachment":[{"href":"https:\/\/veritasinfo.org\/index.php?rest_route=%2Fwp%2Fv2%2Fmedia&parent=1011"}],"wp:term":[{"taxonomy":"category","embeddable":true,"href":"https:\/\/veritasinfo.org\/index.php?rest_route=%2Fwp%2Fv2%2Fcategories&post=1011"},{"taxonomy":"post_tag","embeddable":true,"href":"https:\/\/veritasinfo.org\/index.php?rest_route=%2Fwp%2Fv2%2Ftags&post=1011"}],"curies":[{"name":"wp","href":"https:\/\/api.w.org\/{rel}","templated":true}]}}